{"id":76443,"date":"2022-08-18T18:32:47","date_gmt":"2022-08-18T18:32:47","guid":{"rendered":"http:\/\/www.noticiasradioreflejos.com.ar\/2021\/?p=76443"},"modified":"2022-08-18T18:32:47","modified_gmt":"2022-08-18T18:32:47","slug":"se-proyecta-la-serie-nosotras-relatos-de-los-feminismos-bonaerenses","status":"publish","type":"post","link":"https:\/\/www.noticiasradioreflejos.com.ar\/2021\/se-proyecta-la-serie-nosotras-relatos-de-los-feminismos-bonaerenses\/","title":{"rendered":"Se proyecta la serie \u00abNosotras. Relatos de los feminismos bonaerenses\u00bb"},"content":{"rendered":"<p>El viernes 19 de agosto, en el Sal\u00f3n de actos del Instituto Avanza de Bah\u00eda Blanca, se realizar\u00e1 la proyecci\u00f3n de \u00abNosotras. Relatos de los feminismos bonaerenses\u00bb, una serie documental realizada con apoyo del Ministerio de las Mujeres, Pol\u00edticas de G\u00e9nero y Diversidad Sexual que recupera cuatro d\u00e9cadas de historia de militancia feminista en la provincia de Buenos Aires.<!--more--><\/p>\n<p>Las proyecciones se realizar\u00e1n a las 10 y a las 15 horas en el sal\u00f3n ubicado en Vieytes 51, en el 1er piso, con la presencia de dos de sus protagonistas: la cantora y militante lgtbi+ Silvia Palumbo y la ni\u00f1a, jugadora de f\u00fatbol de Guamin\u00ed Emma Rodriguez.<\/p>\n<p>\u00abNosotras\u00bb recupera la historia de la militancia feminista a trav\u00e9s de las voces de sus protagonistas y de referentas de las luchas del movimiento de mujeres y diversidades contra las violencias de g\u00e9nero, por los derechos sexuales y reproductivos, por la igualdad laboral, la marea verde y el crecimiento del f\u00fatbol femenino.<\/p>\n<p>Las y los esperamos.<\/p>\n","protected":false},"excerpt":{"rendered":"<p>El viernes 19 de agosto, en el Sal\u00f3n de actos del Instituto Avanza de Bah\u00eda Blanca, se realizar\u00e1 la proyecci\u00f3n de \u00abNosotras. Relatos de los feminismos bonaerenses\u00bb, una serie documental realizada con apoyo del Ministerio de las Mujeres, Pol\u00edticas de G\u00e9nero y Diversidad Sexual que recupera cuatro d\u00e9cadas de historia de militancia feminista en la [&hellip;]<\/p>\n","protected":false},"author":3,"featured_media":0,"comment_status":"closed","ping_status":"closed","sticky":false,"template":"","format":"standard","meta":{"footnotes":""},"categories":[26],"tags":[],"class_list":["post-76443","post","type-post","status-publish","format-standard","hentry","category-sociedad"],"yoast_head":"<!-- This site is optimized with the Yoast SEO plugin v25.9 - https:\/\/yoast.com\/wordpress\/plugins\/seo\/ -->\n<title>Se proyecta la serie &quot;Nosotras. Relatos de los feminismos bonaerenses&quot; - Noticias Radio Reflejos<\/title>\n<meta name=\"robots\" content=\"index, follow, max-snippet:-1, max-image-preview:large, max-video-preview:-1\" \/>\n<link rel=\"canonical\" href=\"https:\/\/www.noticiasradioreflejos.com.ar\/2021\/se-proyecta-la-serie-nosotras-relatos-de-los-feminismos-bonaerenses\/\" \/>\n<meta property=\"og:locale\" content=\"es_ES\" \/>\n<meta property=\"og:type\" content=\"article\" \/>\n<meta property=\"og:title\" content=\"Se proyecta la serie &quot;Nosotras. Relatos de los feminismos bonaerenses&quot; - Noticias Radio Reflejos\" \/>\n<meta property=\"og:description\" content=\"El viernes 19 de agosto, en el Sal\u00f3n de actos del Instituto Avanza de Bah\u00eda Blanca, se realizar\u00e1 la proyecci\u00f3n de \u00abNosotras. Relatos de los feminismos bonaerenses\u00bb, una serie documental realizada con apoyo del Ministerio de las Mujeres, Pol\u00edticas de G\u00e9nero y Diversidad Sexual que recupera cuatro d\u00e9cadas de historia de militancia feminista en la [&hellip;]\" \/>\n<meta property=\"og:url\" content=\"https:\/\/www.noticiasradioreflejos.com.ar\/2021\/se-proyecta-la-serie-nosotras-relatos-de-los-feminismos-bonaerenses\/\" \/>\n<meta property=\"og:site_name\" content=\"Noticias Radio Reflejos\" \/>\n<meta property=\"article:published_time\" content=\"2022-08-18T18:32:47+00:00\" \/>\n<meta property=\"og:image\" content=\"https:\/\/www.noticiasradioreflejos.com.ar\/2021\/wp-content\/uploads\/2021\/07\/logosol300x200.png\" \/>\n\t<meta property=\"og:image:width\" content=\"300\" \/>\n\t<meta property=\"og:image:height\" content=\"200\" \/>\n\t<meta property=\"og:image:type\" content=\"image\/png\" \/>\n<meta name=\"author\" content=\"Arnaldo Botto\" \/>\n<meta name=\"twitter:card\" content=\"summary_large_image\" \/>\n<script type=\"application\/ld+json\" class=\"yoast-schema-graph\">{\"@context\":\"https:\/\/schema.org\",\"@graph\":[{\"@type\":\"WebPage\",\"@id\":\"https:\/\/www.noticiasradioreflejos.com.ar\/2021\/se-proyecta-la-serie-nosotras-relatos-de-los-feminismos-bonaerenses\/\",\"url\":\"https:\/\/www.noticiasradioreflejos.com.ar\/2021\/se-proyecta-la-serie-nosotras-relatos-de-los-feminismos-bonaerenses\/\",\"name\":\"Se proyecta la serie \\\"Nosotras. Relatos de los feminismos bonaerenses\\\" - Noticias Radio Reflejos\",\"isPartOf\":{\"@id\":\"https:\/\/www.noticiasradioreflejos.com.ar\/2021\/#website\"},\"datePublished\":\"2022-08-18T18:32:47+00:00\",\"author\":{\"@id\":\"https:\/\/www.noticiasradioreflejos.com.ar\/2021\/#\/schema\/person\/ad82545263dcc5ec0996818884fd5fb1\"},\"breadcrumb\":{\"@id\":\"https:\/\/www.noticiasradioreflejos.com.ar\/2021\/se-proyecta-la-serie-nosotras-relatos-de-los-feminismos-bonaerenses\/#breadcrumb\"},\"inLanguage\":\"es\",\"potentialAction\":[{\"@type\":\"ReadAction\",\"target\":[\"https:\/\/www.noticiasradioreflejos.com.ar\/2021\/se-proyecta-la-serie-nosotras-relatos-de-los-feminismos-bonaerenses\/\"]}]},{\"@type\":\"BreadcrumbList\",\"@id\":\"https:\/\/www.noticiasradioreflejos.com.ar\/2021\/se-proyecta-la-serie-nosotras-relatos-de-los-feminismos-bonaerenses\/#breadcrumb\",\"itemListElement\":[{\"@type\":\"ListItem\",\"position\":1,\"name\":\"Portada\",\"item\":\"https:\/\/www.noticiasradioreflejos.com.ar\/2021\/\"},{\"@type\":\"ListItem\",\"position\":2,\"name\":\"Se proyecta la serie \u00abNosotras. Relatos de los feminismos bonaerenses\u00bb\"}]},{\"@type\":\"WebSite\",\"@id\":\"https:\/\/www.noticiasradioreflejos.com.ar\/2021\/#website\",\"url\":\"https:\/\/www.noticiasradioreflejos.com.ar\/2021\/\",\"name\":\"Noticias Radio Reflejos\",\"description\":\"Las noticias de mi comarca\",\"potentialAction\":[{\"@type\":\"SearchAction\",\"target\":{\"@type\":\"EntryPoint\",\"urlTemplate\":\"https:\/\/www.noticiasradioreflejos.com.ar\/2021\/?s={search_term_string}\"},\"query-input\":{\"@type\":\"PropertyValueSpecification\",\"valueRequired\":true,\"valueName\":\"search_term_string\"}}],\"inLanguage\":\"es\"},{\"@type\":\"Person\",\"@id\":\"https:\/\/www.noticiasradioreflejos.com.ar\/2021\/#\/schema\/person\/ad82545263dcc5ec0996818884fd5fb1\",\"name\":\"Arnaldo Botto\",\"image\":{\"@type\":\"ImageObject\",\"inLanguage\":\"es\",\"@id\":\"https:\/\/www.noticiasradioreflejos.com.ar\/2021\/#\/schema\/person\/image\/\",\"url\":\"https:\/\/secure.gravatar.com\/avatar\/55cb5e37c1efa326397366e6974cb338056df65cb50e7d64d1cf314e87504837?s=96&d=mm&r=g\",\"contentUrl\":\"https:\/\/secure.gravatar.com\/avatar\/55cb5e37c1efa326397366e6974cb338056df65cb50e7d64d1cf314e87504837?s=96&d=mm&r=g\",\"caption\":\"Arnaldo Botto\"},\"url\":\"https:\/\/www.noticiasradioreflejos.com.ar\/2021\/author\/arnaldo\/\"}]}<\/script>\n<!-- \/ Yoast SEO plugin. -->","yoast_head_json":{"title":"Se proyecta la serie \"Nosotras. Relatos de los feminismos bonaerenses\" - Noticias Radio Reflejos","robots":{"index":"index","follow":"follow","max-snippet":"max-snippet:-1","max-image-preview":"max-image-preview:large","max-video-preview":"max-video-preview:-1"},"canonical":"https:\/\/www.noticiasradioreflejos.com.ar\/2021\/se-proyecta-la-serie-nosotras-relatos-de-los-feminismos-bonaerenses\/","og_locale":"es_ES","og_type":"article","og_title":"Se proyecta la serie \"Nosotras. Relatos de los feminismos bonaerenses\" - Noticias Radio Reflejos","og_description":"El viernes 19 de agosto, en el Sal\u00f3n de actos del Instituto Avanza de Bah\u00eda Blanca, se realizar\u00e1 la proyecci\u00f3n de \u00abNosotras. Relatos de los feminismos bonaerenses\u00bb, una serie documental realizada con apoyo del Ministerio de las Mujeres, Pol\u00edticas de G\u00e9nero y Diversidad Sexual que recupera cuatro d\u00e9cadas de historia de militancia feminista en la [&hellip;]","og_url":"https:\/\/www.noticiasradioreflejos.com.ar\/2021\/se-proyecta-la-serie-nosotras-relatos-de-los-feminismos-bonaerenses\/","og_site_name":"Noticias Radio Reflejos","article_published_time":"2022-08-18T18:32:47+00:00","og_image":[{"width":300,"height":200,"url":"https:\/\/www.noticiasradioreflejos.com.ar\/2021\/wp-content\/uploads\/2021\/07\/logosol300x200.png","type":"image\/png"}],"author":"Arnaldo Botto","twitter_card":"summary_large_image","schema":{"@context":"https:\/\/schema.org","@graph":[{"@type":"WebPage","@id":"https:\/\/www.noticiasradioreflejos.com.ar\/2021\/se-proyecta-la-serie-nosotras-relatos-de-los-feminismos-bonaerenses\/","url":"https:\/\/www.noticiasradioreflejos.com.ar\/2021\/se-proyecta-la-serie-nosotras-relatos-de-los-feminismos-bonaerenses\/","name":"Se proyecta la serie \"Nosotras. Relatos de los feminismos bonaerenses\" - Noticias Radio Reflejos","isPartOf":{"@id":"https:\/\/www.noticiasradioreflejos.com.ar\/2021\/#website"},"datePublished":"2022-08-18T18:32:47+00:00","author":{"@id":"https:\/\/www.noticiasradioreflejos.com.ar\/2021\/#\/schema\/person\/ad82545263dcc5ec0996818884fd5fb1"},"breadcrumb":{"@id":"https:\/\/www.noticiasradioreflejos.com.ar\/2021\/se-proyecta-la-serie-nosotras-relatos-de-los-feminismos-bonaerenses\/#breadcrumb"},"inLanguage":"es","potentialAction":[{"@type":"ReadAction","target":["https:\/\/www.noticiasradioreflejos.com.ar\/2021\/se-proyecta-la-serie-nosotras-relatos-de-los-feminismos-bonaerenses\/"]}]},{"@type":"BreadcrumbList","@id":"https:\/\/www.noticiasradioreflejos.com.ar\/2021\/se-proyecta-la-serie-nosotras-relatos-de-los-feminismos-bonaerenses\/#breadcrumb","itemListElement":[{"@type":"ListItem","position":1,"name":"Portada","item":"https:\/\/www.noticiasradioreflejos.com.ar\/2021\/"},{"@type":"ListItem","position":2,"name":"Se proyecta la serie \u00abNosotras. Relatos de los feminismos bonaerenses\u00bb"}]},{"@type":"WebSite","@id":"https:\/\/www.noticiasradioreflejos.com.ar\/2021\/#website","url":"https:\/\/www.noticiasradioreflejos.com.ar\/2021\/","name":"Noticias Radio Reflejos","description":"Las noticias de mi comarca","potentialAction":[{"@type":"SearchAction","target":{"@type":"EntryPoint","urlTemplate":"https:\/\/www.noticiasradioreflejos.com.ar\/2021\/?s={search_term_string}"},"query-input":{"@type":"PropertyValueSpecification","valueRequired":true,"valueName":"search_term_string"}}],"inLanguage":"es"},{"@type":"Person","@id":"https:\/\/www.noticiasradioreflejos.com.ar\/2021\/#\/schema\/person\/ad82545263dcc5ec0996818884fd5fb1","name":"Arnaldo Botto","image":{"@type":"ImageObject","inLanguage":"es","@id":"https:\/\/www.noticiasradioreflejos.com.ar\/2021\/#\/schema\/person\/image\/","url":"https:\/\/secure.gravatar.com\/avatar\/55cb5e37c1efa326397366e6974cb338056df65cb50e7d64d1cf314e87504837?s=96&d=mm&r=g","contentUrl":"https:\/\/secure.gravatar.com\/avatar\/55cb5e37c1efa326397366e6974cb338056df65cb50e7d64d1cf314e87504837?s=96&d=mm&r=g","caption":"Arnaldo Botto"},"url":"https:\/\/www.noticiasradioreflejos.com.ar\/2021\/author\/arnaldo\/"}]}},"_links":{"self":[{"href":"https:\/\/www.noticiasradioreflejos.com.ar\/2021\/wp-json\/wp\/v2\/posts\/76443","targetHints":{"allow":["GET"]}}],"collection":[{"href":"https:\/\/www.noticiasradioreflejos.com.ar\/2021\/wp-json\/wp\/v2\/posts"}],"about":[{"href":"https:\/\/www.noticiasradioreflejos.com.ar\/2021\/wp-json\/wp\/v2\/types\/post"}],"author":[{"embeddable":true,"href":"https:\/\/www.noticiasradioreflejos.com.ar\/2021\/wp-json\/wp\/v2\/users\/3"}],"replies":[{"embeddable":true,"href":"https:\/\/www.noticiasradioreflejos.com.ar\/2021\/wp-json\/wp\/v2\/comments?post=76443"}],"version-history":[{"count":1,"href":"https:\/\/www.noticiasradioreflejos.com.ar\/2021\/wp-json\/wp\/v2\/posts\/76443\/revisions"}],"predecessor-version":[{"id":76445,"href":"https:\/\/www.noticiasradioreflejos.com.ar\/2021\/wp-json\/wp\/v2\/posts\/76443\/revisions\/76445"}],"wp:attachment":[{"href":"https:\/\/www.noticiasradioreflejos.com.ar\/2021\/wp-json\/wp\/v2\/media?parent=76443"}],"wp:term":[{"taxonomy":"category","embeddable":true,"href":"https:\/\/www.noticiasradioreflejos.com.ar\/2021\/wp-json\/wp\/v2\/categories?post=76443"},{"taxonomy":"post_tag","embeddable":true,"href":"https:\/\/www.noticiasradioreflejos.com.ar\/2021\/wp-json\/wp\/v2\/tags?post=76443"}],"curies":[{"name":"wp","href":"https:\/\/api.w.org\/{rel}","templated":true}]}}