{"id":76433,"date":"2022-08-18T17:57:25","date_gmt":"2022-08-18T17:57:25","guid":{"rendered":"http:\/\/www.noticiasradioreflejos.com.ar\/2021\/?p=76433"},"modified":"2022-08-18T17:57:25","modified_gmt":"2022-08-18T17:57:25","slug":"walter-correa-sera-el-nuevo-ministro-de-trabajo-de-la-provincia-de-buenos-aires","status":"publish","type":"post","link":"https:\/\/www.noticiasradioreflejos.com.ar\/2021\/walter-correa-sera-el-nuevo-ministro-de-trabajo-de-la-provincia-de-buenos-aires\/","title":{"rendered":"Walter Correa ser\u00e1 el nuevo ministro de Trabajo de la provincia de Buenos Aires"},"content":{"rendered":"<p>El gobernador Axel Kicillof inform\u00f3 que nombr\u00f3 al secretario general del Sindicato de Obreros Curtidores como titular de la cartera de Trabajo. Ruiz Malec pasa a ser Directora General de los Recursos de la Seguridad Social de AFIP.<!--more--><\/p>\n<div class=\"section-2-col article-main-image\">\n<div class=\"col 2-col\">\n<div class=\"article-main-media-image__container\">\n<div class=\"image-wrapper\">\n<figure>\n<figure class=\"object-fit-block--contain intrinsic-container intrinsic-container-3x2\"><img decoding=\"async\" class=\" \" src=\"https:\/\/images.pagina12.com.ar\/styles\/focal_3_2_960x640\/public\/2022-08\/614511-18-08-2022-el-gobernador-de-la-provincia.jpg?itok=MFokXKG6\" alt=\"Correa, Ruiz Malec y Kicillof. (Fuente: T\u00e9lam)\" \/><\/figure><figcaption>Correa, Ruiz Malec y Kicillof.. Imagen: T\u00e9lam<\/figcaption><\/figure>\n<\/div>\n<\/div>\n<\/div>\n<\/div>\n<div class=\"section-2-col article-main-content\">\n<div class=\"col 1-col\"><\/div>\n<div class=\"col 2-col\">\n<div class=\"article-main-content article-text \">\n<p>El gobernador de la provincia de Buenos Aires,\u00a0<b><a href=\"https:\/\/www.pagina12.com.ar\/tags\/615-axel-kicillof\">Axel Kicillof<\/a><\/b>, anunci\u00f3 este jueves que el exdiputado del Frente de Todos (FdT) y secretario general del Sindicato de Obreros Curtidores de la Rep\u00fablica Argentina (Socra),\u00a0<b>Walter Correa, ser\u00e1 el nuevo ministro de Trabajo bonaerense.<br \/>\n<\/b><\/p>\n<p>\u00abDesde el lunes, el ministro de Trabajo ser\u00e1 el amigo, compa\u00f1ero y laburante incansable Walter Correa\u00bb, inform\u00f3 el mandatario durante un congreso sobre el Derecho del Trabajo que la provincia realiza en Mar del Plata.<\/p>\n<div id=\"talkFireEvent\"><\/div>\n<p>De esa forma,\u00a0<b>Correa reemplazar\u00e1 a Mara Ruiz Malec\u00a0<\/b>al frente de la cartera laboral,\u00a0<b>quien a su vez asumir\u00e1 como Directora General de los Recursos de la Seguridad Social de la Administraci\u00f3n Federal de Ingresos P\u00fablicos (AFIP).<\/b><\/p>\n<p>\u00abEstoy muy feliz de poder dar este paso\u00bb, prosigui\u00f3 Kicillof, y confirm\u00f3 que Ruiz Malec comenzar\u00e1 a trabajar al lado de Carlos Castagneto desde el pr\u00f3ximo lunes en un organismo dependiente del Ejecutivo nacional.<\/p>\n<p>\u00abLa provincia tendr\u00e1 ah\u00ed una amiga, una aliada, trabajando para defender la justicia social\u00bb, plante\u00f3, al destacar la gesti\u00f3n de Ruiz Malec al frente del organismo.\u00a0Luego, puso de relieve \u00abla reconstrucci\u00f3n del Ministerio de Trabajo\u00bb que llev\u00f3 adelante la ministra y le agradeci\u00f3 su labor.<\/p>\n<p>En el contexto del anuncio, el gobernador record\u00f3 que el antecesor de la funcionaria saliente,\u00a0<b>Marcelo Villegas<\/b>, \u00absali\u00f3 en un video buscando maneras de perseguir a las organizaciones de los trabajadores, autodenomin\u00e1ndose la\u00a0<a href=\"https:\/\/www.pagina12.com.ar\/tags\/61795-gestapo-macrista\">Gestapo antisindical<\/a>\u00ab.<\/p>\n<p>\u00abBuscaban quitar derechos a los y las trabajadoras. Hicieron una reuni\u00f3n con esp\u00edas de la AFI (Agencia Federal de Inteligencia) y funcionarios viendo c\u00f3mo generar causas para perseguir sindicalistas. No nos vamos a olvidar de eso, es un delito grav\u00edsimo. Usaron al Estado para perseguir y armar causas. Es muy grave\u00bb, insisti\u00f3.<\/p>\n<h2>El perfil de Correa<\/h2>\n<p>Fuentes del Poder Ejecutivo indicaron a\u00a0<i>T\u00e9lam<\/i>\u00a0que el gobernador busc\u00f3 para su reemplazo a un dirigente de l\u00ednea sindical y precisaron que \u00abse convers\u00f3 con los actores del espacio y fue la opci\u00f3n con m\u00e1s consenso\u00bb.<\/p>\n<p>Correa, de 57 a\u00f1os, es oriundo del Municipio de Moreno y un referente de la Corriente Federal Trabajadores (CFT)-CGT.<b>\u00a0Es un dirigente cercano a la vicepresidenta Cristina Fern\u00e1ndez.<\/b><\/p>\n<p>Se desempe\u00f1\u00f3 como concejal de Moreno y luego fue diputado nacional del Partido Justicialista por la provincia de Buenos Aires entre 2017 y 2021. A la vez, integra la rama gremial del Partido Justicialista bonaerense, que preside M\u00e1ximo Kirchner.<\/p>\n<p>En la C\u00e1mara Baja, fue secretario de las comisiones de Defensa Nacional y de Peque\u00f1as y Medianas Empresas, y vocal en las comisiones de Asuntos Cooperativos, Mutuales y de Organizaciones No Gubernamentales; de Industria; y de Legislaci\u00f3n del Trabajo.<\/p>\n<p>Este mi\u00e9rcoles,\u00a0<b>Correa particip\u00f3 de la marcha de la CGT y la Corriente Federal desde el Obelisco hacia el Congreso\u00a0<\/b>en rechazo de \u00ablos formadores de precios y la especulaci\u00f3n\u00bb, donde afirm\u00f3: \u00abVenimos a apoyar a nuestro Gobierno nacional, popular y peronista\u00bb.<\/p>\n<p>\u00abNuestro Gobierno tiene que saber que todo este colectivo inmenso de trabajadores est\u00e1 para sumarse, comprometerse, y defender la mesa de las y los argentinos\u00bb, resalt\u00f3 y se manifest\u00f3 \u00bb en defensa del ingreso de las y los trabajadores, y para enfrentar a los especuladores que atentan contra la mesa de los argentinos\u00bb.<\/p>\n<p>El nuevo funcionario tendr\u00e1 que llevar adelante desde ahora las negociaciones paritarias con los gremios que representan a los trabajadores estatales, docentes, judiciales y m\u00e9dicos, que pidieron reabrir la discusi\u00f3n para evitar que los salarios pierdan contra la inflaci\u00f3n.<\/p>\n<\/div>\n<\/div>\n<\/div>\n","protected":false},"excerpt":{"rendered":"<p>El gobernador Axel Kicillof inform\u00f3 que nombr\u00f3 al secretario general del Sindicato de Obreros Curtidores como titular de la cartera de Trabajo. Ruiz Malec pasa a ser Directora General de los Recursos de la Seguridad Social de AFIP.<\/p>\n","protected":false},"author":3,"featured_media":0,"comment_status":"closed","ping_status":"closed","sticky":false,"template":"","format":"standard","meta":{"footnotes":""},"categories":[58],"tags":[],"class_list":["post-76433","post","type-post","status-publish","format-standard","hentry","category-gobierno"],"yoast_head":"<!-- This site is optimized with the Yoast SEO plugin v25.9 - https:\/\/yoast.com\/wordpress\/plugins\/seo\/ -->\n<title>Walter Correa ser\u00e1 el nuevo ministro de Trabajo de la provincia de Buenos Aires - Noticias Radio Reflejos<\/title>\n<meta name=\"robots\" content=\"index, follow, max-snippet:-1, max-image-preview:large, max-video-preview:-1\" \/>\n<link rel=\"canonical\" href=\"https:\/\/www.noticiasradioreflejos.com.ar\/2021\/walter-correa-sera-el-nuevo-ministro-de-trabajo-de-la-provincia-de-buenos-aires\/\" \/>\n<meta property=\"og:locale\" content=\"es_ES\" \/>\n<meta property=\"og:type\" content=\"article\" \/>\n<meta property=\"og:title\" content=\"Walter Correa ser\u00e1 el nuevo ministro de Trabajo de la provincia de Buenos Aires - Noticias Radio Reflejos\" \/>\n<meta property=\"og:description\" content=\"El gobernador Axel Kicillof inform\u00f3 que nombr\u00f3 al secretario general del Sindicato de Obreros Curtidores como titular de la cartera de Trabajo. Ruiz Malec pasa a ser Directora General de los Recursos de la Seguridad Social de AFIP.\" \/>\n<meta property=\"og:url\" content=\"https:\/\/www.noticiasradioreflejos.com.ar\/2021\/walter-correa-sera-el-nuevo-ministro-de-trabajo-de-la-provincia-de-buenos-aires\/\" \/>\n<meta property=\"og:site_name\" content=\"Noticias Radio Reflejos\" \/>\n<meta property=\"article:published_time\" content=\"2022-08-18T17:57:25+00:00\" \/>\n<meta property=\"og:image\" content=\"https:\/\/images.pagina12.com.ar\/styles\/focal_3_2_960x640\/public\/2022-08\/614511-18-08-2022-el-gobernador-de-la-provincia.jpg?itok=MFokXKG6\" \/>\n<meta name=\"author\" content=\"Arnaldo Botto\" \/>\n<meta name=\"twitter:card\" content=\"summary_large_image\" \/>\n<script type=\"application\/ld+json\" class=\"yoast-schema-graph\">{\"@context\":\"https:\/\/schema.org\",\"@graph\":[{\"@type\":\"WebPage\",\"@id\":\"https:\/\/www.noticiasradioreflejos.com.ar\/2021\/walter-correa-sera-el-nuevo-ministro-de-trabajo-de-la-provincia-de-buenos-aires\/\",\"url\":\"https:\/\/www.noticiasradioreflejos.com.ar\/2021\/walter-correa-sera-el-nuevo-ministro-de-trabajo-de-la-provincia-de-buenos-aires\/\",\"name\":\"Walter Correa ser\u00e1 el nuevo ministro de Trabajo de la provincia de Buenos Aires - Noticias Radio Reflejos\",\"isPartOf\":{\"@id\":\"https:\/\/www.noticiasradioreflejos.com.ar\/2021\/#website\"},\"primaryImageOfPage\":{\"@id\":\"https:\/\/www.noticiasradioreflejos.com.ar\/2021\/walter-correa-sera-el-nuevo-ministro-de-trabajo-de-la-provincia-de-buenos-aires\/#primaryimage\"},\"image\":{\"@id\":\"https:\/\/www.noticiasradioreflejos.com.ar\/2021\/walter-correa-sera-el-nuevo-ministro-de-trabajo-de-la-provincia-de-buenos-aires\/#primaryimage\"},\"thumbnailUrl\":\"https:\/\/images.pagina12.com.ar\/styles\/focal_3_2_960x640\/public\/2022-08\/614511-18-08-2022-el-gobernador-de-la-provincia.jpg?itok=MFokXKG6\",\"datePublished\":\"2022-08-18T17:57:25+00:00\",\"author\":{\"@id\":\"https:\/\/www.noticiasradioreflejos.com.ar\/2021\/#\/schema\/person\/ad82545263dcc5ec0996818884fd5fb1\"},\"breadcrumb\":{\"@id\":\"https:\/\/www.noticiasradioreflejos.com.ar\/2021\/walter-correa-sera-el-nuevo-ministro-de-trabajo-de-la-provincia-de-buenos-aires\/#breadcrumb\"},\"inLanguage\":\"es\",\"potentialAction\":[{\"@type\":\"ReadAction\",\"target\":[\"https:\/\/www.noticiasradioreflejos.com.ar\/2021\/walter-correa-sera-el-nuevo-ministro-de-trabajo-de-la-provincia-de-buenos-aires\/\"]}]},{\"@type\":\"ImageObject\",\"inLanguage\":\"es\",\"@id\":\"https:\/\/www.noticiasradioreflejos.com.ar\/2021\/walter-correa-sera-el-nuevo-ministro-de-trabajo-de-la-provincia-de-buenos-aires\/#primaryimage\",\"url\":\"https:\/\/images.pagina12.com.ar\/styles\/focal_3_2_960x640\/public\/2022-08\/614511-18-08-2022-el-gobernador-de-la-provincia.jpg?itok=MFokXKG6\",\"contentUrl\":\"https:\/\/images.pagina12.com.ar\/styles\/focal_3_2_960x640\/public\/2022-08\/614511-18-08-2022-el-gobernador-de-la-provincia.jpg?itok=MFokXKG6\"},{\"@type\":\"BreadcrumbList\",\"@id\":\"https:\/\/www.noticiasradioreflejos.com.ar\/2021\/walter-correa-sera-el-nuevo-ministro-de-trabajo-de-la-provincia-de-buenos-aires\/#breadcrumb\",\"itemListElement\":[{\"@type\":\"ListItem\",\"position\":1,\"name\":\"Portada\",\"item\":\"https:\/\/www.noticiasradioreflejos.com.ar\/2021\/\"},{\"@type\":\"ListItem\",\"position\":2,\"name\":\"Walter Correa ser\u00e1 el nuevo ministro de Trabajo de la provincia de Buenos Aires\"}]},{\"@type\":\"WebSite\",\"@id\":\"https:\/\/www.noticiasradioreflejos.com.ar\/2021\/#website\",\"url\":\"https:\/\/www.noticiasradioreflejos.com.ar\/2021\/\",\"name\":\"Noticias Radio Reflejos\",\"description\":\"Las noticias de mi comarca\",\"potentialAction\":[{\"@type\":\"SearchAction\",\"target\":{\"@type\":\"EntryPoint\",\"urlTemplate\":\"https:\/\/www.noticiasradioreflejos.com.ar\/2021\/?s={search_term_string}\"},\"query-input\":{\"@type\":\"PropertyValueSpecification\",\"valueRequired\":true,\"valueName\":\"search_term_string\"}}],\"inLanguage\":\"es\"},{\"@type\":\"Person\",\"@id\":\"https:\/\/www.noticiasradioreflejos.com.ar\/2021\/#\/schema\/person\/ad82545263dcc5ec0996818884fd5fb1\",\"name\":\"Arnaldo Botto\",\"image\":{\"@type\":\"ImageObject\",\"inLanguage\":\"es\",\"@id\":\"https:\/\/www.noticiasradioreflejos.com.ar\/2021\/#\/schema\/person\/image\/\",\"url\":\"https:\/\/secure.gravatar.com\/avatar\/55cb5e37c1efa326397366e6974cb338056df65cb50e7d64d1cf314e87504837?s=96&d=mm&r=g\",\"contentUrl\":\"https:\/\/secure.gravatar.com\/avatar\/55cb5e37c1efa326397366e6974cb338056df65cb50e7d64d1cf314e87504837?s=96&d=mm&r=g\",\"caption\":\"Arnaldo Botto\"},\"url\":\"https:\/\/www.noticiasradioreflejos.com.ar\/2021\/author\/arnaldo\/\"}]}<\/script>\n<!-- \/ Yoast SEO plugin. -->","yoast_head_json":{"title":"Walter Correa ser\u00e1 el nuevo ministro de Trabajo de la provincia de Buenos Aires - Noticias Radio Reflejos","robots":{"index":"index","follow":"follow","max-snippet":"max-snippet:-1","max-image-preview":"max-image-preview:large","max-video-preview":"max-video-preview:-1"},"canonical":"https:\/\/www.noticiasradioreflejos.com.ar\/2021\/walter-correa-sera-el-nuevo-ministro-de-trabajo-de-la-provincia-de-buenos-aires\/","og_locale":"es_ES","og_type":"article","og_title":"Walter Correa ser\u00e1 el nuevo ministro de Trabajo de la provincia de Buenos Aires - Noticias Radio Reflejos","og_description":"El gobernador Axel Kicillof inform\u00f3 que nombr\u00f3 al secretario general del Sindicato de Obreros Curtidores como titular de la cartera de Trabajo. Ruiz Malec pasa a ser Directora General de los Recursos de la Seguridad Social de AFIP.","og_url":"https:\/\/www.noticiasradioreflejos.com.ar\/2021\/walter-correa-sera-el-nuevo-ministro-de-trabajo-de-la-provincia-de-buenos-aires\/","og_site_name":"Noticias Radio Reflejos","article_published_time":"2022-08-18T17:57:25+00:00","og_image":[{"url":"https:\/\/images.pagina12.com.ar\/styles\/focal_3_2_960x640\/public\/2022-08\/614511-18-08-2022-el-gobernador-de-la-provincia.jpg?itok=MFokXKG6","type":"","width":"","height":""}],"author":"Arnaldo Botto","twitter_card":"summary_large_image","schema":{"@context":"https:\/\/schema.org","@graph":[{"@type":"WebPage","@id":"https:\/\/www.noticiasradioreflejos.com.ar\/2021\/walter-correa-sera-el-nuevo-ministro-de-trabajo-de-la-provincia-de-buenos-aires\/","url":"https:\/\/www.noticiasradioreflejos.com.ar\/2021\/walter-correa-sera-el-nuevo-ministro-de-trabajo-de-la-provincia-de-buenos-aires\/","name":"Walter Correa ser\u00e1 el nuevo ministro de Trabajo de la provincia de Buenos Aires - Noticias Radio Reflejos","isPartOf":{"@id":"https:\/\/www.noticiasradioreflejos.com.ar\/2021\/#website"},"primaryImageOfPage":{"@id":"https:\/\/www.noticiasradioreflejos.com.ar\/2021\/walter-correa-sera-el-nuevo-ministro-de-trabajo-de-la-provincia-de-buenos-aires\/#primaryimage"},"image":{"@id":"https:\/\/www.noticiasradioreflejos.com.ar\/2021\/walter-correa-sera-el-nuevo-ministro-de-trabajo-de-la-provincia-de-buenos-aires\/#primaryimage"},"thumbnailUrl":"https:\/\/images.pagina12.com.ar\/styles\/focal_3_2_960x640\/public\/2022-08\/614511-18-08-2022-el-gobernador-de-la-provincia.jpg?itok=MFokXKG6","datePublished":"2022-08-18T17:57:25+00:00","author":{"@id":"https:\/\/www.noticiasradioreflejos.com.ar\/2021\/#\/schema\/person\/ad82545263dcc5ec0996818884fd5fb1"},"breadcrumb":{"@id":"https:\/\/www.noticiasradioreflejos.com.ar\/2021\/walter-correa-sera-el-nuevo-ministro-de-trabajo-de-la-provincia-de-buenos-aires\/#breadcrumb"},"inLanguage":"es","potentialAction":[{"@type":"ReadAction","target":["https:\/\/www.noticiasradioreflejos.com.ar\/2021\/walter-correa-sera-el-nuevo-ministro-de-trabajo-de-la-provincia-de-buenos-aires\/"]}]},{"@type":"ImageObject","inLanguage":"es","@id":"https:\/\/www.noticiasradioreflejos.com.ar\/2021\/walter-correa-sera-el-nuevo-ministro-de-trabajo-de-la-provincia-de-buenos-aires\/#primaryimage","url":"https:\/\/images.pagina12.com.ar\/styles\/focal_3_2_960x640\/public\/2022-08\/614511-18-08-2022-el-gobernador-de-la-provincia.jpg?itok=MFokXKG6","contentUrl":"https:\/\/images.pagina12.com.ar\/styles\/focal_3_2_960x640\/public\/2022-08\/614511-18-08-2022-el-gobernador-de-la-provincia.jpg?itok=MFokXKG6"},{"@type":"BreadcrumbList","@id":"https:\/\/www.noticiasradioreflejos.com.ar\/2021\/walter-correa-sera-el-nuevo-ministro-de-trabajo-de-la-provincia-de-buenos-aires\/#breadcrumb","itemListElement":[{"@type":"ListItem","position":1,"name":"Portada","item":"https:\/\/www.noticiasradioreflejos.com.ar\/2021\/"},{"@type":"ListItem","position":2,"name":"Walter Correa ser\u00e1 el nuevo ministro de Trabajo de la provincia de Buenos Aires"}]},{"@type":"WebSite","@id":"https:\/\/www.noticiasradioreflejos.com.ar\/2021\/#website","url":"https:\/\/www.noticiasradioreflejos.com.ar\/2021\/","name":"Noticias Radio Reflejos","description":"Las noticias de mi comarca","potentialAction":[{"@type":"SearchAction","target":{"@type":"EntryPoint","urlTemplate":"https:\/\/www.noticiasradioreflejos.com.ar\/2021\/?s={search_term_string}"},"query-input":{"@type":"PropertyValueSpecification","valueRequired":true,"valueName":"search_term_string"}}],"inLanguage":"es"},{"@type":"Person","@id":"https:\/\/www.noticiasradioreflejos.com.ar\/2021\/#\/schema\/person\/ad82545263dcc5ec0996818884fd5fb1","name":"Arnaldo Botto","image":{"@type":"ImageObject","inLanguage":"es","@id":"https:\/\/www.noticiasradioreflejos.com.ar\/2021\/#\/schema\/person\/image\/","url":"https:\/\/secure.gravatar.com\/avatar\/55cb5e37c1efa326397366e6974cb338056df65cb50e7d64d1cf314e87504837?s=96&d=mm&r=g","contentUrl":"https:\/\/secure.gravatar.com\/avatar\/55cb5e37c1efa326397366e6974cb338056df65cb50e7d64d1cf314e87504837?s=96&d=mm&r=g","caption":"Arnaldo Botto"},"url":"https:\/\/www.noticiasradioreflejos.com.ar\/2021\/author\/arnaldo\/"}]}},"_links":{"self":[{"href":"https:\/\/www.noticiasradioreflejos.com.ar\/2021\/wp-json\/wp\/v2\/posts\/76433","targetHints":{"allow":["GET"]}}],"collection":[{"href":"https:\/\/www.noticiasradioreflejos.com.ar\/2021\/wp-json\/wp\/v2\/posts"}],"about":[{"href":"https:\/\/www.noticiasradioreflejos.com.ar\/2021\/wp-json\/wp\/v2\/types\/post"}],"author":[{"embeddable":true,"href":"https:\/\/www.noticiasradioreflejos.com.ar\/2021\/wp-json\/wp\/v2\/users\/3"}],"replies":[{"embeddable":true,"href":"https:\/\/www.noticiasradioreflejos.com.ar\/2021\/wp-json\/wp\/v2\/comments?post=76433"}],"version-history":[{"count":1,"href":"https:\/\/www.noticiasradioreflejos.com.ar\/2021\/wp-json\/wp\/v2\/posts\/76433\/revisions"}],"predecessor-version":[{"id":76435,"href":"https:\/\/www.noticiasradioreflejos.com.ar\/2021\/wp-json\/wp\/v2\/posts\/76433\/revisions\/76435"}],"wp:attachment":[{"href":"https:\/\/www.noticiasradioreflejos.com.ar\/2021\/wp-json\/wp\/v2\/media?parent=76433"}],"wp:term":[{"taxonomy":"category","embeddable":true,"href":"https:\/\/www.noticiasradioreflejos.com.ar\/2021\/wp-json\/wp\/v2\/categories?post=76433"},{"taxonomy":"post_tag","embeddable":true,"href":"https:\/\/www.noticiasradioreflejos.com.ar\/2021\/wp-json\/wp\/v2\/tags?post=76433"}],"curies":[{"name":"wp","href":"https:\/\/api.w.org\/{rel}","templated":true}]}}