{"id":76425,"date":"2022-08-18T17:21:40","date_gmt":"2022-08-18T17:21:40","guid":{"rendered":"http:\/\/www.noticiasradioreflejos.com.ar\/2021\/?p=76425"},"modified":"2022-08-18T17:21:40","modified_gmt":"2022-08-18T17:21:40","slug":"massa-adelanto-que-el-indice-de-desocupacion-cayo-al-67","status":"publish","type":"post","link":"https:\/\/www.noticiasradioreflejos.com.ar\/2021\/massa-adelanto-que-el-indice-de-desocupacion-cayo-al-67\/","title":{"rendered":"Massa adelant\u00f3 que el \u00edndice de desocupaci\u00f3n cay\u00f3 al 6,7%"},"content":{"rendered":"<p>Al exponer en el Consejo de las Am\u00e9ricas, el ministro destac\u00f3 la merma de 0,3% respecto al primer trimestre del a\u00f1o, y asegur\u00f3 que \u00abel crecimiento de alguna manera depende del trabajo que desde el Estado y el sector privado hagamos cada uno de nosotros\u00bb.<!--more--><\/p>\n<figure class=\"mb-3\"><img decoding=\"async\" src=\"https:\/\/www.telam.com.ar\/thumbs\/bluesteel\/advf\/imagenes\/2022\/08\/62fe7366be513_900.jpg\" alt=\"El ministro de Economa disert en el Consejo de las Amricas que se desarrolla en Buenos Aires Foto Victoria Gesualdi\" width=\"100%\" height=\"100%\" \/><\/p>\n<div class=\"media-icons\"><\/div><figcaption>El ministro de Econom\u00eda disert\u00f3 en el Consejo de las Am\u00e9ricas que se desarrolla en Buenos Aires \/ Foto: Victoria Gesualdi.<\/figcaption><\/figure>\n<p>El ministro de Econom\u00eda, Sergio Massa, dijo hoy que \u00abla Argentina es un gran pa\u00eds, con enorme cantidad de recursos, pero claramente es un pa\u00eds que no es rico sino con riquezas\u00bb.<\/p>\n<p>Durante su exposici\u00f3n en el Consejo de las Am\u00e9ricas que se desarrolla este jueves en Buenos Aires, Massa se\u00f1al\u00f3 que \u00abtransformar esa riqueza en desarrollo,\u00a0<strong>el crecimiento de alguna manera depende del trabajo que desde el Estado y el sector privado hagamos cada uno de nosotros<\/strong>\u00ab.<\/p>\n<p>En ese sentido, Massa se\u00f1al\u00f3 que \u00absin estabilidad macroec\u00f3mica no hay paz social pero sin paz social no hay estabilidad macroecon\u00f3mica\u00bb, y agreg\u00f3 que \u00ablas tensiones se ven reflejadas en las decisiones que debe tomar el Estado y los privados a la hora de invertir\u00bb, ante lo cual\u00a0consider\u00f3 que la estabilidad macroecon\u00f3mica \u00abes un trabajo conjunto entre el Estado, los gobernantes, pero tambi\u00e9n con los actores econ\u00f3micos y sociales de la Argentina\u00bb.<\/p>\n<p>En otro pasaje adelant\u00f3 que\u00a0en las pr\u00f3ximas horas<strong>\u00a0\u00abniveles inesperados\u00bb de desempleo en 6,7%<\/strong>\u00a0y que hay \u00abniveles de consumo en algunas regiones del pa\u00eds y de producci\u00f3n y aumento de capacidad instalada que llegan a niveles que hace dos a\u00f1os en medio de la pandemia no imagin\u00e1bamos\u00bb.<\/p>\n<figure class=\"mb-3\"><img decoding=\"async\" src=\"https:\/\/www.telam.com.ar\/thumbs\/bluesteel\/advf\/imagenes\/2022\/08\/62fe73670deb3_900.jpg\" alt=\"Foto Victoria Gesualdi\" width=\"100%\" height=\"100%\" \/><\/p>\n<div class=\"media-icons\"><\/div><figcaption>Foto: Victoria Gesualdi.<\/figcaption><\/figure>\n<p>Respecto a la segmentaci\u00f3n de tarifas anunciada d\u00edas atr\u00e1s, el ministro\u00a0<strong>agradeci\u00f3 \u00aba los 4 millones de argentinos que renunciaron a los subsidios\u00bb\u00a0<\/strong>porque \u00abmostraron la voluntad de acompa\u00f1ar el esfuerzo del Estado en llevar adelante un ahorro de recursos que redunda, si cuidamos la luz, el gas, el agua, en ahorro para el Estado y tambi\u00e9n en ahorro para el ciudadano\u00bb.<\/p>\n<p>Tambi\u00e9n se refiri\u00f3 al congelamiento de la planta en empresas estatales, respecto a lo cual Massa sostuvo que \u00abel primer esfuerzo\u00bb debe hacerse desde el Estado.<\/p>\n<p>\u00abEl desaf\u00edo de pedir que hagamos un esfuerzo conjunto tiene que venir apalancado en que el primer esfuerzo lo hacemos desde el Estado\u00bb, afirm\u00f3.<\/p>\n","protected":false},"excerpt":{"rendered":"<p>Al exponer en el Consejo de las Am\u00e9ricas, el ministro destac\u00f3 la merma de 0,3% respecto al primer trimestre del a\u00f1o, y asegur\u00f3 que \u00abel crecimiento de alguna manera depende del trabajo que desde el Estado y el sector privado hagamos cada uno de nosotros\u00bb.<\/p>\n","protected":false},"author":3,"featured_media":0,"comment_status":"closed","ping_status":"closed","sticky":false,"template":"","format":"standard","meta":{"footnotes":""},"categories":[58,24],"tags":[],"class_list":["post-76425","post","type-post","status-publish","format-standard","hentry","category-gobierno","category-politica"],"yoast_head":"<!-- This site is optimized with the Yoast SEO plugin v25.9 - https:\/\/yoast.com\/wordpress\/plugins\/seo\/ -->\n<title>Massa adelant\u00f3 que el \u00edndice de desocupaci\u00f3n cay\u00f3 al 6,7% - Noticias Radio Reflejos<\/title>\n<meta name=\"robots\" content=\"index, follow, max-snippet:-1, max-image-preview:large, max-video-preview:-1\" \/>\n<link rel=\"canonical\" href=\"https:\/\/www.noticiasradioreflejos.com.ar\/2021\/massa-adelanto-que-el-indice-de-desocupacion-cayo-al-67\/\" \/>\n<meta property=\"og:locale\" content=\"es_ES\" \/>\n<meta property=\"og:type\" content=\"article\" \/>\n<meta property=\"og:title\" content=\"Massa adelant\u00f3 que el \u00edndice de desocupaci\u00f3n cay\u00f3 al 6,7% - Noticias Radio Reflejos\" \/>\n<meta property=\"og:description\" content=\"Al exponer en el Consejo de las Am\u00e9ricas, el ministro destac\u00f3 la merma de 0,3% respecto al primer trimestre del a\u00f1o, y asegur\u00f3 que \u00abel crecimiento de alguna manera depende del trabajo que desde el Estado y el sector privado hagamos cada uno de nosotros\u00bb.\" \/>\n<meta property=\"og:url\" content=\"https:\/\/www.noticiasradioreflejos.com.ar\/2021\/massa-adelanto-que-el-indice-de-desocupacion-cayo-al-67\/\" \/>\n<meta property=\"og:site_name\" content=\"Noticias Radio Reflejos\" \/>\n<meta property=\"article:published_time\" content=\"2022-08-18T17:21:40+00:00\" \/>\n<meta property=\"og:image\" content=\"https:\/\/www.telam.com.ar\/thumbs\/bluesteel\/advf\/imagenes\/2022\/08\/62fe7366be513_900.jpg\" \/>\n<meta name=\"author\" content=\"Arnaldo Botto\" \/>\n<meta name=\"twitter:card\" content=\"summary_large_image\" \/>\n<script type=\"application\/ld+json\" class=\"yoast-schema-graph\">{\"@context\":\"https:\/\/schema.org\",\"@graph\":[{\"@type\":\"WebPage\",\"@id\":\"https:\/\/www.noticiasradioreflejos.com.ar\/2021\/massa-adelanto-que-el-indice-de-desocupacion-cayo-al-67\/\",\"url\":\"https:\/\/www.noticiasradioreflejos.com.ar\/2021\/massa-adelanto-que-el-indice-de-desocupacion-cayo-al-67\/\",\"name\":\"Massa adelant\u00f3 que el \u00edndice de desocupaci\u00f3n cay\u00f3 al 6,7% - Noticias Radio Reflejos\",\"isPartOf\":{\"@id\":\"https:\/\/www.noticiasradioreflejos.com.ar\/2021\/#website\"},\"primaryImageOfPage\":{\"@id\":\"https:\/\/www.noticiasradioreflejos.com.ar\/2021\/massa-adelanto-que-el-indice-de-desocupacion-cayo-al-67\/#primaryimage\"},\"image\":{\"@id\":\"https:\/\/www.noticiasradioreflejos.com.ar\/2021\/massa-adelanto-que-el-indice-de-desocupacion-cayo-al-67\/#primaryimage\"},\"thumbnailUrl\":\"https:\/\/www.telam.com.ar\/thumbs\/bluesteel\/advf\/imagenes\/2022\/08\/62fe7366be513_900.jpg\",\"datePublished\":\"2022-08-18T17:21:40+00:00\",\"author\":{\"@id\":\"https:\/\/www.noticiasradioreflejos.com.ar\/2021\/#\/schema\/person\/ad82545263dcc5ec0996818884fd5fb1\"},\"breadcrumb\":{\"@id\":\"https:\/\/www.noticiasradioreflejos.com.ar\/2021\/massa-adelanto-que-el-indice-de-desocupacion-cayo-al-67\/#breadcrumb\"},\"inLanguage\":\"es\",\"potentialAction\":[{\"@type\":\"ReadAction\",\"target\":[\"https:\/\/www.noticiasradioreflejos.com.ar\/2021\/massa-adelanto-que-el-indice-de-desocupacion-cayo-al-67\/\"]}]},{\"@type\":\"ImageObject\",\"inLanguage\":\"es\",\"@id\":\"https:\/\/www.noticiasradioreflejos.com.ar\/2021\/massa-adelanto-que-el-indice-de-desocupacion-cayo-al-67\/#primaryimage\",\"url\":\"https:\/\/www.telam.com.ar\/thumbs\/bluesteel\/advf\/imagenes\/2022\/08\/62fe7366be513_900.jpg\",\"contentUrl\":\"https:\/\/www.telam.com.ar\/thumbs\/bluesteel\/advf\/imagenes\/2022\/08\/62fe7366be513_900.jpg\"},{\"@type\":\"BreadcrumbList\",\"@id\":\"https:\/\/www.noticiasradioreflejos.com.ar\/2021\/massa-adelanto-que-el-indice-de-desocupacion-cayo-al-67\/#breadcrumb\",\"itemListElement\":[{\"@type\":\"ListItem\",\"position\":1,\"name\":\"Portada\",\"item\":\"https:\/\/www.noticiasradioreflejos.com.ar\/2021\/\"},{\"@type\":\"ListItem\",\"position\":2,\"name\":\"Massa adelant\u00f3 que el \u00edndice de desocupaci\u00f3n cay\u00f3 al 6,7%\"}]},{\"@type\":\"WebSite\",\"@id\":\"https:\/\/www.noticiasradioreflejos.com.ar\/2021\/#website\",\"url\":\"https:\/\/www.noticiasradioreflejos.com.ar\/2021\/\",\"name\":\"Noticias Radio Reflejos\",\"description\":\"Las noticias de mi comarca\",\"potentialAction\":[{\"@type\":\"SearchAction\",\"target\":{\"@type\":\"EntryPoint\",\"urlTemplate\":\"https:\/\/www.noticiasradioreflejos.com.ar\/2021\/?s={search_term_string}\"},\"query-input\":{\"@type\":\"PropertyValueSpecification\",\"valueRequired\":true,\"valueName\":\"search_term_string\"}}],\"inLanguage\":\"es\"},{\"@type\":\"Person\",\"@id\":\"https:\/\/www.noticiasradioreflejos.com.ar\/2021\/#\/schema\/person\/ad82545263dcc5ec0996818884fd5fb1\",\"name\":\"Arnaldo Botto\",\"image\":{\"@type\":\"ImageObject\",\"inLanguage\":\"es\",\"@id\":\"https:\/\/www.noticiasradioreflejos.com.ar\/2021\/#\/schema\/person\/image\/\",\"url\":\"https:\/\/secure.gravatar.com\/avatar\/55cb5e37c1efa326397366e6974cb338056df65cb50e7d64d1cf314e87504837?s=96&d=mm&r=g\",\"contentUrl\":\"https:\/\/secure.gravatar.com\/avatar\/55cb5e37c1efa326397366e6974cb338056df65cb50e7d64d1cf314e87504837?s=96&d=mm&r=g\",\"caption\":\"Arnaldo Botto\"},\"url\":\"https:\/\/www.noticiasradioreflejos.com.ar\/2021\/author\/arnaldo\/\"}]}<\/script>\n<!-- \/ Yoast SEO plugin. -->","yoast_head_json":{"title":"Massa adelant\u00f3 que el \u00edndice de desocupaci\u00f3n cay\u00f3 al 6,7% - Noticias Radio Reflejos","robots":{"index":"index","follow":"follow","max-snippet":"max-snippet:-1","max-image-preview":"max-image-preview:large","max-video-preview":"max-video-preview:-1"},"canonical":"https:\/\/www.noticiasradioreflejos.com.ar\/2021\/massa-adelanto-que-el-indice-de-desocupacion-cayo-al-67\/","og_locale":"es_ES","og_type":"article","og_title":"Massa adelant\u00f3 que el \u00edndice de desocupaci\u00f3n cay\u00f3 al 6,7% - Noticias Radio Reflejos","og_description":"Al exponer en el Consejo de las Am\u00e9ricas, el ministro destac\u00f3 la merma de 0,3% respecto al primer trimestre del a\u00f1o, y asegur\u00f3 que \u00abel crecimiento de alguna manera depende del trabajo que desde el Estado y el sector privado hagamos cada uno de nosotros\u00bb.","og_url":"https:\/\/www.noticiasradioreflejos.com.ar\/2021\/massa-adelanto-que-el-indice-de-desocupacion-cayo-al-67\/","og_site_name":"Noticias Radio Reflejos","article_published_time":"2022-08-18T17:21:40+00:00","og_image":[{"url":"https:\/\/www.telam.com.ar\/thumbs\/bluesteel\/advf\/imagenes\/2022\/08\/62fe7366be513_900.jpg","type":"","width":"","height":""}],"author":"Arnaldo Botto","twitter_card":"summary_large_image","schema":{"@context":"https:\/\/schema.org","@graph":[{"@type":"WebPage","@id":"https:\/\/www.noticiasradioreflejos.com.ar\/2021\/massa-adelanto-que-el-indice-de-desocupacion-cayo-al-67\/","url":"https:\/\/www.noticiasradioreflejos.com.ar\/2021\/massa-adelanto-que-el-indice-de-desocupacion-cayo-al-67\/","name":"Massa adelant\u00f3 que el \u00edndice de desocupaci\u00f3n cay\u00f3 al 6,7% - Noticias Radio Reflejos","isPartOf":{"@id":"https:\/\/www.noticiasradioreflejos.com.ar\/2021\/#website"},"primaryImageOfPage":{"@id":"https:\/\/www.noticiasradioreflejos.com.ar\/2021\/massa-adelanto-que-el-indice-de-desocupacion-cayo-al-67\/#primaryimage"},"image":{"@id":"https:\/\/www.noticiasradioreflejos.com.ar\/2021\/massa-adelanto-que-el-indice-de-desocupacion-cayo-al-67\/#primaryimage"},"thumbnailUrl":"https:\/\/www.telam.com.ar\/thumbs\/bluesteel\/advf\/imagenes\/2022\/08\/62fe7366be513_900.jpg","datePublished":"2022-08-18T17:21:40+00:00","author":{"@id":"https:\/\/www.noticiasradioreflejos.com.ar\/2021\/#\/schema\/person\/ad82545263dcc5ec0996818884fd5fb1"},"breadcrumb":{"@id":"https:\/\/www.noticiasradioreflejos.com.ar\/2021\/massa-adelanto-que-el-indice-de-desocupacion-cayo-al-67\/#breadcrumb"},"inLanguage":"es","potentialAction":[{"@type":"ReadAction","target":["https:\/\/www.noticiasradioreflejos.com.ar\/2021\/massa-adelanto-que-el-indice-de-desocupacion-cayo-al-67\/"]}]},{"@type":"ImageObject","inLanguage":"es","@id":"https:\/\/www.noticiasradioreflejos.com.ar\/2021\/massa-adelanto-que-el-indice-de-desocupacion-cayo-al-67\/#primaryimage","url":"https:\/\/www.telam.com.ar\/thumbs\/bluesteel\/advf\/imagenes\/2022\/08\/62fe7366be513_900.jpg","contentUrl":"https:\/\/www.telam.com.ar\/thumbs\/bluesteel\/advf\/imagenes\/2022\/08\/62fe7366be513_900.jpg"},{"@type":"BreadcrumbList","@id":"https:\/\/www.noticiasradioreflejos.com.ar\/2021\/massa-adelanto-que-el-indice-de-desocupacion-cayo-al-67\/#breadcrumb","itemListElement":[{"@type":"ListItem","position":1,"name":"Portada","item":"https:\/\/www.noticiasradioreflejos.com.ar\/2021\/"},{"@type":"ListItem","position":2,"name":"Massa adelant\u00f3 que el \u00edndice de desocupaci\u00f3n cay\u00f3 al 6,7%"}]},{"@type":"WebSite","@id":"https:\/\/www.noticiasradioreflejos.com.ar\/2021\/#website","url":"https:\/\/www.noticiasradioreflejos.com.ar\/2021\/","name":"Noticias Radio Reflejos","description":"Las noticias de mi comarca","potentialAction":[{"@type":"SearchAction","target":{"@type":"EntryPoint","urlTemplate":"https:\/\/www.noticiasradioreflejos.com.ar\/2021\/?s={search_term_string}"},"query-input":{"@type":"PropertyValueSpecification","valueRequired":true,"valueName":"search_term_string"}}],"inLanguage":"es"},{"@type":"Person","@id":"https:\/\/www.noticiasradioreflejos.com.ar\/2021\/#\/schema\/person\/ad82545263dcc5ec0996818884fd5fb1","name":"Arnaldo Botto","image":{"@type":"ImageObject","inLanguage":"es","@id":"https:\/\/www.noticiasradioreflejos.com.ar\/2021\/#\/schema\/person\/image\/","url":"https:\/\/secure.gravatar.com\/avatar\/55cb5e37c1efa326397366e6974cb338056df65cb50e7d64d1cf314e87504837?s=96&d=mm&r=g","contentUrl":"https:\/\/secure.gravatar.com\/avatar\/55cb5e37c1efa326397366e6974cb338056df65cb50e7d64d1cf314e87504837?s=96&d=mm&r=g","caption":"Arnaldo Botto"},"url":"https:\/\/www.noticiasradioreflejos.com.ar\/2021\/author\/arnaldo\/"}]}},"_links":{"self":[{"href":"https:\/\/www.noticiasradioreflejos.com.ar\/2021\/wp-json\/wp\/v2\/posts\/76425","targetHints":{"allow":["GET"]}}],"collection":[{"href":"https:\/\/www.noticiasradioreflejos.com.ar\/2021\/wp-json\/wp\/v2\/posts"}],"about":[{"href":"https:\/\/www.noticiasradioreflejos.com.ar\/2021\/wp-json\/wp\/v2\/types\/post"}],"author":[{"embeddable":true,"href":"https:\/\/www.noticiasradioreflejos.com.ar\/2021\/wp-json\/wp\/v2\/users\/3"}],"replies":[{"embeddable":true,"href":"https:\/\/www.noticiasradioreflejos.com.ar\/2021\/wp-json\/wp\/v2\/comments?post=76425"}],"version-history":[{"count":1,"href":"https:\/\/www.noticiasradioreflejos.com.ar\/2021\/wp-json\/wp\/v2\/posts\/76425\/revisions"}],"predecessor-version":[{"id":76427,"href":"https:\/\/www.noticiasradioreflejos.com.ar\/2021\/wp-json\/wp\/v2\/posts\/76425\/revisions\/76427"}],"wp:attachment":[{"href":"https:\/\/www.noticiasradioreflejos.com.ar\/2021\/wp-json\/wp\/v2\/media?parent=76425"}],"wp:term":[{"taxonomy":"category","embeddable":true,"href":"https:\/\/www.noticiasradioreflejos.com.ar\/2021\/wp-json\/wp\/v2\/categories?post=76425"},{"taxonomy":"post_tag","embeddable":true,"href":"https:\/\/www.noticiasradioreflejos.com.ar\/2021\/wp-json\/wp\/v2\/tags?post=76425"}],"curies":[{"name":"wp","href":"https:\/\/api.w.org\/{rel}","templated":true}]}}