{"id":76423,"date":"2022-08-18T17:25:27","date_gmt":"2022-08-18T17:25:27","guid":{"rendered":"http:\/\/www.noticiasradioreflejos.com.ar\/2021\/?p=76423"},"modified":"2022-08-24T22:26:11","modified_gmt":"2022-08-24T22:26:11","slug":"sum-del-jardin-901-los-papeles-no-estan-en-orden-y-hay-otras-necesidades","status":"publish","type":"post","link":"https:\/\/www.noticiasradioreflejos.com.ar\/2021\/sum-del-jardin-901-los-papeles-no-estan-en-orden-y-hay-otras-necesidades\/","title":{"rendered":"SUM del Jard\u00edn 901: \u201cLos papeles no est\u00e1n en orden y hay otras necesidades\u201d"},"content":{"rendered":"<p>Los consejeros escolares Gabriel Dorado, Mariela Lencina y Fabi\u00e1n Camiletti se refirieron a la problem\u00e1tica suscitada, tras la aprobaci\u00f3n en reuni\u00f3n de UGD, de la ampliaci\u00f3n de ese establecimiento de educaci\u00f3n inicial.<!--more--><\/p>\n<p>El futuro SUM del Jard\u00edn 901 sigue dejando tela para cortar. En di\u00e1logo con FM Ciudad de Tornquist, los consejeros escolares Gabriel Dorado, Mariela Lencina y Fabi\u00e1n Camiletti buscaron dejar clara su postura al respecto.<\/p>\n<p>El primero en tomar la palabra fue Dorado, quien arranc\u00f3 con un reflexi\u00f3n: \u201cImag\u00ednese si usted tiene tres hijos; uno tiene las zapatillas gastadas pero sanas, el otro las tiene rotas y el \u00faltimo no tiene\u2026 \u00bfA qui\u00e9n prioriza usted para comprarle calzado?\u201d<\/p>\n<p>Acto seguido refiri\u00f3 que \u201cel Consejo Escolar recorre los 48 establecimientos, descubre y va viendo las necesidades, recepciona las solicitudes y luego hace un orden de prioridad, sabiendo que el dinero no es infinito\u201d.<\/p>\n<p>Ya entrando directamente en la problem\u00e1tica, afirm\u00f3 que \u201ccuando el jard\u00edn en marzo nos solicita la construcci\u00f3n del SUM, nosotros ve\u00edamos que no era prioritario. Les propusimos hacer un uso compartido de las instalaciones que la Direcci\u00f3n de Cultura y Educaci\u00f3n tiene en la manzana. Que haya un convenio entre instituciones. Quer\u00edamos hacer una abertura en el patio, para que los chicos pasen sin salir a la calle. Por el momento de crisis. Y atender las necesidades de los dem\u00e1s establecimientos\u201d.<\/p>\n<p>De igual manera no dej\u00f3 pasar que \u201ccuando asume la concejal Gim\u00e9nez como inspectora, hace una reuni\u00f3n donde se fij\u00f3 la agenda de acuerdo a las necesidades del distrito y ah\u00ed entre otros temas, surge nuevamente lo del SUM. All\u00ed una vez m\u00e1s dijimos que no lo ve\u00edamos prioritario. La mayor\u00eda abal\u00f3 esa construcci\u00f3n y nosotros dejamos asentada nuestra postura\u201d.<\/p>\n<p>Queriendo argumentar esa negativa, enumer\u00f3 que \u201ca nuestro entender hay otras necesidades, como la del Jard\u00edn 902 de Saldungaray donde se increment\u00f3 la matr\u00edcula y el comedor se est\u00e1 usando de aula. La Primaria 2 qued\u00f3 chica, al punto tal que la casa habitaci\u00f3n est\u00e1 siendo usada por la Escuela Especial, entonces ya no tienen biblioteca\u2026 y as\u00ed podemos nombrar otras prioridades\u2026 como que Chasic\u00f3 no tiene SUM y el Club San Mart\u00edn les presta las instalaciones\u2026 la Escuela Especial 501 tiene problemas con el techo\u2026\u201d<\/p>\n<p>Continuando con su relato asegur\u00f3 que \u201cel martes de la semana pasada nos avisan desde Tesorer\u00eda del municipio que hab\u00eda un cheque para Educaci\u00f3n. Cuando nuestra tesorera indaga si era para alguna de estas obras donde esper\u00e1bamos subsidios, se da cuenta que era para el tinglado del Jard\u00edn 901\u201d.<\/p>\n<p>Y debido a esto es que \u201cal d\u00eda siguiente llamamos a la directora que al mismo tiempo es asesora de la cooperadora y le preguntamos si estaba al tanto del cheque. Nos respondi\u00f3 que s\u00ed, aunque no ten\u00eda pormenores de la obra. All\u00ed fue que le pedimos por favor, ya que nos compete e incluso est\u00e1 en juego nuestro patrimonio, que no empiece la obra hasta tanto tengan el proyecto, el contrato, la empresa y dem\u00e1s. Lo mismo se hizo al d\u00eda siguiente con el Presidente de la Cooperadora entrante y saliente\u201d.<\/p>\n<p>En esos llamados \u201cles avisamos que para darle un marco de legalidad a la situaci\u00f3n enviar\u00edamos una carta documento. Por un formalismo y para que todos quedemos cubiertos. Les aclaramos que con esto no ten\u00edamos segundas intenciones. Todo eso se tergivers\u00f3 y salieron a decir que est\u00e1bamos amenaz\u00e1ndolos, cuando nosotros conocemos y reconocemos el trabajo de las cooperadoras y del cuerpo docente\u201d.<\/p>\n<p>Suscribiendo a todo esto, Mariela Lencina subray\u00f3 que \u201clos papeles al no estar en orden, ya que reci\u00e9n se est\u00e1 armando el proyecto, era una forma de cubrirnos nosotros, porque nosotros respondemos con nuestros bienes. Cualquier cosa que suceda es territorio de la Direcci\u00f3n General de Cultura y Educaci\u00f3n y nosotros somos sus representantes\u201d.<\/p>\n<p>De igual manera detall\u00f3 que \u201cla primera etapa es con Fondo Educativo, y el resto por un Fondo de Emergencias Educativas. Ah\u00ed estamos en una discusi\u00f3n, porque en la reuni\u00f3n de UGD donde fueron mayor\u00eda y aprobaron, quedamos nosotros como responsables. En la reuni\u00f3n con el Intendente nos prometi\u00f3 que en 15 d\u00edas todos los papeles van a estar. Nosotros no ten\u00edamos ning\u00fan dato. A\u00fan no hay un proyecto autorizado. Nosotros no estamos en contra, sino ped\u00edamos que est\u00e9 todo de manera formal\u201d.<\/p>\n<p>Por \u00faltimo, Fabi\u00e1n Camiletti cont\u00f3 que \u201cen la reuni\u00f3n con el Intendente pudimos aclarar muchos temas, as\u00ed que ahora es cuesti\u00f3n de ponerse a trabajar. El tema principal es que est\u00e9n los papeles para comenzar. La carta documento fue algo legal, no era para asustarse. Cuando est\u00e9 toda la documentaci\u00f3n, estar\u00e1 todo listo para comenzar\u201d.<\/p>\n<p>&nbsp;<\/p>\n<p><iframe loading=\"lazy\" src=\"https:\/\/w.soundcloud.com\/player\/?url=https%3A\/\/api.soundcloud.com\/tracks\/1326035284&amp;color=%23ff5500&amp;auto_play=false&amp;hide_related=false&amp;show_comments=true&amp;show_user=true&amp;show_reposts=false&amp;show_teaser=true&amp;visual=true\" width=\"100%\" height=\"300\" frameborder=\"no\" scrolling=\"no\"><\/iframe><\/p>\n<div style=\"font-size: 10px; color: #cccccc; line-break: anywhere; word-break: normal; overflow: hidden; white-space: nowrap; text-overflow: ellipsis; font-family: Interstate,Lucida Grande,Lucida Sans Unicode,Lucida Sans,Garuda,Verdana,Tahoma,sans-serif; font-weight: 100;\"><a style=\"color: #cccccc; text-decoration: none;\" title=\"fmreflejos 103.7\" href=\"https:\/\/soundcloud.com\/fmreflejos-103-7\" target=\"_blank\" rel=\"noopener\">fmreflejos 103.7<\/a> \u00b7 <a style=\"color: #cccccc; text-decoration: none;\" title=\"Consejeros Escolares Hablaron Sobre Construcci\u00f3n SUM Jard\u00edn 901 (128 Kbps)\" href=\"https:\/\/soundcloud.com\/fmreflejos-103-7\/consejeros-escolares-hablaron-sobre-construccion-sum-jardin-901-128-kbps\" target=\"_blank\" rel=\"noopener\">Consejeros Escolares Hablaron Sobre Construcci\u00f3n SUM Jard\u00edn 901 (128 Kbps)<\/a><\/div>\n","protected":false},"excerpt":{"rendered":"<p>Los consejeros escolares Gabriel Dorado, Mariela Lencina y Fabi\u00e1n Camiletti se refirieron a la problem\u00e1tica suscitada, tras la aprobaci\u00f3n en reuni\u00f3n de UGD, de la ampliaci\u00f3n de ese establecimiento de educaci\u00f3n inicial.<\/p>\n","protected":false},"author":3,"featured_media":0,"comment_status":"closed","ping_status":"closed","sticky":false,"template":"","format":"standard","meta":{"footnotes":""},"categories":[34,24],"tags":[48],"class_list":["post-76423","post","type-post","status-publish","format-standard","hentry","category-educacion","category-politica","tag-destacada"],"yoast_head":"<!-- This site is optimized with the Yoast SEO plugin v25.9 - https:\/\/yoast.com\/wordpress\/plugins\/seo\/ -->\n<title>SUM del Jard\u00edn 901: \u201cLos papeles no est\u00e1n en orden y hay otras necesidades\u201d - Noticias Radio Reflejos<\/title>\n<meta name=\"robots\" content=\"index, follow, max-snippet:-1, max-image-preview:large, max-video-preview:-1\" \/>\n<link rel=\"canonical\" href=\"https:\/\/www.noticiasradioreflejos.com.ar\/2021\/sum-del-jardin-901-los-papeles-no-estan-en-orden-y-hay-otras-necesidades\/\" \/>\n<meta property=\"og:locale\" content=\"es_ES\" \/>\n<meta property=\"og:type\" content=\"article\" \/>\n<meta property=\"og:title\" content=\"SUM del Jard\u00edn 901: \u201cLos papeles no est\u00e1n en orden y hay otras necesidades\u201d - Noticias Radio Reflejos\" \/>\n<meta property=\"og:description\" content=\"Los consejeros escolares Gabriel Dorado, Mariela Lencina y Fabi\u00e1n Camiletti se refirieron a la problem\u00e1tica suscitada, tras la aprobaci\u00f3n en reuni\u00f3n de UGD, de la ampliaci\u00f3n de ese establecimiento de educaci\u00f3n inicial.\" \/>\n<meta property=\"og:url\" content=\"https:\/\/www.noticiasradioreflejos.com.ar\/2021\/sum-del-jardin-901-los-papeles-no-estan-en-orden-y-hay-otras-necesidades\/\" \/>\n<meta property=\"og:site_name\" content=\"Noticias Radio Reflejos\" \/>\n<meta property=\"article:published_time\" content=\"2022-08-18T17:25:27+00:00\" \/>\n<meta property=\"article:modified_time\" content=\"2022-08-24T22:26:11+00:00\" \/>\n<meta property=\"og:image\" content=\"https:\/\/www.noticiasradioreflejos.com.ar\/2021\/wp-content\/uploads\/2021\/07\/logosol300x200.png\" \/>\n\t<meta property=\"og:image:width\" content=\"300\" \/>\n\t<meta property=\"og:image:height\" content=\"200\" \/>\n\t<meta property=\"og:image:type\" content=\"image\/png\" \/>\n<meta name=\"author\" content=\"Arnaldo Botto\" \/>\n<meta name=\"twitter:card\" content=\"summary_large_image\" \/>\n<script type=\"application\/ld+json\" class=\"yoast-schema-graph\">{\"@context\":\"https:\/\/schema.org\",\"@graph\":[{\"@type\":\"WebPage\",\"@id\":\"https:\/\/www.noticiasradioreflejos.com.ar\/2021\/sum-del-jardin-901-los-papeles-no-estan-en-orden-y-hay-otras-necesidades\/\",\"url\":\"https:\/\/www.noticiasradioreflejos.com.ar\/2021\/sum-del-jardin-901-los-papeles-no-estan-en-orden-y-hay-otras-necesidades\/\",\"name\":\"SUM del Jard\u00edn 901: \u201cLos papeles no est\u00e1n en orden y hay otras necesidades\u201d - Noticias Radio Reflejos\",\"isPartOf\":{\"@id\":\"https:\/\/www.noticiasradioreflejos.com.ar\/2021\/#website\"},\"datePublished\":\"2022-08-18T17:25:27+00:00\",\"dateModified\":\"2022-08-24T22:26:11+00:00\",\"author\":{\"@id\":\"https:\/\/www.noticiasradioreflejos.com.ar\/2021\/#\/schema\/person\/ad82545263dcc5ec0996818884fd5fb1\"},\"breadcrumb\":{\"@id\":\"https:\/\/www.noticiasradioreflejos.com.ar\/2021\/sum-del-jardin-901-los-papeles-no-estan-en-orden-y-hay-otras-necesidades\/#breadcrumb\"},\"inLanguage\":\"es\",\"potentialAction\":[{\"@type\":\"ReadAction\",\"target\":[\"https:\/\/www.noticiasradioreflejos.com.ar\/2021\/sum-del-jardin-901-los-papeles-no-estan-en-orden-y-hay-otras-necesidades\/\"]}]},{\"@type\":\"BreadcrumbList\",\"@id\":\"https:\/\/www.noticiasradioreflejos.com.ar\/2021\/sum-del-jardin-901-los-papeles-no-estan-en-orden-y-hay-otras-necesidades\/#breadcrumb\",\"itemListElement\":[{\"@type\":\"ListItem\",\"position\":1,\"name\":\"Portada\",\"item\":\"https:\/\/www.noticiasradioreflejos.com.ar\/2021\/\"},{\"@type\":\"ListItem\",\"position\":2,\"name\":\"SUM del Jard\u00edn 901: \u201cLos papeles no est\u00e1n en orden y hay otras necesidades\u201d\"}]},{\"@type\":\"WebSite\",\"@id\":\"https:\/\/www.noticiasradioreflejos.com.ar\/2021\/#website\",\"url\":\"https:\/\/www.noticiasradioreflejos.com.ar\/2021\/\",\"name\":\"Noticias Radio Reflejos\",\"description\":\"Las noticias de mi comarca\",\"potentialAction\":[{\"@type\":\"SearchAction\",\"target\":{\"@type\":\"EntryPoint\",\"urlTemplate\":\"https:\/\/www.noticiasradioreflejos.com.ar\/2021\/?s={search_term_string}\"},\"query-input\":{\"@type\":\"PropertyValueSpecification\",\"valueRequired\":true,\"valueName\":\"search_term_string\"}}],\"inLanguage\":\"es\"},{\"@type\":\"Person\",\"@id\":\"https:\/\/www.noticiasradioreflejos.com.ar\/2021\/#\/schema\/person\/ad82545263dcc5ec0996818884fd5fb1\",\"name\":\"Arnaldo Botto\",\"image\":{\"@type\":\"ImageObject\",\"inLanguage\":\"es\",\"@id\":\"https:\/\/www.noticiasradioreflejos.com.ar\/2021\/#\/schema\/person\/image\/\",\"url\":\"https:\/\/secure.gravatar.com\/avatar\/55cb5e37c1efa326397366e6974cb338056df65cb50e7d64d1cf314e87504837?s=96&d=mm&r=g\",\"contentUrl\":\"https:\/\/secure.gravatar.com\/avatar\/55cb5e37c1efa326397366e6974cb338056df65cb50e7d64d1cf314e87504837?s=96&d=mm&r=g\",\"caption\":\"Arnaldo Botto\"},\"url\":\"https:\/\/www.noticiasradioreflejos.com.ar\/2021\/author\/arnaldo\/\"}]}<\/script>\n<!-- \/ Yoast SEO plugin. -->","yoast_head_json":{"title":"SUM del Jard\u00edn 901: \u201cLos papeles no est\u00e1n en orden y hay otras necesidades\u201d - Noticias Radio Reflejos","robots":{"index":"index","follow":"follow","max-snippet":"max-snippet:-1","max-image-preview":"max-image-preview:large","max-video-preview":"max-video-preview:-1"},"canonical":"https:\/\/www.noticiasradioreflejos.com.ar\/2021\/sum-del-jardin-901-los-papeles-no-estan-en-orden-y-hay-otras-necesidades\/","og_locale":"es_ES","og_type":"article","og_title":"SUM del Jard\u00edn 901: \u201cLos papeles no est\u00e1n en orden y hay otras necesidades\u201d - Noticias Radio Reflejos","og_description":"Los consejeros escolares Gabriel Dorado, Mariela Lencina y Fabi\u00e1n Camiletti se refirieron a la problem\u00e1tica suscitada, tras la aprobaci\u00f3n en reuni\u00f3n de UGD, de la ampliaci\u00f3n de ese establecimiento de educaci\u00f3n inicial.","og_url":"https:\/\/www.noticiasradioreflejos.com.ar\/2021\/sum-del-jardin-901-los-papeles-no-estan-en-orden-y-hay-otras-necesidades\/","og_site_name":"Noticias Radio Reflejos","article_published_time":"2022-08-18T17:25:27+00:00","article_modified_time":"2022-08-24T22:26:11+00:00","og_image":[{"width":300,"height":200,"url":"https:\/\/www.noticiasradioreflejos.com.ar\/2021\/wp-content\/uploads\/2021\/07\/logosol300x200.png","type":"image\/png"}],"author":"Arnaldo Botto","twitter_card":"summary_large_image","schema":{"@context":"https:\/\/schema.org","@graph":[{"@type":"WebPage","@id":"https:\/\/www.noticiasradioreflejos.com.ar\/2021\/sum-del-jardin-901-los-papeles-no-estan-en-orden-y-hay-otras-necesidades\/","url":"https:\/\/www.noticiasradioreflejos.com.ar\/2021\/sum-del-jardin-901-los-papeles-no-estan-en-orden-y-hay-otras-necesidades\/","name":"SUM del Jard\u00edn 901: \u201cLos papeles no est\u00e1n en orden y hay otras necesidades\u201d - Noticias Radio Reflejos","isPartOf":{"@id":"https:\/\/www.noticiasradioreflejos.com.ar\/2021\/#website"},"datePublished":"2022-08-18T17:25:27+00:00","dateModified":"2022-08-24T22:26:11+00:00","author":{"@id":"https:\/\/www.noticiasradioreflejos.com.ar\/2021\/#\/schema\/person\/ad82545263dcc5ec0996818884fd5fb1"},"breadcrumb":{"@id":"https:\/\/www.noticiasradioreflejos.com.ar\/2021\/sum-del-jardin-901-los-papeles-no-estan-en-orden-y-hay-otras-necesidades\/#breadcrumb"},"inLanguage":"es","potentialAction":[{"@type":"ReadAction","target":["https:\/\/www.noticiasradioreflejos.com.ar\/2021\/sum-del-jardin-901-los-papeles-no-estan-en-orden-y-hay-otras-necesidades\/"]}]},{"@type":"BreadcrumbList","@id":"https:\/\/www.noticiasradioreflejos.com.ar\/2021\/sum-del-jardin-901-los-papeles-no-estan-en-orden-y-hay-otras-necesidades\/#breadcrumb","itemListElement":[{"@type":"ListItem","position":1,"name":"Portada","item":"https:\/\/www.noticiasradioreflejos.com.ar\/2021\/"},{"@type":"ListItem","position":2,"name":"SUM del Jard\u00edn 901: \u201cLos papeles no est\u00e1n en orden y hay otras necesidades\u201d"}]},{"@type":"WebSite","@id":"https:\/\/www.noticiasradioreflejos.com.ar\/2021\/#website","url":"https:\/\/www.noticiasradioreflejos.com.ar\/2021\/","name":"Noticias Radio Reflejos","description":"Las noticias de mi comarca","potentialAction":[{"@type":"SearchAction","target":{"@type":"EntryPoint","urlTemplate":"https:\/\/www.noticiasradioreflejos.com.ar\/2021\/?s={search_term_string}"},"query-input":{"@type":"PropertyValueSpecification","valueRequired":true,"valueName":"search_term_string"}}],"inLanguage":"es"},{"@type":"Person","@id":"https:\/\/www.noticiasradioreflejos.com.ar\/2021\/#\/schema\/person\/ad82545263dcc5ec0996818884fd5fb1","name":"Arnaldo Botto","image":{"@type":"ImageObject","inLanguage":"es","@id":"https:\/\/www.noticiasradioreflejos.com.ar\/2021\/#\/schema\/person\/image\/","url":"https:\/\/secure.gravatar.com\/avatar\/55cb5e37c1efa326397366e6974cb338056df65cb50e7d64d1cf314e87504837?s=96&d=mm&r=g","contentUrl":"https:\/\/secure.gravatar.com\/avatar\/55cb5e37c1efa326397366e6974cb338056df65cb50e7d64d1cf314e87504837?s=96&d=mm&r=g","caption":"Arnaldo Botto"},"url":"https:\/\/www.noticiasradioreflejos.com.ar\/2021\/author\/arnaldo\/"}]}},"_links":{"self":[{"href":"https:\/\/www.noticiasradioreflejos.com.ar\/2021\/wp-json\/wp\/v2\/posts\/76423","targetHints":{"allow":["GET"]}}],"collection":[{"href":"https:\/\/www.noticiasradioreflejos.com.ar\/2021\/wp-json\/wp\/v2\/posts"}],"about":[{"href":"https:\/\/www.noticiasradioreflejos.com.ar\/2021\/wp-json\/wp\/v2\/types\/post"}],"author":[{"embeddable":true,"href":"https:\/\/www.noticiasradioreflejos.com.ar\/2021\/wp-json\/wp\/v2\/users\/3"}],"replies":[{"embeddable":true,"href":"https:\/\/www.noticiasradioreflejos.com.ar\/2021\/wp-json\/wp\/v2\/comments?post=76423"}],"version-history":[{"count":2,"href":"https:\/\/www.noticiasradioreflejos.com.ar\/2021\/wp-json\/wp\/v2\/posts\/76423\/revisions"}],"predecessor-version":[{"id":76429,"href":"https:\/\/www.noticiasradioreflejos.com.ar\/2021\/wp-json\/wp\/v2\/posts\/76423\/revisions\/76429"}],"wp:attachment":[{"href":"https:\/\/www.noticiasradioreflejos.com.ar\/2021\/wp-json\/wp\/v2\/media?parent=76423"}],"wp:term":[{"taxonomy":"category","embeddable":true,"href":"https:\/\/www.noticiasradioreflejos.com.ar\/2021\/wp-json\/wp\/v2\/categories?post=76423"},{"taxonomy":"post_tag","embeddable":true,"href":"https:\/\/www.noticiasradioreflejos.com.ar\/2021\/wp-json\/wp\/v2\/tags?post=76423"}],"curies":[{"name":"wp","href":"https:\/\/api.w.org\/{rel}","templated":true}]}}