{"id":76412,"date":"2022-08-18T12:34:15","date_gmt":"2022-08-18T12:34:15","guid":{"rendered":"http:\/\/www.noticiasradioreflejos.com.ar\/2021\/?p=76412"},"modified":"2022-08-18T12:34:15","modified_gmt":"2022-08-18T12:34:15","slug":"el-servicio-meteorologico-incorporo-una-supercomputadora-para-ampliar-capacidades","status":"publish","type":"post","link":"https:\/\/www.noticiasradioreflejos.com.ar\/2021\/el-servicio-meteorologico-incorporo-una-supercomputadora-para-ampliar-capacidades\/","title":{"rendered":"El Servicio Meteorol\u00f3gico incorpor\u00f3 una supercomputadora para ampliar capacidades"},"content":{"rendered":"<p>El equipo financiado por los Ministerios de Defensa y Ciencia ser\u00e1 instalado en el Data Center del organismo y su uso estar\u00e1 abierto a toda la comunidad cient\u00edfica y tecnol\u00f3gica del pa\u00eds.<!--more--><\/p>\n<figure class=\"mb-3\"><img decoding=\"async\" src=\"https:\/\/www.telam.com.ar\/thumbs\/bluesteel\/advf\/imagenes\/2022\/08\/62fd9261144a5_900.jpg\" alt=\"Foto wwwsmngobar\" width=\"100%\" height=\"100%\" \/><\/p>\n<div class=\"media-icons\"><\/div><figcaption>Foto: www.smn.gob.ar<\/figcaption><\/figure>\n<p>El Servicio Meteorol\u00f3gico Nacional incorpor\u00f3 una supercomputadora que\u00a0<strong>ampliar\u00e1 sus capacidades para la confecci\u00f3n de pron\u00f3sticos y modelos meteorol\u00f3gicos,<\/strong>\u00a0y que, adem\u00e1s, estar\u00e1 a disposici\u00f3n de las investigaciones del resto del sistema cient\u00edfico nacional.<\/p>\n<p>La nueva supercomputadora,<strong>\u00a0con un costo de 675 millones de pesos,<\/strong>\u00a0es financiada con\u00a0<strong>aportes de los ministerios de Ciencia;<\/strong>\u00a0mientras que la adecuaci\u00f3n del espacio f\u00edsico del Servicio Meteorol\u00f3gico Nacional para albergar al equipo, contar\u00e1 con un\u00a0<strong>aporte del Ministerio de Defensa por unos 250 millones de pesos.<\/strong><\/p>\n<p>La cartera cient\u00edfica nacional inform\u00f3 en un comunicado que este nuevo equipamiento\u00a0<strong>brinda servicios de c\u00e1lculo competitivos<\/strong>\u00a0<strong>a nivel regional<\/strong>\u00a0y es indispensable en la confecci\u00f3n de pron\u00f3sticos meteorol\u00f3gicos; el modelado de sistemas complejos; los estudios de gen\u00f3mica; el dise\u00f1o de f\u00e1rmacos; el desarrollo de nuevos materiales; el dise\u00f1o industrial; el modelado de cuencas petroleras y gas\u00edferas; el desarrollo de la inteligencia artificial; y la ciencia de datos.<\/p>\n<p>El equipo que se instalar\u00e1\u00a0<strong>est\u00e1 basado en procesadores GPU\u00a0<\/strong>(unidad de procesamiento gr\u00e1fico) y CPU (unidad de procesamiento central) que podr\u00edan alcanzar velocidades de procesamiento de al menos 400 TFLOP\/s en CPUs, y 2000 TFLOP\/s en GPUs, lo que lo coloca cercano a las computadoras m\u00e1s r\u00e1pidas del mundo.<\/p>\n<p>Este tipo de tecnolog\u00eda, adem\u00e1s, p<strong>ermitir\u00e1 a futuro ampliar la capacidad de c\u00e1lculo agregando CPUs y GPUs sin necesidad de modificar la estructura de base.<\/strong><\/p>\n<blockquote class=\"twitter-tweet\" data-width=\"500\" data-dnt=\"true\">\n<p lang=\"es\" dir=\"ltr\">Seguimos mejorando nuestras capacidades cient\u00edficas y tecnol\u00f3gicas en Defensa. <\/p>\n<p>Los ministerios <a href=\"https:\/\/twitter.com\/MindefArg?ref_src=twsrc%5Etfw\">@MindefArg<\/a> y @ciencia_ar nos unimos para financiar la adquisici\u00f3n de una supercomputadora que ser\u00e1 instalada en el <a href=\"https:\/\/twitter.com\/SMN_Argentina?ref_src=twsrc%5Etfw\">@SMN_Argentina<\/a> y podr\u00e1 utilizar toda la comunidad cient\u00edfica. <a href=\"https:\/\/t.co\/UISpV9kVho\">https:\/\/t.co\/UISpV9kVho<\/a><\/p>\n<p>&mdash; Jorge Taiana (@JorgeTaiana) <a href=\"https:\/\/twitter.com\/JorgeTaiana\/status\/1560029233241530368?ref_src=twsrc%5Etfw\">August 17, 2022<\/a><\/p><\/blockquote>\n<p><script async src=\"https:\/\/platform.twitter.com\/widgets.js\" charset=\"utf-8\"><\/script><\/p>\n<p>El Ministerio de Defensa consign\u00f3 que esta\u00a0<strong>supercomputadora \u00fanica en Am\u00e9rica Latina\u00a0<\/strong>ser\u00e1 instalada en el Data Center del Servicio Meteorol\u00f3gico Nacional (SMN) y su uso estar\u00e1 abierto a toda la comunidad cient\u00edfica y tecnol\u00f3gica del pa\u00eds.<\/p>\n<p>A partir de la firma de un convenio entre ambos ministerios, en el que participan el Consejo Nacional de Investigaciones Cient\u00edficas y T\u00e9cnicas (CONICET) y el Servicio Meteorol\u00f3gico Nacional (SMN),\u00a0<strong>se crear\u00e1 el Centro Nacional de Superc\u00f3mputo<\/strong>, que se convertir\u00e1 en la cabeza de la red de centros del Sistema Nacional de Computaci\u00f3n del Alto Desempe\u00f1o (SNCAD).<\/p>\n<p>Estas acciones se enmarcan dentro del\u00a0<strong>Plan Estrat\u00e9gico para la Computaci\u00f3n de Alto Desempe\u00f1o en la Argentina<\/strong>: 2019-2024, que busca beneficiar a todo el Sistema Nacional de Ciencia, Tecnolog\u00eda e Innovaci\u00f3n; al sector productivo y, particularmente, al Servicio Meteorol\u00f3gico Nacional.<\/p>\n<p>Siguiendo con los pasos previstos, esta tarde<strong>\u00a0los ministros Jorge Taiana y Daniel Filmus anunciaron el llamado a licitaci\u00f3n para adquirir el equipo de computaci\u00f3n de alto desempe\u00f1o.<\/strong><\/p>\n<p>Al respecto,\u00a0<strong>Taiana<\/strong>\u00a0afirm\u00f3 que \u201cesta supercomputadora ser\u00e1 un elemento de multiplicaci\u00f3n del conocimiento que estar\u00e1 al servicio de los organismos cient\u00edficos del pa\u00eds\u201d.<\/p>\n<p>\u201cNosotros estamos orgullosos del \u00e1rea cient\u00edfica y t\u00e9cnica del Ministerio de Defensa. Es un \u00e1rea que ha estado muy maltratada muchas veces y ahora est\u00e1 en recuperaci\u00f3n. Es sobre todo un \u00e1rea que hace investigaci\u00f3n, y que fortalece el v\u00ednculo con la producci\u00f3n para la defensa\u201d, asegur\u00f3 el titular de Defensa.<\/p>\n<p>\u201cEstamos recreando toda una red de instituciones relacionadas con la investigaci\u00f3n cient\u00edfica y a su vez con la producci\u00f3n para la Defensa. Por eso lo importante es lograr una sinergia dentro de las instituciones del Estado, pero que tambi\u00e9n puedan incluir a la empresa privada, sobre todo a la peque\u00f1a y mediana empresa tecnol\u00f3gica\u201d, sostuvo el ministro Taiana.<\/p>\n<p>En tanto\u00a0<strong>Filmus expres\u00f3<\/strong>: \u201ces importante hacer este anuncio en un d\u00eda como hoy, 17 de agosto, y pensar que mientras que en otra \u00e9poca se dirim\u00eda la soberan\u00eda con los sables hoy esto se logra mediante la ciencia y la tecnolog\u00eda. Este es el mejor homenaje que le podemos hacer a San Mart\u00edn, dando este paso enorme en lo cient\u00edfico y lo tecnol\u00f3gico\u201d.<\/p>\n<p>Adem\u00e1s, reafirm\u00f3 la importancia de \u201ccontar pol\u00edticas de Estado\u201d, y manifest\u00f3: \u201cCuando me hablan de superc\u00f3mputo autom\u00e1ticamente recuerdo a Clementina, los or\u00edgenes de la computaci\u00f3n en Argentina. Este tipo de iniciativas de articulaci\u00f3n son estrat\u00e9gicas, y nosotros estamos orgullosos de llevar adelante el Consejo Interinstitucional de Ciencia y Tecnolog\u00eda, que re\u00fane a los organismos del Sistema Cient\u00edfico Tecnol\u00f3gico Nacional y que no es solo el Ministerio de Ciencia\u201d.<\/p>\n<p>Por su parte,<strong>\u00a0la directora del Servicio Meteorol\u00f3gico Nacional, Celeste Saulo,<\/strong>\u00a0destac\u00f3: \u00aben principio esta supercomputadora va a estar al servicio de todo el sector cient\u00edfico-tecnol\u00f3gico, y lo importante de esto es que va a permitir aumentar las capacidades que tiene el pa\u00eds en general, y del SMN en particular, para hacer ciencia, para hacer experimentos num\u00e9ricos que en nuestro caso son muy costosos computacionalmente y que no podemos realizarlos hoy con el sistema de c\u00f3mputos que poseemos porque el nuestro est\u00e1 dedicado con exclusividad a la ejecuci\u00f3n del sistema de pron\u00f3stico del tiempo. A su vez nos va a dar un sistema de contingencia en el caso de que tuvi\u00e9ramos un problema con el sistema operativo\u201d.<\/p>\n<p>\u201cLo m\u00e1s importante que me gustar\u00eda destacar es esta\u00a0<strong>iniciativa compartida entre el ministerio de Ciencia y de Defensa<\/strong>, que entiende realmente que no hay sector del pa\u00eds que pueda desarrollarse sin apalancar a la ciencia tanto sea desde el Ministerio de Defensa como de otras \u00e1reas del Gobierno y es importante entender que la ciencia es la base del desarrollo\u201d, concluy\u00f3 Saulo.<\/p>\n","protected":false},"excerpt":{"rendered":"<p>El equipo financiado por los Ministerios de Defensa y Ciencia ser\u00e1 instalado en el Data Center del organismo y su uso estar\u00e1 abierto a toda la comunidad cient\u00edfica y tecnol\u00f3gica del pa\u00eds.<\/p>\n","protected":false},"author":3,"featured_media":0,"comment_status":"closed","ping_status":"closed","sticky":false,"template":"","format":"standard","meta":{"footnotes":""},"categories":[46],"tags":[],"class_list":["post-76412","post","type-post","status-publish","format-standard","hentry","category-ciencia-y-tecnologia"],"yoast_head":"<!-- This site is optimized with the Yoast SEO plugin v25.9 - https:\/\/yoast.com\/wordpress\/plugins\/seo\/ -->\n<title>El Servicio Meteorol\u00f3gico incorpor\u00f3 una supercomputadora para ampliar capacidades - Noticias Radio Reflejos<\/title>\n<meta name=\"robots\" content=\"index, follow, max-snippet:-1, max-image-preview:large, max-video-preview:-1\" \/>\n<link rel=\"canonical\" href=\"https:\/\/www.noticiasradioreflejos.com.ar\/2021\/el-servicio-meteorologico-incorporo-una-supercomputadora-para-ampliar-capacidades\/\" \/>\n<meta property=\"og:locale\" content=\"es_ES\" \/>\n<meta property=\"og:type\" content=\"article\" \/>\n<meta property=\"og:title\" content=\"El Servicio Meteorol\u00f3gico incorpor\u00f3 una supercomputadora para ampliar capacidades - Noticias Radio Reflejos\" \/>\n<meta property=\"og:description\" content=\"El equipo financiado por los Ministerios de Defensa y Ciencia ser\u00e1 instalado en el Data Center del organismo y su uso estar\u00e1 abierto a toda la comunidad cient\u00edfica y tecnol\u00f3gica del pa\u00eds.\" \/>\n<meta property=\"og:url\" content=\"https:\/\/www.noticiasradioreflejos.com.ar\/2021\/el-servicio-meteorologico-incorporo-una-supercomputadora-para-ampliar-capacidades\/\" \/>\n<meta property=\"og:site_name\" content=\"Noticias Radio Reflejos\" \/>\n<meta property=\"article:published_time\" content=\"2022-08-18T12:34:15+00:00\" \/>\n<meta property=\"og:image\" content=\"https:\/\/www.telam.com.ar\/thumbs\/bluesteel\/advf\/imagenes\/2022\/08\/62fd9261144a5_900.jpg\" \/>\n<meta name=\"author\" content=\"Arnaldo Botto\" \/>\n<meta name=\"twitter:card\" content=\"summary_large_image\" \/>\n<script type=\"application\/ld+json\" class=\"yoast-schema-graph\">{\"@context\":\"https:\/\/schema.org\",\"@graph\":[{\"@type\":\"WebPage\",\"@id\":\"https:\/\/www.noticiasradioreflejos.com.ar\/2021\/el-servicio-meteorologico-incorporo-una-supercomputadora-para-ampliar-capacidades\/\",\"url\":\"https:\/\/www.noticiasradioreflejos.com.ar\/2021\/el-servicio-meteorologico-incorporo-una-supercomputadora-para-ampliar-capacidades\/\",\"name\":\"El Servicio Meteorol\u00f3gico incorpor\u00f3 una supercomputadora para ampliar capacidades - Noticias Radio Reflejos\",\"isPartOf\":{\"@id\":\"https:\/\/www.noticiasradioreflejos.com.ar\/2021\/#website\"},\"primaryImageOfPage\":{\"@id\":\"https:\/\/www.noticiasradioreflejos.com.ar\/2021\/el-servicio-meteorologico-incorporo-una-supercomputadora-para-ampliar-capacidades\/#primaryimage\"},\"image\":{\"@id\":\"https:\/\/www.noticiasradioreflejos.com.ar\/2021\/el-servicio-meteorologico-incorporo-una-supercomputadora-para-ampliar-capacidades\/#primaryimage\"},\"thumbnailUrl\":\"https:\/\/www.telam.com.ar\/thumbs\/bluesteel\/advf\/imagenes\/2022\/08\/62fd9261144a5_900.jpg\",\"datePublished\":\"2022-08-18T12:34:15+00:00\",\"author\":{\"@id\":\"https:\/\/www.noticiasradioreflejos.com.ar\/2021\/#\/schema\/person\/ad82545263dcc5ec0996818884fd5fb1\"},\"breadcrumb\":{\"@id\":\"https:\/\/www.noticiasradioreflejos.com.ar\/2021\/el-servicio-meteorologico-incorporo-una-supercomputadora-para-ampliar-capacidades\/#breadcrumb\"},\"inLanguage\":\"es\",\"potentialAction\":[{\"@type\":\"ReadAction\",\"target\":[\"https:\/\/www.noticiasradioreflejos.com.ar\/2021\/el-servicio-meteorologico-incorporo-una-supercomputadora-para-ampliar-capacidades\/\"]}]},{\"@type\":\"ImageObject\",\"inLanguage\":\"es\",\"@id\":\"https:\/\/www.noticiasradioreflejos.com.ar\/2021\/el-servicio-meteorologico-incorporo-una-supercomputadora-para-ampliar-capacidades\/#primaryimage\",\"url\":\"https:\/\/www.telam.com.ar\/thumbs\/bluesteel\/advf\/imagenes\/2022\/08\/62fd9261144a5_900.jpg\",\"contentUrl\":\"https:\/\/www.telam.com.ar\/thumbs\/bluesteel\/advf\/imagenes\/2022\/08\/62fd9261144a5_900.jpg\"},{\"@type\":\"BreadcrumbList\",\"@id\":\"https:\/\/www.noticiasradioreflejos.com.ar\/2021\/el-servicio-meteorologico-incorporo-una-supercomputadora-para-ampliar-capacidades\/#breadcrumb\",\"itemListElement\":[{\"@type\":\"ListItem\",\"position\":1,\"name\":\"Portada\",\"item\":\"https:\/\/www.noticiasradioreflejos.com.ar\/2021\/\"},{\"@type\":\"ListItem\",\"position\":2,\"name\":\"El Servicio Meteorol\u00f3gico incorpor\u00f3 una supercomputadora para ampliar capacidades\"}]},{\"@type\":\"WebSite\",\"@id\":\"https:\/\/www.noticiasradioreflejos.com.ar\/2021\/#website\",\"url\":\"https:\/\/www.noticiasradioreflejos.com.ar\/2021\/\",\"name\":\"Noticias Radio Reflejos\",\"description\":\"Las noticias de mi comarca\",\"potentialAction\":[{\"@type\":\"SearchAction\",\"target\":{\"@type\":\"EntryPoint\",\"urlTemplate\":\"https:\/\/www.noticiasradioreflejos.com.ar\/2021\/?s={search_term_string}\"},\"query-input\":{\"@type\":\"PropertyValueSpecification\",\"valueRequired\":true,\"valueName\":\"search_term_string\"}}],\"inLanguage\":\"es\"},{\"@type\":\"Person\",\"@id\":\"https:\/\/www.noticiasradioreflejos.com.ar\/2021\/#\/schema\/person\/ad82545263dcc5ec0996818884fd5fb1\",\"name\":\"Arnaldo Botto\",\"image\":{\"@type\":\"ImageObject\",\"inLanguage\":\"es\",\"@id\":\"https:\/\/www.noticiasradioreflejos.com.ar\/2021\/#\/schema\/person\/image\/\",\"url\":\"https:\/\/secure.gravatar.com\/avatar\/55cb5e37c1efa326397366e6974cb338056df65cb50e7d64d1cf314e87504837?s=96&d=mm&r=g\",\"contentUrl\":\"https:\/\/secure.gravatar.com\/avatar\/55cb5e37c1efa326397366e6974cb338056df65cb50e7d64d1cf314e87504837?s=96&d=mm&r=g\",\"caption\":\"Arnaldo Botto\"},\"url\":\"https:\/\/www.noticiasradioreflejos.com.ar\/2021\/author\/arnaldo\/\"}]}<\/script>\n<!-- \/ Yoast SEO plugin. -->","yoast_head_json":{"title":"El Servicio Meteorol\u00f3gico incorpor\u00f3 una supercomputadora para ampliar capacidades - Noticias Radio Reflejos","robots":{"index":"index","follow":"follow","max-snippet":"max-snippet:-1","max-image-preview":"max-image-preview:large","max-video-preview":"max-video-preview:-1"},"canonical":"https:\/\/www.noticiasradioreflejos.com.ar\/2021\/el-servicio-meteorologico-incorporo-una-supercomputadora-para-ampliar-capacidades\/","og_locale":"es_ES","og_type":"article","og_title":"El Servicio Meteorol\u00f3gico incorpor\u00f3 una supercomputadora para ampliar capacidades - Noticias Radio Reflejos","og_description":"El equipo financiado por los Ministerios de Defensa y Ciencia ser\u00e1 instalado en el Data Center del organismo y su uso estar\u00e1 abierto a toda la comunidad cient\u00edfica y tecnol\u00f3gica del pa\u00eds.","og_url":"https:\/\/www.noticiasradioreflejos.com.ar\/2021\/el-servicio-meteorologico-incorporo-una-supercomputadora-para-ampliar-capacidades\/","og_site_name":"Noticias Radio Reflejos","article_published_time":"2022-08-18T12:34:15+00:00","og_image":[{"url":"https:\/\/www.telam.com.ar\/thumbs\/bluesteel\/advf\/imagenes\/2022\/08\/62fd9261144a5_900.jpg","type":"","width":"","height":""}],"author":"Arnaldo Botto","twitter_card":"summary_large_image","schema":{"@context":"https:\/\/schema.org","@graph":[{"@type":"WebPage","@id":"https:\/\/www.noticiasradioreflejos.com.ar\/2021\/el-servicio-meteorologico-incorporo-una-supercomputadora-para-ampliar-capacidades\/","url":"https:\/\/www.noticiasradioreflejos.com.ar\/2021\/el-servicio-meteorologico-incorporo-una-supercomputadora-para-ampliar-capacidades\/","name":"El Servicio Meteorol\u00f3gico incorpor\u00f3 una supercomputadora para ampliar capacidades - Noticias Radio Reflejos","isPartOf":{"@id":"https:\/\/www.noticiasradioreflejos.com.ar\/2021\/#website"},"primaryImageOfPage":{"@id":"https:\/\/www.noticiasradioreflejos.com.ar\/2021\/el-servicio-meteorologico-incorporo-una-supercomputadora-para-ampliar-capacidades\/#primaryimage"},"image":{"@id":"https:\/\/www.noticiasradioreflejos.com.ar\/2021\/el-servicio-meteorologico-incorporo-una-supercomputadora-para-ampliar-capacidades\/#primaryimage"},"thumbnailUrl":"https:\/\/www.telam.com.ar\/thumbs\/bluesteel\/advf\/imagenes\/2022\/08\/62fd9261144a5_900.jpg","datePublished":"2022-08-18T12:34:15+00:00","author":{"@id":"https:\/\/www.noticiasradioreflejos.com.ar\/2021\/#\/schema\/person\/ad82545263dcc5ec0996818884fd5fb1"},"breadcrumb":{"@id":"https:\/\/www.noticiasradioreflejos.com.ar\/2021\/el-servicio-meteorologico-incorporo-una-supercomputadora-para-ampliar-capacidades\/#breadcrumb"},"inLanguage":"es","potentialAction":[{"@type":"ReadAction","target":["https:\/\/www.noticiasradioreflejos.com.ar\/2021\/el-servicio-meteorologico-incorporo-una-supercomputadora-para-ampliar-capacidades\/"]}]},{"@type":"ImageObject","inLanguage":"es","@id":"https:\/\/www.noticiasradioreflejos.com.ar\/2021\/el-servicio-meteorologico-incorporo-una-supercomputadora-para-ampliar-capacidades\/#primaryimage","url":"https:\/\/www.telam.com.ar\/thumbs\/bluesteel\/advf\/imagenes\/2022\/08\/62fd9261144a5_900.jpg","contentUrl":"https:\/\/www.telam.com.ar\/thumbs\/bluesteel\/advf\/imagenes\/2022\/08\/62fd9261144a5_900.jpg"},{"@type":"BreadcrumbList","@id":"https:\/\/www.noticiasradioreflejos.com.ar\/2021\/el-servicio-meteorologico-incorporo-una-supercomputadora-para-ampliar-capacidades\/#breadcrumb","itemListElement":[{"@type":"ListItem","position":1,"name":"Portada","item":"https:\/\/www.noticiasradioreflejos.com.ar\/2021\/"},{"@type":"ListItem","position":2,"name":"El Servicio Meteorol\u00f3gico incorpor\u00f3 una supercomputadora para ampliar capacidades"}]},{"@type":"WebSite","@id":"https:\/\/www.noticiasradioreflejos.com.ar\/2021\/#website","url":"https:\/\/www.noticiasradioreflejos.com.ar\/2021\/","name":"Noticias Radio Reflejos","description":"Las noticias de mi comarca","potentialAction":[{"@type":"SearchAction","target":{"@type":"EntryPoint","urlTemplate":"https:\/\/www.noticiasradioreflejos.com.ar\/2021\/?s={search_term_string}"},"query-input":{"@type":"PropertyValueSpecification","valueRequired":true,"valueName":"search_term_string"}}],"inLanguage":"es"},{"@type":"Person","@id":"https:\/\/www.noticiasradioreflejos.com.ar\/2021\/#\/schema\/person\/ad82545263dcc5ec0996818884fd5fb1","name":"Arnaldo Botto","image":{"@type":"ImageObject","inLanguage":"es","@id":"https:\/\/www.noticiasradioreflejos.com.ar\/2021\/#\/schema\/person\/image\/","url":"https:\/\/secure.gravatar.com\/avatar\/55cb5e37c1efa326397366e6974cb338056df65cb50e7d64d1cf314e87504837?s=96&d=mm&r=g","contentUrl":"https:\/\/secure.gravatar.com\/avatar\/55cb5e37c1efa326397366e6974cb338056df65cb50e7d64d1cf314e87504837?s=96&d=mm&r=g","caption":"Arnaldo Botto"},"url":"https:\/\/www.noticiasradioreflejos.com.ar\/2021\/author\/arnaldo\/"}]}},"_links":{"self":[{"href":"https:\/\/www.noticiasradioreflejos.com.ar\/2021\/wp-json\/wp\/v2\/posts\/76412","targetHints":{"allow":["GET"]}}],"collection":[{"href":"https:\/\/www.noticiasradioreflejos.com.ar\/2021\/wp-json\/wp\/v2\/posts"}],"about":[{"href":"https:\/\/www.noticiasradioreflejos.com.ar\/2021\/wp-json\/wp\/v2\/types\/post"}],"author":[{"embeddable":true,"href":"https:\/\/www.noticiasradioreflejos.com.ar\/2021\/wp-json\/wp\/v2\/users\/3"}],"replies":[{"embeddable":true,"href":"https:\/\/www.noticiasradioreflejos.com.ar\/2021\/wp-json\/wp\/v2\/comments?post=76412"}],"version-history":[{"count":1,"href":"https:\/\/www.noticiasradioreflejos.com.ar\/2021\/wp-json\/wp\/v2\/posts\/76412\/revisions"}],"predecessor-version":[{"id":76413,"href":"https:\/\/www.noticiasradioreflejos.com.ar\/2021\/wp-json\/wp\/v2\/posts\/76412\/revisions\/76413"}],"wp:attachment":[{"href":"https:\/\/www.noticiasradioreflejos.com.ar\/2021\/wp-json\/wp\/v2\/media?parent=76412"}],"wp:term":[{"taxonomy":"category","embeddable":true,"href":"https:\/\/www.noticiasradioreflejos.com.ar\/2021\/wp-json\/wp\/v2\/categories?post=76412"},{"taxonomy":"post_tag","embeddable":true,"href":"https:\/\/www.noticiasradioreflejos.com.ar\/2021\/wp-json\/wp\/v2\/tags?post=76412"}],"curies":[{"name":"wp","href":"https:\/\/api.w.org\/{rel}","templated":true}]}}