{"id":76369,"date":"2022-08-17T11:29:39","date_gmt":"2022-08-17T11:29:39","guid":{"rendered":"http:\/\/www.noticiasradioreflejos.com.ar\/2021\/?p=76369"},"modified":"2022-08-17T11:29:39","modified_gmt":"2022-08-17T11:29:39","slug":"con-desfiles-actos-y-granaderos-las-provincias-honran-al-general-san-martin","status":"publish","type":"post","link":"https:\/\/www.noticiasradioreflejos.com.ar\/2021\/con-desfiles-actos-y-granaderos-las-provincias-honran-al-general-san-martin\/","title":{"rendered":"Con desfiles, actos y granaderos, las provincias honran al general San Mart\u00edn"},"content":{"rendered":"<p>En el marco de los 172 a\u00f1os de su fallecimiento, recuerdan al Padre de la Patria con desfiles, celebraciones religiosas, visitas de los granaderos a distintas provincias y una vigilia chamamecera en Yapey\u00fa, su pueblo natal.<!--more--><\/p>\n<figure class=\"mb-3\"><img decoding=\"async\" src=\"https:\/\/www.telam.com.ar\/thumbs\/bluesteel\/advf\/imagenes\/2020\/08\/5f39a3f3e67e8_900.jpg\" alt=\"El Libertador de la Patria falleci el 17 de agosto de 1850\" width=\"100%\" height=\"100%\" \/><\/p>\n<div class=\"media-icons\"><\/div><figcaption>El Libertador de la Patria falleci\u00f3 el 17 de agosto de 1850.<\/figcaption><\/figure>\n<p>La figura del general\u00a0<strong>Jos\u00e9 de San Mart\u00edn<\/strong>, de cuyo fallecimiento se cumplen este mi\u00e9rcoles\u00a0<strong>172 a\u00f1os<\/strong>, es recordada con desfiles c\u00edvicos militares, celebraciones religiosas, visitas de los granaderos a distintas provincias y una vigilia chamamecera en la ciudad correntina de Yapey\u00fa, su pueblo natal.<\/p>\n<p>Jos\u00e9 Francisco de San Mart\u00edn y Matorras, el llamado Padre de la Patria, fue un militar argentino que se form\u00f3 en Espa\u00f1a y regres\u00f3 a su tierra para unirse a las gestas independentistas, donde se convirti\u00f3 en el\u00a0<strong>m\u00e1ximo exponente de las luchas por la liberaci\u00f3n de Argentina, Chile y Per\u00fa<\/strong>, y entre varios logros fue el conductor del cruce de los Andes, en 1817, una de las haza\u00f1as militares m\u00e1s destacadas del mundo dado que se concret\u00f3 en la segunda cordillera m\u00e1s alta del planeta.<\/p>\n<p>Algunas de las ceremonias m\u00e1s relevantes son la de la ciudad de Buenos Aires, dado que en la\u00a0<strong>Catedral Metropolitana<\/strong>\u00a0descansan sus restos, la de\u00a0<strong>Mendoza<\/strong>, despleg\u00f3 la estrategia para el cruce de los Andes y se desempe\u00f1\u00f3 como gobernador de Cuyo, y la de\u00a0<strong>Yapey\u00fa<\/strong>, la localidad donde naci\u00f3.<\/p>\n<figure class=\"mb-3\"><img decoding=\"async\" src=\"https:\/\/www.telam.com.ar\/thumbs\/bluesteel\/advf\/imagenes\/2020\/08\/5f3aa2f254874_900.jpg\" alt=\"Foto Archivo Tlam\" width=\"100%\" height=\"100%\" \/><\/p>\n<div class=\"media-icons\"><\/div><figcaption>(Foto: Archivo T\u00e9lam)<\/figcaption><\/figure>\n<h2 class=\"\">Ciudad Aut\u00f3noma de Buenos Aires<\/h2>\n<p>En CABA se reza el responso en el mausoleo de la\u00a0<strong>Catedral Metropolitana<\/strong>\u00a0donde descansan sus restos, bajo la custodia de una guardia de granaderos, mientras que a las 14, el\u00a0<strong>Instituto Nacional Sanmartiniano<\/strong>\u00a0realizar\u00e1 un acto conmemorativo en la plaza que lleva su nombre, en el barrio porte\u00f1o de Retiro.<\/p>\n<h2 class=\"\">Provincia de Buenos Aires<\/h2>\n<p>En la ciudad de Bah\u00eda Blanca, en el sur bonaerense, el acto est\u00e1 \u00b4rogramado para las 14.30 en el monumento ubicado en el parque de Mayo, organizado por la\u00a0<strong>Asociaci\u00f3n Cultural Sanmartiniana\u00a0<\/strong>y la municipalidad local.<\/p>\n<figure class=\"mb-3\"><img decoding=\"async\" src=\"https:\/\/www.telam.com.ar\/thumbs\/bluesteel\/advf\/imagenes\/2020\/02\/5e49273d36535_900.jpg\" alt=\"Foto Archivo Tlam\" width=\"100%\" height=\"100%\" \/><\/p>\n<div class=\"media-icons\"><\/div><figcaption>(Foto: Archivo T\u00e9lam)<\/figcaption><\/figure>\n<p>En Coronel Dorrego, desde las 15 se realiza una ceremonia en la plaza principal con la presencia de efectivos del Regimiento de Granaderos a Caballo.<\/p>\n<h2 class=\"\">Mendoza<\/h2>\n<p>En Mendoza, el Ministerio de Cultura y Turismo present\u00f3 el espect\u00e1culo<strong>\u00a0\u00abSeamos libres\u00bb<\/strong>, que se extender\u00e1 hasta el 10 de septiembre y destaca al imponente Cerro de la Gloria, uno de los patrimonios m\u00e1s importantes de la provincia, y el Monumento al Ej\u00e9rcito de los Andes, en la capital los jueves, viernes y s\u00e1bados, a las 19 y a las 20.30.<\/p>\n<figure class=\"mb-3\"><img decoding=\"async\" src=\"https:\/\/www.telam.com.ar\/thumbs\/bluesteel\/advf\/imagenes\/2022\/08\/62fadd2429d5c_900.jpg\" alt=\"Tecnpolis homenaje a San Martn este lunes Foto Fanton Osvaldo\" width=\"100%\" height=\"100%\" \/><\/p>\n<div class=\"media-icons\"><\/div><figcaption>Tecn\u00f3polis homenaje\u00f3 a San Mart\u00edn este lunes. \/ Foto: Fanton Osvaldo<\/figcaption><\/figure>\n<p>Adem\u00e1s, en la ciudad habr\u00e1 actividades en la\u00a0<strong>Casa de San Mart\u00ed<\/strong>n y el\u00a0<strong>Museo del \u00c1rea Fundaciona<\/strong>l, donde se podr\u00e1 conocer detalles de la vida del general en Mendoza.<\/p>\n<p>En tanto, en la localidad de Tunuy\u00e1n, se realizar\u00e1 desde las 15 en el\u00a0<strong>Manzano Hist\u00f3rico<\/strong>\u00a0un acto protocolar en el monumento \u00abRetorno a La Patria\u00bb y un desfile c\u00edvico militar, mientras en la localidad de Las Heras hay actividades desde las 10.30, en la plaza Marcos Burgos.<\/p>\n<h2 class=\"\">Jujuy<\/h2>\n<figure class=\"mb-3\"><img decoding=\"async\" src=\"https:\/\/www.telam.com.ar\/thumbs\/bluesteel\/advf\/imagenes\/2022\/08\/62fadd2413f10_900.jpg\" alt=\"Foto Fanton Osvaldo\" width=\"100%\" height=\"100%\" \/><\/p>\n<div class=\"media-icons\"><\/div><figcaption>Foto: Fanton Osvaldo<\/figcaption><\/figure>\n<p>Jujuy inici\u00f3 las celebraciones este martes por la noche, con la actuaci\u00f3n de la<strong>\u00a0Orquesta Sinf\u00f3nica de Jujuy<\/strong>\u00a0y la cantante l\u00edrica\u00a0<strong>Marina Garc\u00eda<\/strong>. Durante la jornada se preven actividades protocolares y culturales en homenaje, donde la bandera argentina y la de la Libertad Civil flamean a media asta.<\/p>\n<h2 class=\"\">Tierra del Fuego<\/h2>\n<p>En la proincia m\u00e1s austral , integrantes del<strong>\u00a0Regimiento de Granaderos a Caballo<\/strong>\u00a0participan de los actos que se realizan en escuelas de las ciudades de Ushuaia, R\u00edo Grande y Tolhuin.<\/p>\n<figure class=\"mb-3\"><img decoding=\"async\" src=\"https:\/\/www.telam.com.ar\/thumbs\/bluesteel\/advf\/imagenes\/2019\/08\/5d56ae0d166bf_900.jpg\" alt=\"Habr homenajes en todo el pas Foto Archivo Tlam\" width=\"100%\" height=\"100%\" \/><\/p>\n<div class=\"media-icons\"><\/div><figcaption>Habr\u00e1 homenajes en todo el pa\u00eds. (Foto: Archivo T\u00e9lam)<\/figcaption><\/figure>\n<p>El arribo del regimiento a la provincia surgi\u00f3 luego de un trabajo conjunto de la Secretar\u00eda de Ceremonial y Protocolo del gobierno local con el Estado Mayor General del Ej\u00e9rcito en la provincia, a cargo del coronel Mariano Laidlaw, explicaron fuentes oficiales.<\/p>\n<h2 class=\"\">Santa Fe<\/h2>\n<p>En Santa Fe, el gobernador\u00a0<strong>Omar Perotti<\/strong>\u00a0encabeza un acto desde las 14, en la localidad de Venado Tuerto, con un homenaje en el busto del Libertador y en el de Cayetano Silva, autor de la \u00abMarcha de San Lorenzo\u00bb.<\/p>\n<blockquote class=\"twitter-tweet\" data-width=\"500\" data-dnt=\"true\">\n<p lang=\"es\" dir=\"ltr\">Acto conmemorativo en Plaza San Mart\u00edn, Ciudad Aut\u00f3noma de Buenos Aires, en homenaje al Libertador General Don Jos\u00e9 de San Mart\u00edn en el d\u00eda dedicado por la Naci\u00f3n a recordarlo en el 172\u00b0 aniversario de su tr\u00e1nsito a la Gloria.<br \/>\u00a1Los esperamos!\ud83d\udc47\ud83c\udffb<a href=\"https:\/\/t.co\/IoX73dlk9m\">https:\/\/t.co\/IoX73dlk9m<\/a> <a href=\"https:\/\/t.co\/QVzyeaRexh\">pic.twitter.com\/QVzyeaRexh<\/a><\/p>\n<p>&mdash; Granaderos a Caballo (@Granaderosarg) <a href=\"https:\/\/twitter.com\/Granaderosarg\/status\/1559579266471297024?ref_src=twsrc%5Etfw\">August 16, 2022<\/a><\/p><\/blockquote>\n<p><script async src=\"https:\/\/platform.twitter.com\/widgets.js\" charset=\"utf-8\"><\/script><\/p>\n<p>En San Luis, otra delegaci\u00f3n de los\u00a0<strong>Granaderos a Caballo participa de los homenajes en la Villa de Merlo<\/strong>, donde se espera su presencia en actos, cabalgatas, charlas y ceremonias que se desarrollar\u00e1n durante la semana sanmartiniana, hasta el 19 de agosto, en distintos puntos de la costa y el valle del Conlara.<\/p>\n<p>El intendente Juan \u00c1lvarez Pinto adelant\u00f3 que para el desfile principal de este mi\u00e9rcoles los granaderos son \u00ablos invitados de honor\u00bb y adem\u00e1s de instituciones locales \u00abestar\u00e1 el Ej\u00e9rcito con todo su equipo como ca\u00f1ones, tanques, pasada de aviones con vuelos rasantes\u00bb y la Banda Militar Tambor de Tacuar\u00ed, perteneciente al Regimiento de Infanter\u00eda 1 \u00abPatricios\u00bb.<\/p>\n<h2 class=\"\">Corrientes<\/h2>\n<p>En Corrientes, como es habitual, el\u00a0<strong>acto central por el aniversario de la muerte de San Mart\u00edn se realiza en Yapey\u00fa<\/strong>, donde este martes por la noche arranc\u00f3 un festival de m\u00fasica chamamecera, a modo de vigilia, para las actividades en honor al correntino m\u00e1s importante de la historia.<\/p>\n<blockquote class=\"twitter-tweet\" data-width=\"500\" data-dnt=\"true\">\n<p lang=\"es\" dir=\"ltr\">\ud83c\udde6\ud83c\uddf7 HOMENAJE AL GRAL. SAN MART\u00cdN<\/p>\n<p>\u2694\ufe0f En el 172\u00b0 Aniversario del paso a la inmortalidad del Padre de la Patria, este mi\u00e9rcoles 17 de agosto a las 14:30 hs. realizaremos un acto homenaje en la Plaza San Mart\u00edn \u26d3\ufe0f <a href=\"https:\/\/t.co\/Iqek8a3Rmv\">pic.twitter.com\/Iqek8a3Rmv<\/a><\/p>\n<p>&mdash; Mario Secco (@MarioSeccoOK) <a href=\"https:\/\/twitter.com\/MarioSeccoOK\/status\/1559504776160694273?ref_src=twsrc%5Etfw\">August 16, 2022<\/a><\/p><\/blockquote>\n<p><script async src=\"https:\/\/platform.twitter.com\/widgets.js\" charset=\"utf-8\"><\/script><\/p>\n<p>En la plaza de Armas de Yapey\u00fa, a 400 kil\u00f3metros al sureste de la capital , junto al templete que guarda los restos de la casa de San Mart\u00edn, se presenta la agrupaci\u00f3n<strong>\u00a0Libertador de los Granaderos a Caballo<\/strong>, tras el ingreso del sable corvo del Libertador y se esperan los discursos del gobernador Gustavo Vald\u00e9s y la intendenta Marisol Fagundez, tras lo cual se iniciar\u00e1 el desfile c\u00edvico militar.<\/p>\n<div class=\"twitter-tweet twitter-tweet-rendered\"><iframe id=\"twitter-widget-2\" class=\"\" title=\"Twitter Tweet\" src=\"https:\/\/platform.twitter.com\/embed\/Tweet.html?creatorScreenName=agenciatelam&amp;dnt=false&amp;embedId=twitter-widget-2&amp;features=eyJ0ZndfdGltZWxpbmVfbGlzdCI6eyJidWNrZXQiOlsibGlua3RyLmVlIiwidHIuZWUiXSwidmVyc2lvbiI6bnVsbH0sInRmd190d2VldF9lZGl0X2JhY2tlbmQiOnsiYnVja2V0Ijoib24iLCJ2ZXJzaW9uIjpudWxsfSwidGZ3X3JlZnNyY19zZXNzaW9uIjp7ImJ1Y2tldCI6Im9uIiwidmVyc2lvbiI6bnVsbH0sInRmd190d2VldF9yZXN1bHRfbWlncmF0aW9uXzEzOTc5Ijp7ImJ1Y2tldCI6InR3ZWV0X3Jlc3VsdCIsInZlcnNpb24iOm51bGx9LCJ0Zndfc2Vuc2l0aXZlX21lZGlhX2ludGVyc3RpdGlhbF8xMzk2MyI6eyJidWNrZXQiOiJpbnRlcnN0aXRpYWwiLCJ2ZXJzaW9uIjpudWxsfSwidGZ3X2V4cGVyaW1lbnRzX2Nvb2tpZV9leHBpcmF0aW9uIjp7ImJ1Y2tldCI6MTIwOTYwMCwidmVyc2lvbiI6bnVsbH0sInRmd19kdXBsaWNhdGVfc2NyaWJlc190b19zZXR0aW5ncyI6eyJidWNrZXQiOiJvZmYiLCJ2ZXJzaW9uIjpudWxsfSwidGZ3X3R3ZWV0X2VkaXRfZnJvbnRlbmQiOnsiYnVja2V0Ijoib2ZmIiwidmVyc2lvbiI6bnVsbH19&amp;frame=false&amp;hideCard=false&amp;hideThread=false&amp;id=1559631084236595201&amp;lang=es&amp;origin=https%3A%2F%2Fwww.telam.com.ar%2Fnotas%2F202208%2F601872-provincias-honraran-san-martin.html&amp;sessionId=d275c7c012f72fbd166007812fe786794ecfbd19&amp;siteScreenName=agenciatelam&amp;theme=light&amp;widgetsVersion=31f0cdc1eaa0f%3A1660602114609&amp;width=550px\" frameborder=\"0\" scrolling=\"no\" allowfullscreen=\"allowfullscreen\" data-tweet-id=\"1559631084236595201\" data-mce-fragment=\"1\"><\/iframe><\/div>\n<h2 class=\"\">Santiago del Estero<\/h2>\n<p>En Santiago del Estero, desde las 14.30 se desarrolla el acto central encabezado por al gobernador\u00a0<strong>Gerardo Zamora\u00a0<\/strong>en la plaza San Mart\u00edn, de la capital, con un minuto de silencio y la colocac\u00f3n de ofrendas florales.<\/p>\n<h2 class=\"\">Santa Cruz<\/h2>\n<p>Santa Cruz realiza su acto en honor al \u00abPadre de la Patria\u00bb desde las 14.30, en la plaza San Mart\u00edn, con la presencia de autoridades civiles, militares y eclesi\u00e1sticas m\u00e1s la Asociaci\u00f3n Sanmartiniana, las representaciones escolares y p\u00fablico en general. A las 15 est\u00e1 previsto un minuto de silencio -dado que esa fue la hora en la que falleci\u00f3 el pr\u00f3cer en su casa de Francia- hasta escuchar las campanadas de la catedral Nuestra Se\u00f1ora de Luj\u00e1n.<\/p>\n<div class=\"twitter-tweet twitter-tweet-rendered\"><iframe id=\"twitter-widget-3\" class=\"\" title=\"Twitter Tweet\" src=\"https:\/\/platform.twitter.com\/embed\/Tweet.html?creatorScreenName=agenciatelam&amp;dnt=false&amp;embedId=twitter-widget-3&amp;features=eyJ0ZndfdGltZWxpbmVfbGlzdCI6eyJidWNrZXQiOlsibGlua3RyLmVlIiwidHIuZWUiXSwidmVyc2lvbiI6bnVsbH0sInRmd190d2VldF9lZGl0X2JhY2tlbmQiOnsiYnVja2V0Ijoib24iLCJ2ZXJzaW9uIjpudWxsfSwidGZ3X3JlZnNyY19zZXNzaW9uIjp7ImJ1Y2tldCI6Im9uIiwidmVyc2lvbiI6bnVsbH0sInRmd190d2VldF9yZXN1bHRfbWlncmF0aW9uXzEzOTc5Ijp7ImJ1Y2tldCI6InR3ZWV0X3Jlc3VsdCIsInZlcnNpb24iOm51bGx9LCJ0Zndfc2Vuc2l0aXZlX21lZGlhX2ludGVyc3RpdGlhbF8xMzk2MyI6eyJidWNrZXQiOiJpbnRlcnN0aXRpYWwiLCJ2ZXJzaW9uIjpudWxsfSwidGZ3X2V4cGVyaW1lbnRzX2Nvb2tpZV9leHBpcmF0aW9uIjp7ImJ1Y2tldCI6MTIwOTYwMCwidmVyc2lvbiI6bnVsbH0sInRmd19kdXBsaWNhdGVfc2NyaWJlc190b19zZXR0aW5ncyI6eyJidWNrZXQiOiJvZmYiLCJ2ZXJzaW9uIjpudWxsfSwidGZ3X3R3ZWV0X2VkaXRfZnJvbnRlbmQiOnsiYnVja2V0Ijoib2ZmIiwidmVyc2lvbiI6bnVsbH19&amp;frame=false&amp;hideCard=false&amp;hideThread=false&amp;id=1559614292265246721&amp;lang=es&amp;origin=https%3A%2F%2Fwww.telam.com.ar%2Fnotas%2F202208%2F601872-provincias-honraran-san-martin.html&amp;sessionId=d275c7c012f72fbd166007812fe786794ecfbd19&amp;siteScreenName=agenciatelam&amp;theme=light&amp;widgetsVersion=31f0cdc1eaa0f%3A1660602114609&amp;width=550px\" frameborder=\"0\" scrolling=\"no\" allowfullscreen=\"allowfullscreen\" data-tweet-id=\"1559614292265246721\" data-mce-fragment=\"1\"><\/iframe><\/div>\n<h2 class=\"\">Salta<\/h2>\n<p>En Salta, el acto central se desarrolla en el parque San Mart\u00edn, con la tradicional revista de tropas y el saludo a los efectivos de la Agrupaci\u00f3n 17 de Agosto, adem\u00e1s del izamiento de las banderas Argentina y de la provincia.<\/p>\n<p>Tras la colocaci\u00f3n de ofrendas florales ante el monumento a San Mart\u00edn, el minuto de silencio y una invocaci\u00f3n religiosa, se escuchar\u00e1 el discurso del oficial de Operaciones de la V Brigada, teniente coronel Marcos Miguel Copertino, y un representante del Gobierno local.<\/p>\n<div class=\"tags mt-4\"><\/div>\n<div class=\"social mt-3\"><\/div>\n","protected":false},"excerpt":{"rendered":"<p>En el marco de los 172 a\u00f1os de su fallecimiento, recuerdan al Padre de la Patria con desfiles, celebraciones religiosas, visitas de los granaderos a distintas provincias y una vigilia chamamecera en Yapey\u00fa, su pueblo natal.<\/p>\n","protected":false},"author":3,"featured_media":0,"comment_status":"closed","ping_status":"closed","sticky":false,"template":"","format":"standard","meta":{"footnotes":""},"categories":[58],"tags":[],"class_list":["post-76369","post","type-post","status-publish","format-standard","hentry","category-gobierno"],"yoast_head":"<!-- This site is optimized with the Yoast SEO plugin v25.9 - https:\/\/yoast.com\/wordpress\/plugins\/seo\/ -->\n<title>Con desfiles, actos y granaderos, las provincias honran al general San Mart\u00edn - Noticias Radio Reflejos<\/title>\n<meta name=\"robots\" content=\"index, follow, max-snippet:-1, max-image-preview:large, max-video-preview:-1\" \/>\n<link rel=\"canonical\" href=\"https:\/\/www.noticiasradioreflejos.com.ar\/2021\/con-desfiles-actos-y-granaderos-las-provincias-honran-al-general-san-martin\/\" \/>\n<meta property=\"og:locale\" content=\"es_ES\" \/>\n<meta property=\"og:type\" content=\"article\" \/>\n<meta property=\"og:title\" content=\"Con desfiles, actos y granaderos, las provincias honran al general San Mart\u00edn - Noticias Radio Reflejos\" \/>\n<meta property=\"og:description\" content=\"En el marco de los 172 a\u00f1os de su fallecimiento, recuerdan al Padre de la Patria con desfiles, celebraciones religiosas, visitas de los granaderos a distintas provincias y una vigilia chamamecera en Yapey\u00fa, su pueblo natal.\" \/>\n<meta property=\"og:url\" content=\"https:\/\/www.noticiasradioreflejos.com.ar\/2021\/con-desfiles-actos-y-granaderos-las-provincias-honran-al-general-san-martin\/\" \/>\n<meta property=\"og:site_name\" content=\"Noticias Radio Reflejos\" \/>\n<meta property=\"article:published_time\" content=\"2022-08-17T11:29:39+00:00\" \/>\n<meta property=\"og:image\" content=\"https:\/\/www.telam.com.ar\/thumbs\/bluesteel\/advf\/imagenes\/2020\/08\/5f39a3f3e67e8_900.jpg\" \/>\n<meta name=\"author\" content=\"Arnaldo Botto\" \/>\n<meta name=\"twitter:card\" content=\"summary_large_image\" \/>\n<script type=\"application\/ld+json\" class=\"yoast-schema-graph\">{\"@context\":\"https:\/\/schema.org\",\"@graph\":[{\"@type\":\"WebPage\",\"@id\":\"https:\/\/www.noticiasradioreflejos.com.ar\/2021\/con-desfiles-actos-y-granaderos-las-provincias-honran-al-general-san-martin\/\",\"url\":\"https:\/\/www.noticiasradioreflejos.com.ar\/2021\/con-desfiles-actos-y-granaderos-las-provincias-honran-al-general-san-martin\/\",\"name\":\"Con desfiles, actos y granaderos, las provincias honran al general San Mart\u00edn - Noticias Radio Reflejos\",\"isPartOf\":{\"@id\":\"https:\/\/www.noticiasradioreflejos.com.ar\/2021\/#website\"},\"primaryImageOfPage\":{\"@id\":\"https:\/\/www.noticiasradioreflejos.com.ar\/2021\/con-desfiles-actos-y-granaderos-las-provincias-honran-al-general-san-martin\/#primaryimage\"},\"image\":{\"@id\":\"https:\/\/www.noticiasradioreflejos.com.ar\/2021\/con-desfiles-actos-y-granaderos-las-provincias-honran-al-general-san-martin\/#primaryimage\"},\"thumbnailUrl\":\"https:\/\/www.telam.com.ar\/thumbs\/bluesteel\/advf\/imagenes\/2020\/08\/5f39a3f3e67e8_900.jpg\",\"datePublished\":\"2022-08-17T11:29:39+00:00\",\"author\":{\"@id\":\"https:\/\/www.noticiasradioreflejos.com.ar\/2021\/#\/schema\/person\/ad82545263dcc5ec0996818884fd5fb1\"},\"breadcrumb\":{\"@id\":\"https:\/\/www.noticiasradioreflejos.com.ar\/2021\/con-desfiles-actos-y-granaderos-las-provincias-honran-al-general-san-martin\/#breadcrumb\"},\"inLanguage\":\"es\",\"potentialAction\":[{\"@type\":\"ReadAction\",\"target\":[\"https:\/\/www.noticiasradioreflejos.com.ar\/2021\/con-desfiles-actos-y-granaderos-las-provincias-honran-al-general-san-martin\/\"]}]},{\"@type\":\"ImageObject\",\"inLanguage\":\"es\",\"@id\":\"https:\/\/www.noticiasradioreflejos.com.ar\/2021\/con-desfiles-actos-y-granaderos-las-provincias-honran-al-general-san-martin\/#primaryimage\",\"url\":\"https:\/\/www.telam.com.ar\/thumbs\/bluesteel\/advf\/imagenes\/2020\/08\/5f39a3f3e67e8_900.jpg\",\"contentUrl\":\"https:\/\/www.telam.com.ar\/thumbs\/bluesteel\/advf\/imagenes\/2020\/08\/5f39a3f3e67e8_900.jpg\"},{\"@type\":\"BreadcrumbList\",\"@id\":\"https:\/\/www.noticiasradioreflejos.com.ar\/2021\/con-desfiles-actos-y-granaderos-las-provincias-honran-al-general-san-martin\/#breadcrumb\",\"itemListElement\":[{\"@type\":\"ListItem\",\"position\":1,\"name\":\"Portada\",\"item\":\"https:\/\/www.noticiasradioreflejos.com.ar\/2021\/\"},{\"@type\":\"ListItem\",\"position\":2,\"name\":\"Con desfiles, actos y granaderos, las provincias honran al general San Mart\u00edn\"}]},{\"@type\":\"WebSite\",\"@id\":\"https:\/\/www.noticiasradioreflejos.com.ar\/2021\/#website\",\"url\":\"https:\/\/www.noticiasradioreflejos.com.ar\/2021\/\",\"name\":\"Noticias Radio Reflejos\",\"description\":\"Las noticias de mi comarca\",\"potentialAction\":[{\"@type\":\"SearchAction\",\"target\":{\"@type\":\"EntryPoint\",\"urlTemplate\":\"https:\/\/www.noticiasradioreflejos.com.ar\/2021\/?s={search_term_string}\"},\"query-input\":{\"@type\":\"PropertyValueSpecification\",\"valueRequired\":true,\"valueName\":\"search_term_string\"}}],\"inLanguage\":\"es\"},{\"@type\":\"Person\",\"@id\":\"https:\/\/www.noticiasradioreflejos.com.ar\/2021\/#\/schema\/person\/ad82545263dcc5ec0996818884fd5fb1\",\"name\":\"Arnaldo Botto\",\"image\":{\"@type\":\"ImageObject\",\"inLanguage\":\"es\",\"@id\":\"https:\/\/www.noticiasradioreflejos.com.ar\/2021\/#\/schema\/person\/image\/\",\"url\":\"https:\/\/secure.gravatar.com\/avatar\/55cb5e37c1efa326397366e6974cb338056df65cb50e7d64d1cf314e87504837?s=96&d=mm&r=g\",\"contentUrl\":\"https:\/\/secure.gravatar.com\/avatar\/55cb5e37c1efa326397366e6974cb338056df65cb50e7d64d1cf314e87504837?s=96&d=mm&r=g\",\"caption\":\"Arnaldo Botto\"},\"url\":\"https:\/\/www.noticiasradioreflejos.com.ar\/2021\/author\/arnaldo\/\"}]}<\/script>\n<!-- \/ Yoast SEO plugin. -->","yoast_head_json":{"title":"Con desfiles, actos y granaderos, las provincias honran al general San Mart\u00edn - Noticias Radio Reflejos","robots":{"index":"index","follow":"follow","max-snippet":"max-snippet:-1","max-image-preview":"max-image-preview:large","max-video-preview":"max-video-preview:-1"},"canonical":"https:\/\/www.noticiasradioreflejos.com.ar\/2021\/con-desfiles-actos-y-granaderos-las-provincias-honran-al-general-san-martin\/","og_locale":"es_ES","og_type":"article","og_title":"Con desfiles, actos y granaderos, las provincias honran al general San Mart\u00edn - Noticias Radio Reflejos","og_description":"En el marco de los 172 a\u00f1os de su fallecimiento, recuerdan al Padre de la Patria con desfiles, celebraciones religiosas, visitas de los granaderos a distintas provincias y una vigilia chamamecera en Yapey\u00fa, su pueblo natal.","og_url":"https:\/\/www.noticiasradioreflejos.com.ar\/2021\/con-desfiles-actos-y-granaderos-las-provincias-honran-al-general-san-martin\/","og_site_name":"Noticias Radio Reflejos","article_published_time":"2022-08-17T11:29:39+00:00","og_image":[{"url":"https:\/\/www.telam.com.ar\/thumbs\/bluesteel\/advf\/imagenes\/2020\/08\/5f39a3f3e67e8_900.jpg","type":"","width":"","height":""}],"author":"Arnaldo Botto","twitter_card":"summary_large_image","schema":{"@context":"https:\/\/schema.org","@graph":[{"@type":"WebPage","@id":"https:\/\/www.noticiasradioreflejos.com.ar\/2021\/con-desfiles-actos-y-granaderos-las-provincias-honran-al-general-san-martin\/","url":"https:\/\/www.noticiasradioreflejos.com.ar\/2021\/con-desfiles-actos-y-granaderos-las-provincias-honran-al-general-san-martin\/","name":"Con desfiles, actos y granaderos, las provincias honran al general San Mart\u00edn - Noticias Radio Reflejos","isPartOf":{"@id":"https:\/\/www.noticiasradioreflejos.com.ar\/2021\/#website"},"primaryImageOfPage":{"@id":"https:\/\/www.noticiasradioreflejos.com.ar\/2021\/con-desfiles-actos-y-granaderos-las-provincias-honran-al-general-san-martin\/#primaryimage"},"image":{"@id":"https:\/\/www.noticiasradioreflejos.com.ar\/2021\/con-desfiles-actos-y-granaderos-las-provincias-honran-al-general-san-martin\/#primaryimage"},"thumbnailUrl":"https:\/\/www.telam.com.ar\/thumbs\/bluesteel\/advf\/imagenes\/2020\/08\/5f39a3f3e67e8_900.jpg","datePublished":"2022-08-17T11:29:39+00:00","author":{"@id":"https:\/\/www.noticiasradioreflejos.com.ar\/2021\/#\/schema\/person\/ad82545263dcc5ec0996818884fd5fb1"},"breadcrumb":{"@id":"https:\/\/www.noticiasradioreflejos.com.ar\/2021\/con-desfiles-actos-y-granaderos-las-provincias-honran-al-general-san-martin\/#breadcrumb"},"inLanguage":"es","potentialAction":[{"@type":"ReadAction","target":["https:\/\/www.noticiasradioreflejos.com.ar\/2021\/con-desfiles-actos-y-granaderos-las-provincias-honran-al-general-san-martin\/"]}]},{"@type":"ImageObject","inLanguage":"es","@id":"https:\/\/www.noticiasradioreflejos.com.ar\/2021\/con-desfiles-actos-y-granaderos-las-provincias-honran-al-general-san-martin\/#primaryimage","url":"https:\/\/www.telam.com.ar\/thumbs\/bluesteel\/advf\/imagenes\/2020\/08\/5f39a3f3e67e8_900.jpg","contentUrl":"https:\/\/www.telam.com.ar\/thumbs\/bluesteel\/advf\/imagenes\/2020\/08\/5f39a3f3e67e8_900.jpg"},{"@type":"BreadcrumbList","@id":"https:\/\/www.noticiasradioreflejos.com.ar\/2021\/con-desfiles-actos-y-granaderos-las-provincias-honran-al-general-san-martin\/#breadcrumb","itemListElement":[{"@type":"ListItem","position":1,"name":"Portada","item":"https:\/\/www.noticiasradioreflejos.com.ar\/2021\/"},{"@type":"ListItem","position":2,"name":"Con desfiles, actos y granaderos, las provincias honran al general San Mart\u00edn"}]},{"@type":"WebSite","@id":"https:\/\/www.noticiasradioreflejos.com.ar\/2021\/#website","url":"https:\/\/www.noticiasradioreflejos.com.ar\/2021\/","name":"Noticias Radio Reflejos","description":"Las noticias de mi comarca","potentialAction":[{"@type":"SearchAction","target":{"@type":"EntryPoint","urlTemplate":"https:\/\/www.noticiasradioreflejos.com.ar\/2021\/?s={search_term_string}"},"query-input":{"@type":"PropertyValueSpecification","valueRequired":true,"valueName":"search_term_string"}}],"inLanguage":"es"},{"@type":"Person","@id":"https:\/\/www.noticiasradioreflejos.com.ar\/2021\/#\/schema\/person\/ad82545263dcc5ec0996818884fd5fb1","name":"Arnaldo Botto","image":{"@type":"ImageObject","inLanguage":"es","@id":"https:\/\/www.noticiasradioreflejos.com.ar\/2021\/#\/schema\/person\/image\/","url":"https:\/\/secure.gravatar.com\/avatar\/55cb5e37c1efa326397366e6974cb338056df65cb50e7d64d1cf314e87504837?s=96&d=mm&r=g","contentUrl":"https:\/\/secure.gravatar.com\/avatar\/55cb5e37c1efa326397366e6974cb338056df65cb50e7d64d1cf314e87504837?s=96&d=mm&r=g","caption":"Arnaldo Botto"},"url":"https:\/\/www.noticiasradioreflejos.com.ar\/2021\/author\/arnaldo\/"}]}},"_links":{"self":[{"href":"https:\/\/www.noticiasradioreflejos.com.ar\/2021\/wp-json\/wp\/v2\/posts\/76369","targetHints":{"allow":["GET"]}}],"collection":[{"href":"https:\/\/www.noticiasradioreflejos.com.ar\/2021\/wp-json\/wp\/v2\/posts"}],"about":[{"href":"https:\/\/www.noticiasradioreflejos.com.ar\/2021\/wp-json\/wp\/v2\/types\/post"}],"author":[{"embeddable":true,"href":"https:\/\/www.noticiasradioreflejos.com.ar\/2021\/wp-json\/wp\/v2\/users\/3"}],"replies":[{"embeddable":true,"href":"https:\/\/www.noticiasradioreflejos.com.ar\/2021\/wp-json\/wp\/v2\/comments?post=76369"}],"version-history":[{"count":1,"href":"https:\/\/www.noticiasradioreflejos.com.ar\/2021\/wp-json\/wp\/v2\/posts\/76369\/revisions"}],"predecessor-version":[{"id":76371,"href":"https:\/\/www.noticiasradioreflejos.com.ar\/2021\/wp-json\/wp\/v2\/posts\/76369\/revisions\/76371"}],"wp:attachment":[{"href":"https:\/\/www.noticiasradioreflejos.com.ar\/2021\/wp-json\/wp\/v2\/media?parent=76369"}],"wp:term":[{"taxonomy":"category","embeddable":true,"href":"https:\/\/www.noticiasradioreflejos.com.ar\/2021\/wp-json\/wp\/v2\/categories?post=76369"},{"taxonomy":"post_tag","embeddable":true,"href":"https:\/\/www.noticiasradioreflejos.com.ar\/2021\/wp-json\/wp\/v2\/tags?post=76369"}],"curies":[{"name":"wp","href":"https:\/\/api.w.org\/{rel}","templated":true}]}}