{"id":76332,"date":"2022-08-16T17:10:40","date_gmt":"2022-08-16T17:10:40","guid":{"rendered":"http:\/\/www.noticiasradioreflejos.com.ar\/2021\/?p=76332"},"modified":"2022-08-16T17:10:40","modified_gmt":"2022-08-16T17:10:40","slug":"la-afa-confirma-la-suspension-del-partido-pendiente-con-brasil-por-eliminatorias","status":"publish","type":"post","link":"https:\/\/www.noticiasradioreflejos.com.ar\/2021\/la-afa-confirma-la-suspension-del-partido-pendiente-con-brasil-por-eliminatorias\/","title":{"rendered":"La AFA confirma la suspensi\u00f3n del partido pendiente con Brasil por Eliminatorias"},"content":{"rendered":"<p>La resoluci\u00f3n se da tras un acuerdo entre la CBF, la AFA y la FIFA. Ahora ambos equipos aprovechar\u00e1n la \u00faltima ventana internacional (del 19 al 27 de septiembre) para disputar amistosos de preparaci\u00f3n para la Copa del Mundo.<!--more--><\/p>\n<figure class=\"mb-3\"><img decoding=\"async\" src=\"https:\/\/www.telam.com.ar\/thumbs\/bluesteel\/advf\/imagenes\/2021\/09\/61361e072be6f_900.jpg\" alt=\"Neymar y Messi el da del escndalo en BrasilArgentina \" width=\"100%\" height=\"100%\" \/><\/p>\n<div class=\"media-icons\"><\/div><figcaption>Neymar y Messi el d\u00eda del esc\u00e1ndalo en Brasil-Argentina.<\/figcaption><\/figure>\n<p>La Asociaci\u00f3n del F\u00fatbol Argentino (AFA) confirm\u00f3 este martes la suspensi\u00f3n definitiva del partido pendiente contra Brasil por Eliminatorias sudamericanas desde septiembre del a\u00f1o pasado.<\/p>\n<p>Mediante un comunicado, la entidad presidida por Claudio Tapia inform\u00f3 que se resolvi\u00f3 la disputa legal entre la AFA, la CBF y la FIFA que hab\u00eda llegado hasta el Tribunal de Arbitraje Deportivo (TAS) y que el partido \u00abya no se volver\u00e1 a jugar\u00bb.<\/p>\n<p><strong>La AFA acept\u00f3 su responsabilidad por los hechos sucedidos el pasado 5 de septiembre en San Pablo\u00a0<\/strong>cuando un agente sanitario de Brasil ingres\u00f3 al campo de juego para impedir el desarrollo del partido correspondiente a las Eliminatorias sudamericanas para el Mundial de Qatar.<\/p>\n<p><strong>La FIFA orden\u00f3 una multa para la AFA de 150.000 francos suizos<\/strong>\u00a0pero la mitad del monto qued\u00f3 suspendido \u00abpor un per\u00edodo de prueba de dos a\u00f1os\u00bb.<\/p>\n<p><strong>La AFA donar\u00e1 a la Organizaci\u00f3n Mundial de la Salud (OMS) la mitad (cerca de 37.000 francos suizos)<\/strong>\u00a0de la parte que corresponde abonar.<\/p>\n<blockquote class=\"twitter-tweet\" data-width=\"500\" data-dnt=\"true\">\n<p lang=\"es\" dir=\"ltr\"><a href=\"https:\/\/twitter.com\/hashtag\/Institucional?src=hash&amp;ref_src=twsrc%5Etfw\">#Institucional<\/a> Comunicado de prensa<\/p>\n<p>Resoluci\u00f3n del partido Brasil &#8211; Argentina <\/p>\n<p>\ud83d\udcdd<a href=\"https:\/\/t.co\/GlIn5BBS3z\">https:\/\/t.co\/GlIn5BBS3z<\/a> <a href=\"https:\/\/t.co\/WYgqG5u0kw\">pic.twitter.com\/WYgqG5u0kw<\/a><\/p>\n<p>&mdash; AFA (@afa) <a href=\"https:\/\/twitter.com\/afa\/status\/1559564585434218497?ref_src=twsrc%5Etfw\">August 16, 2022<\/a><\/p><\/blockquote>\n<p><script async src=\"https:\/\/platform.twitter.com\/widgets.js\" charset=\"utf-8\"><\/script><\/p>\n<p>La FIFA hab\u00eda programado para el pr\u00f3ximo 22 de septiembre la reanudaci\u00f3n del partido suspendido.<\/p>\n<p>El primero en oponerse fue el seleccionado argentino que, a trav\u00e9s de la AFA, apel\u00f3 la medida en la FIFA y luego en el TAS.<\/p>\n<p><strong>La semana pasada, la Confederaci\u00f3n Brasile\u00f1a de F\u00fatbol (CBF) se sum\u00f3 al pedido de la AFA y pidi\u00f3 a la FIFA la suspensi\u00f3n del partido<\/strong>\u00a0por requerimiento del cuerpo t\u00e9cnico de Tite.<\/p>\n<p>Con la suspensi\u00f3n confirmada por ambas partes, tanto la Argentina como Brasil aprovechar\u00e1n la \u00faltima ventana internacional (del 19 al 27 de septiembre) para disputar amistosos de preparaci\u00f3n para la Copa del Mundo.<\/p>\n<p>\u00ab<strong>AFA desea agradecer a la FIFA por su disposici\u00f3n y disponibilidad para resolver este problema en estas circunstancias tan espec\u00edficas y en un corto per\u00edodo de tiempo<\/strong>\u00ab, concluy\u00f3 el texto publicado en la p\u00e1gina oficial.<\/p>\n","protected":false},"excerpt":{"rendered":"<p>La resoluci\u00f3n se da tras un acuerdo entre la CBF, la AFA y la FIFA. Ahora ambos equipos aprovechar\u00e1n la \u00faltima ventana internacional (del 19 al 27 de septiembre) para disputar amistosos de preparaci\u00f3n para la Copa del Mundo.<\/p>\n","protected":false},"author":3,"featured_media":0,"comment_status":"closed","ping_status":"closed","sticky":false,"template":"","format":"standard","meta":{"footnotes":""},"categories":[27],"tags":[],"class_list":["post-76332","post","type-post","status-publish","format-standard","hentry","category-deportes"],"yoast_head":"<!-- This site is optimized with the Yoast SEO plugin v25.9 - https:\/\/yoast.com\/wordpress\/plugins\/seo\/ -->\n<title>La AFA confirma la suspensi\u00f3n del partido pendiente con Brasil por Eliminatorias - Noticias Radio Reflejos<\/title>\n<meta name=\"robots\" content=\"index, follow, max-snippet:-1, max-image-preview:large, max-video-preview:-1\" \/>\n<link rel=\"canonical\" href=\"https:\/\/www.noticiasradioreflejos.com.ar\/2021\/la-afa-confirma-la-suspension-del-partido-pendiente-con-brasil-por-eliminatorias\/\" \/>\n<meta property=\"og:locale\" content=\"es_ES\" \/>\n<meta property=\"og:type\" content=\"article\" \/>\n<meta property=\"og:title\" content=\"La AFA confirma la suspensi\u00f3n del partido pendiente con Brasil por Eliminatorias - Noticias Radio Reflejos\" \/>\n<meta property=\"og:description\" content=\"La resoluci\u00f3n se da tras un acuerdo entre la CBF, la AFA y la FIFA. Ahora ambos equipos aprovechar\u00e1n la \u00faltima ventana internacional (del 19 al 27 de septiembre) para disputar amistosos de preparaci\u00f3n para la Copa del Mundo.\" \/>\n<meta property=\"og:url\" content=\"https:\/\/www.noticiasradioreflejos.com.ar\/2021\/la-afa-confirma-la-suspension-del-partido-pendiente-con-brasil-por-eliminatorias\/\" \/>\n<meta property=\"og:site_name\" content=\"Noticias Radio Reflejos\" \/>\n<meta property=\"article:published_time\" content=\"2022-08-16T17:10:40+00:00\" \/>\n<meta property=\"og:image\" content=\"https:\/\/www.telam.com.ar\/thumbs\/bluesteel\/advf\/imagenes\/2021\/09\/61361e072be6f_900.jpg\" \/>\n<meta name=\"author\" content=\"Arnaldo Botto\" \/>\n<meta name=\"twitter:card\" content=\"summary_large_image\" \/>\n<script type=\"application\/ld+json\" class=\"yoast-schema-graph\">{\"@context\":\"https:\/\/schema.org\",\"@graph\":[{\"@type\":\"WebPage\",\"@id\":\"https:\/\/www.noticiasradioreflejos.com.ar\/2021\/la-afa-confirma-la-suspension-del-partido-pendiente-con-brasil-por-eliminatorias\/\",\"url\":\"https:\/\/www.noticiasradioreflejos.com.ar\/2021\/la-afa-confirma-la-suspension-del-partido-pendiente-con-brasil-por-eliminatorias\/\",\"name\":\"La AFA confirma la suspensi\u00f3n del partido pendiente con Brasil por Eliminatorias - Noticias Radio Reflejos\",\"isPartOf\":{\"@id\":\"https:\/\/www.noticiasradioreflejos.com.ar\/2021\/#website\"},\"primaryImageOfPage\":{\"@id\":\"https:\/\/www.noticiasradioreflejos.com.ar\/2021\/la-afa-confirma-la-suspension-del-partido-pendiente-con-brasil-por-eliminatorias\/#primaryimage\"},\"image\":{\"@id\":\"https:\/\/www.noticiasradioreflejos.com.ar\/2021\/la-afa-confirma-la-suspension-del-partido-pendiente-con-brasil-por-eliminatorias\/#primaryimage\"},\"thumbnailUrl\":\"https:\/\/www.telam.com.ar\/thumbs\/bluesteel\/advf\/imagenes\/2021\/09\/61361e072be6f_900.jpg\",\"datePublished\":\"2022-08-16T17:10:40+00:00\",\"author\":{\"@id\":\"https:\/\/www.noticiasradioreflejos.com.ar\/2021\/#\/schema\/person\/ad82545263dcc5ec0996818884fd5fb1\"},\"breadcrumb\":{\"@id\":\"https:\/\/www.noticiasradioreflejos.com.ar\/2021\/la-afa-confirma-la-suspension-del-partido-pendiente-con-brasil-por-eliminatorias\/#breadcrumb\"},\"inLanguage\":\"es\",\"potentialAction\":[{\"@type\":\"ReadAction\",\"target\":[\"https:\/\/www.noticiasradioreflejos.com.ar\/2021\/la-afa-confirma-la-suspension-del-partido-pendiente-con-brasil-por-eliminatorias\/\"]}]},{\"@type\":\"ImageObject\",\"inLanguage\":\"es\",\"@id\":\"https:\/\/www.noticiasradioreflejos.com.ar\/2021\/la-afa-confirma-la-suspension-del-partido-pendiente-con-brasil-por-eliminatorias\/#primaryimage\",\"url\":\"https:\/\/www.telam.com.ar\/thumbs\/bluesteel\/advf\/imagenes\/2021\/09\/61361e072be6f_900.jpg\",\"contentUrl\":\"https:\/\/www.telam.com.ar\/thumbs\/bluesteel\/advf\/imagenes\/2021\/09\/61361e072be6f_900.jpg\"},{\"@type\":\"BreadcrumbList\",\"@id\":\"https:\/\/www.noticiasradioreflejos.com.ar\/2021\/la-afa-confirma-la-suspension-del-partido-pendiente-con-brasil-por-eliminatorias\/#breadcrumb\",\"itemListElement\":[{\"@type\":\"ListItem\",\"position\":1,\"name\":\"Portada\",\"item\":\"https:\/\/www.noticiasradioreflejos.com.ar\/2021\/\"},{\"@type\":\"ListItem\",\"position\":2,\"name\":\"La AFA confirma la suspensi\u00f3n del partido pendiente con Brasil por Eliminatorias\"}]},{\"@type\":\"WebSite\",\"@id\":\"https:\/\/www.noticiasradioreflejos.com.ar\/2021\/#website\",\"url\":\"https:\/\/www.noticiasradioreflejos.com.ar\/2021\/\",\"name\":\"Noticias Radio Reflejos\",\"description\":\"Las noticias de mi comarca\",\"potentialAction\":[{\"@type\":\"SearchAction\",\"target\":{\"@type\":\"EntryPoint\",\"urlTemplate\":\"https:\/\/www.noticiasradioreflejos.com.ar\/2021\/?s={search_term_string}\"},\"query-input\":{\"@type\":\"PropertyValueSpecification\",\"valueRequired\":true,\"valueName\":\"search_term_string\"}}],\"inLanguage\":\"es\"},{\"@type\":\"Person\",\"@id\":\"https:\/\/www.noticiasradioreflejos.com.ar\/2021\/#\/schema\/person\/ad82545263dcc5ec0996818884fd5fb1\",\"name\":\"Arnaldo Botto\",\"image\":{\"@type\":\"ImageObject\",\"inLanguage\":\"es\",\"@id\":\"https:\/\/www.noticiasradioreflejos.com.ar\/2021\/#\/schema\/person\/image\/\",\"url\":\"https:\/\/secure.gravatar.com\/avatar\/55cb5e37c1efa326397366e6974cb338056df65cb50e7d64d1cf314e87504837?s=96&d=mm&r=g\",\"contentUrl\":\"https:\/\/secure.gravatar.com\/avatar\/55cb5e37c1efa326397366e6974cb338056df65cb50e7d64d1cf314e87504837?s=96&d=mm&r=g\",\"caption\":\"Arnaldo Botto\"},\"url\":\"https:\/\/www.noticiasradioreflejos.com.ar\/2021\/author\/arnaldo\/\"}]}<\/script>\n<!-- \/ Yoast SEO plugin. -->","yoast_head_json":{"title":"La AFA confirma la suspensi\u00f3n del partido pendiente con Brasil por Eliminatorias - Noticias Radio Reflejos","robots":{"index":"index","follow":"follow","max-snippet":"max-snippet:-1","max-image-preview":"max-image-preview:large","max-video-preview":"max-video-preview:-1"},"canonical":"https:\/\/www.noticiasradioreflejos.com.ar\/2021\/la-afa-confirma-la-suspension-del-partido-pendiente-con-brasil-por-eliminatorias\/","og_locale":"es_ES","og_type":"article","og_title":"La AFA confirma la suspensi\u00f3n del partido pendiente con Brasil por Eliminatorias - Noticias Radio Reflejos","og_description":"La resoluci\u00f3n se da tras un acuerdo entre la CBF, la AFA y la FIFA. Ahora ambos equipos aprovechar\u00e1n la \u00faltima ventana internacional (del 19 al 27 de septiembre) para disputar amistosos de preparaci\u00f3n para la Copa del Mundo.","og_url":"https:\/\/www.noticiasradioreflejos.com.ar\/2021\/la-afa-confirma-la-suspension-del-partido-pendiente-con-brasil-por-eliminatorias\/","og_site_name":"Noticias Radio Reflejos","article_published_time":"2022-08-16T17:10:40+00:00","og_image":[{"url":"https:\/\/www.telam.com.ar\/thumbs\/bluesteel\/advf\/imagenes\/2021\/09\/61361e072be6f_900.jpg","type":"","width":"","height":""}],"author":"Arnaldo Botto","twitter_card":"summary_large_image","schema":{"@context":"https:\/\/schema.org","@graph":[{"@type":"WebPage","@id":"https:\/\/www.noticiasradioreflejos.com.ar\/2021\/la-afa-confirma-la-suspension-del-partido-pendiente-con-brasil-por-eliminatorias\/","url":"https:\/\/www.noticiasradioreflejos.com.ar\/2021\/la-afa-confirma-la-suspension-del-partido-pendiente-con-brasil-por-eliminatorias\/","name":"La AFA confirma la suspensi\u00f3n del partido pendiente con Brasil por Eliminatorias - Noticias Radio Reflejos","isPartOf":{"@id":"https:\/\/www.noticiasradioreflejos.com.ar\/2021\/#website"},"primaryImageOfPage":{"@id":"https:\/\/www.noticiasradioreflejos.com.ar\/2021\/la-afa-confirma-la-suspension-del-partido-pendiente-con-brasil-por-eliminatorias\/#primaryimage"},"image":{"@id":"https:\/\/www.noticiasradioreflejos.com.ar\/2021\/la-afa-confirma-la-suspension-del-partido-pendiente-con-brasil-por-eliminatorias\/#primaryimage"},"thumbnailUrl":"https:\/\/www.telam.com.ar\/thumbs\/bluesteel\/advf\/imagenes\/2021\/09\/61361e072be6f_900.jpg","datePublished":"2022-08-16T17:10:40+00:00","author":{"@id":"https:\/\/www.noticiasradioreflejos.com.ar\/2021\/#\/schema\/person\/ad82545263dcc5ec0996818884fd5fb1"},"breadcrumb":{"@id":"https:\/\/www.noticiasradioreflejos.com.ar\/2021\/la-afa-confirma-la-suspension-del-partido-pendiente-con-brasil-por-eliminatorias\/#breadcrumb"},"inLanguage":"es","potentialAction":[{"@type":"ReadAction","target":["https:\/\/www.noticiasradioreflejos.com.ar\/2021\/la-afa-confirma-la-suspension-del-partido-pendiente-con-brasil-por-eliminatorias\/"]}]},{"@type":"ImageObject","inLanguage":"es","@id":"https:\/\/www.noticiasradioreflejos.com.ar\/2021\/la-afa-confirma-la-suspension-del-partido-pendiente-con-brasil-por-eliminatorias\/#primaryimage","url":"https:\/\/www.telam.com.ar\/thumbs\/bluesteel\/advf\/imagenes\/2021\/09\/61361e072be6f_900.jpg","contentUrl":"https:\/\/www.telam.com.ar\/thumbs\/bluesteel\/advf\/imagenes\/2021\/09\/61361e072be6f_900.jpg"},{"@type":"BreadcrumbList","@id":"https:\/\/www.noticiasradioreflejos.com.ar\/2021\/la-afa-confirma-la-suspension-del-partido-pendiente-con-brasil-por-eliminatorias\/#breadcrumb","itemListElement":[{"@type":"ListItem","position":1,"name":"Portada","item":"https:\/\/www.noticiasradioreflejos.com.ar\/2021\/"},{"@type":"ListItem","position":2,"name":"La AFA confirma la suspensi\u00f3n del partido pendiente con Brasil por Eliminatorias"}]},{"@type":"WebSite","@id":"https:\/\/www.noticiasradioreflejos.com.ar\/2021\/#website","url":"https:\/\/www.noticiasradioreflejos.com.ar\/2021\/","name":"Noticias Radio Reflejos","description":"Las noticias de mi comarca","potentialAction":[{"@type":"SearchAction","target":{"@type":"EntryPoint","urlTemplate":"https:\/\/www.noticiasradioreflejos.com.ar\/2021\/?s={search_term_string}"},"query-input":{"@type":"PropertyValueSpecification","valueRequired":true,"valueName":"search_term_string"}}],"inLanguage":"es"},{"@type":"Person","@id":"https:\/\/www.noticiasradioreflejos.com.ar\/2021\/#\/schema\/person\/ad82545263dcc5ec0996818884fd5fb1","name":"Arnaldo Botto","image":{"@type":"ImageObject","inLanguage":"es","@id":"https:\/\/www.noticiasradioreflejos.com.ar\/2021\/#\/schema\/person\/image\/","url":"https:\/\/secure.gravatar.com\/avatar\/55cb5e37c1efa326397366e6974cb338056df65cb50e7d64d1cf314e87504837?s=96&d=mm&r=g","contentUrl":"https:\/\/secure.gravatar.com\/avatar\/55cb5e37c1efa326397366e6974cb338056df65cb50e7d64d1cf314e87504837?s=96&d=mm&r=g","caption":"Arnaldo Botto"},"url":"https:\/\/www.noticiasradioreflejos.com.ar\/2021\/author\/arnaldo\/"}]}},"_links":{"self":[{"href":"https:\/\/www.noticiasradioreflejos.com.ar\/2021\/wp-json\/wp\/v2\/posts\/76332","targetHints":{"allow":["GET"]}}],"collection":[{"href":"https:\/\/www.noticiasradioreflejos.com.ar\/2021\/wp-json\/wp\/v2\/posts"}],"about":[{"href":"https:\/\/www.noticiasradioreflejos.com.ar\/2021\/wp-json\/wp\/v2\/types\/post"}],"author":[{"embeddable":true,"href":"https:\/\/www.noticiasradioreflejos.com.ar\/2021\/wp-json\/wp\/v2\/users\/3"}],"replies":[{"embeddable":true,"href":"https:\/\/www.noticiasradioreflejos.com.ar\/2021\/wp-json\/wp\/v2\/comments?post=76332"}],"version-history":[{"count":1,"href":"https:\/\/www.noticiasradioreflejos.com.ar\/2021\/wp-json\/wp\/v2\/posts\/76332\/revisions"}],"predecessor-version":[{"id":76333,"href":"https:\/\/www.noticiasradioreflejos.com.ar\/2021\/wp-json\/wp\/v2\/posts\/76332\/revisions\/76333"}],"wp:attachment":[{"href":"https:\/\/www.noticiasradioreflejos.com.ar\/2021\/wp-json\/wp\/v2\/media?parent=76332"}],"wp:term":[{"taxonomy":"category","embeddable":true,"href":"https:\/\/www.noticiasradioreflejos.com.ar\/2021\/wp-json\/wp\/v2\/categories?post=76332"},{"taxonomy":"post_tag","embeddable":true,"href":"https:\/\/www.noticiasradioreflejos.com.ar\/2021\/wp-json\/wp\/v2\/tags?post=76332"}],"curies":[{"name":"wp","href":"https:\/\/api.w.org\/{rel}","templated":true}]}}