{"id":76329,"date":"2022-08-16T15:03:07","date_gmt":"2022-08-16T15:03:07","guid":{"rendered":"http:\/\/www.noticiasradioreflejos.com.ar\/2021\/?p=76329"},"modified":"2022-08-16T15:03:07","modified_gmt":"2022-08-16T15:03:07","slug":"denuncian-fraude-en-las-elecciones-de-la-cta-autonoma-bahia-blanca-cnel-dorrego","status":"publish","type":"post","link":"https:\/\/www.noticiasradioreflejos.com.ar\/2021\/denuncian-fraude-en-las-elecciones-de-la-cta-autonoma-bahia-blanca-cnel-dorrego\/","title":{"rendered":"Denuncian fraude en las elecciones de la CTA Aut\u00f3noma Bah\u00eda Blanca \u2013 Cnel. Dorrego"},"content":{"rendered":"<p>Dicha secci\u00f3n involucra a la comarca serrana. La lista 5, denominada \u201cvioleta\u201d, arremeti\u00f3 p\u00fablicamente contra los sufragios por considerarlos poco transparentes. Avanzar\u00edan ante la justicia.<!--more--><\/p>\n<p>El pasado jueves 11 se llevaron adelante las elecciones de la CTA Aut\u00f3noma Bah\u00eda Blanca \u2013Cnel. Dorrego, en donde la Lista 1, encabezada por la referente de ATE Bah\u00eda Blanca, Viviana Marfil, se impuso en los comicios.<\/p>\n<p>Sin embargo desde la Lista 5 llevaron adelante una denuncia p\u00fablica, al considerar esos sufragios carentes de transparencia. Mediante un comunicado hicieron saber su malestar y anticiparon que ir\u00e1n a la justicia.<\/p>\n<p>A continuaci\u00f3n el texto completo tal cual fue remitido a los medios de comunicaci\u00f3n:<\/p>\n<p><em>Denunciamos FRAUDE en las elecciones de la CTA Aut\u00f3noma Bah\u00eda Blanca &#8211; Cnel. Dorrego llevadas a cabo el pasado jueves 11 de agosto.<\/em><br \/>\n<em>Sobre un total de 938 votos emitidos en 39 mesas distribuidas en Bah\u00eda Blanca, Pedro Luro, Mayor Buratovich, Hilario Ascasubi, M\u00e9danos, Algarrobo, Tornquist, Suarez, Pigu\u00e9, Sierra de la Ventana, Villa Ventana, Cnel. Pringles, Cnel. Dorrego, Monte Hermoso, Cabildo, Saavedra y Goyena; la lista 1 \u00abGerm\u00e1n Abdala\u00bb encabezada por Viviana Marfil (ATE Bah\u00eca Blanca) obtuvo en la urna volante que circul\u00f3 entre las localidades de Goyena y Saavedra, durante apenas tres horas, la ins\u00f3lita suma de 106 votos un\u00e1nimemente destinados a la lista 1 de Viviana Marfil, sin posibilidad de fiscalizaci\u00f3n alguna de parte de las otras listas que competimos en la elecci\u00f3n.<\/em><br \/>\n<em>Por otro lado el candidato a Secretario General Adjunto de la lista 1 \u00abGerm\u00e1n Abdala\u00bb, Cristian Adri\u00e1n Garc\u00eda (SITRAIC), compa\u00f1ero de f\u00f3rmula de Viviana Marfil, no figuraba en el padr\u00f3n de esta regional y s\u00ed en el de Quilmes. As\u00ed y todo, con esa manifiesta ilegalidad, la Lista 1 fue oficializada por la Junta Electoral Nacional de la CTA Aut\u00f3noma.<\/em><br \/>\n<em>Estamos dispuestos a hacer las correspondientes denuncias en el \u00e1mbito del Ministerio de Trabajo y adem\u00e1s nos encontramos evaluando con nuestros asesores letrados la posibilidad y necesidad de iniciar un denuncia penal por fraude, sustituci\u00f3n de identidad, falsificaci\u00f3n de firmas, etc.<\/em><\/p>\n<p><a title=\"WhatsApp Image 2022-08-16 at 11.40.11 AM\" href=\"https:\/\/www.flickr.com\/photos\/182279889@N02\/52290162744\/in\/dateposted-public\/\" data-flickr-embed=\"true\"><img loading=\"lazy\" decoding=\"async\" src=\"https:\/\/live.staticflickr.com\/65535\/52290162744_9d3d02d4ef_c.jpg\" alt=\"WhatsApp Image 2022-08-16 at 11.40.11 AM\" width=\"794\" height=\"795\" \/><\/a><script async src=\"\/\/embedr.flickr.com\/assets\/client-code.js\" charset=\"utf-8\"><\/script><\/p>\n","protected":false},"excerpt":{"rendered":"<p>Dicha secci\u00f3n involucra a la comarca serrana. La lista 5, denominada \u201cvioleta\u201d, arremeti\u00f3 p\u00fablicamente contra los sufragios por considerarlos poco transparentes. Avanzar\u00edan ante la justicia.<\/p>\n","protected":false},"author":3,"featured_media":0,"comment_status":"closed","ping_status":"closed","sticky":false,"template":"","format":"standard","meta":{"footnotes":""},"categories":[24],"tags":[],"class_list":["post-76329","post","type-post","status-publish","format-standard","hentry","category-politica"],"yoast_head":"<!-- This site is optimized with the Yoast SEO plugin v25.9 - https:\/\/yoast.com\/wordpress\/plugins\/seo\/ -->\n<title>Denuncian fraude en las elecciones de la CTA Aut\u00f3noma Bah\u00eda Blanca \u2013 Cnel. Dorrego - Noticias Radio Reflejos<\/title>\n<meta name=\"robots\" content=\"index, follow, max-snippet:-1, max-image-preview:large, max-video-preview:-1\" \/>\n<link rel=\"canonical\" href=\"https:\/\/www.noticiasradioreflejos.com.ar\/2021\/denuncian-fraude-en-las-elecciones-de-la-cta-autonoma-bahia-blanca-cnel-dorrego\/\" \/>\n<meta property=\"og:locale\" content=\"es_ES\" \/>\n<meta property=\"og:type\" content=\"article\" \/>\n<meta property=\"og:title\" content=\"Denuncian fraude en las elecciones de la CTA Aut\u00f3noma Bah\u00eda Blanca \u2013 Cnel. Dorrego - Noticias Radio Reflejos\" \/>\n<meta property=\"og:description\" content=\"Dicha secci\u00f3n involucra a la comarca serrana. La lista 5, denominada \u201cvioleta\u201d, arremeti\u00f3 p\u00fablicamente contra los sufragios por considerarlos poco transparentes. Avanzar\u00edan ante la justicia.\" \/>\n<meta property=\"og:url\" content=\"https:\/\/www.noticiasradioreflejos.com.ar\/2021\/denuncian-fraude-en-las-elecciones-de-la-cta-autonoma-bahia-blanca-cnel-dorrego\/\" \/>\n<meta property=\"og:site_name\" content=\"Noticias Radio Reflejos\" \/>\n<meta property=\"article:published_time\" content=\"2022-08-16T15:03:07+00:00\" \/>\n<meta property=\"og:image\" content=\"https:\/\/live.staticflickr.com\/65535\/52290162744_9d3d02d4ef_c.jpg\" \/>\n<meta name=\"author\" content=\"Arnaldo Botto\" \/>\n<meta name=\"twitter:card\" content=\"summary_large_image\" \/>\n<script type=\"application\/ld+json\" class=\"yoast-schema-graph\">{\"@context\":\"https:\/\/schema.org\",\"@graph\":[{\"@type\":\"WebPage\",\"@id\":\"https:\/\/www.noticiasradioreflejos.com.ar\/2021\/denuncian-fraude-en-las-elecciones-de-la-cta-autonoma-bahia-blanca-cnel-dorrego\/\",\"url\":\"https:\/\/www.noticiasradioreflejos.com.ar\/2021\/denuncian-fraude-en-las-elecciones-de-la-cta-autonoma-bahia-blanca-cnel-dorrego\/\",\"name\":\"Denuncian fraude en las elecciones de la CTA Aut\u00f3noma Bah\u00eda Blanca \u2013 Cnel. Dorrego - Noticias Radio Reflejos\",\"isPartOf\":{\"@id\":\"https:\/\/www.noticiasradioreflejos.com.ar\/2021\/#website\"},\"primaryImageOfPage\":{\"@id\":\"https:\/\/www.noticiasradioreflejos.com.ar\/2021\/denuncian-fraude-en-las-elecciones-de-la-cta-autonoma-bahia-blanca-cnel-dorrego\/#primaryimage\"},\"image\":{\"@id\":\"https:\/\/www.noticiasradioreflejos.com.ar\/2021\/denuncian-fraude-en-las-elecciones-de-la-cta-autonoma-bahia-blanca-cnel-dorrego\/#primaryimage\"},\"thumbnailUrl\":\"https:\/\/live.staticflickr.com\/65535\/52290162744_9d3d02d4ef_c.jpg\",\"datePublished\":\"2022-08-16T15:03:07+00:00\",\"author\":{\"@id\":\"https:\/\/www.noticiasradioreflejos.com.ar\/2021\/#\/schema\/person\/ad82545263dcc5ec0996818884fd5fb1\"},\"breadcrumb\":{\"@id\":\"https:\/\/www.noticiasradioreflejos.com.ar\/2021\/denuncian-fraude-en-las-elecciones-de-la-cta-autonoma-bahia-blanca-cnel-dorrego\/#breadcrumb\"},\"inLanguage\":\"es\",\"potentialAction\":[{\"@type\":\"ReadAction\",\"target\":[\"https:\/\/www.noticiasradioreflejos.com.ar\/2021\/denuncian-fraude-en-las-elecciones-de-la-cta-autonoma-bahia-blanca-cnel-dorrego\/\"]}]},{\"@type\":\"ImageObject\",\"inLanguage\":\"es\",\"@id\":\"https:\/\/www.noticiasradioreflejos.com.ar\/2021\/denuncian-fraude-en-las-elecciones-de-la-cta-autonoma-bahia-blanca-cnel-dorrego\/#primaryimage\",\"url\":\"https:\/\/live.staticflickr.com\/65535\/52290162744_9d3d02d4ef_c.jpg\",\"contentUrl\":\"https:\/\/live.staticflickr.com\/65535\/52290162744_9d3d02d4ef_c.jpg\"},{\"@type\":\"BreadcrumbList\",\"@id\":\"https:\/\/www.noticiasradioreflejos.com.ar\/2021\/denuncian-fraude-en-las-elecciones-de-la-cta-autonoma-bahia-blanca-cnel-dorrego\/#breadcrumb\",\"itemListElement\":[{\"@type\":\"ListItem\",\"position\":1,\"name\":\"Portada\",\"item\":\"https:\/\/www.noticiasradioreflejos.com.ar\/2021\/\"},{\"@type\":\"ListItem\",\"position\":2,\"name\":\"Denuncian fraude en las elecciones de la CTA Aut\u00f3noma Bah\u00eda Blanca \u2013 Cnel. Dorrego\"}]},{\"@type\":\"WebSite\",\"@id\":\"https:\/\/www.noticiasradioreflejos.com.ar\/2021\/#website\",\"url\":\"https:\/\/www.noticiasradioreflejos.com.ar\/2021\/\",\"name\":\"Noticias Radio Reflejos\",\"description\":\"Las noticias de mi comarca\",\"potentialAction\":[{\"@type\":\"SearchAction\",\"target\":{\"@type\":\"EntryPoint\",\"urlTemplate\":\"https:\/\/www.noticiasradioreflejos.com.ar\/2021\/?s={search_term_string}\"},\"query-input\":{\"@type\":\"PropertyValueSpecification\",\"valueRequired\":true,\"valueName\":\"search_term_string\"}}],\"inLanguage\":\"es\"},{\"@type\":\"Person\",\"@id\":\"https:\/\/www.noticiasradioreflejos.com.ar\/2021\/#\/schema\/person\/ad82545263dcc5ec0996818884fd5fb1\",\"name\":\"Arnaldo Botto\",\"image\":{\"@type\":\"ImageObject\",\"inLanguage\":\"es\",\"@id\":\"https:\/\/www.noticiasradioreflejos.com.ar\/2021\/#\/schema\/person\/image\/\",\"url\":\"https:\/\/secure.gravatar.com\/avatar\/55cb5e37c1efa326397366e6974cb338056df65cb50e7d64d1cf314e87504837?s=96&d=mm&r=g\",\"contentUrl\":\"https:\/\/secure.gravatar.com\/avatar\/55cb5e37c1efa326397366e6974cb338056df65cb50e7d64d1cf314e87504837?s=96&d=mm&r=g\",\"caption\":\"Arnaldo Botto\"},\"url\":\"https:\/\/www.noticiasradioreflejos.com.ar\/2021\/author\/arnaldo\/\"}]}<\/script>\n<!-- \/ Yoast SEO plugin. -->","yoast_head_json":{"title":"Denuncian fraude en las elecciones de la CTA Aut\u00f3noma Bah\u00eda Blanca \u2013 Cnel. Dorrego - Noticias Radio Reflejos","robots":{"index":"index","follow":"follow","max-snippet":"max-snippet:-1","max-image-preview":"max-image-preview:large","max-video-preview":"max-video-preview:-1"},"canonical":"https:\/\/www.noticiasradioreflejos.com.ar\/2021\/denuncian-fraude-en-las-elecciones-de-la-cta-autonoma-bahia-blanca-cnel-dorrego\/","og_locale":"es_ES","og_type":"article","og_title":"Denuncian fraude en las elecciones de la CTA Aut\u00f3noma Bah\u00eda Blanca \u2013 Cnel. Dorrego - Noticias Radio Reflejos","og_description":"Dicha secci\u00f3n involucra a la comarca serrana. La lista 5, denominada \u201cvioleta\u201d, arremeti\u00f3 p\u00fablicamente contra los sufragios por considerarlos poco transparentes. Avanzar\u00edan ante la justicia.","og_url":"https:\/\/www.noticiasradioreflejos.com.ar\/2021\/denuncian-fraude-en-las-elecciones-de-la-cta-autonoma-bahia-blanca-cnel-dorrego\/","og_site_name":"Noticias Radio Reflejos","article_published_time":"2022-08-16T15:03:07+00:00","og_image":[{"url":"https:\/\/live.staticflickr.com\/65535\/52290162744_9d3d02d4ef_c.jpg","type":"","width":"","height":""}],"author":"Arnaldo Botto","twitter_card":"summary_large_image","schema":{"@context":"https:\/\/schema.org","@graph":[{"@type":"WebPage","@id":"https:\/\/www.noticiasradioreflejos.com.ar\/2021\/denuncian-fraude-en-las-elecciones-de-la-cta-autonoma-bahia-blanca-cnel-dorrego\/","url":"https:\/\/www.noticiasradioreflejos.com.ar\/2021\/denuncian-fraude-en-las-elecciones-de-la-cta-autonoma-bahia-blanca-cnel-dorrego\/","name":"Denuncian fraude en las elecciones de la CTA Aut\u00f3noma Bah\u00eda Blanca \u2013 Cnel. Dorrego - Noticias Radio Reflejos","isPartOf":{"@id":"https:\/\/www.noticiasradioreflejos.com.ar\/2021\/#website"},"primaryImageOfPage":{"@id":"https:\/\/www.noticiasradioreflejos.com.ar\/2021\/denuncian-fraude-en-las-elecciones-de-la-cta-autonoma-bahia-blanca-cnel-dorrego\/#primaryimage"},"image":{"@id":"https:\/\/www.noticiasradioreflejos.com.ar\/2021\/denuncian-fraude-en-las-elecciones-de-la-cta-autonoma-bahia-blanca-cnel-dorrego\/#primaryimage"},"thumbnailUrl":"https:\/\/live.staticflickr.com\/65535\/52290162744_9d3d02d4ef_c.jpg","datePublished":"2022-08-16T15:03:07+00:00","author":{"@id":"https:\/\/www.noticiasradioreflejos.com.ar\/2021\/#\/schema\/person\/ad82545263dcc5ec0996818884fd5fb1"},"breadcrumb":{"@id":"https:\/\/www.noticiasradioreflejos.com.ar\/2021\/denuncian-fraude-en-las-elecciones-de-la-cta-autonoma-bahia-blanca-cnel-dorrego\/#breadcrumb"},"inLanguage":"es","potentialAction":[{"@type":"ReadAction","target":["https:\/\/www.noticiasradioreflejos.com.ar\/2021\/denuncian-fraude-en-las-elecciones-de-la-cta-autonoma-bahia-blanca-cnel-dorrego\/"]}]},{"@type":"ImageObject","inLanguage":"es","@id":"https:\/\/www.noticiasradioreflejos.com.ar\/2021\/denuncian-fraude-en-las-elecciones-de-la-cta-autonoma-bahia-blanca-cnel-dorrego\/#primaryimage","url":"https:\/\/live.staticflickr.com\/65535\/52290162744_9d3d02d4ef_c.jpg","contentUrl":"https:\/\/live.staticflickr.com\/65535\/52290162744_9d3d02d4ef_c.jpg"},{"@type":"BreadcrumbList","@id":"https:\/\/www.noticiasradioreflejos.com.ar\/2021\/denuncian-fraude-en-las-elecciones-de-la-cta-autonoma-bahia-blanca-cnel-dorrego\/#breadcrumb","itemListElement":[{"@type":"ListItem","position":1,"name":"Portada","item":"https:\/\/www.noticiasradioreflejos.com.ar\/2021\/"},{"@type":"ListItem","position":2,"name":"Denuncian fraude en las elecciones de la CTA Aut\u00f3noma Bah\u00eda Blanca \u2013 Cnel. Dorrego"}]},{"@type":"WebSite","@id":"https:\/\/www.noticiasradioreflejos.com.ar\/2021\/#website","url":"https:\/\/www.noticiasradioreflejos.com.ar\/2021\/","name":"Noticias Radio Reflejos","description":"Las noticias de mi comarca","potentialAction":[{"@type":"SearchAction","target":{"@type":"EntryPoint","urlTemplate":"https:\/\/www.noticiasradioreflejos.com.ar\/2021\/?s={search_term_string}"},"query-input":{"@type":"PropertyValueSpecification","valueRequired":true,"valueName":"search_term_string"}}],"inLanguage":"es"},{"@type":"Person","@id":"https:\/\/www.noticiasradioreflejos.com.ar\/2021\/#\/schema\/person\/ad82545263dcc5ec0996818884fd5fb1","name":"Arnaldo Botto","image":{"@type":"ImageObject","inLanguage":"es","@id":"https:\/\/www.noticiasradioreflejos.com.ar\/2021\/#\/schema\/person\/image\/","url":"https:\/\/secure.gravatar.com\/avatar\/55cb5e37c1efa326397366e6974cb338056df65cb50e7d64d1cf314e87504837?s=96&d=mm&r=g","contentUrl":"https:\/\/secure.gravatar.com\/avatar\/55cb5e37c1efa326397366e6974cb338056df65cb50e7d64d1cf314e87504837?s=96&d=mm&r=g","caption":"Arnaldo Botto"},"url":"https:\/\/www.noticiasradioreflejos.com.ar\/2021\/author\/arnaldo\/"}]}},"_links":{"self":[{"href":"https:\/\/www.noticiasradioreflejos.com.ar\/2021\/wp-json\/wp\/v2\/posts\/76329","targetHints":{"allow":["GET"]}}],"collection":[{"href":"https:\/\/www.noticiasradioreflejos.com.ar\/2021\/wp-json\/wp\/v2\/posts"}],"about":[{"href":"https:\/\/www.noticiasradioreflejos.com.ar\/2021\/wp-json\/wp\/v2\/types\/post"}],"author":[{"embeddable":true,"href":"https:\/\/www.noticiasradioreflejos.com.ar\/2021\/wp-json\/wp\/v2\/users\/3"}],"replies":[{"embeddable":true,"href":"https:\/\/www.noticiasradioreflejos.com.ar\/2021\/wp-json\/wp\/v2\/comments?post=76329"}],"version-history":[{"count":2,"href":"https:\/\/www.noticiasradioreflejos.com.ar\/2021\/wp-json\/wp\/v2\/posts\/76329\/revisions"}],"predecessor-version":[{"id":76331,"href":"https:\/\/www.noticiasradioreflejos.com.ar\/2021\/wp-json\/wp\/v2\/posts\/76329\/revisions\/76331"}],"wp:attachment":[{"href":"https:\/\/www.noticiasradioreflejos.com.ar\/2021\/wp-json\/wp\/v2\/media?parent=76329"}],"wp:term":[{"taxonomy":"category","embeddable":true,"href":"https:\/\/www.noticiasradioreflejos.com.ar\/2021\/wp-json\/wp\/v2\/categories?post=76329"},{"taxonomy":"post_tag","embeddable":true,"href":"https:\/\/www.noticiasradioreflejos.com.ar\/2021\/wp-json\/wp\/v2\/tags?post=76329"}],"curies":[{"name":"wp","href":"https:\/\/api.w.org\/{rel}","templated":true}]}}