{"id":76326,"date":"2022-08-16T13:06:23","date_gmt":"2022-08-16T13:06:23","guid":{"rendered":"http:\/\/www.noticiasradioreflejos.com.ar\/2021\/?p=76326"},"modified":"2022-08-16T13:06:23","modified_gmt":"2022-08-16T13:06:23","slug":"desclasifican-la-fotografia-mas-real-de-un-ovni-hasta-la-fecha-tras-30-anos-de-ocultarla","status":"publish","type":"post","link":"https:\/\/www.noticiasradioreflejos.com.ar\/2021\/desclasifican-la-fotografia-mas-real-de-un-ovni-hasta-la-fecha-tras-30-anos-de-ocultarla\/","title":{"rendered":"Desclasifican la fotograf\u00eda m\u00e1s real de un OVNI hasta la fecha tras 30 a\u00f1os de ocultarla"},"content":{"rendered":"<p>Se conoce a este incidente como el Caso Calvine, por el nombre de la regi\u00f3n donde fue capturada la imagen.<br \/>\n<!--more--><br \/>\nLas teor\u00edas sobre la existencia de vida extraterrestre han estado casi siempre apoyadas por im\u00e1genes o videos que, aunque borrosos, suelen convencer a las personas de su veracidad. Pues, aunque no haya ninguna prueba de que somos los \u00fanicos seres vivos en la galaxia, d\u00e9cadas de investigaciones no han podido afirmar lo contrario.<\/p>\n<div class=\"chain chain-section | col-span-12 md:col-span-12 lg:col-span-12 space-y-2 \">\n<div class=\"block md:block lg:flex \">\n<section class=\"article-body grid md:grid lg:block prose prose-lg md:prose mx-auto space-y-3 font-primary\">\n<p class=\"prose-text\">Un\u00a0<a href=\"https:\/\/www.eluniverso.com\/temas\/ovni\/\" target=\"_blank\" rel=\"noopener\">OVNI\u00a0<\/a>(Objeto Volador No Identificado) capturado en 1990 en Reino Unido, cuya foto fue revelada recientemente por el Ministerio de esta naci\u00f3n, se ha convertido en una de las \u00faltimas pruebas sobre la existencia de vida extraterrestre e inteligente. El caso Calvine, como se conoce a este incidente, vuelve a causar revuelo 30 a\u00f1os despu\u00e9s.<\/p>\n<p class=\"prose-text\">El 4 de agosto de 1990, dos j\u00f3venes lograron fotografiar en la regi\u00f3n de Calvine, en Escocia, un objeto volador de aproximadamente 30 metros de largo, desde su escondite en unos arbustos. Junto al ovni, observaron un avi\u00f3n de la Real Fuerza A\u00e9rea que inspeccionaba de lejos el objeto.<\/p>\n<div class=\"inline-element\">\n<div><\/div>\n<\/div>\n<p class=\"prose-text\">Despu\u00e9s del susto inicial, los j\u00f3venes mandaron las im\u00e1genes al peri\u00f3dico Daily Record, en espera de que sean publicadas. Un periodista se puso en contacto con el Ministerio de Defensa para obtener una versi\u00f3n oficial del hecho, tras lo cual el gobierno se puso en contacto y pidi\u00f3 los negativos de las fotos para \u2018analizarlos\u2019. Nunca fueron devueltos y el caso fue archivado por tres d\u00e9cadas.<\/p>\n<p class=\"prose-text\">Craig Lindsay, un oficial de prensa retirado de la Real Fuerza A\u00e9rea, junto al periodista David Clark, recuperaron las im\u00e1genes como parte del proyecto UAP Media UK, que trae a discusi\u00f3n el tema de los ovnis en los medios de comunicaci\u00f3n del Reino Unido. Su trabajo logr\u00f3 hacer p\u00fablicas las fotos que ahora son una prueba m\u00e1s de la posible vida extraterrestre.<\/p>\n<\/section>\n<\/div>\n<\/div>\n<p>&nbsp;<\/p>\n<p><strong>Fuente : El Universo<\/strong><\/p>\n","protected":false},"excerpt":{"rendered":"<p>Se conoce a este incidente como el Caso Calvine, por el nombre de la regi\u00f3n donde fue capturada la imagen.<\/p>\n","protected":false},"author":3,"featured_media":76327,"comment_status":"closed","ping_status":"closed","sticky":false,"template":"","format":"standard","meta":{"footnotes":""},"categories":[46],"tags":[],"class_list":["post-76326","post","type-post","status-publish","format-standard","has-post-thumbnail","hentry","category-ciencia-y-tecnologia"],"yoast_head":"<!-- This site is optimized with the Yoast SEO plugin v25.9 - https:\/\/yoast.com\/wordpress\/plugins\/seo\/ -->\n<title>Desclasifican la fotograf\u00eda m\u00e1s real de un OVNI hasta la fecha tras 30 a\u00f1os de ocultarla - Noticias Radio Reflejos<\/title>\n<meta name=\"robots\" content=\"index, follow, max-snippet:-1, max-image-preview:large, max-video-preview:-1\" \/>\n<link rel=\"canonical\" href=\"https:\/\/www.noticiasradioreflejos.com.ar\/2021\/desclasifican-la-fotografia-mas-real-de-un-ovni-hasta-la-fecha-tras-30-anos-de-ocultarla\/\" \/>\n<meta property=\"og:locale\" content=\"es_ES\" \/>\n<meta property=\"og:type\" content=\"article\" \/>\n<meta property=\"og:title\" content=\"Desclasifican la fotograf\u00eda m\u00e1s real de un OVNI hasta la fecha tras 30 a\u00f1os de ocultarla - Noticias Radio Reflejos\" \/>\n<meta property=\"og:description\" content=\"Se conoce a este incidente como el Caso Calvine, por el nombre de la regi\u00f3n donde fue capturada la imagen.\" \/>\n<meta property=\"og:url\" content=\"https:\/\/www.noticiasradioreflejos.com.ar\/2021\/desclasifican-la-fotografia-mas-real-de-un-ovni-hasta-la-fecha-tras-30-anos-de-ocultarla\/\" \/>\n<meta property=\"og:site_name\" content=\"Noticias Radio Reflejos\" \/>\n<meta property=\"article:published_time\" content=\"2022-08-16T13:06:23+00:00\" \/>\n<meta property=\"og:image\" content=\"https:\/\/www.noticiasradioreflejos.com.ar\/2021\/wp-content\/uploads\/2022\/08\/Ovni.jpg\" \/>\n\t<meta property=\"og:image:width\" content=\"893\" \/>\n\t<meta property=\"og:image:height\" content=\"670\" \/>\n\t<meta property=\"og:image:type\" content=\"image\/jpeg\" \/>\n<meta name=\"author\" content=\"Arnaldo Botto\" \/>\n<meta name=\"twitter:card\" content=\"summary_large_image\" \/>\n<script type=\"application\/ld+json\" class=\"yoast-schema-graph\">{\"@context\":\"https:\/\/schema.org\",\"@graph\":[{\"@type\":\"WebPage\",\"@id\":\"https:\/\/www.noticiasradioreflejos.com.ar\/2021\/desclasifican-la-fotografia-mas-real-de-un-ovni-hasta-la-fecha-tras-30-anos-de-ocultarla\/\",\"url\":\"https:\/\/www.noticiasradioreflejos.com.ar\/2021\/desclasifican-la-fotografia-mas-real-de-un-ovni-hasta-la-fecha-tras-30-anos-de-ocultarla\/\",\"name\":\"Desclasifican la fotograf\u00eda m\u00e1s real de un OVNI hasta la fecha tras 30 a\u00f1os de ocultarla - Noticias Radio Reflejos\",\"isPartOf\":{\"@id\":\"https:\/\/www.noticiasradioreflejos.com.ar\/2021\/#website\"},\"primaryImageOfPage\":{\"@id\":\"https:\/\/www.noticiasradioreflejos.com.ar\/2021\/desclasifican-la-fotografia-mas-real-de-un-ovni-hasta-la-fecha-tras-30-anos-de-ocultarla\/#primaryimage\"},\"image\":{\"@id\":\"https:\/\/www.noticiasradioreflejos.com.ar\/2021\/desclasifican-la-fotografia-mas-real-de-un-ovni-hasta-la-fecha-tras-30-anos-de-ocultarla\/#primaryimage\"},\"thumbnailUrl\":\"https:\/\/www.noticiasradioreflejos.com.ar\/2021\/wp-content\/uploads\/2022\/08\/Ovni.jpg\",\"datePublished\":\"2022-08-16T13:06:23+00:00\",\"author\":{\"@id\":\"https:\/\/www.noticiasradioreflejos.com.ar\/2021\/#\/schema\/person\/ad82545263dcc5ec0996818884fd5fb1\"},\"breadcrumb\":{\"@id\":\"https:\/\/www.noticiasradioreflejos.com.ar\/2021\/desclasifican-la-fotografia-mas-real-de-un-ovni-hasta-la-fecha-tras-30-anos-de-ocultarla\/#breadcrumb\"},\"inLanguage\":\"es\",\"potentialAction\":[{\"@type\":\"ReadAction\",\"target\":[\"https:\/\/www.noticiasradioreflejos.com.ar\/2021\/desclasifican-la-fotografia-mas-real-de-un-ovni-hasta-la-fecha-tras-30-anos-de-ocultarla\/\"]}]},{\"@type\":\"ImageObject\",\"inLanguage\":\"es\",\"@id\":\"https:\/\/www.noticiasradioreflejos.com.ar\/2021\/desclasifican-la-fotografia-mas-real-de-un-ovni-hasta-la-fecha-tras-30-anos-de-ocultarla\/#primaryimage\",\"url\":\"https:\/\/www.noticiasradioreflejos.com.ar\/2021\/wp-content\/uploads\/2022\/08\/Ovni.jpg\",\"contentUrl\":\"https:\/\/www.noticiasradioreflejos.com.ar\/2021\/wp-content\/uploads\/2022\/08\/Ovni.jpg\",\"width\":893,\"height\":670},{\"@type\":\"BreadcrumbList\",\"@id\":\"https:\/\/www.noticiasradioreflejos.com.ar\/2021\/desclasifican-la-fotografia-mas-real-de-un-ovni-hasta-la-fecha-tras-30-anos-de-ocultarla\/#breadcrumb\",\"itemListElement\":[{\"@type\":\"ListItem\",\"position\":1,\"name\":\"Portada\",\"item\":\"https:\/\/www.noticiasradioreflejos.com.ar\/2021\/\"},{\"@type\":\"ListItem\",\"position\":2,\"name\":\"Desclasifican la fotograf\u00eda m\u00e1s real de un OVNI hasta la fecha tras 30 a\u00f1os de ocultarla\"}]},{\"@type\":\"WebSite\",\"@id\":\"https:\/\/www.noticiasradioreflejos.com.ar\/2021\/#website\",\"url\":\"https:\/\/www.noticiasradioreflejos.com.ar\/2021\/\",\"name\":\"Noticias Radio Reflejos\",\"description\":\"Las noticias de mi comarca\",\"potentialAction\":[{\"@type\":\"SearchAction\",\"target\":{\"@type\":\"EntryPoint\",\"urlTemplate\":\"https:\/\/www.noticiasradioreflejos.com.ar\/2021\/?s={search_term_string}\"},\"query-input\":{\"@type\":\"PropertyValueSpecification\",\"valueRequired\":true,\"valueName\":\"search_term_string\"}}],\"inLanguage\":\"es\"},{\"@type\":\"Person\",\"@id\":\"https:\/\/www.noticiasradioreflejos.com.ar\/2021\/#\/schema\/person\/ad82545263dcc5ec0996818884fd5fb1\",\"name\":\"Arnaldo Botto\",\"image\":{\"@type\":\"ImageObject\",\"inLanguage\":\"es\",\"@id\":\"https:\/\/www.noticiasradioreflejos.com.ar\/2021\/#\/schema\/person\/image\/\",\"url\":\"https:\/\/secure.gravatar.com\/avatar\/55cb5e37c1efa326397366e6974cb338056df65cb50e7d64d1cf314e87504837?s=96&d=mm&r=g\",\"contentUrl\":\"https:\/\/secure.gravatar.com\/avatar\/55cb5e37c1efa326397366e6974cb338056df65cb50e7d64d1cf314e87504837?s=96&d=mm&r=g\",\"caption\":\"Arnaldo Botto\"},\"url\":\"https:\/\/www.noticiasradioreflejos.com.ar\/2021\/author\/arnaldo\/\"}]}<\/script>\n<!-- \/ Yoast SEO plugin. -->","yoast_head_json":{"title":"Desclasifican la fotograf\u00eda m\u00e1s real de un OVNI hasta la fecha tras 30 a\u00f1os de ocultarla - Noticias Radio Reflejos","robots":{"index":"index","follow":"follow","max-snippet":"max-snippet:-1","max-image-preview":"max-image-preview:large","max-video-preview":"max-video-preview:-1"},"canonical":"https:\/\/www.noticiasradioreflejos.com.ar\/2021\/desclasifican-la-fotografia-mas-real-de-un-ovni-hasta-la-fecha-tras-30-anos-de-ocultarla\/","og_locale":"es_ES","og_type":"article","og_title":"Desclasifican la fotograf\u00eda m\u00e1s real de un OVNI hasta la fecha tras 30 a\u00f1os de ocultarla - Noticias Radio Reflejos","og_description":"Se conoce a este incidente como el Caso Calvine, por el nombre de la regi\u00f3n donde fue capturada la imagen.","og_url":"https:\/\/www.noticiasradioreflejos.com.ar\/2021\/desclasifican-la-fotografia-mas-real-de-un-ovni-hasta-la-fecha-tras-30-anos-de-ocultarla\/","og_site_name":"Noticias Radio Reflejos","article_published_time":"2022-08-16T13:06:23+00:00","og_image":[{"width":893,"height":670,"url":"https:\/\/www.noticiasradioreflejos.com.ar\/2021\/wp-content\/uploads\/2022\/08\/Ovni.jpg","type":"image\/jpeg"}],"author":"Arnaldo Botto","twitter_card":"summary_large_image","schema":{"@context":"https:\/\/schema.org","@graph":[{"@type":"WebPage","@id":"https:\/\/www.noticiasradioreflejos.com.ar\/2021\/desclasifican-la-fotografia-mas-real-de-un-ovni-hasta-la-fecha-tras-30-anos-de-ocultarla\/","url":"https:\/\/www.noticiasradioreflejos.com.ar\/2021\/desclasifican-la-fotografia-mas-real-de-un-ovni-hasta-la-fecha-tras-30-anos-de-ocultarla\/","name":"Desclasifican la fotograf\u00eda m\u00e1s real de un OVNI hasta la fecha tras 30 a\u00f1os de ocultarla - Noticias Radio Reflejos","isPartOf":{"@id":"https:\/\/www.noticiasradioreflejos.com.ar\/2021\/#website"},"primaryImageOfPage":{"@id":"https:\/\/www.noticiasradioreflejos.com.ar\/2021\/desclasifican-la-fotografia-mas-real-de-un-ovni-hasta-la-fecha-tras-30-anos-de-ocultarla\/#primaryimage"},"image":{"@id":"https:\/\/www.noticiasradioreflejos.com.ar\/2021\/desclasifican-la-fotografia-mas-real-de-un-ovni-hasta-la-fecha-tras-30-anos-de-ocultarla\/#primaryimage"},"thumbnailUrl":"https:\/\/www.noticiasradioreflejos.com.ar\/2021\/wp-content\/uploads\/2022\/08\/Ovni.jpg","datePublished":"2022-08-16T13:06:23+00:00","author":{"@id":"https:\/\/www.noticiasradioreflejos.com.ar\/2021\/#\/schema\/person\/ad82545263dcc5ec0996818884fd5fb1"},"breadcrumb":{"@id":"https:\/\/www.noticiasradioreflejos.com.ar\/2021\/desclasifican-la-fotografia-mas-real-de-un-ovni-hasta-la-fecha-tras-30-anos-de-ocultarla\/#breadcrumb"},"inLanguage":"es","potentialAction":[{"@type":"ReadAction","target":["https:\/\/www.noticiasradioreflejos.com.ar\/2021\/desclasifican-la-fotografia-mas-real-de-un-ovni-hasta-la-fecha-tras-30-anos-de-ocultarla\/"]}]},{"@type":"ImageObject","inLanguage":"es","@id":"https:\/\/www.noticiasradioreflejos.com.ar\/2021\/desclasifican-la-fotografia-mas-real-de-un-ovni-hasta-la-fecha-tras-30-anos-de-ocultarla\/#primaryimage","url":"https:\/\/www.noticiasradioreflejos.com.ar\/2021\/wp-content\/uploads\/2022\/08\/Ovni.jpg","contentUrl":"https:\/\/www.noticiasradioreflejos.com.ar\/2021\/wp-content\/uploads\/2022\/08\/Ovni.jpg","width":893,"height":670},{"@type":"BreadcrumbList","@id":"https:\/\/www.noticiasradioreflejos.com.ar\/2021\/desclasifican-la-fotografia-mas-real-de-un-ovni-hasta-la-fecha-tras-30-anos-de-ocultarla\/#breadcrumb","itemListElement":[{"@type":"ListItem","position":1,"name":"Portada","item":"https:\/\/www.noticiasradioreflejos.com.ar\/2021\/"},{"@type":"ListItem","position":2,"name":"Desclasifican la fotograf\u00eda m\u00e1s real de un OVNI hasta la fecha tras 30 a\u00f1os de ocultarla"}]},{"@type":"WebSite","@id":"https:\/\/www.noticiasradioreflejos.com.ar\/2021\/#website","url":"https:\/\/www.noticiasradioreflejos.com.ar\/2021\/","name":"Noticias Radio Reflejos","description":"Las noticias de mi comarca","potentialAction":[{"@type":"SearchAction","target":{"@type":"EntryPoint","urlTemplate":"https:\/\/www.noticiasradioreflejos.com.ar\/2021\/?s={search_term_string}"},"query-input":{"@type":"PropertyValueSpecification","valueRequired":true,"valueName":"search_term_string"}}],"inLanguage":"es"},{"@type":"Person","@id":"https:\/\/www.noticiasradioreflejos.com.ar\/2021\/#\/schema\/person\/ad82545263dcc5ec0996818884fd5fb1","name":"Arnaldo Botto","image":{"@type":"ImageObject","inLanguage":"es","@id":"https:\/\/www.noticiasradioreflejos.com.ar\/2021\/#\/schema\/person\/image\/","url":"https:\/\/secure.gravatar.com\/avatar\/55cb5e37c1efa326397366e6974cb338056df65cb50e7d64d1cf314e87504837?s=96&d=mm&r=g","contentUrl":"https:\/\/secure.gravatar.com\/avatar\/55cb5e37c1efa326397366e6974cb338056df65cb50e7d64d1cf314e87504837?s=96&d=mm&r=g","caption":"Arnaldo Botto"},"url":"https:\/\/www.noticiasradioreflejos.com.ar\/2021\/author\/arnaldo\/"}]}},"_links":{"self":[{"href":"https:\/\/www.noticiasradioreflejos.com.ar\/2021\/wp-json\/wp\/v2\/posts\/76326","targetHints":{"allow":["GET"]}}],"collection":[{"href":"https:\/\/www.noticiasradioreflejos.com.ar\/2021\/wp-json\/wp\/v2\/posts"}],"about":[{"href":"https:\/\/www.noticiasradioreflejos.com.ar\/2021\/wp-json\/wp\/v2\/types\/post"}],"author":[{"embeddable":true,"href":"https:\/\/www.noticiasradioreflejos.com.ar\/2021\/wp-json\/wp\/v2\/users\/3"}],"replies":[{"embeddable":true,"href":"https:\/\/www.noticiasradioreflejos.com.ar\/2021\/wp-json\/wp\/v2\/comments?post=76326"}],"version-history":[{"count":1,"href":"https:\/\/www.noticiasradioreflejos.com.ar\/2021\/wp-json\/wp\/v2\/posts\/76326\/revisions"}],"predecessor-version":[{"id":76328,"href":"https:\/\/www.noticiasradioreflejos.com.ar\/2021\/wp-json\/wp\/v2\/posts\/76326\/revisions\/76328"}],"wp:featuredmedia":[{"embeddable":true,"href":"https:\/\/www.noticiasradioreflejos.com.ar\/2021\/wp-json\/wp\/v2\/media\/76327"}],"wp:attachment":[{"href":"https:\/\/www.noticiasradioreflejos.com.ar\/2021\/wp-json\/wp\/v2\/media?parent=76326"}],"wp:term":[{"taxonomy":"category","embeddable":true,"href":"https:\/\/www.noticiasradioreflejos.com.ar\/2021\/wp-json\/wp\/v2\/categories?post=76326"},{"taxonomy":"post_tag","embeddable":true,"href":"https:\/\/www.noticiasradioreflejos.com.ar\/2021\/wp-json\/wp\/v2\/tags?post=76326"}],"curies":[{"name":"wp","href":"https:\/\/api.w.org\/{rel}","templated":true}]}}