{"id":76315,"date":"2022-08-16T11:01:02","date_gmt":"2022-08-16T11:01:02","guid":{"rendered":"http:\/\/www.noticiasradioreflejos.com.ar\/2021\/?p=76315"},"modified":"2022-08-16T11:01:02","modified_gmt":"2022-08-16T11:01:02","slug":"el-festival-tornquist-patria-y-folklore-volvio-con-una-amplia-propuesta-artistica","status":"publish","type":"post","link":"https:\/\/www.noticiasradioreflejos.com.ar\/2021\/el-festival-tornquist-patria-y-folklore-volvio-con-una-amplia-propuesta-artistica\/","title":{"rendered":"El festival \u2018Tornquist, Patria y Folklore\u2019 volvi\u00f3 con una amplia propuesta art\u00edstica"},"content":{"rendered":"<p>Tras no poder realizarse durante los dos \u00faltimos a\u00f1os por las restricciones durante la pandemia de Covid-19, este domingo volvi\u00f3 a tener lugar el \u2018Tornquist, Patria y Folklore\u2019, el tradicional festival llevado adelante por la Escuela Folkl\u00f3rica Municipal (EFM) y que en este 2022 tuvo su 34\u00b0 edici\u00f3n.<!--more--><\/p>\n<p><a title=\"DSC_0877\" href=\"https:\/\/www.flickr.com\/photos\/182279889@N02\/52289761809\/in\/dateposted-public\/\" data-flickr-embed=\"true\"><img loading=\"lazy\" decoding=\"async\" src=\"https:\/\/live.staticflickr.com\/65535\/52289761809_57dda450c2_c.jpg\" alt=\"DSC_0877\" width=\"800\" height=\"533\" \/><\/a><script async src=\"\/\/embedr.flickr.com\/assets\/client-code.js\" charset=\"utf-8\"><\/script><\/p>\n<p>El evento se desarroll\u00f3 en el Polideportivo \u2018Mario Gandini\u2019 del Automoto Club Deportivo de Tornquist, con la presencia de m\u00e1s de 500 personas y una amplia gama de expresiones vinculadas al folklore que se presentaron sobre el escenario.<\/p>\n<p>Adem\u00e1s de los todos los cuerpos de baile de la EFM, dijeron presente pe\u00f1as y agrupaciones de diferentes puntos de la regi\u00f3n, como Pe\u00f1a Huinca Malal, Aparceros, Estrella Sure\u00f1a, Renaciendo Danza y Patria, Agrupaci\u00f3n los Amigos, Mal\u00f3n Sure\u00f1o, el Nuevo Amanecer, Pe\u00f1a El Estribo, Amigos del Folklore, Pe\u00f1a Mart\u00edn Fierro, Centro Municipal de Estudios Folkl\u00f3ricos, Taller Sol y Sierra.<\/p>\n<p><a title=\"DSC_1043\" href=\"https:\/\/www.flickr.com\/photos\/182279889@N02\/52289490426\/in\/dateposted-public\/\" data-flickr-embed=\"true\"><img loading=\"lazy\" decoding=\"async\" src=\"https:\/\/live.staticflickr.com\/65535\/52289490426_30915eb80d_c.jpg\" alt=\"DSC_1043\" width=\"800\" height=\"533\" \/><\/a><script async src=\"\/\/embedr.flickr.com\/assets\/client-code.js\" charset=\"utf-8\"><\/script><\/p>\n<p>Asimismo, deleitaron con su performance parejas de distintos ritmos, como tango y folklore, conformadas por Jujy y Daniel, Blanca y Hugo, M\u00f3nica y Diego, y An\u00edbal y Romina; los artistas locales Carlos Porsel y Grupo Sonkoy, y, con su presentaci\u00f3n estelar, la banda folkl\u00f3rica salte\u00f1a Kaymanta.<\/p>\n<p>Estuvo presente durante la noche, el intendente Sergio Bordoni y parte del gabinete ejecutivo.<\/p>\n<p><a title=\"DSC_0989\" href=\"https:\/\/www.flickr.com\/photos\/182279889@N02\/52288517852\/in\/dateposted-public\/\" data-flickr-embed=\"true\"><img loading=\"lazy\" decoding=\"async\" src=\"https:\/\/live.staticflickr.com\/65535\/52288517852_30b93da6e8_c.jpg\" alt=\"DSC_0989\" width=\"800\" height=\"533\" \/><\/a><\/p>\n<p><a title=\"DSC_1009\" href=\"https:\/\/www.flickr.com\/photos\/182279889@N02\/52288517842\/in\/dateposted-public\/\" data-flickr-embed=\"true\"><img loading=\"lazy\" decoding=\"async\" src=\"https:\/\/live.staticflickr.com\/65535\/52288517842_f7a09f9704_c.jpg\" alt=\"DSC_1009\" width=\"800\" height=\"533\" \/><\/a><\/p>\n","protected":false},"excerpt":{"rendered":"<p>Tras no poder realizarse durante los dos \u00faltimos a\u00f1os por las restricciones durante la pandemia de Covid-19, este domingo volvi\u00f3 a tener lugar el \u2018Tornquist, Patria y Folklore\u2019, el tradicional festival llevado adelante por la Escuela Folkl\u00f3rica Municipal (EFM) y que en este 2022 tuvo su 34\u00b0 edici\u00f3n.<\/p>\n","protected":false},"author":3,"featured_media":0,"comment_status":"closed","ping_status":"closed","sticky":false,"template":"","format":"standard","meta":{"footnotes":""},"categories":[35,28,26],"tags":[],"class_list":["post-76315","post","type-post","status-publish","format-standard","hentry","category-cultura","category-municipales","category-sociedad"],"yoast_head":"<!-- This site is optimized with the Yoast SEO plugin v25.9 - https:\/\/yoast.com\/wordpress\/plugins\/seo\/ -->\n<title>El festival \u2018Tornquist, Patria y Folklore\u2019 volvi\u00f3 con una amplia propuesta art\u00edstica - Noticias Radio Reflejos<\/title>\n<meta name=\"robots\" content=\"index, follow, max-snippet:-1, max-image-preview:large, max-video-preview:-1\" \/>\n<link rel=\"canonical\" href=\"https:\/\/www.noticiasradioreflejos.com.ar\/2021\/el-festival-tornquist-patria-y-folklore-volvio-con-una-amplia-propuesta-artistica\/\" \/>\n<meta property=\"og:locale\" content=\"es_ES\" \/>\n<meta property=\"og:type\" content=\"article\" \/>\n<meta property=\"og:title\" content=\"El festival \u2018Tornquist, Patria y Folklore\u2019 volvi\u00f3 con una amplia propuesta art\u00edstica - Noticias Radio Reflejos\" \/>\n<meta property=\"og:description\" content=\"Tras no poder realizarse durante los dos \u00faltimos a\u00f1os por las restricciones durante la pandemia de Covid-19, este domingo volvi\u00f3 a tener lugar el \u2018Tornquist, Patria y Folklore\u2019, el tradicional festival llevado adelante por la Escuela Folkl\u00f3rica Municipal (EFM) y que en este 2022 tuvo su 34\u00b0 edici\u00f3n.\" \/>\n<meta property=\"og:url\" content=\"https:\/\/www.noticiasradioreflejos.com.ar\/2021\/el-festival-tornquist-patria-y-folklore-volvio-con-una-amplia-propuesta-artistica\/\" \/>\n<meta property=\"og:site_name\" content=\"Noticias Radio Reflejos\" \/>\n<meta property=\"article:published_time\" content=\"2022-08-16T11:01:02+00:00\" \/>\n<meta property=\"og:image\" content=\"https:\/\/live.staticflickr.com\/65535\/52289761809_57dda450c2_c.jpg\" \/>\n<meta name=\"author\" content=\"Arnaldo Botto\" \/>\n<meta name=\"twitter:card\" content=\"summary_large_image\" \/>\n<script type=\"application\/ld+json\" class=\"yoast-schema-graph\">{\"@context\":\"https:\/\/schema.org\",\"@graph\":[{\"@type\":\"WebPage\",\"@id\":\"https:\/\/www.noticiasradioreflejos.com.ar\/2021\/el-festival-tornquist-patria-y-folklore-volvio-con-una-amplia-propuesta-artistica\/\",\"url\":\"https:\/\/www.noticiasradioreflejos.com.ar\/2021\/el-festival-tornquist-patria-y-folklore-volvio-con-una-amplia-propuesta-artistica\/\",\"name\":\"El festival \u2018Tornquist, Patria y Folklore\u2019 volvi\u00f3 con una amplia propuesta art\u00edstica - Noticias Radio Reflejos\",\"isPartOf\":{\"@id\":\"https:\/\/www.noticiasradioreflejos.com.ar\/2021\/#website\"},\"primaryImageOfPage\":{\"@id\":\"https:\/\/www.noticiasradioreflejos.com.ar\/2021\/el-festival-tornquist-patria-y-folklore-volvio-con-una-amplia-propuesta-artistica\/#primaryimage\"},\"image\":{\"@id\":\"https:\/\/www.noticiasradioreflejos.com.ar\/2021\/el-festival-tornquist-patria-y-folklore-volvio-con-una-amplia-propuesta-artistica\/#primaryimage\"},\"thumbnailUrl\":\"https:\/\/live.staticflickr.com\/65535\/52289761809_57dda450c2_c.jpg\",\"datePublished\":\"2022-08-16T11:01:02+00:00\",\"author\":{\"@id\":\"https:\/\/www.noticiasradioreflejos.com.ar\/2021\/#\/schema\/person\/ad82545263dcc5ec0996818884fd5fb1\"},\"breadcrumb\":{\"@id\":\"https:\/\/www.noticiasradioreflejos.com.ar\/2021\/el-festival-tornquist-patria-y-folklore-volvio-con-una-amplia-propuesta-artistica\/#breadcrumb\"},\"inLanguage\":\"es\",\"potentialAction\":[{\"@type\":\"ReadAction\",\"target\":[\"https:\/\/www.noticiasradioreflejos.com.ar\/2021\/el-festival-tornquist-patria-y-folklore-volvio-con-una-amplia-propuesta-artistica\/\"]}]},{\"@type\":\"ImageObject\",\"inLanguage\":\"es\",\"@id\":\"https:\/\/www.noticiasradioreflejos.com.ar\/2021\/el-festival-tornquist-patria-y-folklore-volvio-con-una-amplia-propuesta-artistica\/#primaryimage\",\"url\":\"https:\/\/live.staticflickr.com\/65535\/52289761809_57dda450c2_c.jpg\",\"contentUrl\":\"https:\/\/live.staticflickr.com\/65535\/52289761809_57dda450c2_c.jpg\"},{\"@type\":\"BreadcrumbList\",\"@id\":\"https:\/\/www.noticiasradioreflejos.com.ar\/2021\/el-festival-tornquist-patria-y-folklore-volvio-con-una-amplia-propuesta-artistica\/#breadcrumb\",\"itemListElement\":[{\"@type\":\"ListItem\",\"position\":1,\"name\":\"Portada\",\"item\":\"https:\/\/www.noticiasradioreflejos.com.ar\/2021\/\"},{\"@type\":\"ListItem\",\"position\":2,\"name\":\"El festival \u2018Tornquist, Patria y Folklore\u2019 volvi\u00f3 con una amplia propuesta art\u00edstica\"}]},{\"@type\":\"WebSite\",\"@id\":\"https:\/\/www.noticiasradioreflejos.com.ar\/2021\/#website\",\"url\":\"https:\/\/www.noticiasradioreflejos.com.ar\/2021\/\",\"name\":\"Noticias Radio Reflejos\",\"description\":\"Las noticias de mi comarca\",\"potentialAction\":[{\"@type\":\"SearchAction\",\"target\":{\"@type\":\"EntryPoint\",\"urlTemplate\":\"https:\/\/www.noticiasradioreflejos.com.ar\/2021\/?s={search_term_string}\"},\"query-input\":{\"@type\":\"PropertyValueSpecification\",\"valueRequired\":true,\"valueName\":\"search_term_string\"}}],\"inLanguage\":\"es\"},{\"@type\":\"Person\",\"@id\":\"https:\/\/www.noticiasradioreflejos.com.ar\/2021\/#\/schema\/person\/ad82545263dcc5ec0996818884fd5fb1\",\"name\":\"Arnaldo Botto\",\"image\":{\"@type\":\"ImageObject\",\"inLanguage\":\"es\",\"@id\":\"https:\/\/www.noticiasradioreflejos.com.ar\/2021\/#\/schema\/person\/image\/\",\"url\":\"https:\/\/secure.gravatar.com\/avatar\/55cb5e37c1efa326397366e6974cb338056df65cb50e7d64d1cf314e87504837?s=96&d=mm&r=g\",\"contentUrl\":\"https:\/\/secure.gravatar.com\/avatar\/55cb5e37c1efa326397366e6974cb338056df65cb50e7d64d1cf314e87504837?s=96&d=mm&r=g\",\"caption\":\"Arnaldo Botto\"},\"url\":\"https:\/\/www.noticiasradioreflejos.com.ar\/2021\/author\/arnaldo\/\"}]}<\/script>\n<!-- \/ Yoast SEO plugin. -->","yoast_head_json":{"title":"El festival \u2018Tornquist, Patria y Folklore\u2019 volvi\u00f3 con una amplia propuesta art\u00edstica - Noticias Radio Reflejos","robots":{"index":"index","follow":"follow","max-snippet":"max-snippet:-1","max-image-preview":"max-image-preview:large","max-video-preview":"max-video-preview:-1"},"canonical":"https:\/\/www.noticiasradioreflejos.com.ar\/2021\/el-festival-tornquist-patria-y-folklore-volvio-con-una-amplia-propuesta-artistica\/","og_locale":"es_ES","og_type":"article","og_title":"El festival \u2018Tornquist, Patria y Folklore\u2019 volvi\u00f3 con una amplia propuesta art\u00edstica - Noticias Radio Reflejos","og_description":"Tras no poder realizarse durante los dos \u00faltimos a\u00f1os por las restricciones durante la pandemia de Covid-19, este domingo volvi\u00f3 a tener lugar el \u2018Tornquist, Patria y Folklore\u2019, el tradicional festival llevado adelante por la Escuela Folkl\u00f3rica Municipal (EFM) y que en este 2022 tuvo su 34\u00b0 edici\u00f3n.","og_url":"https:\/\/www.noticiasradioreflejos.com.ar\/2021\/el-festival-tornquist-patria-y-folklore-volvio-con-una-amplia-propuesta-artistica\/","og_site_name":"Noticias Radio Reflejos","article_published_time":"2022-08-16T11:01:02+00:00","og_image":[{"url":"https:\/\/live.staticflickr.com\/65535\/52289761809_57dda450c2_c.jpg","type":"","width":"","height":""}],"author":"Arnaldo Botto","twitter_card":"summary_large_image","schema":{"@context":"https:\/\/schema.org","@graph":[{"@type":"WebPage","@id":"https:\/\/www.noticiasradioreflejos.com.ar\/2021\/el-festival-tornquist-patria-y-folklore-volvio-con-una-amplia-propuesta-artistica\/","url":"https:\/\/www.noticiasradioreflejos.com.ar\/2021\/el-festival-tornquist-patria-y-folklore-volvio-con-una-amplia-propuesta-artistica\/","name":"El festival \u2018Tornquist, Patria y Folklore\u2019 volvi\u00f3 con una amplia propuesta art\u00edstica - Noticias Radio Reflejos","isPartOf":{"@id":"https:\/\/www.noticiasradioreflejos.com.ar\/2021\/#website"},"primaryImageOfPage":{"@id":"https:\/\/www.noticiasradioreflejos.com.ar\/2021\/el-festival-tornquist-patria-y-folklore-volvio-con-una-amplia-propuesta-artistica\/#primaryimage"},"image":{"@id":"https:\/\/www.noticiasradioreflejos.com.ar\/2021\/el-festival-tornquist-patria-y-folklore-volvio-con-una-amplia-propuesta-artistica\/#primaryimage"},"thumbnailUrl":"https:\/\/live.staticflickr.com\/65535\/52289761809_57dda450c2_c.jpg","datePublished":"2022-08-16T11:01:02+00:00","author":{"@id":"https:\/\/www.noticiasradioreflejos.com.ar\/2021\/#\/schema\/person\/ad82545263dcc5ec0996818884fd5fb1"},"breadcrumb":{"@id":"https:\/\/www.noticiasradioreflejos.com.ar\/2021\/el-festival-tornquist-patria-y-folklore-volvio-con-una-amplia-propuesta-artistica\/#breadcrumb"},"inLanguage":"es","potentialAction":[{"@type":"ReadAction","target":["https:\/\/www.noticiasradioreflejos.com.ar\/2021\/el-festival-tornquist-patria-y-folklore-volvio-con-una-amplia-propuesta-artistica\/"]}]},{"@type":"ImageObject","inLanguage":"es","@id":"https:\/\/www.noticiasradioreflejos.com.ar\/2021\/el-festival-tornquist-patria-y-folklore-volvio-con-una-amplia-propuesta-artistica\/#primaryimage","url":"https:\/\/live.staticflickr.com\/65535\/52289761809_57dda450c2_c.jpg","contentUrl":"https:\/\/live.staticflickr.com\/65535\/52289761809_57dda450c2_c.jpg"},{"@type":"BreadcrumbList","@id":"https:\/\/www.noticiasradioreflejos.com.ar\/2021\/el-festival-tornquist-patria-y-folklore-volvio-con-una-amplia-propuesta-artistica\/#breadcrumb","itemListElement":[{"@type":"ListItem","position":1,"name":"Portada","item":"https:\/\/www.noticiasradioreflejos.com.ar\/2021\/"},{"@type":"ListItem","position":2,"name":"El festival \u2018Tornquist, Patria y Folklore\u2019 volvi\u00f3 con una amplia propuesta art\u00edstica"}]},{"@type":"WebSite","@id":"https:\/\/www.noticiasradioreflejos.com.ar\/2021\/#website","url":"https:\/\/www.noticiasradioreflejos.com.ar\/2021\/","name":"Noticias Radio Reflejos","description":"Las noticias de mi comarca","potentialAction":[{"@type":"SearchAction","target":{"@type":"EntryPoint","urlTemplate":"https:\/\/www.noticiasradioreflejos.com.ar\/2021\/?s={search_term_string}"},"query-input":{"@type":"PropertyValueSpecification","valueRequired":true,"valueName":"search_term_string"}}],"inLanguage":"es"},{"@type":"Person","@id":"https:\/\/www.noticiasradioreflejos.com.ar\/2021\/#\/schema\/person\/ad82545263dcc5ec0996818884fd5fb1","name":"Arnaldo Botto","image":{"@type":"ImageObject","inLanguage":"es","@id":"https:\/\/www.noticiasradioreflejos.com.ar\/2021\/#\/schema\/person\/image\/","url":"https:\/\/secure.gravatar.com\/avatar\/55cb5e37c1efa326397366e6974cb338056df65cb50e7d64d1cf314e87504837?s=96&d=mm&r=g","contentUrl":"https:\/\/secure.gravatar.com\/avatar\/55cb5e37c1efa326397366e6974cb338056df65cb50e7d64d1cf314e87504837?s=96&d=mm&r=g","caption":"Arnaldo Botto"},"url":"https:\/\/www.noticiasradioreflejos.com.ar\/2021\/author\/arnaldo\/"}]}},"_links":{"self":[{"href":"https:\/\/www.noticiasradioreflejos.com.ar\/2021\/wp-json\/wp\/v2\/posts\/76315","targetHints":{"allow":["GET"]}}],"collection":[{"href":"https:\/\/www.noticiasradioreflejos.com.ar\/2021\/wp-json\/wp\/v2\/posts"}],"about":[{"href":"https:\/\/www.noticiasradioreflejos.com.ar\/2021\/wp-json\/wp\/v2\/types\/post"}],"author":[{"embeddable":true,"href":"https:\/\/www.noticiasradioreflejos.com.ar\/2021\/wp-json\/wp\/v2\/users\/3"}],"replies":[{"embeddable":true,"href":"https:\/\/www.noticiasradioreflejos.com.ar\/2021\/wp-json\/wp\/v2\/comments?post=76315"}],"version-history":[{"count":1,"href":"https:\/\/www.noticiasradioreflejos.com.ar\/2021\/wp-json\/wp\/v2\/posts\/76315\/revisions"}],"predecessor-version":[{"id":76317,"href":"https:\/\/www.noticiasradioreflejos.com.ar\/2021\/wp-json\/wp\/v2\/posts\/76315\/revisions\/76317"}],"wp:attachment":[{"href":"https:\/\/www.noticiasradioreflejos.com.ar\/2021\/wp-json\/wp\/v2\/media?parent=76315"}],"wp:term":[{"taxonomy":"category","embeddable":true,"href":"https:\/\/www.noticiasradioreflejos.com.ar\/2021\/wp-json\/wp\/v2\/categories?post=76315"},{"taxonomy":"post_tag","embeddable":true,"href":"https:\/\/www.noticiasradioreflejos.com.ar\/2021\/wp-json\/wp\/v2\/tags?post=76315"}],"curies":[{"name":"wp","href":"https:\/\/api.w.org\/{rel}","templated":true}]}}