{"id":76311,"date":"2022-08-16T10:54:34","date_gmt":"2022-08-16T10:54:34","guid":{"rendered":"http:\/\/www.noticiasradioreflejos.com.ar\/2021\/?p=76311"},"modified":"2022-08-16T11:46:43","modified_gmt":"2022-08-16T11:46:43","slug":"sierra-de-la-ventana-intensos-vientos-causaron-danos-en-arboles-y-postes-de-telefonia","status":"publish","type":"post","link":"https:\/\/www.noticiasradioreflejos.com.ar\/2021\/sierra-de-la-ventana-intensos-vientos-causaron-danos-en-arboles-y-postes-de-telefonia\/","title":{"rendered":"Sierra de la Ventana: Intensos vientos causaron da\u00f1os en \u00e1rboles y postes de telefon\u00eda."},"content":{"rendered":"<p>La regi\u00f3n sudoeste de la provincia al igual que gran parte del pa\u00eds, sufri\u00f3 durante la noche y esta madrugada el azote de fuertes r\u00e1fagas de viento que causaron gran cantidad de da\u00f1os en la v\u00eda publica.<!--more--><\/p>\n<p>En nuestra comarca se registraron r\u00e1fagas de viento con velocidades superiores a los 60 Kms en la hora. As\u00ed y todo, los da\u00f1os no fueron de consideraci\u00f3n y no hubo interrupciones de los servicios. En Sierra de la Ventana se produjeron dos hechos; la rotura de una rama grande en un a\u00f1oso Aromo sobre la calle Mahuida (foto de portada) y un poste de Telef\u00f3nica cay\u00f3 en el Barrio Golf, frente a un complejo hotelero.<\/p>\n<p><a title=\"WhatsApp Image 2022-08-16 at 7.41.37 AM\" href=\"https:\/\/www.flickr.com\/photos\/182279889@N02\/52289777019\/in\/dateposted-public\/\" data-flickr-embed=\"true\"><img loading=\"lazy\" decoding=\"async\" src=\"https:\/\/live.staticflickr.com\/65535\/52289777019_615d82a665_c.jpg\" alt=\"WhatsApp Image 2022-08-16 at 7.41.37 AM\" width=\"800\" height=\"469\" \/><\/a><\/p>\n<p>&nbsp;<\/p>\n<p>Desde la delegaci\u00f3n municipal informaron que trabajaban para liberar la calle Mahuida en el Barrio del Mirador, en tanto, esperaban que personal de la empresa de telefon\u00eda llegaran al lugar para retirar el poste ca\u00eddo, o en su defecto, dieran indicaciones al municipio para efectuar las tareas de despeje de la arteria.<\/p>\n<p>En Saldungaray y Villa Ventana no se registraron llamados de emergencia en los respectivos cuarteles de Bomberos de acuerdo a lo reportados por los jefes de ambas reparticiones, aunque s\u00ed se registraron ca\u00edda de ramas de menor porte en las calles de Saldungaray.<\/p>\n<p>la lluvia durante el fin de semana se limit\u00f3 solamente a 1,4 mm en Sierra de la Ventana divididos en 2 chaparrones de 1 mm cada uno aprox.<\/p>\n<p>&nbsp;<\/p>\n","protected":false},"excerpt":{"rendered":"<p>La regi\u00f3n sudoeste de la provincia al igual que gran parte del pa\u00eds, sufri\u00f3 durante la noche y esta madrugada el azote de fuertes r\u00e1fagas de viento que causaron gran cantidad de da\u00f1os en la v\u00eda publica.<\/p>\n","protected":false},"author":3,"featured_media":0,"comment_status":"closed","ping_status":"closed","sticky":false,"template":"","format":"standard","meta":{"footnotes":""},"categories":[46,26],"tags":[48],"class_list":["post-76311","post","type-post","status-publish","format-standard","hentry","category-ciencia-y-tecnologia","category-sociedad","tag-destacada"],"yoast_head":"<!-- This site is optimized with the Yoast SEO plugin v25.9 - https:\/\/yoast.com\/wordpress\/plugins\/seo\/ -->\n<title>Sierra de la Ventana: Intensos vientos causaron da\u00f1os en \u00e1rboles y postes de telefon\u00eda. - Noticias Radio Reflejos<\/title>\n<meta name=\"robots\" content=\"index, follow, max-snippet:-1, max-image-preview:large, max-video-preview:-1\" \/>\n<link rel=\"canonical\" href=\"https:\/\/www.noticiasradioreflejos.com.ar\/2021\/sierra-de-la-ventana-intensos-vientos-causaron-danos-en-arboles-y-postes-de-telefonia\/\" \/>\n<meta property=\"og:locale\" content=\"es_ES\" \/>\n<meta property=\"og:type\" content=\"article\" \/>\n<meta property=\"og:title\" content=\"Sierra de la Ventana: Intensos vientos causaron da\u00f1os en \u00e1rboles y postes de telefon\u00eda. - Noticias Radio Reflejos\" \/>\n<meta property=\"og:description\" content=\"La regi\u00f3n sudoeste de la provincia al igual que gran parte del pa\u00eds, sufri\u00f3 durante la noche y esta madrugada el azote de fuertes r\u00e1fagas de viento que causaron gran cantidad de da\u00f1os en la v\u00eda publica.\" \/>\n<meta property=\"og:url\" content=\"https:\/\/www.noticiasradioreflejos.com.ar\/2021\/sierra-de-la-ventana-intensos-vientos-causaron-danos-en-arboles-y-postes-de-telefonia\/\" \/>\n<meta property=\"og:site_name\" content=\"Noticias Radio Reflejos\" \/>\n<meta property=\"article:published_time\" content=\"2022-08-16T10:54:34+00:00\" \/>\n<meta property=\"article:modified_time\" content=\"2022-08-16T11:46:43+00:00\" \/>\n<meta property=\"og:image\" content=\"https:\/\/live.staticflickr.com\/65535\/52289777019_615d82a665_c.jpg\" \/>\n<meta name=\"author\" content=\"Arnaldo Botto\" \/>\n<meta name=\"twitter:card\" content=\"summary_large_image\" \/>\n<script type=\"application\/ld+json\" class=\"yoast-schema-graph\">{\"@context\":\"https:\/\/schema.org\",\"@graph\":[{\"@type\":\"WebPage\",\"@id\":\"https:\/\/www.noticiasradioreflejos.com.ar\/2021\/sierra-de-la-ventana-intensos-vientos-causaron-danos-en-arboles-y-postes-de-telefonia\/\",\"url\":\"https:\/\/www.noticiasradioreflejos.com.ar\/2021\/sierra-de-la-ventana-intensos-vientos-causaron-danos-en-arboles-y-postes-de-telefonia\/\",\"name\":\"Sierra de la Ventana: Intensos vientos causaron da\u00f1os en \u00e1rboles y postes de telefon\u00eda. - Noticias Radio Reflejos\",\"isPartOf\":{\"@id\":\"https:\/\/www.noticiasradioreflejos.com.ar\/2021\/#website\"},\"primaryImageOfPage\":{\"@id\":\"https:\/\/www.noticiasradioreflejos.com.ar\/2021\/sierra-de-la-ventana-intensos-vientos-causaron-danos-en-arboles-y-postes-de-telefonia\/#primaryimage\"},\"image\":{\"@id\":\"https:\/\/www.noticiasradioreflejos.com.ar\/2021\/sierra-de-la-ventana-intensos-vientos-causaron-danos-en-arboles-y-postes-de-telefonia\/#primaryimage\"},\"thumbnailUrl\":\"https:\/\/live.staticflickr.com\/65535\/52289777019_615d82a665_c.jpg\",\"datePublished\":\"2022-08-16T10:54:34+00:00\",\"dateModified\":\"2022-08-16T11:46:43+00:00\",\"author\":{\"@id\":\"https:\/\/www.noticiasradioreflejos.com.ar\/2021\/#\/schema\/person\/ad82545263dcc5ec0996818884fd5fb1\"},\"breadcrumb\":{\"@id\":\"https:\/\/www.noticiasradioreflejos.com.ar\/2021\/sierra-de-la-ventana-intensos-vientos-causaron-danos-en-arboles-y-postes-de-telefonia\/#breadcrumb\"},\"inLanguage\":\"es\",\"potentialAction\":[{\"@type\":\"ReadAction\",\"target\":[\"https:\/\/www.noticiasradioreflejos.com.ar\/2021\/sierra-de-la-ventana-intensos-vientos-causaron-danos-en-arboles-y-postes-de-telefonia\/\"]}]},{\"@type\":\"ImageObject\",\"inLanguage\":\"es\",\"@id\":\"https:\/\/www.noticiasradioreflejos.com.ar\/2021\/sierra-de-la-ventana-intensos-vientos-causaron-danos-en-arboles-y-postes-de-telefonia\/#primaryimage\",\"url\":\"https:\/\/live.staticflickr.com\/65535\/52289777019_615d82a665_c.jpg\",\"contentUrl\":\"https:\/\/live.staticflickr.com\/65535\/52289777019_615d82a665_c.jpg\"},{\"@type\":\"BreadcrumbList\",\"@id\":\"https:\/\/www.noticiasradioreflejos.com.ar\/2021\/sierra-de-la-ventana-intensos-vientos-causaron-danos-en-arboles-y-postes-de-telefonia\/#breadcrumb\",\"itemListElement\":[{\"@type\":\"ListItem\",\"position\":1,\"name\":\"Portada\",\"item\":\"https:\/\/www.noticiasradioreflejos.com.ar\/2021\/\"},{\"@type\":\"ListItem\",\"position\":2,\"name\":\"Sierra de la Ventana: Intensos vientos causaron da\u00f1os en \u00e1rboles y postes de telefon\u00eda.\"}]},{\"@type\":\"WebSite\",\"@id\":\"https:\/\/www.noticiasradioreflejos.com.ar\/2021\/#website\",\"url\":\"https:\/\/www.noticiasradioreflejos.com.ar\/2021\/\",\"name\":\"Noticias Radio Reflejos\",\"description\":\"Las noticias de mi comarca\",\"potentialAction\":[{\"@type\":\"SearchAction\",\"target\":{\"@type\":\"EntryPoint\",\"urlTemplate\":\"https:\/\/www.noticiasradioreflejos.com.ar\/2021\/?s={search_term_string}\"},\"query-input\":{\"@type\":\"PropertyValueSpecification\",\"valueRequired\":true,\"valueName\":\"search_term_string\"}}],\"inLanguage\":\"es\"},{\"@type\":\"Person\",\"@id\":\"https:\/\/www.noticiasradioreflejos.com.ar\/2021\/#\/schema\/person\/ad82545263dcc5ec0996818884fd5fb1\",\"name\":\"Arnaldo Botto\",\"image\":{\"@type\":\"ImageObject\",\"inLanguage\":\"es\",\"@id\":\"https:\/\/www.noticiasradioreflejos.com.ar\/2021\/#\/schema\/person\/image\/\",\"url\":\"https:\/\/secure.gravatar.com\/avatar\/55cb5e37c1efa326397366e6974cb338056df65cb50e7d64d1cf314e87504837?s=96&d=mm&r=g\",\"contentUrl\":\"https:\/\/secure.gravatar.com\/avatar\/55cb5e37c1efa326397366e6974cb338056df65cb50e7d64d1cf314e87504837?s=96&d=mm&r=g\",\"caption\":\"Arnaldo Botto\"},\"url\":\"https:\/\/www.noticiasradioreflejos.com.ar\/2021\/author\/arnaldo\/\"}]}<\/script>\n<!-- \/ Yoast SEO plugin. -->","yoast_head_json":{"title":"Sierra de la Ventana: Intensos vientos causaron da\u00f1os en \u00e1rboles y postes de telefon\u00eda. - Noticias Radio Reflejos","robots":{"index":"index","follow":"follow","max-snippet":"max-snippet:-1","max-image-preview":"max-image-preview:large","max-video-preview":"max-video-preview:-1"},"canonical":"https:\/\/www.noticiasradioreflejos.com.ar\/2021\/sierra-de-la-ventana-intensos-vientos-causaron-danos-en-arboles-y-postes-de-telefonia\/","og_locale":"es_ES","og_type":"article","og_title":"Sierra de la Ventana: Intensos vientos causaron da\u00f1os en \u00e1rboles y postes de telefon\u00eda. - Noticias Radio Reflejos","og_description":"La regi\u00f3n sudoeste de la provincia al igual que gran parte del pa\u00eds, sufri\u00f3 durante la noche y esta madrugada el azote de fuertes r\u00e1fagas de viento que causaron gran cantidad de da\u00f1os en la v\u00eda publica.","og_url":"https:\/\/www.noticiasradioreflejos.com.ar\/2021\/sierra-de-la-ventana-intensos-vientos-causaron-danos-en-arboles-y-postes-de-telefonia\/","og_site_name":"Noticias Radio Reflejos","article_published_time":"2022-08-16T10:54:34+00:00","article_modified_time":"2022-08-16T11:46:43+00:00","og_image":[{"url":"https:\/\/live.staticflickr.com\/65535\/52289777019_615d82a665_c.jpg","type":"","width":"","height":""}],"author":"Arnaldo Botto","twitter_card":"summary_large_image","schema":{"@context":"https:\/\/schema.org","@graph":[{"@type":"WebPage","@id":"https:\/\/www.noticiasradioreflejos.com.ar\/2021\/sierra-de-la-ventana-intensos-vientos-causaron-danos-en-arboles-y-postes-de-telefonia\/","url":"https:\/\/www.noticiasradioreflejos.com.ar\/2021\/sierra-de-la-ventana-intensos-vientos-causaron-danos-en-arboles-y-postes-de-telefonia\/","name":"Sierra de la Ventana: Intensos vientos causaron da\u00f1os en \u00e1rboles y postes de telefon\u00eda. - Noticias Radio Reflejos","isPartOf":{"@id":"https:\/\/www.noticiasradioreflejos.com.ar\/2021\/#website"},"primaryImageOfPage":{"@id":"https:\/\/www.noticiasradioreflejos.com.ar\/2021\/sierra-de-la-ventana-intensos-vientos-causaron-danos-en-arboles-y-postes-de-telefonia\/#primaryimage"},"image":{"@id":"https:\/\/www.noticiasradioreflejos.com.ar\/2021\/sierra-de-la-ventana-intensos-vientos-causaron-danos-en-arboles-y-postes-de-telefonia\/#primaryimage"},"thumbnailUrl":"https:\/\/live.staticflickr.com\/65535\/52289777019_615d82a665_c.jpg","datePublished":"2022-08-16T10:54:34+00:00","dateModified":"2022-08-16T11:46:43+00:00","author":{"@id":"https:\/\/www.noticiasradioreflejos.com.ar\/2021\/#\/schema\/person\/ad82545263dcc5ec0996818884fd5fb1"},"breadcrumb":{"@id":"https:\/\/www.noticiasradioreflejos.com.ar\/2021\/sierra-de-la-ventana-intensos-vientos-causaron-danos-en-arboles-y-postes-de-telefonia\/#breadcrumb"},"inLanguage":"es","potentialAction":[{"@type":"ReadAction","target":["https:\/\/www.noticiasradioreflejos.com.ar\/2021\/sierra-de-la-ventana-intensos-vientos-causaron-danos-en-arboles-y-postes-de-telefonia\/"]}]},{"@type":"ImageObject","inLanguage":"es","@id":"https:\/\/www.noticiasradioreflejos.com.ar\/2021\/sierra-de-la-ventana-intensos-vientos-causaron-danos-en-arboles-y-postes-de-telefonia\/#primaryimage","url":"https:\/\/live.staticflickr.com\/65535\/52289777019_615d82a665_c.jpg","contentUrl":"https:\/\/live.staticflickr.com\/65535\/52289777019_615d82a665_c.jpg"},{"@type":"BreadcrumbList","@id":"https:\/\/www.noticiasradioreflejos.com.ar\/2021\/sierra-de-la-ventana-intensos-vientos-causaron-danos-en-arboles-y-postes-de-telefonia\/#breadcrumb","itemListElement":[{"@type":"ListItem","position":1,"name":"Portada","item":"https:\/\/www.noticiasradioreflejos.com.ar\/2021\/"},{"@type":"ListItem","position":2,"name":"Sierra de la Ventana: Intensos vientos causaron da\u00f1os en \u00e1rboles y postes de telefon\u00eda."}]},{"@type":"WebSite","@id":"https:\/\/www.noticiasradioreflejos.com.ar\/2021\/#website","url":"https:\/\/www.noticiasradioreflejos.com.ar\/2021\/","name":"Noticias Radio Reflejos","description":"Las noticias de mi comarca","potentialAction":[{"@type":"SearchAction","target":{"@type":"EntryPoint","urlTemplate":"https:\/\/www.noticiasradioreflejos.com.ar\/2021\/?s={search_term_string}"},"query-input":{"@type":"PropertyValueSpecification","valueRequired":true,"valueName":"search_term_string"}}],"inLanguage":"es"},{"@type":"Person","@id":"https:\/\/www.noticiasradioreflejos.com.ar\/2021\/#\/schema\/person\/ad82545263dcc5ec0996818884fd5fb1","name":"Arnaldo Botto","image":{"@type":"ImageObject","inLanguage":"es","@id":"https:\/\/www.noticiasradioreflejos.com.ar\/2021\/#\/schema\/person\/image\/","url":"https:\/\/secure.gravatar.com\/avatar\/55cb5e37c1efa326397366e6974cb338056df65cb50e7d64d1cf314e87504837?s=96&d=mm&r=g","contentUrl":"https:\/\/secure.gravatar.com\/avatar\/55cb5e37c1efa326397366e6974cb338056df65cb50e7d64d1cf314e87504837?s=96&d=mm&r=g","caption":"Arnaldo Botto"},"url":"https:\/\/www.noticiasradioreflejos.com.ar\/2021\/author\/arnaldo\/"}]}},"_links":{"self":[{"href":"https:\/\/www.noticiasradioreflejos.com.ar\/2021\/wp-json\/wp\/v2\/posts\/76311","targetHints":{"allow":["GET"]}}],"collection":[{"href":"https:\/\/www.noticiasradioreflejos.com.ar\/2021\/wp-json\/wp\/v2\/posts"}],"about":[{"href":"https:\/\/www.noticiasradioreflejos.com.ar\/2021\/wp-json\/wp\/v2\/types\/post"}],"author":[{"embeddable":true,"href":"https:\/\/www.noticiasradioreflejos.com.ar\/2021\/wp-json\/wp\/v2\/users\/3"}],"replies":[{"embeddable":true,"href":"https:\/\/www.noticiasradioreflejos.com.ar\/2021\/wp-json\/wp\/v2\/comments?post=76311"}],"version-history":[{"count":4,"href":"https:\/\/www.noticiasradioreflejos.com.ar\/2021\/wp-json\/wp\/v2\/posts\/76311\/revisions"}],"predecessor-version":[{"id":76319,"href":"https:\/\/www.noticiasradioreflejos.com.ar\/2021\/wp-json\/wp\/v2\/posts\/76311\/revisions\/76319"}],"wp:attachment":[{"href":"https:\/\/www.noticiasradioreflejos.com.ar\/2021\/wp-json\/wp\/v2\/media?parent=76311"}],"wp:term":[{"taxonomy":"category","embeddable":true,"href":"https:\/\/www.noticiasradioreflejos.com.ar\/2021\/wp-json\/wp\/v2\/categories?post=76311"},{"taxonomy":"post_tag","embeddable":true,"href":"https:\/\/www.noticiasradioreflejos.com.ar\/2021\/wp-json\/wp\/v2\/tags?post=76311"}],"curies":[{"name":"wp","href":"https:\/\/api.w.org\/{rel}","templated":true}]}}