{"id":76287,"date":"2022-08-15T15:21:40","date_gmt":"2022-08-15T15:21:40","guid":{"rendered":"http:\/\/www.noticiasradioreflejos.com.ar\/2021\/?p=76287"},"modified":"2022-08-15T15:21:40","modified_gmt":"2022-08-15T15:21:40","slug":"del-artico-a-los-intestinos-los-microplasticos-en-nuestra-vida","status":"publish","type":"post","link":"https:\/\/www.noticiasradioreflejos.com.ar\/2021\/del-artico-a-los-intestinos-los-microplasticos-en-nuestra-vida\/","title":{"rendered":"Del \u00c1rtico a los intestinos: los micropl\u00e1sticos en nuestra vida"},"content":{"rendered":"<p>El planeta se est\u00e1 llenando de pl\u00e1sticos. Lo escuchamos y lo leemos a cada rato, pero \u00bfqu\u00e9 significa y d\u00f3nde est\u00e1n esos pl\u00e1sticos realmente?<!--more--><\/p>\n<div class=\"wrapper-author-social\">\n<div class=\"author-box mb-4\">\n<div class=\"info\">\n<div class=\"name\">POR SILVANA BUJ\u00c1N &#8211; RED ARGENTINA DE PERIODISMO CIENT\u00cdFICO<\/div>\n<div class=\"time\"><\/div>\n<\/div>\n<\/div>\n<\/div>\n<div>\n<div class=\"wrapper-editable-content\">\n<div>\n<div class=\"container-md\">\n<div class=\"row\">\n<div class=\"col-md-12 speak\">\n<div class=\"paragraph\">\n<figure class=\"mb-3\"><img decoding=\"async\" src=\"https:\/\/www.telam.com.ar\/thumbs\/bluesteel\/advf\/imagenes\/editadas\/62f39bef21390_900.jpg\" alt=\"Ilustracin Pablo Blasberg\" width=\"100%\" height=\"100%\" \/><\/p>\n<div class=\"media-icons\"><\/div><figcaption>Ilustraci\u00f3n: Pablo Blasberg.<\/figcaption><\/figure>\n<p>Cada d\u00eda aparecen m\u00e1s y m\u00e1s evidencias de la ubicuidad de los micropl\u00e1sticos, est\u00e1n en todas partes y ya no son los viejos y grandes desechos pl\u00e1sticos como bolsas o envases, perfectamente visibles, sino esas peque\u00f1as part\u00edculas, algunas microsc\u00f3picas, en las que se vienen degradando silenciosa pero permanentemente desde que el primer pl\u00e1stico fue lanzado al mundo en 1924, hace casi un siglo.<\/p>\n<p><strong>En zonas remotas<\/strong><\/p>\n<p>La contaminaci\u00f3n pl\u00e1stica se halla hoy inclusive en zonas sin actividad humana alguna, como el fondo del mar o los polos, se\u00f1ala la investigaci\u00f3n \u201cContaminaci\u00f3n pl\u00e1stica en el \u00c1rtico\u201d publicada en\u00a0<a href=\"https:\/\/www.nature.com\/articles\/s43017-022-00279-8\" target=\"_blank\" rel=\"noopener\">Nature Reviews Earth &amp; Environment.<\/a><\/p>\n<p>Los autores advierten que a\u00fan si las emisiones de pl\u00e1stico se detuvieran hoy, \u201cla fragmentaci\u00f3n del pl\u00e1stico heredado conducir\u00e1 a una carga cada vez mayor de micropl\u00e1sticos en los ecosistemas del \u00c1rtico, que ya est\u00e1n bajo la presi\u00f3n del calentamiento antropog\u00e9nico\u201d.<\/p>\n<p>Adem\u00e1s de afectar la vida marina, empeora los efectos del cambio clim\u00e1tico, ya que representa el 6% del consumo mundial de petr\u00f3leo y podr\u00eda aumentar para 2050 al 20%.<\/p>\n<p>Silenciosamente la contaminaci\u00f3n pl\u00e1stica llega a todas partes proveniente de fuentes locales como la pesca, basurales, aguas de desecho, actividad industrial en alta mar, y las regiones aparentemente aisladas no son la excepci\u00f3n, ya que en el \u00c1rtico, la contaminaci\u00f3n pl\u00e1stica se acumula afectando los fr\u00e1giles ecosistemas locales, el hielo y la nieve.<\/p>\n<blockquote class=\"twitter-tweet\" data-width=\"500\" data-dnt=\"true\">\n<p lang=\"es\" dir=\"ltr\">Para 2050, podr\u00eda haber m\u00e1s pl\u00e1stico que peces en los oc\u00e9anos.<\/p>\n<p>El momento de acabar con la contaminaci\u00f3n por pl\u00e1stico y salvar los oc\u00e9anos es AHORA.<\/p>\n<p>Todos tenemos un papel que desempe\u00f1ar. <a href=\"https:\/\/t.co\/6kw2b9WmED\">https:\/\/t.co\/6kw2b9WmED<\/a><\/p>\n<p>\ud83d\udcf8: Escultura de <a href=\"https:\/\/twitter.com\/thevonwong?ref_src=twsrc%5Etfw\">@thevonwong<\/a> <a href=\"https:\/\/t.co\/7Zx5BlnRou\">pic.twitter.com\/7Zx5BlnRou<\/a><\/p>\n<p>&mdash; Naciones Unidas (@ONU_es) <a href=\"https:\/\/twitter.com\/ONU_es\/status\/1554935136814350337?ref_src=twsrc%5Etfw\">August 3, 2022<\/a><\/p><\/blockquote>\n<p><script async src=\"https:\/\/platform.twitter.com\/widgets.js\" charset=\"utf-8\"><\/script><\/p>\n<p><strong>Combinados con pesticidas<\/strong><\/p>\n<p>Adem\u00e1s, \u201cse ha descubierto una peligrosa\u00a0<a href=\"https:\/\/www.sciencedirect.com\/science\/article\/abs\/pii\/S0048969721052542\" target=\"_blank\" rel=\"noopener\">interacci\u00f3n entre los micropl\u00e1sticos y los pesticidas<\/a>\u201d,\u00a0se\u00f1ala a T\u00e9lam-Confiar el investigador de Conicet Germ\u00e1n Lener, del Departamento de Qu\u00edmica Te\u00f3rica y Computacional, Facultad de Ciencias Qu\u00edmicas de la Universidad Nacional de C\u00f3rdoba.<\/p>\n<p>Lener explic\u00f3 que \u201canalizamos qu\u00e9 toxicidad presentan los formulados del glifosato y el glufosinato de amonio combinados con los micropl\u00e1sticos, comprobando que interaccionan impactando en los organismos vivos con su ecotoxicidad\u201d.<\/p>\n<p><strong>Sobre las abejas<\/strong><\/p>\n<p>\u00bfTendr\u00e1n los micropl\u00e1sticos alg\u00fan impacto sobre uno de los principales polinizadores del planeta? La respuesta la acerc\u00f3 un trabajo de la<a href=\"https:\/\/www.nationalgeographic.com.es\/mundo-ng\/abejas-indican-presencia-microplasticos-medio-ambiente_16760\" target=\"_blank\" rel=\"noopener\">\u00a0National Geographic<\/a>\u00a0sobre las abejas explicando c\u00f3mo arrastran micropl\u00e1sticos en la vellosidad cargada electrost\u00e1ticamente en sus peque\u00f1os cuerpos, develando que trece diferentes pol\u00edmeros sint\u00e9ticos se hallaron en estudios daneses.<\/p>\n<p><strong>En la sal de la mesa<\/strong><\/p>\n<p>Cuando Mar\u00eda \u00c1ngeles Guraya, licenciada en Nutrici\u00f3n y profesora de la Universidad del Centro Educativo Latinoamericano encontr\u00f3\u00a0<a href=\"http:\/\/sobrelatierra.agro.uba.ar\/del-mar-a-la-mesa-detectan-microplasticos-en-sales-finas-marinas\/\" target=\"_blank\" rel=\"noopener\">micropl\u00e1sticos en el 44% de la sal marina<\/a>\u00a0que analiz\u00f3, y se public\u00f3 el trabajo coincidente del Global Pattern of Microplastics in Commercial Food-Grade Salts:\u00a0<a href=\"https:\/\/pubs.acs.org\/doi\/10.1021\/acs.est.8b04180\" target=\"_blank\" rel=\"noopener\">Sea Salt as an Indicator of Seawater MP Pollution<\/a>\u00a0sobre 39 marcas de sales de mesa comerciales, comprobamos que el micropl\u00e1stico ya ha llegado a nuestra mesa.<\/p>\n<figure class=\"mb-3\"><img decoding=\"async\" src=\"https:\/\/www.telam.com.ar\/thumbs\/bluesteel\/advf\/imagenes\/2022\/02\/62026cd503a97_900.jpg\" alt=\"Los nanoplsticos se pueden acumular dentro de plantas con efectos ecolgicos sobre la vegetacin y riesgos insospechados para las personas segn un estudio \" width=\"100%\" height=\"100%\" \/><\/p>\n<div class=\"media-icons\"><\/div><figcaption>Los nanopl\u00e1sticos se pueden acumular dentro de plantas, con efectos ecol\u00f3gicos sobre la vegetaci\u00f3n y riesgos \u00abinsospechados\u00bb para las personas, seg\u00fan un estudio.<\/figcaption><\/figure>\n<p><strong>En las plantas<\/strong><\/p>\n<p>El trabajo del equipo de la\u00a0<a href=\"https:\/\/www.nature.com\/articles\/s41565-020-0707-4\" target=\"_blank\" rel=\"noopener\">Universidad de Massachusetts en Amherst Estados Unidos<\/a>, determin\u00f3 que los nanopl\u00e1sticos se pueden acumular dentro de plantas, con efectos ecol\u00f3gicos sobre la vegetaci\u00f3n y riesgos insospechados para nosotros, los comensales. Dice Fernando Valladares, profesor de investigaci\u00f3n en el Consejo Espa\u00f1ol de Investigaci\u00f3n Cient\u00edfica (CSIC) y profesor asociado en la Universidad Rey Juan Carlos, de Madrid: \u201cEsto resulta enormemente peligroso, pues estos micropl\u00e1sticos acaban entrando por diferentes v\u00edas a nuestro organismo, ya se ha visto que tenemos micropl\u00e1sticos no solamente en el tubo digestivo, sino en las v\u00edsceras, el h\u00edgado, el ri\u00f1\u00f3n, el coraz\u00f3n\u201d.<\/p>\n<p><strong>En los pulmones<\/strong><\/p>\n<p>En el Laboratorio de An\u00e1lisis Qu\u00edmicos del Instituto de Investigaciones Tecnol\u00f3gicas Universidad de S\u0303ao Paulo, Brasil, comprobaron la presencia de<a href=\"https:\/\/doi.org\/10.1016\/j.scitotenv.2022.154907\" target=\"_blank\" rel=\"noopener\">\u00a0micropl\u00e1sticos en tejido pulmonar humano<\/a>, una preocupaci\u00f3n creciente debido a posibles efectos adversos sobre la salud.<\/p>\n<p><strong>En la sangre humana<\/strong><\/p>\n<p>Juan Jes\u00fas Garc\u00eda-Vallejo, del Departamento de Biolog\u00eda Molecular e Inmunolog\u00eda del Centro M\u00e9dico de la Universidad de Amsterdam, se\u00f1al\u00f3 a T\u00e9lam-Confiar que \u201ccinco pol\u00edmeros diferentes, componentes b\u00e1sicos del pl\u00e1stico, fueron hallados en el torrente sangu\u00edneo humano\u201d, seg\u00fan publicaron en la revista cient\u00edfica\u00a0<a href=\"https:\/\/www.sciencedirect.com\/science\/article\/pii\/S0160412022001258#\" target=\"_blank\" rel=\"noopener\">Environment International<\/a>.<\/p>\n<p>\u201cLa cantidad de micropart\u00edculas que existe es realmente alta. Estos an\u00e1lisis de sangre nos muestran una \u2018foto\u2019 de un momento preciso de tiempo, pero \u00bfqu\u00e9 pasa si esta concentraci\u00f3n que hallamos se mantiene en una forma constante? La cantidad que se depositar\u00eda en nuestros tejidos ser\u00eda alta\u201d, indic\u00f3 Garc\u00eda Vallejo.<\/p>\n<p><strong>En las placentas<\/strong><\/p>\n<p>En l\u00ednea con estos hallazgos, un grupo de cient\u00edficos italianos del Hospital Fatebenefratelli de Roma, en conjunto con la Universidad Polit\u00e9cnica delle Marche public\u00f3 el a\u00f1o pasado<a href=\"https:\/\/www.sciencedirect.com\/science\/article\/pii\/S0160412020322297?via%3Dihub\" target=\"_blank\" rel=\"noopener\">\u00a0la presencia de micropl\u00e1sticos en placentas humanas\u00a0<\/a>sugiriendo que los pl\u00e1sticos podr\u00edan facilitar el camino a que los productos qu\u00edmicos da\u00f1en el sistema inmunol\u00f3gico de un feto en desarrollo.<\/p>\n<p>En total, se encontraron doce fragmentos micropl\u00e1sticos en cuatro de seis placentas donadas por mujeres luego del parto, y s\u00f3lo con una muestra de un 3% del tejido de cada placenta, de lo que se puede inferir que el n\u00famero total de micropl\u00e1sticos ser\u00eda mucho mayor.<\/p>\n<figure class=\"mb-3\"><img decoding=\"async\" src=\"https:\/\/www.telam.com.ar\/thumbs\/bluesteel\/advf\/imagenes\/2018\/11\/5be9630fba116_900.jpg\" alt=\"Cada persona podra ingerir entre 01 y 5 gramos de microplsticos semanalmente a travs de la comida de acuerdo a una investigacin \" width=\"100%\" height=\"100%\" \/><\/p>\n<div class=\"media-icons\"><\/div><figcaption>Cada persona podr\u00eda ingerir entre 0,1 y 5 gramos de micropl\u00e1sticos semanalmente a trav\u00e9s de la comida, de acuerdo a una investigaci\u00f3n.<\/figcaption><\/figure>\n<p><strong>En el microbioma intestinal<\/strong><\/p>\n<p>Por su parte, Victoria Moreno, investigadora del Instituto de Investigaci\u00f3n en Ciencias de la Alimentaci\u00f3n del Consejo Superior de Investigaciones Cient\u00edficas de Espa\u00f1a descubri\u00f3 que la ingesta de micropl\u00e1sticos PET (asociados con la cadena alimentaria) impacta en la microbiota intestinal disminuyendo la abundancia de bacterias de efectos positivos en la salud e incrementando otros grupos microbianos relacionados con una actividad pat\u00f3gena.<\/p>\n<p>Moreno se\u00f1al\u00f3 a T\u00e9lam-Confiar que \u201cdada la posible exposici\u00f3n cr\u00f3nica a estas part\u00edculas a trav\u00e9s de la alimentaci\u00f3n, los resultados del trabajo se\u00f1alan que su ingesta continua podr\u00eda alterar el equilibrio intestinal y, por tanto, la salud humana\u201d.<\/p>\n<p>Su trabajo indica que<a href=\"https:\/\/doi.org\/10.1038\/s41598-021-04489-w\" target=\"_blank\" rel=\"noopener\">\u00a0cada persona podr\u00eda ingerir entre 0,1 y 5 gramos de micropl\u00e1sticos semanalmente<\/a>\u00a0a trav\u00e9s de la comida.<\/p>\n<p>En tanto que Fernando Valladares, que fue este a\u00f1o Premio Rey Jaime I de investigaci\u00f3n en la categor\u00eda de Protecci\u00f3n del Medio Ambiente en Espa\u00f1a, recuerda que \u201cestos micropl\u00e1sticos son un riesgo para la vida ya que generan en nuestro cuerpo inflamaciones, dificultad de algunos \u00f3rganos para cumplir bien su funci\u00f3n, y son t\u00f3xicos para las propias c\u00e9lulas\u201d.<\/p>\n<p><strong>Y la lista seguir\u00e1<\/strong><\/p>\n<p>Cuando revisamos las \u00faltimas informaciones que nos hablan de los<a href=\"https:\/\/doi.org\/10.1073\/pnas.2111530118\" target=\"_blank\" rel=\"noopener\">\u00a08 millones de toneladas de basura pl\u00e1stica\u00a0<\/a>relacionadas solamente con la pandemia de Covid-19, sumando tapabocas, guantes, etc. liberados al medio ambiente y que para fin de a\u00f1o, el 71% de todo eso se depositar\u00e1 en playas y se distribuir\u00e1 en la tierra, nos cabe la pregunta de qu\u00e9 suceder\u00e1 cuando nuestros cuerpos se vean tan invadidos por los micropl\u00e1sticos que ya no podamos hacer otra cosa que reflexionar sobre c\u00f3mo cambiar el rumbo de nuestro desarrollo sobre este \u00fanico planeta que tenemos para contener nuestra especie y tantas otras que nos acompa\u00f1an en el camino de la vida.<\/p>\n<\/div>\n<p><em><strong>Fuente Telam<\/strong><\/em><\/p>\n<\/div>\n<\/div>\n<\/div>\n<\/div>\n<\/div>\n<\/div>\n","protected":false},"excerpt":{"rendered":"<p>El planeta se est\u00e1 llenando de pl\u00e1sticos. Lo escuchamos y lo leemos a cada rato, pero \u00bfqu\u00e9 significa y d\u00f3nde est\u00e1n esos pl\u00e1sticos realmente?<\/p>\n","protected":false},"author":3,"featured_media":0,"comment_status":"closed","ping_status":"closed","sticky":false,"template":"","format":"standard","meta":{"footnotes":""},"categories":[46,30,26],"tags":[],"class_list":["post-76287","post","type-post","status-publish","format-standard","hentry","category-ciencia-y-tecnologia","category-salud","category-sociedad"],"yoast_head":"<!-- This site is optimized with the Yoast SEO plugin v25.9 - https:\/\/yoast.com\/wordpress\/plugins\/seo\/ -->\n<title>Del \u00c1rtico a los intestinos: los micropl\u00e1sticos en nuestra vida - Noticias Radio Reflejos<\/title>\n<meta name=\"robots\" content=\"index, follow, max-snippet:-1, max-image-preview:large, max-video-preview:-1\" \/>\n<link rel=\"canonical\" href=\"https:\/\/www.noticiasradioreflejos.com.ar\/2021\/del-artico-a-los-intestinos-los-microplasticos-en-nuestra-vida\/\" \/>\n<meta property=\"og:locale\" content=\"es_ES\" \/>\n<meta property=\"og:type\" content=\"article\" \/>\n<meta property=\"og:title\" content=\"Del \u00c1rtico a los intestinos: los micropl\u00e1sticos en nuestra vida - Noticias Radio Reflejos\" \/>\n<meta property=\"og:description\" content=\"El planeta se est\u00e1 llenando de pl\u00e1sticos. Lo escuchamos y lo leemos a cada rato, pero \u00bfqu\u00e9 significa y d\u00f3nde est\u00e1n esos pl\u00e1sticos realmente?\" \/>\n<meta property=\"og:url\" content=\"https:\/\/www.noticiasradioreflejos.com.ar\/2021\/del-artico-a-los-intestinos-los-microplasticos-en-nuestra-vida\/\" \/>\n<meta property=\"og:site_name\" content=\"Noticias Radio Reflejos\" \/>\n<meta property=\"article:published_time\" content=\"2022-08-15T15:21:40+00:00\" \/>\n<meta property=\"og:image\" content=\"https:\/\/www.telam.com.ar\/thumbs\/bluesteel\/advf\/imagenes\/editadas\/62f39bef21390_900.jpg\" \/>\n<meta name=\"author\" content=\"Arnaldo Botto\" \/>\n<meta name=\"twitter:card\" content=\"summary_large_image\" \/>\n<script type=\"application\/ld+json\" class=\"yoast-schema-graph\">{\"@context\":\"https:\/\/schema.org\",\"@graph\":[{\"@type\":\"WebPage\",\"@id\":\"https:\/\/www.noticiasradioreflejos.com.ar\/2021\/del-artico-a-los-intestinos-los-microplasticos-en-nuestra-vida\/\",\"url\":\"https:\/\/www.noticiasradioreflejos.com.ar\/2021\/del-artico-a-los-intestinos-los-microplasticos-en-nuestra-vida\/\",\"name\":\"Del \u00c1rtico a los intestinos: los micropl\u00e1sticos en nuestra vida - Noticias Radio Reflejos\",\"isPartOf\":{\"@id\":\"https:\/\/www.noticiasradioreflejos.com.ar\/2021\/#website\"},\"primaryImageOfPage\":{\"@id\":\"https:\/\/www.noticiasradioreflejos.com.ar\/2021\/del-artico-a-los-intestinos-los-microplasticos-en-nuestra-vida\/#primaryimage\"},\"image\":{\"@id\":\"https:\/\/www.noticiasradioreflejos.com.ar\/2021\/del-artico-a-los-intestinos-los-microplasticos-en-nuestra-vida\/#primaryimage\"},\"thumbnailUrl\":\"https:\/\/www.telam.com.ar\/thumbs\/bluesteel\/advf\/imagenes\/editadas\/62f39bef21390_900.jpg\",\"datePublished\":\"2022-08-15T15:21:40+00:00\",\"author\":{\"@id\":\"https:\/\/www.noticiasradioreflejos.com.ar\/2021\/#\/schema\/person\/ad82545263dcc5ec0996818884fd5fb1\"},\"breadcrumb\":{\"@id\":\"https:\/\/www.noticiasradioreflejos.com.ar\/2021\/del-artico-a-los-intestinos-los-microplasticos-en-nuestra-vida\/#breadcrumb\"},\"inLanguage\":\"es\",\"potentialAction\":[{\"@type\":\"ReadAction\",\"target\":[\"https:\/\/www.noticiasradioreflejos.com.ar\/2021\/del-artico-a-los-intestinos-los-microplasticos-en-nuestra-vida\/\"]}]},{\"@type\":\"ImageObject\",\"inLanguage\":\"es\",\"@id\":\"https:\/\/www.noticiasradioreflejos.com.ar\/2021\/del-artico-a-los-intestinos-los-microplasticos-en-nuestra-vida\/#primaryimage\",\"url\":\"https:\/\/www.telam.com.ar\/thumbs\/bluesteel\/advf\/imagenes\/editadas\/62f39bef21390_900.jpg\",\"contentUrl\":\"https:\/\/www.telam.com.ar\/thumbs\/bluesteel\/advf\/imagenes\/editadas\/62f39bef21390_900.jpg\"},{\"@type\":\"BreadcrumbList\",\"@id\":\"https:\/\/www.noticiasradioreflejos.com.ar\/2021\/del-artico-a-los-intestinos-los-microplasticos-en-nuestra-vida\/#breadcrumb\",\"itemListElement\":[{\"@type\":\"ListItem\",\"position\":1,\"name\":\"Portada\",\"item\":\"https:\/\/www.noticiasradioreflejos.com.ar\/2021\/\"},{\"@type\":\"ListItem\",\"position\":2,\"name\":\"Del \u00c1rtico a los intestinos: los micropl\u00e1sticos en nuestra vida\"}]},{\"@type\":\"WebSite\",\"@id\":\"https:\/\/www.noticiasradioreflejos.com.ar\/2021\/#website\",\"url\":\"https:\/\/www.noticiasradioreflejos.com.ar\/2021\/\",\"name\":\"Noticias Radio Reflejos\",\"description\":\"Las noticias de mi comarca\",\"potentialAction\":[{\"@type\":\"SearchAction\",\"target\":{\"@type\":\"EntryPoint\",\"urlTemplate\":\"https:\/\/www.noticiasradioreflejos.com.ar\/2021\/?s={search_term_string}\"},\"query-input\":{\"@type\":\"PropertyValueSpecification\",\"valueRequired\":true,\"valueName\":\"search_term_string\"}}],\"inLanguage\":\"es\"},{\"@type\":\"Person\",\"@id\":\"https:\/\/www.noticiasradioreflejos.com.ar\/2021\/#\/schema\/person\/ad82545263dcc5ec0996818884fd5fb1\",\"name\":\"Arnaldo Botto\",\"image\":{\"@type\":\"ImageObject\",\"inLanguage\":\"es\",\"@id\":\"https:\/\/www.noticiasradioreflejos.com.ar\/2021\/#\/schema\/person\/image\/\",\"url\":\"https:\/\/secure.gravatar.com\/avatar\/55cb5e37c1efa326397366e6974cb338056df65cb50e7d64d1cf314e87504837?s=96&d=mm&r=g\",\"contentUrl\":\"https:\/\/secure.gravatar.com\/avatar\/55cb5e37c1efa326397366e6974cb338056df65cb50e7d64d1cf314e87504837?s=96&d=mm&r=g\",\"caption\":\"Arnaldo Botto\"},\"url\":\"https:\/\/www.noticiasradioreflejos.com.ar\/2021\/author\/arnaldo\/\"}]}<\/script>\n<!-- \/ Yoast SEO plugin. -->","yoast_head_json":{"title":"Del \u00c1rtico a los intestinos: los micropl\u00e1sticos en nuestra vida - Noticias Radio Reflejos","robots":{"index":"index","follow":"follow","max-snippet":"max-snippet:-1","max-image-preview":"max-image-preview:large","max-video-preview":"max-video-preview:-1"},"canonical":"https:\/\/www.noticiasradioreflejos.com.ar\/2021\/del-artico-a-los-intestinos-los-microplasticos-en-nuestra-vida\/","og_locale":"es_ES","og_type":"article","og_title":"Del \u00c1rtico a los intestinos: los micropl\u00e1sticos en nuestra vida - Noticias Radio Reflejos","og_description":"El planeta se est\u00e1 llenando de pl\u00e1sticos. Lo escuchamos y lo leemos a cada rato, pero \u00bfqu\u00e9 significa y d\u00f3nde est\u00e1n esos pl\u00e1sticos realmente?","og_url":"https:\/\/www.noticiasradioreflejos.com.ar\/2021\/del-artico-a-los-intestinos-los-microplasticos-en-nuestra-vida\/","og_site_name":"Noticias Radio Reflejos","article_published_time":"2022-08-15T15:21:40+00:00","og_image":[{"url":"https:\/\/www.telam.com.ar\/thumbs\/bluesteel\/advf\/imagenes\/editadas\/62f39bef21390_900.jpg","type":"","width":"","height":""}],"author":"Arnaldo Botto","twitter_card":"summary_large_image","schema":{"@context":"https:\/\/schema.org","@graph":[{"@type":"WebPage","@id":"https:\/\/www.noticiasradioreflejos.com.ar\/2021\/del-artico-a-los-intestinos-los-microplasticos-en-nuestra-vida\/","url":"https:\/\/www.noticiasradioreflejos.com.ar\/2021\/del-artico-a-los-intestinos-los-microplasticos-en-nuestra-vida\/","name":"Del \u00c1rtico a los intestinos: los micropl\u00e1sticos en nuestra vida - Noticias Radio Reflejos","isPartOf":{"@id":"https:\/\/www.noticiasradioreflejos.com.ar\/2021\/#website"},"primaryImageOfPage":{"@id":"https:\/\/www.noticiasradioreflejos.com.ar\/2021\/del-artico-a-los-intestinos-los-microplasticos-en-nuestra-vida\/#primaryimage"},"image":{"@id":"https:\/\/www.noticiasradioreflejos.com.ar\/2021\/del-artico-a-los-intestinos-los-microplasticos-en-nuestra-vida\/#primaryimage"},"thumbnailUrl":"https:\/\/www.telam.com.ar\/thumbs\/bluesteel\/advf\/imagenes\/editadas\/62f39bef21390_900.jpg","datePublished":"2022-08-15T15:21:40+00:00","author":{"@id":"https:\/\/www.noticiasradioreflejos.com.ar\/2021\/#\/schema\/person\/ad82545263dcc5ec0996818884fd5fb1"},"breadcrumb":{"@id":"https:\/\/www.noticiasradioreflejos.com.ar\/2021\/del-artico-a-los-intestinos-los-microplasticos-en-nuestra-vida\/#breadcrumb"},"inLanguage":"es","potentialAction":[{"@type":"ReadAction","target":["https:\/\/www.noticiasradioreflejos.com.ar\/2021\/del-artico-a-los-intestinos-los-microplasticos-en-nuestra-vida\/"]}]},{"@type":"ImageObject","inLanguage":"es","@id":"https:\/\/www.noticiasradioreflejos.com.ar\/2021\/del-artico-a-los-intestinos-los-microplasticos-en-nuestra-vida\/#primaryimage","url":"https:\/\/www.telam.com.ar\/thumbs\/bluesteel\/advf\/imagenes\/editadas\/62f39bef21390_900.jpg","contentUrl":"https:\/\/www.telam.com.ar\/thumbs\/bluesteel\/advf\/imagenes\/editadas\/62f39bef21390_900.jpg"},{"@type":"BreadcrumbList","@id":"https:\/\/www.noticiasradioreflejos.com.ar\/2021\/del-artico-a-los-intestinos-los-microplasticos-en-nuestra-vida\/#breadcrumb","itemListElement":[{"@type":"ListItem","position":1,"name":"Portada","item":"https:\/\/www.noticiasradioreflejos.com.ar\/2021\/"},{"@type":"ListItem","position":2,"name":"Del \u00c1rtico a los intestinos: los micropl\u00e1sticos en nuestra vida"}]},{"@type":"WebSite","@id":"https:\/\/www.noticiasradioreflejos.com.ar\/2021\/#website","url":"https:\/\/www.noticiasradioreflejos.com.ar\/2021\/","name":"Noticias Radio Reflejos","description":"Las noticias de mi comarca","potentialAction":[{"@type":"SearchAction","target":{"@type":"EntryPoint","urlTemplate":"https:\/\/www.noticiasradioreflejos.com.ar\/2021\/?s={search_term_string}"},"query-input":{"@type":"PropertyValueSpecification","valueRequired":true,"valueName":"search_term_string"}}],"inLanguage":"es"},{"@type":"Person","@id":"https:\/\/www.noticiasradioreflejos.com.ar\/2021\/#\/schema\/person\/ad82545263dcc5ec0996818884fd5fb1","name":"Arnaldo Botto","image":{"@type":"ImageObject","inLanguage":"es","@id":"https:\/\/www.noticiasradioreflejos.com.ar\/2021\/#\/schema\/person\/image\/","url":"https:\/\/secure.gravatar.com\/avatar\/55cb5e37c1efa326397366e6974cb338056df65cb50e7d64d1cf314e87504837?s=96&d=mm&r=g","contentUrl":"https:\/\/secure.gravatar.com\/avatar\/55cb5e37c1efa326397366e6974cb338056df65cb50e7d64d1cf314e87504837?s=96&d=mm&r=g","caption":"Arnaldo Botto"},"url":"https:\/\/www.noticiasradioreflejos.com.ar\/2021\/author\/arnaldo\/"}]}},"_links":{"self":[{"href":"https:\/\/www.noticiasradioreflejos.com.ar\/2021\/wp-json\/wp\/v2\/posts\/76287","targetHints":{"allow":["GET"]}}],"collection":[{"href":"https:\/\/www.noticiasradioreflejos.com.ar\/2021\/wp-json\/wp\/v2\/posts"}],"about":[{"href":"https:\/\/www.noticiasradioreflejos.com.ar\/2021\/wp-json\/wp\/v2\/types\/post"}],"author":[{"embeddable":true,"href":"https:\/\/www.noticiasradioreflejos.com.ar\/2021\/wp-json\/wp\/v2\/users\/3"}],"replies":[{"embeddable":true,"href":"https:\/\/www.noticiasradioreflejos.com.ar\/2021\/wp-json\/wp\/v2\/comments?post=76287"}],"version-history":[{"count":1,"href":"https:\/\/www.noticiasradioreflejos.com.ar\/2021\/wp-json\/wp\/v2\/posts\/76287\/revisions"}],"predecessor-version":[{"id":76289,"href":"https:\/\/www.noticiasradioreflejos.com.ar\/2021\/wp-json\/wp\/v2\/posts\/76287\/revisions\/76289"}],"wp:attachment":[{"href":"https:\/\/www.noticiasradioreflejos.com.ar\/2021\/wp-json\/wp\/v2\/media?parent=76287"}],"wp:term":[{"taxonomy":"category","embeddable":true,"href":"https:\/\/www.noticiasradioreflejos.com.ar\/2021\/wp-json\/wp\/v2\/categories?post=76287"},{"taxonomy":"post_tag","embeddable":true,"href":"https:\/\/www.noticiasradioreflejos.com.ar\/2021\/wp-json\/wp\/v2\/tags?post=76287"}],"curies":[{"name":"wp","href":"https:\/\/api.w.org\/{rel}","templated":true}]}}