{"id":76276,"date":"2022-08-15T12:13:29","date_gmt":"2022-08-15T12:13:29","guid":{"rendered":"http:\/\/www.noticiasradioreflejos.com.ar\/2021\/?p=76276"},"modified":"2022-08-15T12:13:29","modified_gmt":"2022-08-15T12:13:29","slug":"europa-sufre-un-verano-record-de-superficie-quemada-por-los-incendios","status":"publish","type":"post","link":"https:\/\/www.noticiasradioreflejos.com.ar\/2021\/europa-sufre-un-verano-record-de-superficie-quemada-por-los-incendios\/","title":{"rendered":"Europa sufre un verano r\u00e9cord de superficie quemada por los incendios"},"content":{"rendered":"<p>El fuego destruy\u00f3 662.776 hect\u00e1reas de bosque en todo el continente y la zona m\u00e1s golpeada, seg\u00fan los datos del sistema europeo de informaci\u00f3n sobre incendios forestales (Effis), es la Pen\u00ednsula Ib\u00e9rica.<!--more--><\/p>\n<figure class=\"mb-3\"><img decoding=\"async\" src=\"https:\/\/www.telam.com.ar\/thumbs\/bluesteel\/advf\/imagenes\/2022\/08\/62f6acf898560_900.jpg\" alt=\" La sequa excepcional que asuela Europa aadida a las olas de calor es una frmula devastadora\" width=\"100%\" height=\"100%\" \/><\/p>\n<div class=\"media-icons\"><\/div><figcaption>La sequ\u00eda excepcional que asuela Europa, a\u00f1adida a las olas de calor, es una f\u00f3rmula devastadora.<\/figcaption><\/figure>\n<p>Con la temporada alta de incendios todav\u00eda en curso,\u00a0<strong>el balance provisional de hect\u00e1reas quemadas en Europa supera las 660.000 desde enero,\u00a0<\/strong>un r\u00e9cord a esta altura del a\u00f1o desde que se empezaron a recabar datos por sat\u00e9lite, hace 16 a\u00f1os.<\/p>\n<p>Desde el 1 de enero,\u00a0<strong>los incendios destruyeron 662.776 hect\u00e1reas de bosque en toda la Uni\u00f3n Europea,<\/strong>\u00a0seg\u00fan los datos actualizados este domingo a la agencia AFP por el sistema europeo de informaci\u00f3n sobre incendios forestales (Effis), que elabora estad\u00edsticas comparables desde 2006 gracias a las im\u00e1genes satelitales del programa europeo Copernicus.<\/p>\n<p><strong>La zona m\u00e1s golpeada por los incendios es la pen\u00ednsula ib\u00e9rica,<\/strong>\u00a0aunque la situaci\u00f3n mejor\u00f3 en los \u00faltimos d\u00edas con la bajada de las temperaturas.<\/p>\n<p>En\u00a0<strong>Espa\u00f1a<\/strong>, que sufri\u00f3 dos grandes olas de calor este verano entre junio y agosto, se quemaron 246.278 hect\u00e1reas, principalmente en las regiones de Galicia, la provincia castellana de Zamora (noroeste) y Extremadura.<\/p>\n<p>En\u00a0<strong>Portugal,<\/strong>\u00a0los bomberos tardaron una semana en controlar un incendio en el parque natural de la Serra da Estrela, reconocido por la Unesco, y donde ardieron 17.000 hect\u00e1reas.<\/p>\n<p><strong>Francia<\/strong>\u00a0conoci\u00f3 a\u00f1os incluso peores en la d\u00e9cada de 1970, antes de que se establecieran datos estandarizados a nivel europeo, pero seg\u00fan esas cifras 2022 fue el peor de los \u00faltimos 16 a\u00f1os, en gran medida a causa de dos grandes incendios sucesivos en el departamento de Gironda, cerca de Burdeos (suroeste), para el que hicieron falta refuerzos de bomberos alemanes, polacos y austriacos esta semana.<\/p>\n<p>La situaci\u00f3n fue igualmente excepcional en Europa central.<\/p>\n<p><strong>En julio, los bomberos tardaron m\u00e1s de diez d\u00edas en controlar el mayor incendio de la historia reciente de Eslovenia,\u00a0<\/strong>con la ayuda de una poblaci\u00f3n movilizada con tal entusiasmo que el gobierno tuvo que pedir a los habitantes que dejaran de hacer donaciones a los bomberos.<\/p>\n<p>A falta de aviones especializados para combatir los incendios, Eslovenia tuvo que pedir ayuda a Croacia, que mand\u00f3 un avi\u00f3n antes de traerlo de vuelta para apagar sus propios incendios.<\/p>\n<p>En cuanto a superficie quemada,\u00a0<strong>despu\u00e9s de Espa\u00f1a figuran Rumania (150.528 hect\u00e1reas), Portugal (75.277 hect\u00e1reas) y Francia (61.289 hect\u00e1reas).<\/strong><\/p>\n<p>Si se toma el per\u00edodo estival, \u00ab2022 es ya un a\u00f1o r\u00e9cord\u00bb, explic\u00f3 a AFP Jes\u00fas San Miguel, coordinador del Effis.<\/p>\n<p>El anterior r\u00e9cord en Europa data de 2017, cuando ardieron 420.913 hect\u00e1reas a fecha de 13 de agosto, y 988.087 hect\u00e1reas en un a\u00f1o.<\/p>\n<p>\u00abEspero que no tengamos el mes de octubre que tuvimos entonces\u00bb, cuando fueron arrasadas 400.000 hect\u00e1reas en toda Europa, a\u00f1ade Jes\u00fas San Miguel.<\/p>\n<p>Y es que<strong>\u00a0la sequ\u00eda excepcional que asuela Europa, a\u00f1adida a las olas de calor, es una f\u00f3rmula devastadora.<\/strong><\/p>\n<p>Estas condiciones de sequedad extrema se observaban hasta ahora principalmente en el Mediterr\u00e1neo, y ahora \u00abes exactamente lo que ha ocurrido en Europa central\u00bb, apunta Jes\u00fas San Miguel.<\/p>\n<p>En la\u00a0<strong>Rep\u00fablica Checha,<\/strong>\u00a0por ejemplo, un incendio devast\u00f3 m\u00e1s de mil hect\u00e1reas, lo que es poco comparado con otros pa\u00edses, y sin embargo 158 veces m\u00e1s importante que la media de 2006-2021 en este pa\u00eds.<\/p>\n<p>En Europa central, las superficies quemadas siguen siendo peque\u00f1as en comparaci\u00f3n con las decenas de miles des hect\u00e1reas arrasadas en Espa\u00f1a, Portugal o Francia.<\/p>\n<p>Adem\u00e1s de los incendios en Croacia, hubo tres en Eslovenia y cinco en Austria. Aunque el calentamiento clim\u00e1tico continuo en el conjunto de Europa amenaza con acentuar la tendencia.<\/p>\n","protected":false},"excerpt":{"rendered":"<p>El fuego destruy\u00f3 662.776 hect\u00e1reas de bosque en todo el continente y la zona m\u00e1s golpeada, seg\u00fan los datos del sistema europeo de informaci\u00f3n sobre incendios forestales (Effis), es la Pen\u00ednsula Ib\u00e9rica.<\/p>\n","protected":false},"author":3,"featured_media":76277,"comment_status":"closed","ping_status":"closed","sticky":false,"template":"","format":"standard","meta":{"footnotes":""},"categories":[46],"tags":[],"class_list":["post-76276","post","type-post","status-publish","format-standard","has-post-thumbnail","hentry","category-ciencia-y-tecnologia"],"yoast_head":"<!-- This site is optimized with the Yoast SEO plugin v25.9 - https:\/\/yoast.com\/wordpress\/plugins\/seo\/ -->\n<title>Europa sufre un verano r\u00e9cord de superficie quemada por los incendios - Noticias Radio Reflejos<\/title>\n<meta name=\"robots\" content=\"index, follow, max-snippet:-1, max-image-preview:large, max-video-preview:-1\" \/>\n<link rel=\"canonical\" href=\"https:\/\/www.noticiasradioreflejos.com.ar\/2021\/europa-sufre-un-verano-record-de-superficie-quemada-por-los-incendios\/\" \/>\n<meta property=\"og:locale\" content=\"es_ES\" \/>\n<meta property=\"og:type\" content=\"article\" \/>\n<meta property=\"og:title\" content=\"Europa sufre un verano r\u00e9cord de superficie quemada por los incendios - Noticias Radio Reflejos\" \/>\n<meta property=\"og:description\" content=\"El fuego destruy\u00f3 662.776 hect\u00e1reas de bosque en todo el continente y la zona m\u00e1s golpeada, seg\u00fan los datos del sistema europeo de informaci\u00f3n sobre incendios forestales (Effis), es la Pen\u00ednsula Ib\u00e9rica.\" \/>\n<meta property=\"og:url\" content=\"https:\/\/www.noticiasradioreflejos.com.ar\/2021\/europa-sufre-un-verano-record-de-superficie-quemada-por-los-incendios\/\" \/>\n<meta property=\"og:site_name\" content=\"Noticias Radio Reflejos\" \/>\n<meta property=\"article:published_time\" content=\"2022-08-15T12:13:29+00:00\" \/>\n<meta property=\"og:image\" content=\"https:\/\/www.noticiasradioreflejos.com.ar\/2021\/wp-content\/uploads\/2022\/08\/incendio-de-bosques.jpg\" \/>\n\t<meta property=\"og:image:width\" content=\"900\" \/>\n\t<meta property=\"og:image:height\" content=\"506\" \/>\n\t<meta property=\"og:image:type\" content=\"image\/jpeg\" \/>\n<meta name=\"author\" content=\"Arnaldo Botto\" \/>\n<meta name=\"twitter:card\" content=\"summary_large_image\" \/>\n<script type=\"application\/ld+json\" class=\"yoast-schema-graph\">{\"@context\":\"https:\/\/schema.org\",\"@graph\":[{\"@type\":\"WebPage\",\"@id\":\"https:\/\/www.noticiasradioreflejos.com.ar\/2021\/europa-sufre-un-verano-record-de-superficie-quemada-por-los-incendios\/\",\"url\":\"https:\/\/www.noticiasradioreflejos.com.ar\/2021\/europa-sufre-un-verano-record-de-superficie-quemada-por-los-incendios\/\",\"name\":\"Europa sufre un verano r\u00e9cord de superficie quemada por los incendios - Noticias Radio Reflejos\",\"isPartOf\":{\"@id\":\"https:\/\/www.noticiasradioreflejos.com.ar\/2021\/#website\"},\"primaryImageOfPage\":{\"@id\":\"https:\/\/www.noticiasradioreflejos.com.ar\/2021\/europa-sufre-un-verano-record-de-superficie-quemada-por-los-incendios\/#primaryimage\"},\"image\":{\"@id\":\"https:\/\/www.noticiasradioreflejos.com.ar\/2021\/europa-sufre-un-verano-record-de-superficie-quemada-por-los-incendios\/#primaryimage\"},\"thumbnailUrl\":\"https:\/\/www.noticiasradioreflejos.com.ar\/2021\/wp-content\/uploads\/2022\/08\/incendio-de-bosques.jpg\",\"datePublished\":\"2022-08-15T12:13:29+00:00\",\"author\":{\"@id\":\"https:\/\/www.noticiasradioreflejos.com.ar\/2021\/#\/schema\/person\/ad82545263dcc5ec0996818884fd5fb1\"},\"breadcrumb\":{\"@id\":\"https:\/\/www.noticiasradioreflejos.com.ar\/2021\/europa-sufre-un-verano-record-de-superficie-quemada-por-los-incendios\/#breadcrumb\"},\"inLanguage\":\"es\",\"potentialAction\":[{\"@type\":\"ReadAction\",\"target\":[\"https:\/\/www.noticiasradioreflejos.com.ar\/2021\/europa-sufre-un-verano-record-de-superficie-quemada-por-los-incendios\/\"]}]},{\"@type\":\"ImageObject\",\"inLanguage\":\"es\",\"@id\":\"https:\/\/www.noticiasradioreflejos.com.ar\/2021\/europa-sufre-un-verano-record-de-superficie-quemada-por-los-incendios\/#primaryimage\",\"url\":\"https:\/\/www.noticiasradioreflejos.com.ar\/2021\/wp-content\/uploads\/2022\/08\/incendio-de-bosques.jpg\",\"contentUrl\":\"https:\/\/www.noticiasradioreflejos.com.ar\/2021\/wp-content\/uploads\/2022\/08\/incendio-de-bosques.jpg\",\"width\":900,\"height\":506},{\"@type\":\"BreadcrumbList\",\"@id\":\"https:\/\/www.noticiasradioreflejos.com.ar\/2021\/europa-sufre-un-verano-record-de-superficie-quemada-por-los-incendios\/#breadcrumb\",\"itemListElement\":[{\"@type\":\"ListItem\",\"position\":1,\"name\":\"Portada\",\"item\":\"https:\/\/www.noticiasradioreflejos.com.ar\/2021\/\"},{\"@type\":\"ListItem\",\"position\":2,\"name\":\"Europa sufre un verano r\u00e9cord de superficie quemada por los incendios\"}]},{\"@type\":\"WebSite\",\"@id\":\"https:\/\/www.noticiasradioreflejos.com.ar\/2021\/#website\",\"url\":\"https:\/\/www.noticiasradioreflejos.com.ar\/2021\/\",\"name\":\"Noticias Radio Reflejos\",\"description\":\"Las noticias de mi comarca\",\"potentialAction\":[{\"@type\":\"SearchAction\",\"target\":{\"@type\":\"EntryPoint\",\"urlTemplate\":\"https:\/\/www.noticiasradioreflejos.com.ar\/2021\/?s={search_term_string}\"},\"query-input\":{\"@type\":\"PropertyValueSpecification\",\"valueRequired\":true,\"valueName\":\"search_term_string\"}}],\"inLanguage\":\"es\"},{\"@type\":\"Person\",\"@id\":\"https:\/\/www.noticiasradioreflejos.com.ar\/2021\/#\/schema\/person\/ad82545263dcc5ec0996818884fd5fb1\",\"name\":\"Arnaldo Botto\",\"image\":{\"@type\":\"ImageObject\",\"inLanguage\":\"es\",\"@id\":\"https:\/\/www.noticiasradioreflejos.com.ar\/2021\/#\/schema\/person\/image\/\",\"url\":\"https:\/\/secure.gravatar.com\/avatar\/55cb5e37c1efa326397366e6974cb338056df65cb50e7d64d1cf314e87504837?s=96&d=mm&r=g\",\"contentUrl\":\"https:\/\/secure.gravatar.com\/avatar\/55cb5e37c1efa326397366e6974cb338056df65cb50e7d64d1cf314e87504837?s=96&d=mm&r=g\",\"caption\":\"Arnaldo Botto\"},\"url\":\"https:\/\/www.noticiasradioreflejos.com.ar\/2021\/author\/arnaldo\/\"}]}<\/script>\n<!-- \/ Yoast SEO plugin. -->","yoast_head_json":{"title":"Europa sufre un verano r\u00e9cord de superficie quemada por los incendios - Noticias Radio Reflejos","robots":{"index":"index","follow":"follow","max-snippet":"max-snippet:-1","max-image-preview":"max-image-preview:large","max-video-preview":"max-video-preview:-1"},"canonical":"https:\/\/www.noticiasradioreflejos.com.ar\/2021\/europa-sufre-un-verano-record-de-superficie-quemada-por-los-incendios\/","og_locale":"es_ES","og_type":"article","og_title":"Europa sufre un verano r\u00e9cord de superficie quemada por los incendios - Noticias Radio Reflejos","og_description":"El fuego destruy\u00f3 662.776 hect\u00e1reas de bosque en todo el continente y la zona m\u00e1s golpeada, seg\u00fan los datos del sistema europeo de informaci\u00f3n sobre incendios forestales (Effis), es la Pen\u00ednsula Ib\u00e9rica.","og_url":"https:\/\/www.noticiasradioreflejos.com.ar\/2021\/europa-sufre-un-verano-record-de-superficie-quemada-por-los-incendios\/","og_site_name":"Noticias Radio Reflejos","article_published_time":"2022-08-15T12:13:29+00:00","og_image":[{"width":900,"height":506,"url":"https:\/\/www.noticiasradioreflejos.com.ar\/2021\/wp-content\/uploads\/2022\/08\/incendio-de-bosques.jpg","type":"image\/jpeg"}],"author":"Arnaldo Botto","twitter_card":"summary_large_image","schema":{"@context":"https:\/\/schema.org","@graph":[{"@type":"WebPage","@id":"https:\/\/www.noticiasradioreflejos.com.ar\/2021\/europa-sufre-un-verano-record-de-superficie-quemada-por-los-incendios\/","url":"https:\/\/www.noticiasradioreflejos.com.ar\/2021\/europa-sufre-un-verano-record-de-superficie-quemada-por-los-incendios\/","name":"Europa sufre un verano r\u00e9cord de superficie quemada por los incendios - Noticias Radio Reflejos","isPartOf":{"@id":"https:\/\/www.noticiasradioreflejos.com.ar\/2021\/#website"},"primaryImageOfPage":{"@id":"https:\/\/www.noticiasradioreflejos.com.ar\/2021\/europa-sufre-un-verano-record-de-superficie-quemada-por-los-incendios\/#primaryimage"},"image":{"@id":"https:\/\/www.noticiasradioreflejos.com.ar\/2021\/europa-sufre-un-verano-record-de-superficie-quemada-por-los-incendios\/#primaryimage"},"thumbnailUrl":"https:\/\/www.noticiasradioreflejos.com.ar\/2021\/wp-content\/uploads\/2022\/08\/incendio-de-bosques.jpg","datePublished":"2022-08-15T12:13:29+00:00","author":{"@id":"https:\/\/www.noticiasradioreflejos.com.ar\/2021\/#\/schema\/person\/ad82545263dcc5ec0996818884fd5fb1"},"breadcrumb":{"@id":"https:\/\/www.noticiasradioreflejos.com.ar\/2021\/europa-sufre-un-verano-record-de-superficie-quemada-por-los-incendios\/#breadcrumb"},"inLanguage":"es","potentialAction":[{"@type":"ReadAction","target":["https:\/\/www.noticiasradioreflejos.com.ar\/2021\/europa-sufre-un-verano-record-de-superficie-quemada-por-los-incendios\/"]}]},{"@type":"ImageObject","inLanguage":"es","@id":"https:\/\/www.noticiasradioreflejos.com.ar\/2021\/europa-sufre-un-verano-record-de-superficie-quemada-por-los-incendios\/#primaryimage","url":"https:\/\/www.noticiasradioreflejos.com.ar\/2021\/wp-content\/uploads\/2022\/08\/incendio-de-bosques.jpg","contentUrl":"https:\/\/www.noticiasradioreflejos.com.ar\/2021\/wp-content\/uploads\/2022\/08\/incendio-de-bosques.jpg","width":900,"height":506},{"@type":"BreadcrumbList","@id":"https:\/\/www.noticiasradioreflejos.com.ar\/2021\/europa-sufre-un-verano-record-de-superficie-quemada-por-los-incendios\/#breadcrumb","itemListElement":[{"@type":"ListItem","position":1,"name":"Portada","item":"https:\/\/www.noticiasradioreflejos.com.ar\/2021\/"},{"@type":"ListItem","position":2,"name":"Europa sufre un verano r\u00e9cord de superficie quemada por los incendios"}]},{"@type":"WebSite","@id":"https:\/\/www.noticiasradioreflejos.com.ar\/2021\/#website","url":"https:\/\/www.noticiasradioreflejos.com.ar\/2021\/","name":"Noticias Radio Reflejos","description":"Las noticias de mi comarca","potentialAction":[{"@type":"SearchAction","target":{"@type":"EntryPoint","urlTemplate":"https:\/\/www.noticiasradioreflejos.com.ar\/2021\/?s={search_term_string}"},"query-input":{"@type":"PropertyValueSpecification","valueRequired":true,"valueName":"search_term_string"}}],"inLanguage":"es"},{"@type":"Person","@id":"https:\/\/www.noticiasradioreflejos.com.ar\/2021\/#\/schema\/person\/ad82545263dcc5ec0996818884fd5fb1","name":"Arnaldo Botto","image":{"@type":"ImageObject","inLanguage":"es","@id":"https:\/\/www.noticiasradioreflejos.com.ar\/2021\/#\/schema\/person\/image\/","url":"https:\/\/secure.gravatar.com\/avatar\/55cb5e37c1efa326397366e6974cb338056df65cb50e7d64d1cf314e87504837?s=96&d=mm&r=g","contentUrl":"https:\/\/secure.gravatar.com\/avatar\/55cb5e37c1efa326397366e6974cb338056df65cb50e7d64d1cf314e87504837?s=96&d=mm&r=g","caption":"Arnaldo Botto"},"url":"https:\/\/www.noticiasradioreflejos.com.ar\/2021\/author\/arnaldo\/"}]}},"_links":{"self":[{"href":"https:\/\/www.noticiasradioreflejos.com.ar\/2021\/wp-json\/wp\/v2\/posts\/76276","targetHints":{"allow":["GET"]}}],"collection":[{"href":"https:\/\/www.noticiasradioreflejos.com.ar\/2021\/wp-json\/wp\/v2\/posts"}],"about":[{"href":"https:\/\/www.noticiasradioreflejos.com.ar\/2021\/wp-json\/wp\/v2\/types\/post"}],"author":[{"embeddable":true,"href":"https:\/\/www.noticiasradioreflejos.com.ar\/2021\/wp-json\/wp\/v2\/users\/3"}],"replies":[{"embeddable":true,"href":"https:\/\/www.noticiasradioreflejos.com.ar\/2021\/wp-json\/wp\/v2\/comments?post=76276"}],"version-history":[{"count":1,"href":"https:\/\/www.noticiasradioreflejos.com.ar\/2021\/wp-json\/wp\/v2\/posts\/76276\/revisions"}],"predecessor-version":[{"id":76278,"href":"https:\/\/www.noticiasradioreflejos.com.ar\/2021\/wp-json\/wp\/v2\/posts\/76276\/revisions\/76278"}],"wp:featuredmedia":[{"embeddable":true,"href":"https:\/\/www.noticiasradioreflejos.com.ar\/2021\/wp-json\/wp\/v2\/media\/76277"}],"wp:attachment":[{"href":"https:\/\/www.noticiasradioreflejos.com.ar\/2021\/wp-json\/wp\/v2\/media?parent=76276"}],"wp:term":[{"taxonomy":"category","embeddable":true,"href":"https:\/\/www.noticiasradioreflejos.com.ar\/2021\/wp-json\/wp\/v2\/categories?post=76276"},{"taxonomy":"post_tag","embeddable":true,"href":"https:\/\/www.noticiasradioreflejos.com.ar\/2021\/wp-json\/wp\/v2\/tags?post=76276"}],"curies":[{"name":"wp","href":"https:\/\/api.w.org\/{rel}","templated":true}]}}