{"id":76270,"date":"2022-08-14T17:02:23","date_gmt":"2022-08-14T17:02:23","guid":{"rendered":"http:\/\/www.noticiasradioreflejos.com.ar\/2021\/?p=76270"},"modified":"2022-08-14T17:04:56","modified_gmt":"2022-08-14T17:04:56","slug":"voley-tres-jugadores-del-distrito-forman-parte-con-liniers-de-bahia-blanca-de-un-torneo-internacional-en-la-provincia-de-santa-fe","status":"publish","type":"post","link":"https:\/\/www.noticiasradioreflejos.com.ar\/2021\/voley-tres-jugadores-del-distrito-forman-parte-con-liniers-de-bahia-blanca-de-un-torneo-internacional-en-la-provincia-de-santa-fe\/","title":{"rendered":"Voley: Tres jugadores del distrito forman parte, con Liniers de Bah\u00eda Blanca, de un torneo internacional en la provincia de Santa Fe"},"content":{"rendered":"<p>Una experiencia incre\u00edble est\u00e1n viviendo tres jugadores de nuestro distrito representando a Liniers de Bah\u00eda Blanca en el torneo internacional sub 18 femenino y masculino \u201cLuciano De Cecco\u201d que se desarrolla este fin de semana largo con sede en el Club Gimnasia y Esgrima de Santa Fe.<!--more--><\/p>\n<p><a title=\"liniers voley (1)\" href=\"https:\/\/www.flickr.com\/photos\/182279889@N02\/52285573459\/in\/dateposted-public\/\" data-flickr-embed=\"true\"><img loading=\"lazy\" decoding=\"async\" src=\"https:\/\/live.staticflickr.com\/65535\/52285573459_347fbc88e7_c.jpg\" alt=\"liniers voley (1)\" width=\"800\" height=\"600\" \/><\/a><\/p>\n<p>En la rama femenina nos representan Valentina Dorado (Saldungaray) y Josefina Candal (Tornquist).<\/p>\n<p>En el primer d\u00eda de competencia lograron victorias 2 a 0 ante Colon de Santa Fe, Libertad de San Jer\u00f3nimo y Crespo de Entre R\u00edos y cayeron por el mismo marcador ante Villa Dora de Santa Fe.<\/p>\n<p>El equipo logr\u00f3 la clasificaci\u00f3n a la Copa de Oro (quedaron entre los 16 mejores de un total de 30) y este domingo de medir\u00e1n ante Uni\u00f3n de Sunchales (13 horas), Gimnasia y Esgrima de Santa Fe (16 horas) y Pelotaris Paysandu de Uruguay (19 horas).<\/p>\n<p>Adem\u00e1s de todos los elencos citados tambi\u00e9n forman parte del evento: Escuela Municipal de Crespo, Atl\u00e9tico Neuqu\u00e9n, Echague y Paran\u00e1 Rowing (todos de Entre R\u00edos), Jun\u00edn (provincia de Buenos Aires), Regatas y Normal 3 de Rosario, CECI y Jorge Newbery de G\u00e1lvez, Alma Juniors de Esperanza, Libertad San Jer\u00f3nimo Norte, Uni\u00f3n, Banco, Regata, Hurac\u00e1n Recreo, Central San Carlos, Gimnasia y Esgrima (este ultimo con equipos A y B), Tiro Federal de Bah\u00eda Blanca, Club N\u00e1utico de Carrasco y Banco Rep\u00fablica Montevideo (Uruguay), Racing y Pueblo Nuevo de Olavarr\u00eda (este ultimo con equipos A y B)y Ferro de Puerto Deseado (Santa Cruz).<\/p>\n<p>En la rama masculina, el \u201cchivo\u201d bahiense cuenta en el plantel con Juan Bautista Piedrabuena (oriundo de Saldungaray). El d\u00eda s\u00e1bado lograron una victoria (2 a 0) ante Mariano Moreno de Buenos Aires y dos derrotas (mismo marcador) ante Rowing de Paran\u00e1 y Libertad de San Jer\u00f3nimo.<\/p>\n<p>Integran este grupo adem\u00e1s: Tiro Federal de Bah\u00eda Blanca, Pelotaris Paysand\u00fa y Banco Rep\u00fablica Montevideo (Uruguay) , Racing de Olavarr\u00eda, Ferro de Puerto Deseado (Santa Cruz), Centenario de San Jos\u00e9 de la Esquina, Universidad Nacional de C\u00f3rdoba, Rosario Central, Bomberos de Villa Ocampo, Echague de Entre R\u00edos, Villa Dora de Santa Fe con equipos A y B, Jorge Newbery de G\u00e1lvez, Alma Juniors de Esperanza y Gimnasia y Esgrima Santa Fe.<\/p>\n<p><a title=\"liniers voley (3)\" href=\"https:\/\/www.flickr.com\/photos\/182279889@N02\/52285789540\/in\/dateposted-public\/\" data-flickr-embed=\"true\"><img loading=\"lazy\" decoding=\"async\" src=\"https:\/\/live.staticflickr.com\/65535\/52285789540_1ddf0fd5b5_c.jpg\" alt=\"liniers voley (3)\" width=\"800\" height=\"600\" \/><\/a><script async src=\"\/\/embedr.flickr.com\/assets\/client-code.js\" charset=\"utf-8\"><\/script><\/p>\n<p><a title=\"liniers voley (2)\" href=\"https:\/\/www.flickr.com\/photos\/182279889@N02\/52285789735\/in\/dateposted-public\/\" data-flickr-embed=\"true\"><img loading=\"lazy\" decoding=\"async\" src=\"https:\/\/live.staticflickr.com\/65535\/52285789735_f4e65843ea_c.jpg\" alt=\"liniers voley (2)\" width=\"782\" height=\"800\" \/><\/a><script async src=\"\/\/embedr.flickr.com\/assets\/client-code.js\" charset=\"utf-8\"><\/script><\/p>\n<p>&nbsp;<\/p>\n<p>Fuente Deportornquist<\/p>\n<p>&nbsp;<\/p>\n","protected":false},"excerpt":{"rendered":"<p>Una experiencia incre\u00edble est\u00e1n viviendo tres jugadores de nuestro distrito representando a Liniers de Bah\u00eda Blanca en el torneo internacional sub 18 femenino y masculino \u201cLuciano De Cecco\u201d que se desarrolla este fin de semana largo con sede en el Club Gimnasia y Esgrima de Santa Fe.<\/p>\n","protected":false},"author":3,"featured_media":0,"comment_status":"closed","ping_status":"closed","sticky":false,"template":"","format":"standard","meta":{"footnotes":""},"categories":[27],"tags":[],"class_list":["post-76270","post","type-post","status-publish","format-standard","hentry","category-deportes"],"yoast_head":"<!-- This site is optimized with the Yoast SEO plugin v25.9 - https:\/\/yoast.com\/wordpress\/plugins\/seo\/ -->\n<title>Voley: Tres jugadores del distrito forman parte, con Liniers de Bah\u00eda Blanca, de un torneo internacional en la provincia de Santa Fe - Noticias Radio Reflejos<\/title>\n<meta name=\"robots\" content=\"index, follow, max-snippet:-1, max-image-preview:large, max-video-preview:-1\" \/>\n<link rel=\"canonical\" href=\"https:\/\/www.noticiasradioreflejos.com.ar\/2021\/voley-tres-jugadores-del-distrito-forman-parte-con-liniers-de-bahia-blanca-de-un-torneo-internacional-en-la-provincia-de-santa-fe\/\" \/>\n<meta property=\"og:locale\" content=\"es_ES\" \/>\n<meta property=\"og:type\" content=\"article\" \/>\n<meta property=\"og:title\" content=\"Voley: Tres jugadores del distrito forman parte, con Liniers de Bah\u00eda Blanca, de un torneo internacional en la provincia de Santa Fe - Noticias Radio Reflejos\" \/>\n<meta property=\"og:description\" content=\"Una experiencia incre\u00edble est\u00e1n viviendo tres jugadores de nuestro distrito representando a Liniers de Bah\u00eda Blanca en el torneo internacional sub 18 femenino y masculino \u201cLuciano De Cecco\u201d que se desarrolla este fin de semana largo con sede en el Club Gimnasia y Esgrima de Santa Fe.\" \/>\n<meta property=\"og:url\" content=\"https:\/\/www.noticiasradioreflejos.com.ar\/2021\/voley-tres-jugadores-del-distrito-forman-parte-con-liniers-de-bahia-blanca-de-un-torneo-internacional-en-la-provincia-de-santa-fe\/\" \/>\n<meta property=\"og:site_name\" content=\"Noticias Radio Reflejos\" \/>\n<meta property=\"article:published_time\" content=\"2022-08-14T17:02:23+00:00\" \/>\n<meta property=\"article:modified_time\" content=\"2022-08-14T17:04:56+00:00\" \/>\n<meta property=\"og:image\" content=\"https:\/\/live.staticflickr.com\/65535\/52285573459_347fbc88e7_c.jpg\" \/>\n<meta name=\"author\" content=\"Arnaldo Botto\" \/>\n<meta name=\"twitter:card\" content=\"summary_large_image\" \/>\n<script type=\"application\/ld+json\" class=\"yoast-schema-graph\">{\"@context\":\"https:\/\/schema.org\",\"@graph\":[{\"@type\":\"WebPage\",\"@id\":\"https:\/\/www.noticiasradioreflejos.com.ar\/2021\/voley-tres-jugadores-del-distrito-forman-parte-con-liniers-de-bahia-blanca-de-un-torneo-internacional-en-la-provincia-de-santa-fe\/\",\"url\":\"https:\/\/www.noticiasradioreflejos.com.ar\/2021\/voley-tres-jugadores-del-distrito-forman-parte-con-liniers-de-bahia-blanca-de-un-torneo-internacional-en-la-provincia-de-santa-fe\/\",\"name\":\"Voley: Tres jugadores del distrito forman parte, con Liniers de Bah\u00eda Blanca, de un torneo internacional en la provincia de Santa Fe - Noticias Radio Reflejos\",\"isPartOf\":{\"@id\":\"https:\/\/www.noticiasradioreflejos.com.ar\/2021\/#website\"},\"primaryImageOfPage\":{\"@id\":\"https:\/\/www.noticiasradioreflejos.com.ar\/2021\/voley-tres-jugadores-del-distrito-forman-parte-con-liniers-de-bahia-blanca-de-un-torneo-internacional-en-la-provincia-de-santa-fe\/#primaryimage\"},\"image\":{\"@id\":\"https:\/\/www.noticiasradioreflejos.com.ar\/2021\/voley-tres-jugadores-del-distrito-forman-parte-con-liniers-de-bahia-blanca-de-un-torneo-internacional-en-la-provincia-de-santa-fe\/#primaryimage\"},\"thumbnailUrl\":\"https:\/\/live.staticflickr.com\/65535\/52285573459_347fbc88e7_c.jpg\",\"datePublished\":\"2022-08-14T17:02:23+00:00\",\"dateModified\":\"2022-08-14T17:04:56+00:00\",\"author\":{\"@id\":\"https:\/\/www.noticiasradioreflejos.com.ar\/2021\/#\/schema\/person\/ad82545263dcc5ec0996818884fd5fb1\"},\"breadcrumb\":{\"@id\":\"https:\/\/www.noticiasradioreflejos.com.ar\/2021\/voley-tres-jugadores-del-distrito-forman-parte-con-liniers-de-bahia-blanca-de-un-torneo-internacional-en-la-provincia-de-santa-fe\/#breadcrumb\"},\"inLanguage\":\"es\",\"potentialAction\":[{\"@type\":\"ReadAction\",\"target\":[\"https:\/\/www.noticiasradioreflejos.com.ar\/2021\/voley-tres-jugadores-del-distrito-forman-parte-con-liniers-de-bahia-blanca-de-un-torneo-internacional-en-la-provincia-de-santa-fe\/\"]}]},{\"@type\":\"ImageObject\",\"inLanguage\":\"es\",\"@id\":\"https:\/\/www.noticiasradioreflejos.com.ar\/2021\/voley-tres-jugadores-del-distrito-forman-parte-con-liniers-de-bahia-blanca-de-un-torneo-internacional-en-la-provincia-de-santa-fe\/#primaryimage\",\"url\":\"https:\/\/live.staticflickr.com\/65535\/52285573459_347fbc88e7_c.jpg\",\"contentUrl\":\"https:\/\/live.staticflickr.com\/65535\/52285573459_347fbc88e7_c.jpg\"},{\"@type\":\"BreadcrumbList\",\"@id\":\"https:\/\/www.noticiasradioreflejos.com.ar\/2021\/voley-tres-jugadores-del-distrito-forman-parte-con-liniers-de-bahia-blanca-de-un-torneo-internacional-en-la-provincia-de-santa-fe\/#breadcrumb\",\"itemListElement\":[{\"@type\":\"ListItem\",\"position\":1,\"name\":\"Portada\",\"item\":\"https:\/\/www.noticiasradioreflejos.com.ar\/2021\/\"},{\"@type\":\"ListItem\",\"position\":2,\"name\":\"Voley: Tres jugadores del distrito forman parte, con Liniers de Bah\u00eda Blanca, de un torneo internacional en la provincia de Santa Fe\"}]},{\"@type\":\"WebSite\",\"@id\":\"https:\/\/www.noticiasradioreflejos.com.ar\/2021\/#website\",\"url\":\"https:\/\/www.noticiasradioreflejos.com.ar\/2021\/\",\"name\":\"Noticias Radio Reflejos\",\"description\":\"Las noticias de mi comarca\",\"potentialAction\":[{\"@type\":\"SearchAction\",\"target\":{\"@type\":\"EntryPoint\",\"urlTemplate\":\"https:\/\/www.noticiasradioreflejos.com.ar\/2021\/?s={search_term_string}\"},\"query-input\":{\"@type\":\"PropertyValueSpecification\",\"valueRequired\":true,\"valueName\":\"search_term_string\"}}],\"inLanguage\":\"es\"},{\"@type\":\"Person\",\"@id\":\"https:\/\/www.noticiasradioreflejos.com.ar\/2021\/#\/schema\/person\/ad82545263dcc5ec0996818884fd5fb1\",\"name\":\"Arnaldo Botto\",\"image\":{\"@type\":\"ImageObject\",\"inLanguage\":\"es\",\"@id\":\"https:\/\/www.noticiasradioreflejos.com.ar\/2021\/#\/schema\/person\/image\/\",\"url\":\"https:\/\/secure.gravatar.com\/avatar\/55cb5e37c1efa326397366e6974cb338056df65cb50e7d64d1cf314e87504837?s=96&d=mm&r=g\",\"contentUrl\":\"https:\/\/secure.gravatar.com\/avatar\/55cb5e37c1efa326397366e6974cb338056df65cb50e7d64d1cf314e87504837?s=96&d=mm&r=g\",\"caption\":\"Arnaldo Botto\"},\"url\":\"https:\/\/www.noticiasradioreflejos.com.ar\/2021\/author\/arnaldo\/\"}]}<\/script>\n<!-- \/ Yoast SEO plugin. -->","yoast_head_json":{"title":"Voley: Tres jugadores del distrito forman parte, con Liniers de Bah\u00eda Blanca, de un torneo internacional en la provincia de Santa Fe - Noticias Radio Reflejos","robots":{"index":"index","follow":"follow","max-snippet":"max-snippet:-1","max-image-preview":"max-image-preview:large","max-video-preview":"max-video-preview:-1"},"canonical":"https:\/\/www.noticiasradioreflejos.com.ar\/2021\/voley-tres-jugadores-del-distrito-forman-parte-con-liniers-de-bahia-blanca-de-un-torneo-internacional-en-la-provincia-de-santa-fe\/","og_locale":"es_ES","og_type":"article","og_title":"Voley: Tres jugadores del distrito forman parte, con Liniers de Bah\u00eda Blanca, de un torneo internacional en la provincia de Santa Fe - Noticias Radio Reflejos","og_description":"Una experiencia incre\u00edble est\u00e1n viviendo tres jugadores de nuestro distrito representando a Liniers de Bah\u00eda Blanca en el torneo internacional sub 18 femenino y masculino \u201cLuciano De Cecco\u201d que se desarrolla este fin de semana largo con sede en el Club Gimnasia y Esgrima de Santa Fe.","og_url":"https:\/\/www.noticiasradioreflejos.com.ar\/2021\/voley-tres-jugadores-del-distrito-forman-parte-con-liniers-de-bahia-blanca-de-un-torneo-internacional-en-la-provincia-de-santa-fe\/","og_site_name":"Noticias Radio Reflejos","article_published_time":"2022-08-14T17:02:23+00:00","article_modified_time":"2022-08-14T17:04:56+00:00","og_image":[{"url":"https:\/\/live.staticflickr.com\/65535\/52285573459_347fbc88e7_c.jpg","type":"","width":"","height":""}],"author":"Arnaldo Botto","twitter_card":"summary_large_image","schema":{"@context":"https:\/\/schema.org","@graph":[{"@type":"WebPage","@id":"https:\/\/www.noticiasradioreflejos.com.ar\/2021\/voley-tres-jugadores-del-distrito-forman-parte-con-liniers-de-bahia-blanca-de-un-torneo-internacional-en-la-provincia-de-santa-fe\/","url":"https:\/\/www.noticiasradioreflejos.com.ar\/2021\/voley-tres-jugadores-del-distrito-forman-parte-con-liniers-de-bahia-blanca-de-un-torneo-internacional-en-la-provincia-de-santa-fe\/","name":"Voley: Tres jugadores del distrito forman parte, con Liniers de Bah\u00eda Blanca, de un torneo internacional en la provincia de Santa Fe - Noticias Radio Reflejos","isPartOf":{"@id":"https:\/\/www.noticiasradioreflejos.com.ar\/2021\/#website"},"primaryImageOfPage":{"@id":"https:\/\/www.noticiasradioreflejos.com.ar\/2021\/voley-tres-jugadores-del-distrito-forman-parte-con-liniers-de-bahia-blanca-de-un-torneo-internacional-en-la-provincia-de-santa-fe\/#primaryimage"},"image":{"@id":"https:\/\/www.noticiasradioreflejos.com.ar\/2021\/voley-tres-jugadores-del-distrito-forman-parte-con-liniers-de-bahia-blanca-de-un-torneo-internacional-en-la-provincia-de-santa-fe\/#primaryimage"},"thumbnailUrl":"https:\/\/live.staticflickr.com\/65535\/52285573459_347fbc88e7_c.jpg","datePublished":"2022-08-14T17:02:23+00:00","dateModified":"2022-08-14T17:04:56+00:00","author":{"@id":"https:\/\/www.noticiasradioreflejos.com.ar\/2021\/#\/schema\/person\/ad82545263dcc5ec0996818884fd5fb1"},"breadcrumb":{"@id":"https:\/\/www.noticiasradioreflejos.com.ar\/2021\/voley-tres-jugadores-del-distrito-forman-parte-con-liniers-de-bahia-blanca-de-un-torneo-internacional-en-la-provincia-de-santa-fe\/#breadcrumb"},"inLanguage":"es","potentialAction":[{"@type":"ReadAction","target":["https:\/\/www.noticiasradioreflejos.com.ar\/2021\/voley-tres-jugadores-del-distrito-forman-parte-con-liniers-de-bahia-blanca-de-un-torneo-internacional-en-la-provincia-de-santa-fe\/"]}]},{"@type":"ImageObject","inLanguage":"es","@id":"https:\/\/www.noticiasradioreflejos.com.ar\/2021\/voley-tres-jugadores-del-distrito-forman-parte-con-liniers-de-bahia-blanca-de-un-torneo-internacional-en-la-provincia-de-santa-fe\/#primaryimage","url":"https:\/\/live.staticflickr.com\/65535\/52285573459_347fbc88e7_c.jpg","contentUrl":"https:\/\/live.staticflickr.com\/65535\/52285573459_347fbc88e7_c.jpg"},{"@type":"BreadcrumbList","@id":"https:\/\/www.noticiasradioreflejos.com.ar\/2021\/voley-tres-jugadores-del-distrito-forman-parte-con-liniers-de-bahia-blanca-de-un-torneo-internacional-en-la-provincia-de-santa-fe\/#breadcrumb","itemListElement":[{"@type":"ListItem","position":1,"name":"Portada","item":"https:\/\/www.noticiasradioreflejos.com.ar\/2021\/"},{"@type":"ListItem","position":2,"name":"Voley: Tres jugadores del distrito forman parte, con Liniers de Bah\u00eda Blanca, de un torneo internacional en la provincia de Santa Fe"}]},{"@type":"WebSite","@id":"https:\/\/www.noticiasradioreflejos.com.ar\/2021\/#website","url":"https:\/\/www.noticiasradioreflejos.com.ar\/2021\/","name":"Noticias Radio Reflejos","description":"Las noticias de mi comarca","potentialAction":[{"@type":"SearchAction","target":{"@type":"EntryPoint","urlTemplate":"https:\/\/www.noticiasradioreflejos.com.ar\/2021\/?s={search_term_string}"},"query-input":{"@type":"PropertyValueSpecification","valueRequired":true,"valueName":"search_term_string"}}],"inLanguage":"es"},{"@type":"Person","@id":"https:\/\/www.noticiasradioreflejos.com.ar\/2021\/#\/schema\/person\/ad82545263dcc5ec0996818884fd5fb1","name":"Arnaldo Botto","image":{"@type":"ImageObject","inLanguage":"es","@id":"https:\/\/www.noticiasradioreflejos.com.ar\/2021\/#\/schema\/person\/image\/","url":"https:\/\/secure.gravatar.com\/avatar\/55cb5e37c1efa326397366e6974cb338056df65cb50e7d64d1cf314e87504837?s=96&d=mm&r=g","contentUrl":"https:\/\/secure.gravatar.com\/avatar\/55cb5e37c1efa326397366e6974cb338056df65cb50e7d64d1cf314e87504837?s=96&d=mm&r=g","caption":"Arnaldo Botto"},"url":"https:\/\/www.noticiasradioreflejos.com.ar\/2021\/author\/arnaldo\/"}]}},"_links":{"self":[{"href":"https:\/\/www.noticiasradioreflejos.com.ar\/2021\/wp-json\/wp\/v2\/posts\/76270","targetHints":{"allow":["GET"]}}],"collection":[{"href":"https:\/\/www.noticiasradioreflejos.com.ar\/2021\/wp-json\/wp\/v2\/posts"}],"about":[{"href":"https:\/\/www.noticiasradioreflejos.com.ar\/2021\/wp-json\/wp\/v2\/types\/post"}],"author":[{"embeddable":true,"href":"https:\/\/www.noticiasradioreflejos.com.ar\/2021\/wp-json\/wp\/v2\/users\/3"}],"replies":[{"embeddable":true,"href":"https:\/\/www.noticiasradioreflejos.com.ar\/2021\/wp-json\/wp\/v2\/comments?post=76270"}],"version-history":[{"count":2,"href":"https:\/\/www.noticiasradioreflejos.com.ar\/2021\/wp-json\/wp\/v2\/posts\/76270\/revisions"}],"predecessor-version":[{"id":76273,"href":"https:\/\/www.noticiasradioreflejos.com.ar\/2021\/wp-json\/wp\/v2\/posts\/76270\/revisions\/76273"}],"wp:attachment":[{"href":"https:\/\/www.noticiasradioreflejos.com.ar\/2021\/wp-json\/wp\/v2\/media?parent=76270"}],"wp:term":[{"taxonomy":"category","embeddable":true,"href":"https:\/\/www.noticiasradioreflejos.com.ar\/2021\/wp-json\/wp\/v2\/categories?post=76270"},{"taxonomy":"post_tag","embeddable":true,"href":"https:\/\/www.noticiasradioreflejos.com.ar\/2021\/wp-json\/wp\/v2\/tags?post=76270"}],"curies":[{"name":"wp","href":"https:\/\/api.w.org\/{rel}","templated":true}]}}