{"id":76267,"date":"2022-08-14T14:44:13","date_gmt":"2022-08-14T14:44:13","guid":{"rendered":"http:\/\/www.noticiasradioreflejos.com.ar\/2021\/?p=76267"},"modified":"2022-08-14T14:44:13","modified_gmt":"2022-08-14T14:44:13","slug":"la-ley-de-blanqueo-para-la-construccion-un-incentivo-para-la-inversion","status":"publish","type":"post","link":"https:\/\/www.noticiasradioreflejos.com.ar\/2021\/la-ley-de-blanqueo-para-la-construccion-un-incentivo-para-la-inversion\/","title":{"rendered":"La ley de blanqueo para la construcci\u00f3n, un incentivo para la inversi\u00f3n"},"content":{"rendered":"<p>La normativa tiene como objetivo promover el desarrollo en proyectos inmobiliarios realizados en Argentina y recuperar puestos de trabajo perdidos, adem\u00e1s de lograr mayor oferta de viviendas.<!--more--><\/p>\n<figure class=\"mb-3\"><img decoding=\"async\" src=\"https:\/\/www.telam.com.ar\/thumbs\/bluesteel\/advf\/imagenes\/2022\/08\/62ed1fd37c0a8_900.jpg\" alt=\"La ley incentivar las inversiones en nuevos proyectos\" width=\"100%\" height=\"100%\" \/><\/p>\n<div class=\"media-icons\"><\/div><figcaption>La ley incentivar\u00e1 las inversiones en nuevos proyectos.<\/figcaption><\/figure>\n<p>La pr\u00f3rroga de la vigencia de la ley de blanqueo de capitales para la construcci\u00f3n,\u00a0<a href=\"https:\/\/www.telam.com.ar\/notas\/202208\/601307-senado-aprobo-prorroga-incentivos-construccion.html\" target=\"_blank\" rel=\"noopener\">aprobada la semana pasada por el Senado de la Naci\u00f3n<\/a>, incentivar\u00e1 las inversiones en nuevos proyectos y servir\u00e1 de motor para la reactivaci\u00f3n del aparato productivo y la econom\u00eda real, destacaron fuentes del sector.<\/p>\n<p>\u00abA diferencia de las veces anteriores, este blanqueo est\u00e1 muy bien estructurado y esta orientado al sector productivo y no a la especulaci\u00f3n financiera\u00bb,\u00a0<strong>dijo a T\u00e9lam el CEO de Criba, Santiago Tarasido.<\/strong><\/p>\n<p>Consider\u00f3 que \u00absi la ley tiene el impacto positivo que todos esperamos, el principal resultado se ver\u00e1 reflejado en generaci\u00f3n de inversiones en nuevos proyectos y en mayor empleo de una industria fundamental para la econom\u00eda tal como lo es la construcci\u00f3n\u00bb.<\/p>\n<p>Asimismo,<strong>\u00a0Juan Manuel Tapiola, CEO de Spazios<\/strong>, dijo a esta agencia que \u00abesta ley es una respuesta muy positiva a algo que se reclamaba en el sector desde hace mucho tiempo; se trata de un incentivo a la inversi\u00f3n y a la actividad econ\u00f3mica que tendr\u00e1 como resultado generaci\u00f3n de empleo\u00bb.<\/p>\n<p>\u00abEsta medida impactar\u00e1 en el lanzamiento de nuevos productos al mercado incrementando de esta manera la oferta y reactivando una industria clave para la econom\u00eda argentina\u00bb, se\u00f1al\u00f3.<\/p>\n<p>En tanto,<strong>\u00a0el presidente de la C\u00e1mara de Empresas de Servicios Inmobiliarios (Camesi), Mariano Garc\u00eda Malbr\u00e1n<\/strong>, se\u00f1al\u00f3 que \u00abla reapertura del blanqueo de capitales puede representar un adicional de inversi\u00f3n privada de entre 4.000 y 4.500 millones de d\u00f3lares\u00bb.<\/p>\n<p>\u00abSin lugar a dudas multiplicar\u00e1 el trabajo y servir\u00e1 de motor para la reactivaci\u00f3n de la construcci\u00f3n y del aparato productivo nacional en general; adem\u00e1s de sumar unidades habitacionales en el mediano plazo a un mercado que no logra satisfacer la demanda\u00bb, afirm\u00f3.<\/p>\n<figure class=\"mb-3\"><img decoding=\"async\" src=\"https:\/\/www.telam.com.ar\/thumbs\/bluesteel\/advf\/imagenes\/2022\/05\/6273acbf980dd_900.jpg\" alt=\"La iniciativa servir de motor para la reactivacin del aparato productivo y la economa real Foto Cmara de la Construccin Argentina\" width=\"100%\" height=\"100%\" \/><\/p>\n<div class=\"media-icons\"><\/div><figcaption>La iniciativa servir\u00e1 de motor para la reactivaci\u00f3n del aparato productivo y la econom\u00eda real. Foto: C\u00e1mara de la Construcci\u00f3n Argentina<\/figcaption><\/figure>\n<p>Por su parte,\u00a0<strong>Iv\u00e1n Ginevra, CEO de GNV Group<\/strong>,<strong>\u00a0<\/strong>expres\u00f3 que la ley \u00abes un verdadero incentivo a la inversi\u00f3n, a la actividad econ\u00f3mica y a la generaci\u00f3n de mano de obra sin costo fiscal para el Estado\u00bb.<\/p>\n<p>\u00abEs urgente y de suma importancia que se generen medidas de reactivaci\u00f3n de la econom\u00eda real\u00bb, consider\u00f3.<\/p>\n<p><strong>El analista de mercado del Centro de Corredores Inmobiliarios de la provincia de C\u00f3rdoba (Cecin), Juan Pablo Baca,<\/strong>\u00a0dijo que \u00abel blanqueo para la construcci\u00f3n es una gran oportunidad para canalizar aquellos fondos no declarados para el \u00e1mbito del real state, que es una buena oportunidad para ingresar\u00bb.<\/p>\n<p>El proyecto que prorroga la vigencia del blanqueo de capitales y fue sancionado el mi\u00e9rcoles \u00faltimo por la C\u00e1mara alta busca activar de manera espec\u00edfica al sector de la construcci\u00f3n con incentivos impositivos para quienes declaren bienes, e incluye parte del programa \u201cpuente al empleo\u201d referido a la conversi\u00f3n de los planes sociales en trabajo genuino.<\/p>\n<h2 class=\"\">Sobre la ley<\/h2>\n<p>Aprobada a comienzos de 2021, la Ley de Incentivo a la Construcci\u00f3n Federal Argentina y Acceso a la Vivienda\u00a0<strong>busc\u00f3 impulsar el desarrollo del sector, muy afectado por la pandemia de coronavirus, recuperar puestos de trabajo perdidos y lograr mayor oferta de viviendas.<\/strong><\/p>\n<p>La normativa\u00a0<strong>tiene como objetivo promover el desarrollo o la inversi\u00f3n en proyectos inmobiliarios realizados en el territorio de la Rep\u00fablica Argentina<\/strong>\u00a0y estipula que la inversi\u00f3n debe destinarse a obras privadas nuevas, dentro de las que se consideran todas las que al momento de entrada en vigencia de la ley tengan un avance inferior al 50% de la obra.<\/p>\n<p>Sobre la base del esquema previsto, el blanqueo para la construcci\u00f3n contempla una al\u00edcuota progresiva de acuerdo a los plazos en los que se ingrese.<\/p>\n<p>En el caso de los bienes ingresados desde la fecha de entrada en vigencia de esta ley y hasta transcurrido el plazo de 90 d\u00edas corridos, la al\u00edcuota que deber\u00e1n tributar quienes ingresen ser\u00e1 de 5%.<\/p>\n<p>En tanto, los ingresados desde el d\u00eda siguiente de vencido el primer plazo y hasta transcurrido otros 90 d\u00edas, tendr\u00e1n una tasa que ser\u00e1 de 10%; y los declarados desde el d\u00eda siguiente de vencido el segundo plazo y hasta transcurrido 180 d\u00edas corridos, abonar\u00e1n una al\u00edcuota de 20%<\/p>\n","protected":false},"excerpt":{"rendered":"<p>La normativa tiene como objetivo promover el desarrollo en proyectos inmobiliarios realizados en Argentina y recuperar puestos de trabajo perdidos, adem\u00e1s de lograr mayor oferta de viviendas.<\/p>\n","protected":false},"author":3,"featured_media":0,"comment_status":"closed","ping_status":"closed","sticky":false,"template":"","format":"standard","meta":{"footnotes":""},"categories":[24,26],"tags":[],"class_list":["post-76267","post","type-post","status-publish","format-standard","hentry","category-politica","category-sociedad"],"yoast_head":"<!-- This site is optimized with the Yoast SEO plugin v25.9 - https:\/\/yoast.com\/wordpress\/plugins\/seo\/ -->\n<title>La ley de blanqueo para la construcci\u00f3n, un incentivo para la inversi\u00f3n - Noticias Radio Reflejos<\/title>\n<meta name=\"robots\" content=\"index, follow, max-snippet:-1, max-image-preview:large, max-video-preview:-1\" \/>\n<link rel=\"canonical\" href=\"https:\/\/www.noticiasradioreflejos.com.ar\/2021\/la-ley-de-blanqueo-para-la-construccion-un-incentivo-para-la-inversion\/\" \/>\n<meta property=\"og:locale\" content=\"es_ES\" \/>\n<meta property=\"og:type\" content=\"article\" \/>\n<meta property=\"og:title\" content=\"La ley de blanqueo para la construcci\u00f3n, un incentivo para la inversi\u00f3n - Noticias Radio Reflejos\" \/>\n<meta property=\"og:description\" content=\"La normativa tiene como objetivo promover el desarrollo en proyectos inmobiliarios realizados en Argentina y recuperar puestos de trabajo perdidos, adem\u00e1s de lograr mayor oferta de viviendas.\" \/>\n<meta property=\"og:url\" content=\"https:\/\/www.noticiasradioreflejos.com.ar\/2021\/la-ley-de-blanqueo-para-la-construccion-un-incentivo-para-la-inversion\/\" \/>\n<meta property=\"og:site_name\" content=\"Noticias Radio Reflejos\" \/>\n<meta property=\"article:published_time\" content=\"2022-08-14T14:44:13+00:00\" \/>\n<meta property=\"og:image\" content=\"https:\/\/www.telam.com.ar\/thumbs\/bluesteel\/advf\/imagenes\/2022\/08\/62ed1fd37c0a8_900.jpg\" \/>\n<meta name=\"author\" content=\"Arnaldo Botto\" \/>\n<meta name=\"twitter:card\" content=\"summary_large_image\" \/>\n<script type=\"application\/ld+json\" class=\"yoast-schema-graph\">{\"@context\":\"https:\/\/schema.org\",\"@graph\":[{\"@type\":\"WebPage\",\"@id\":\"https:\/\/www.noticiasradioreflejos.com.ar\/2021\/la-ley-de-blanqueo-para-la-construccion-un-incentivo-para-la-inversion\/\",\"url\":\"https:\/\/www.noticiasradioreflejos.com.ar\/2021\/la-ley-de-blanqueo-para-la-construccion-un-incentivo-para-la-inversion\/\",\"name\":\"La ley de blanqueo para la construcci\u00f3n, un incentivo para la inversi\u00f3n - Noticias Radio Reflejos\",\"isPartOf\":{\"@id\":\"https:\/\/www.noticiasradioreflejos.com.ar\/2021\/#website\"},\"primaryImageOfPage\":{\"@id\":\"https:\/\/www.noticiasradioreflejos.com.ar\/2021\/la-ley-de-blanqueo-para-la-construccion-un-incentivo-para-la-inversion\/#primaryimage\"},\"image\":{\"@id\":\"https:\/\/www.noticiasradioreflejos.com.ar\/2021\/la-ley-de-blanqueo-para-la-construccion-un-incentivo-para-la-inversion\/#primaryimage\"},\"thumbnailUrl\":\"https:\/\/www.telam.com.ar\/thumbs\/bluesteel\/advf\/imagenes\/2022\/08\/62ed1fd37c0a8_900.jpg\",\"datePublished\":\"2022-08-14T14:44:13+00:00\",\"author\":{\"@id\":\"https:\/\/www.noticiasradioreflejos.com.ar\/2021\/#\/schema\/person\/ad82545263dcc5ec0996818884fd5fb1\"},\"breadcrumb\":{\"@id\":\"https:\/\/www.noticiasradioreflejos.com.ar\/2021\/la-ley-de-blanqueo-para-la-construccion-un-incentivo-para-la-inversion\/#breadcrumb\"},\"inLanguage\":\"es\",\"potentialAction\":[{\"@type\":\"ReadAction\",\"target\":[\"https:\/\/www.noticiasradioreflejos.com.ar\/2021\/la-ley-de-blanqueo-para-la-construccion-un-incentivo-para-la-inversion\/\"]}]},{\"@type\":\"ImageObject\",\"inLanguage\":\"es\",\"@id\":\"https:\/\/www.noticiasradioreflejos.com.ar\/2021\/la-ley-de-blanqueo-para-la-construccion-un-incentivo-para-la-inversion\/#primaryimage\",\"url\":\"https:\/\/www.telam.com.ar\/thumbs\/bluesteel\/advf\/imagenes\/2022\/08\/62ed1fd37c0a8_900.jpg\",\"contentUrl\":\"https:\/\/www.telam.com.ar\/thumbs\/bluesteel\/advf\/imagenes\/2022\/08\/62ed1fd37c0a8_900.jpg\"},{\"@type\":\"BreadcrumbList\",\"@id\":\"https:\/\/www.noticiasradioreflejos.com.ar\/2021\/la-ley-de-blanqueo-para-la-construccion-un-incentivo-para-la-inversion\/#breadcrumb\",\"itemListElement\":[{\"@type\":\"ListItem\",\"position\":1,\"name\":\"Portada\",\"item\":\"https:\/\/www.noticiasradioreflejos.com.ar\/2021\/\"},{\"@type\":\"ListItem\",\"position\":2,\"name\":\"La ley de blanqueo para la construcci\u00f3n, un incentivo para la inversi\u00f3n\"}]},{\"@type\":\"WebSite\",\"@id\":\"https:\/\/www.noticiasradioreflejos.com.ar\/2021\/#website\",\"url\":\"https:\/\/www.noticiasradioreflejos.com.ar\/2021\/\",\"name\":\"Noticias Radio Reflejos\",\"description\":\"Las noticias de mi comarca\",\"potentialAction\":[{\"@type\":\"SearchAction\",\"target\":{\"@type\":\"EntryPoint\",\"urlTemplate\":\"https:\/\/www.noticiasradioreflejos.com.ar\/2021\/?s={search_term_string}\"},\"query-input\":{\"@type\":\"PropertyValueSpecification\",\"valueRequired\":true,\"valueName\":\"search_term_string\"}}],\"inLanguage\":\"es\"},{\"@type\":\"Person\",\"@id\":\"https:\/\/www.noticiasradioreflejos.com.ar\/2021\/#\/schema\/person\/ad82545263dcc5ec0996818884fd5fb1\",\"name\":\"Arnaldo Botto\",\"image\":{\"@type\":\"ImageObject\",\"inLanguage\":\"es\",\"@id\":\"https:\/\/www.noticiasradioreflejos.com.ar\/2021\/#\/schema\/person\/image\/\",\"url\":\"https:\/\/secure.gravatar.com\/avatar\/55cb5e37c1efa326397366e6974cb338056df65cb50e7d64d1cf314e87504837?s=96&d=mm&r=g\",\"contentUrl\":\"https:\/\/secure.gravatar.com\/avatar\/55cb5e37c1efa326397366e6974cb338056df65cb50e7d64d1cf314e87504837?s=96&d=mm&r=g\",\"caption\":\"Arnaldo Botto\"},\"url\":\"https:\/\/www.noticiasradioreflejos.com.ar\/2021\/author\/arnaldo\/\"}]}<\/script>\n<!-- \/ Yoast SEO plugin. -->","yoast_head_json":{"title":"La ley de blanqueo para la construcci\u00f3n, un incentivo para la inversi\u00f3n - Noticias Radio Reflejos","robots":{"index":"index","follow":"follow","max-snippet":"max-snippet:-1","max-image-preview":"max-image-preview:large","max-video-preview":"max-video-preview:-1"},"canonical":"https:\/\/www.noticiasradioreflejos.com.ar\/2021\/la-ley-de-blanqueo-para-la-construccion-un-incentivo-para-la-inversion\/","og_locale":"es_ES","og_type":"article","og_title":"La ley de blanqueo para la construcci\u00f3n, un incentivo para la inversi\u00f3n - Noticias Radio Reflejos","og_description":"La normativa tiene como objetivo promover el desarrollo en proyectos inmobiliarios realizados en Argentina y recuperar puestos de trabajo perdidos, adem\u00e1s de lograr mayor oferta de viviendas.","og_url":"https:\/\/www.noticiasradioreflejos.com.ar\/2021\/la-ley-de-blanqueo-para-la-construccion-un-incentivo-para-la-inversion\/","og_site_name":"Noticias Radio Reflejos","article_published_time":"2022-08-14T14:44:13+00:00","og_image":[{"url":"https:\/\/www.telam.com.ar\/thumbs\/bluesteel\/advf\/imagenes\/2022\/08\/62ed1fd37c0a8_900.jpg","type":"","width":"","height":""}],"author":"Arnaldo Botto","twitter_card":"summary_large_image","schema":{"@context":"https:\/\/schema.org","@graph":[{"@type":"WebPage","@id":"https:\/\/www.noticiasradioreflejos.com.ar\/2021\/la-ley-de-blanqueo-para-la-construccion-un-incentivo-para-la-inversion\/","url":"https:\/\/www.noticiasradioreflejos.com.ar\/2021\/la-ley-de-blanqueo-para-la-construccion-un-incentivo-para-la-inversion\/","name":"La ley de blanqueo para la construcci\u00f3n, un incentivo para la inversi\u00f3n - Noticias Radio Reflejos","isPartOf":{"@id":"https:\/\/www.noticiasradioreflejos.com.ar\/2021\/#website"},"primaryImageOfPage":{"@id":"https:\/\/www.noticiasradioreflejos.com.ar\/2021\/la-ley-de-blanqueo-para-la-construccion-un-incentivo-para-la-inversion\/#primaryimage"},"image":{"@id":"https:\/\/www.noticiasradioreflejos.com.ar\/2021\/la-ley-de-blanqueo-para-la-construccion-un-incentivo-para-la-inversion\/#primaryimage"},"thumbnailUrl":"https:\/\/www.telam.com.ar\/thumbs\/bluesteel\/advf\/imagenes\/2022\/08\/62ed1fd37c0a8_900.jpg","datePublished":"2022-08-14T14:44:13+00:00","author":{"@id":"https:\/\/www.noticiasradioreflejos.com.ar\/2021\/#\/schema\/person\/ad82545263dcc5ec0996818884fd5fb1"},"breadcrumb":{"@id":"https:\/\/www.noticiasradioreflejos.com.ar\/2021\/la-ley-de-blanqueo-para-la-construccion-un-incentivo-para-la-inversion\/#breadcrumb"},"inLanguage":"es","potentialAction":[{"@type":"ReadAction","target":["https:\/\/www.noticiasradioreflejos.com.ar\/2021\/la-ley-de-blanqueo-para-la-construccion-un-incentivo-para-la-inversion\/"]}]},{"@type":"ImageObject","inLanguage":"es","@id":"https:\/\/www.noticiasradioreflejos.com.ar\/2021\/la-ley-de-blanqueo-para-la-construccion-un-incentivo-para-la-inversion\/#primaryimage","url":"https:\/\/www.telam.com.ar\/thumbs\/bluesteel\/advf\/imagenes\/2022\/08\/62ed1fd37c0a8_900.jpg","contentUrl":"https:\/\/www.telam.com.ar\/thumbs\/bluesteel\/advf\/imagenes\/2022\/08\/62ed1fd37c0a8_900.jpg"},{"@type":"BreadcrumbList","@id":"https:\/\/www.noticiasradioreflejos.com.ar\/2021\/la-ley-de-blanqueo-para-la-construccion-un-incentivo-para-la-inversion\/#breadcrumb","itemListElement":[{"@type":"ListItem","position":1,"name":"Portada","item":"https:\/\/www.noticiasradioreflejos.com.ar\/2021\/"},{"@type":"ListItem","position":2,"name":"La ley de blanqueo para la construcci\u00f3n, un incentivo para la inversi\u00f3n"}]},{"@type":"WebSite","@id":"https:\/\/www.noticiasradioreflejos.com.ar\/2021\/#website","url":"https:\/\/www.noticiasradioreflejos.com.ar\/2021\/","name":"Noticias Radio Reflejos","description":"Las noticias de mi comarca","potentialAction":[{"@type":"SearchAction","target":{"@type":"EntryPoint","urlTemplate":"https:\/\/www.noticiasradioreflejos.com.ar\/2021\/?s={search_term_string}"},"query-input":{"@type":"PropertyValueSpecification","valueRequired":true,"valueName":"search_term_string"}}],"inLanguage":"es"},{"@type":"Person","@id":"https:\/\/www.noticiasradioreflejos.com.ar\/2021\/#\/schema\/person\/ad82545263dcc5ec0996818884fd5fb1","name":"Arnaldo Botto","image":{"@type":"ImageObject","inLanguage":"es","@id":"https:\/\/www.noticiasradioreflejos.com.ar\/2021\/#\/schema\/person\/image\/","url":"https:\/\/secure.gravatar.com\/avatar\/55cb5e37c1efa326397366e6974cb338056df65cb50e7d64d1cf314e87504837?s=96&d=mm&r=g","contentUrl":"https:\/\/secure.gravatar.com\/avatar\/55cb5e37c1efa326397366e6974cb338056df65cb50e7d64d1cf314e87504837?s=96&d=mm&r=g","caption":"Arnaldo Botto"},"url":"https:\/\/www.noticiasradioreflejos.com.ar\/2021\/author\/arnaldo\/"}]}},"_links":{"self":[{"href":"https:\/\/www.noticiasradioreflejos.com.ar\/2021\/wp-json\/wp\/v2\/posts\/76267","targetHints":{"allow":["GET"]}}],"collection":[{"href":"https:\/\/www.noticiasradioreflejos.com.ar\/2021\/wp-json\/wp\/v2\/posts"}],"about":[{"href":"https:\/\/www.noticiasradioreflejos.com.ar\/2021\/wp-json\/wp\/v2\/types\/post"}],"author":[{"embeddable":true,"href":"https:\/\/www.noticiasradioreflejos.com.ar\/2021\/wp-json\/wp\/v2\/users\/3"}],"replies":[{"embeddable":true,"href":"https:\/\/www.noticiasradioreflejos.com.ar\/2021\/wp-json\/wp\/v2\/comments?post=76267"}],"version-history":[{"count":1,"href":"https:\/\/www.noticiasradioreflejos.com.ar\/2021\/wp-json\/wp\/v2\/posts\/76267\/revisions"}],"predecessor-version":[{"id":76269,"href":"https:\/\/www.noticiasradioreflejos.com.ar\/2021\/wp-json\/wp\/v2\/posts\/76267\/revisions\/76269"}],"wp:attachment":[{"href":"https:\/\/www.noticiasradioreflejos.com.ar\/2021\/wp-json\/wp\/v2\/media?parent=76267"}],"wp:term":[{"taxonomy":"category","embeddable":true,"href":"https:\/\/www.noticiasradioreflejos.com.ar\/2021\/wp-json\/wp\/v2\/categories?post=76267"},{"taxonomy":"post_tag","embeddable":true,"href":"https:\/\/www.noticiasradioreflejos.com.ar\/2021\/wp-json\/wp\/v2\/tags?post=76267"}],"curies":[{"name":"wp","href":"https:\/\/api.w.org\/{rel}","templated":true}]}}