{"id":76264,"date":"2022-08-14T14:39:56","date_gmt":"2022-08-14T14:39:56","guid":{"rendered":"http:\/\/www.noticiasradioreflejos.com.ar\/2021\/?p=76264"},"modified":"2022-08-14T14:39:56","modified_gmt":"2022-08-14T14:39:56","slug":"se-desarrollo-la-charla-una-agenda-de-salud-con-vocacion-de-poder","status":"publish","type":"post","link":"https:\/\/www.noticiasradioreflejos.com.ar\/2021\/se-desarrollo-la-charla-una-agenda-de-salud-con-vocacion-de-poder\/","title":{"rendered":"Se desarroll\u00f3\u00a0la charla\u00a0\u00abUna Agenda de Salud con vocaci\u00f3n de poder\u00bb"},"content":{"rendered":"<p>A cargo del Dr. Marcelo Garc\u00eda Dieguez, profesor asociado de la Universidad Nacional del Sur, estrechamente relacionado con Poder y la Fundaci\u00f3n Alem.<!--more--><\/p>\n<p>Se debati\u00f3 sobre una agenda sanitaria articulada con la Provincia y las \u00e1reas de trabajo que est\u00e1 llevando adelante la Fundaci\u00f3n Poder, donde se abordar\u00e1n temas vinculados a la construcci\u00f3n de redes y articulaci\u00f3n entre niveles y subsectores; pol\u00edtica de capital humano en salud; y pol\u00edticas de salud mental y adicciones.<\/p>\n<p>La misma se llev\u00f3 a cabo en las instalaciones del Comit\u00e9 de la UCR de Tornquist. Participaron afiliados, simpatizantes, Concejales y profesionales de la salud vinculados al partido. Tambi\u00e9n se hizo presente el Diputado Provincial, Emiliano Balb\u00edn y Nerina Neumann, integrante de la Fundaci\u00f3n Poder.<\/p>\n<div><\/div>\n<p><a data-flickr-embed=\"true\" href=\"https:\/\/www.flickr.com\/photos\/182279889@N02\/52284040997\/in\/dateposted-public\/\" title=\"WhatsApp Image 2022-08-12 at 8.48.34 PM\"><img loading=\"lazy\" decoding=\"async\" src=\"https:\/\/live.staticflickr.com\/65535\/52284040997_999085a7a5_c.jpg\" width=\"800\" height=\"450\" alt=\"WhatsApp Image 2022-08-12 at 8.48.34 PM\"><\/a><script async src=\"\/\/embedr.flickr.com\/assets\/client-code.js\" charset=\"utf-8\"><\/script><\/p>\n<p><a data-flickr-embed=\"true\" href=\"https:\/\/www.flickr.com\/photos\/182279889@N02\/52285026073\/in\/dateposted-public\/\" title=\"WhatsApp Image 2022-08-12 at 10.38.16 PM\"><img loading=\"lazy\" decoding=\"async\" src=\"https:\/\/live.staticflickr.com\/65535\/52285026073_4229436641_c.jpg\" width=\"600\" height=\"800\" alt=\"WhatsApp Image 2022-08-12 at 10.38.16 PM\"><\/a><script async src=\"\/\/embedr.flickr.com\/assets\/client-code.js\" charset=\"utf-8\"><\/script><\/p>\n<p><a data-flickr-embed=\"true\" href=\"https:\/\/www.flickr.com\/photos\/182279889@N02\/52284040927\/in\/dateposted-public\/\" title=\"WhatsApp Image 2022-08-12 at 10.38.15 PM\"><img loading=\"lazy\" decoding=\"async\" src=\"https:\/\/live.staticflickr.com\/65535\/52284040927_4273d5a744_c.jpg\" width=\"600\" height=\"800\" alt=\"WhatsApp Image 2022-08-12 at 10.38.15 PM\"><\/a><script async src=\"\/\/embedr.flickr.com\/assets\/client-code.js\" charset=\"utf-8\"><\/script><\/p>\n","protected":false},"excerpt":{"rendered":"<p>A cargo del Dr. Marcelo Garc\u00eda Dieguez, profesor asociado de la Universidad Nacional del Sur, estrechamente relacionado con Poder y la Fundaci\u00f3n Alem.<\/p>\n","protected":false},"author":3,"featured_media":0,"comment_status":"closed","ping_status":"closed","sticky":false,"template":"","format":"standard","meta":{"footnotes":""},"categories":[24],"tags":[],"class_list":["post-76264","post","type-post","status-publish","format-standard","hentry","category-politica"],"yoast_head":"<!-- This site is optimized with the Yoast SEO plugin v25.9 - https:\/\/yoast.com\/wordpress\/plugins\/seo\/ -->\n<title>Se desarroll\u00f3\u00a0la charla\u00a0&quot;Una Agenda de Salud con vocaci\u00f3n de poder&quot; - Noticias Radio Reflejos<\/title>\n<meta name=\"robots\" content=\"index, follow, max-snippet:-1, max-image-preview:large, max-video-preview:-1\" \/>\n<link rel=\"canonical\" href=\"https:\/\/www.noticiasradioreflejos.com.ar\/2021\/se-desarrollo-la-charla-una-agenda-de-salud-con-vocacion-de-poder\/\" \/>\n<meta property=\"og:locale\" content=\"es_ES\" \/>\n<meta property=\"og:type\" content=\"article\" \/>\n<meta property=\"og:title\" content=\"Se desarroll\u00f3\u00a0la charla\u00a0&quot;Una Agenda de Salud con vocaci\u00f3n de poder&quot; - Noticias Radio Reflejos\" \/>\n<meta property=\"og:description\" content=\"A cargo del Dr. Marcelo Garc\u00eda Dieguez, profesor asociado de la Universidad Nacional del Sur, estrechamente relacionado con Poder y la Fundaci\u00f3n Alem.\" \/>\n<meta property=\"og:url\" content=\"https:\/\/www.noticiasradioreflejos.com.ar\/2021\/se-desarrollo-la-charla-una-agenda-de-salud-con-vocacion-de-poder\/\" \/>\n<meta property=\"og:site_name\" content=\"Noticias Radio Reflejos\" \/>\n<meta property=\"article:published_time\" content=\"2022-08-14T14:39:56+00:00\" \/>\n<meta property=\"og:image\" content=\"https:\/\/live.staticflickr.com\/65535\/52284040997_999085a7a5_c.jpg\" \/>\n<meta name=\"author\" content=\"Arnaldo Botto\" \/>\n<meta name=\"twitter:card\" content=\"summary_large_image\" \/>\n<script type=\"application\/ld+json\" class=\"yoast-schema-graph\">{\"@context\":\"https:\/\/schema.org\",\"@graph\":[{\"@type\":\"WebPage\",\"@id\":\"https:\/\/www.noticiasradioreflejos.com.ar\/2021\/se-desarrollo-la-charla-una-agenda-de-salud-con-vocacion-de-poder\/\",\"url\":\"https:\/\/www.noticiasradioreflejos.com.ar\/2021\/se-desarrollo-la-charla-una-agenda-de-salud-con-vocacion-de-poder\/\",\"name\":\"Se desarroll\u00f3\u00a0la charla\u00a0\\\"Una Agenda de Salud con vocaci\u00f3n de poder\\\" - Noticias Radio Reflejos\",\"isPartOf\":{\"@id\":\"https:\/\/www.noticiasradioreflejos.com.ar\/2021\/#website\"},\"primaryImageOfPage\":{\"@id\":\"https:\/\/www.noticiasradioreflejos.com.ar\/2021\/se-desarrollo-la-charla-una-agenda-de-salud-con-vocacion-de-poder\/#primaryimage\"},\"image\":{\"@id\":\"https:\/\/www.noticiasradioreflejos.com.ar\/2021\/se-desarrollo-la-charla-una-agenda-de-salud-con-vocacion-de-poder\/#primaryimage\"},\"thumbnailUrl\":\"https:\/\/live.staticflickr.com\/65535\/52284040997_999085a7a5_c.jpg\",\"datePublished\":\"2022-08-14T14:39:56+00:00\",\"author\":{\"@id\":\"https:\/\/www.noticiasradioreflejos.com.ar\/2021\/#\/schema\/person\/ad82545263dcc5ec0996818884fd5fb1\"},\"breadcrumb\":{\"@id\":\"https:\/\/www.noticiasradioreflejos.com.ar\/2021\/se-desarrollo-la-charla-una-agenda-de-salud-con-vocacion-de-poder\/#breadcrumb\"},\"inLanguage\":\"es\",\"potentialAction\":[{\"@type\":\"ReadAction\",\"target\":[\"https:\/\/www.noticiasradioreflejos.com.ar\/2021\/se-desarrollo-la-charla-una-agenda-de-salud-con-vocacion-de-poder\/\"]}]},{\"@type\":\"ImageObject\",\"inLanguage\":\"es\",\"@id\":\"https:\/\/www.noticiasradioreflejos.com.ar\/2021\/se-desarrollo-la-charla-una-agenda-de-salud-con-vocacion-de-poder\/#primaryimage\",\"url\":\"https:\/\/live.staticflickr.com\/65535\/52284040997_999085a7a5_c.jpg\",\"contentUrl\":\"https:\/\/live.staticflickr.com\/65535\/52284040997_999085a7a5_c.jpg\"},{\"@type\":\"BreadcrumbList\",\"@id\":\"https:\/\/www.noticiasradioreflejos.com.ar\/2021\/se-desarrollo-la-charla-una-agenda-de-salud-con-vocacion-de-poder\/#breadcrumb\",\"itemListElement\":[{\"@type\":\"ListItem\",\"position\":1,\"name\":\"Portada\",\"item\":\"https:\/\/www.noticiasradioreflejos.com.ar\/2021\/\"},{\"@type\":\"ListItem\",\"position\":2,\"name\":\"Se desarroll\u00f3\u00a0la charla\u00a0\u00abUna Agenda de Salud con vocaci\u00f3n de poder\u00bb\"}]},{\"@type\":\"WebSite\",\"@id\":\"https:\/\/www.noticiasradioreflejos.com.ar\/2021\/#website\",\"url\":\"https:\/\/www.noticiasradioreflejos.com.ar\/2021\/\",\"name\":\"Noticias Radio Reflejos\",\"description\":\"Las noticias de mi comarca\",\"potentialAction\":[{\"@type\":\"SearchAction\",\"target\":{\"@type\":\"EntryPoint\",\"urlTemplate\":\"https:\/\/www.noticiasradioreflejos.com.ar\/2021\/?s={search_term_string}\"},\"query-input\":{\"@type\":\"PropertyValueSpecification\",\"valueRequired\":true,\"valueName\":\"search_term_string\"}}],\"inLanguage\":\"es\"},{\"@type\":\"Person\",\"@id\":\"https:\/\/www.noticiasradioreflejos.com.ar\/2021\/#\/schema\/person\/ad82545263dcc5ec0996818884fd5fb1\",\"name\":\"Arnaldo Botto\",\"image\":{\"@type\":\"ImageObject\",\"inLanguage\":\"es\",\"@id\":\"https:\/\/www.noticiasradioreflejos.com.ar\/2021\/#\/schema\/person\/image\/\",\"url\":\"https:\/\/secure.gravatar.com\/avatar\/55cb5e37c1efa326397366e6974cb338056df65cb50e7d64d1cf314e87504837?s=96&d=mm&r=g\",\"contentUrl\":\"https:\/\/secure.gravatar.com\/avatar\/55cb5e37c1efa326397366e6974cb338056df65cb50e7d64d1cf314e87504837?s=96&d=mm&r=g\",\"caption\":\"Arnaldo Botto\"},\"url\":\"https:\/\/www.noticiasradioreflejos.com.ar\/2021\/author\/arnaldo\/\"}]}<\/script>\n<!-- \/ Yoast SEO plugin. -->","yoast_head_json":{"title":"Se desarroll\u00f3\u00a0la charla\u00a0\"Una Agenda de Salud con vocaci\u00f3n de poder\" - Noticias Radio Reflejos","robots":{"index":"index","follow":"follow","max-snippet":"max-snippet:-1","max-image-preview":"max-image-preview:large","max-video-preview":"max-video-preview:-1"},"canonical":"https:\/\/www.noticiasradioreflejos.com.ar\/2021\/se-desarrollo-la-charla-una-agenda-de-salud-con-vocacion-de-poder\/","og_locale":"es_ES","og_type":"article","og_title":"Se desarroll\u00f3\u00a0la charla\u00a0\"Una Agenda de Salud con vocaci\u00f3n de poder\" - Noticias Radio Reflejos","og_description":"A cargo del Dr. Marcelo Garc\u00eda Dieguez, profesor asociado de la Universidad Nacional del Sur, estrechamente relacionado con Poder y la Fundaci\u00f3n Alem.","og_url":"https:\/\/www.noticiasradioreflejos.com.ar\/2021\/se-desarrollo-la-charla-una-agenda-de-salud-con-vocacion-de-poder\/","og_site_name":"Noticias Radio Reflejos","article_published_time":"2022-08-14T14:39:56+00:00","og_image":[{"url":"https:\/\/live.staticflickr.com\/65535\/52284040997_999085a7a5_c.jpg","type":"","width":"","height":""}],"author":"Arnaldo Botto","twitter_card":"summary_large_image","schema":{"@context":"https:\/\/schema.org","@graph":[{"@type":"WebPage","@id":"https:\/\/www.noticiasradioreflejos.com.ar\/2021\/se-desarrollo-la-charla-una-agenda-de-salud-con-vocacion-de-poder\/","url":"https:\/\/www.noticiasradioreflejos.com.ar\/2021\/se-desarrollo-la-charla-una-agenda-de-salud-con-vocacion-de-poder\/","name":"Se desarroll\u00f3\u00a0la charla\u00a0\"Una Agenda de Salud con vocaci\u00f3n de poder\" - Noticias Radio Reflejos","isPartOf":{"@id":"https:\/\/www.noticiasradioreflejos.com.ar\/2021\/#website"},"primaryImageOfPage":{"@id":"https:\/\/www.noticiasradioreflejos.com.ar\/2021\/se-desarrollo-la-charla-una-agenda-de-salud-con-vocacion-de-poder\/#primaryimage"},"image":{"@id":"https:\/\/www.noticiasradioreflejos.com.ar\/2021\/se-desarrollo-la-charla-una-agenda-de-salud-con-vocacion-de-poder\/#primaryimage"},"thumbnailUrl":"https:\/\/live.staticflickr.com\/65535\/52284040997_999085a7a5_c.jpg","datePublished":"2022-08-14T14:39:56+00:00","author":{"@id":"https:\/\/www.noticiasradioreflejos.com.ar\/2021\/#\/schema\/person\/ad82545263dcc5ec0996818884fd5fb1"},"breadcrumb":{"@id":"https:\/\/www.noticiasradioreflejos.com.ar\/2021\/se-desarrollo-la-charla-una-agenda-de-salud-con-vocacion-de-poder\/#breadcrumb"},"inLanguage":"es","potentialAction":[{"@type":"ReadAction","target":["https:\/\/www.noticiasradioreflejos.com.ar\/2021\/se-desarrollo-la-charla-una-agenda-de-salud-con-vocacion-de-poder\/"]}]},{"@type":"ImageObject","inLanguage":"es","@id":"https:\/\/www.noticiasradioreflejos.com.ar\/2021\/se-desarrollo-la-charla-una-agenda-de-salud-con-vocacion-de-poder\/#primaryimage","url":"https:\/\/live.staticflickr.com\/65535\/52284040997_999085a7a5_c.jpg","contentUrl":"https:\/\/live.staticflickr.com\/65535\/52284040997_999085a7a5_c.jpg"},{"@type":"BreadcrumbList","@id":"https:\/\/www.noticiasradioreflejos.com.ar\/2021\/se-desarrollo-la-charla-una-agenda-de-salud-con-vocacion-de-poder\/#breadcrumb","itemListElement":[{"@type":"ListItem","position":1,"name":"Portada","item":"https:\/\/www.noticiasradioreflejos.com.ar\/2021\/"},{"@type":"ListItem","position":2,"name":"Se desarroll\u00f3\u00a0la charla\u00a0\u00abUna Agenda de Salud con vocaci\u00f3n de poder\u00bb"}]},{"@type":"WebSite","@id":"https:\/\/www.noticiasradioreflejos.com.ar\/2021\/#website","url":"https:\/\/www.noticiasradioreflejos.com.ar\/2021\/","name":"Noticias Radio Reflejos","description":"Las noticias de mi comarca","potentialAction":[{"@type":"SearchAction","target":{"@type":"EntryPoint","urlTemplate":"https:\/\/www.noticiasradioreflejos.com.ar\/2021\/?s={search_term_string}"},"query-input":{"@type":"PropertyValueSpecification","valueRequired":true,"valueName":"search_term_string"}}],"inLanguage":"es"},{"@type":"Person","@id":"https:\/\/www.noticiasradioreflejos.com.ar\/2021\/#\/schema\/person\/ad82545263dcc5ec0996818884fd5fb1","name":"Arnaldo Botto","image":{"@type":"ImageObject","inLanguage":"es","@id":"https:\/\/www.noticiasradioreflejos.com.ar\/2021\/#\/schema\/person\/image\/","url":"https:\/\/secure.gravatar.com\/avatar\/55cb5e37c1efa326397366e6974cb338056df65cb50e7d64d1cf314e87504837?s=96&d=mm&r=g","contentUrl":"https:\/\/secure.gravatar.com\/avatar\/55cb5e37c1efa326397366e6974cb338056df65cb50e7d64d1cf314e87504837?s=96&d=mm&r=g","caption":"Arnaldo Botto"},"url":"https:\/\/www.noticiasradioreflejos.com.ar\/2021\/author\/arnaldo\/"}]}},"_links":{"self":[{"href":"https:\/\/www.noticiasradioreflejos.com.ar\/2021\/wp-json\/wp\/v2\/posts\/76264","targetHints":{"allow":["GET"]}}],"collection":[{"href":"https:\/\/www.noticiasradioreflejos.com.ar\/2021\/wp-json\/wp\/v2\/posts"}],"about":[{"href":"https:\/\/www.noticiasradioreflejos.com.ar\/2021\/wp-json\/wp\/v2\/types\/post"}],"author":[{"embeddable":true,"href":"https:\/\/www.noticiasradioreflejos.com.ar\/2021\/wp-json\/wp\/v2\/users\/3"}],"replies":[{"embeddable":true,"href":"https:\/\/www.noticiasradioreflejos.com.ar\/2021\/wp-json\/wp\/v2\/comments?post=76264"}],"version-history":[{"count":1,"href":"https:\/\/www.noticiasradioreflejos.com.ar\/2021\/wp-json\/wp\/v2\/posts\/76264\/revisions"}],"predecessor-version":[{"id":76266,"href":"https:\/\/www.noticiasradioreflejos.com.ar\/2021\/wp-json\/wp\/v2\/posts\/76264\/revisions\/76266"}],"wp:attachment":[{"href":"https:\/\/www.noticiasradioreflejos.com.ar\/2021\/wp-json\/wp\/v2\/media?parent=76264"}],"wp:term":[{"taxonomy":"category","embeddable":true,"href":"https:\/\/www.noticiasradioreflejos.com.ar\/2021\/wp-json\/wp\/v2\/categories?post=76264"},{"taxonomy":"post_tag","embeddable":true,"href":"https:\/\/www.noticiasradioreflejos.com.ar\/2021\/wp-json\/wp\/v2\/tags?post=76264"}],"curies":[{"name":"wp","href":"https:\/\/api.w.org\/{rel}","templated":true}]}}