{"id":76260,"date":"2022-08-13T11:51:24","date_gmt":"2022-08-13T11:51:24","guid":{"rendered":"http:\/\/www.noticiasradioreflejos.com.ar\/2021\/?p=76260"},"modified":"2022-08-13T11:52:17","modified_gmt":"2022-08-13T11:52:17","slug":"un-proyecto-argentino-busca-anticipar-epidemias-con-inteligencia-artificial","status":"publish","type":"post","link":"https:\/\/www.noticiasradioreflejos.com.ar\/2021\/un-proyecto-argentino-busca-anticipar-epidemias-con-inteligencia-artificial\/","title":{"rendered":"Un proyecto argentino busca anticipar epidemias con inteligencia artificial"},"content":{"rendered":"<p>Su nombre es Arphai y apunta a favorecer la toma de decisiones de salud p\u00fablica preventiva con un enfoque en la detecci\u00f3n de sesgos y el uso responsable de datos. Trabajan equipos geogr\u00e1ficamente diversos, que incluyen a expertos y expertas de 23 instituciones de San Juan, La Rioja, C\u00f3rdoba, Santa Fe, Entre R\u00edos, la provincia y ciudad de Buenos Aires.<!--more--><\/p>\n<div class=\"wrapper-editable-content\">\n<div class=\"wrapper-info-note\">\n<div class=\"col-md-12\">\n<div class=\"wrapper-author-social\">\n<div class=\"author-box mb-4\">\n<div class=\"image\">POR MELISA AVOLIO<\/div>\n<div class=\"info\">\n<div class=\"time\"><\/div>\n<\/div>\n<\/div>\n<\/div>\n<\/div>\n<\/div>\n<div>\n<div class=\"wrapper-editable-content\">\n<div>\n<div class=\"container-md\">\n<div class=\"row\">\n<div class=\"col-md-12 speak\">\n<div class=\"paragraph\">\n<figure class=\"mb-3\"><img decoding=\"async\" src=\"https:\/\/www.telam.com.ar\/thumbs\/bluesteel\/advf\/imagenes\/2022\/08\/62ed3d6799f40_900.jpg\" alt=\"El proyecto Gestin epidemiolgica basada en inteligencia artificial y ciencia de datos Arphai es una de las nueve propuestas seleccionadas entre ms de 150 en una convocatoria internacional \" width=\"100%\" height=\"100%\" \/><\/figure>\n<\/div>\n<\/div>\n<\/div>\n<\/div>\n<\/div>\n<\/div>\n<\/div>\n<\/div>\n<div class=\"media-icons\"><\/div>\n<p>El proyecto \u201cGesti\u00f3n epidemiol\u00f3gica basada en inteligencia artificial y ciencia de datos\u201d (Arphai) es una de las nueve propuestas seleccionadas entre m\u00e1s de 150 en una convocatoria internacional.<\/p>\n<p>Investigadores argentinos trabajan en el desarrollo de herramientas tecnol\u00f3gicas basadas en inteligencia artificial y ciencia de datos que permitan anticipar y\u00a0<strong>detectar potenciales brotes epid\u00e9micos\u00a0<\/strong>a partir de un elemento clave: los datos -anonimizados- de historias cl\u00ednicas electr\u00f3nicas.<\/p>\n<p>El proyecto se llama\u00a0<strong>Arphai<\/strong>\u00a0(Argentinean Public Health Research on Data Science and Artificial Intelligence for Epidemic Prevention -Gesti\u00f3n epidemiol\u00f3gica basada en inteligencia artificial y ciencia de datos) y apunta a favorecer la toma de decisiones de salud p\u00fablica preventiva pero con un enfoque muy fuerte en dos l\u00edneas transversales:\u00a0<strong>la detecci\u00f3n de sesgos y el uso responsable de datos.<\/strong><\/p>\n<p>\u201cSobre los sesgos, somos conscientes de que las personas no acceden del mismo modo al sistema de salud\u201d; cont\u00f3 a T\u00e9lam-Confiar Ver\u00f3nica Xhardez, coordinadora t\u00e9cnica del proyecto Arphai en el Centro Interdisciplinario de Estudios en Ciencia, Tecnolog\u00eda e Innovaci\u00f3n (Ciecti).<\/p>\n<p>Por eso, el equipo audita sus modelos predictivos y desarrollos con el objetivo de\u00a0<strong>descubrir potenciales sesgos\u00a0<\/strong>vinculados con el g\u00e9nero, la edad o la localizaci\u00f3n geogr\u00e1fica de las personas, entre otros posibles.<\/p>\n<p>El proyecto cuenta adem\u00e1s con una estrategia de<strong>\u00a0uso responsable<\/strong>\u00a0que establece estrategias para asegurar el cuidado de datos sensibles.<\/p>\n<h2 class=\"\">Qu\u00e9 aporta el proyecto<\/h2>\n<p>\u201cActualmente los sistemas de notificaci\u00f3n de enfermedades dependen en parte de la notificaci\u00f3n activa de los profesionales de la salud, es lo que se llama vigilancia cl\u00ednica\u201d, explic\u00f3 Xhardez.<\/p>\n<p>Para que esto suceda, el profesional que atiende un caso tiene que sospechar que ocurre un evento de notificaci\u00f3n obligatoria -por ejemplo, dengue- y enviar el caso activamente a trav\u00e9s del sistema de vigilancia de la salud.<\/p>\n<p>\u201cEn este proceso suele haber p\u00e9rdida de informaci\u00f3n (por caso, si no me doy cuenta de que los s\u00edntomas son de\u00a0<strong>dengue\u00a0<\/strong>o si me olvido de notificarlo) y tambi\u00e9n retrasos, porque cada paso lleva tiempo\u201d, agreg\u00f3.<\/p>\n<p>En ese marco, las diferentes l\u00edneas de trabajo aportan distintas propuestas para la\u00a0<strong>detecci\u00f3n de brotes de manera m\u00e1s temprana.<\/strong><\/p>\n<p>Por ejemplo, mencion\u00f3, los modelos desarrollados podr\u00edan detectar un\u00a0<strong>crecimiento exponencial del n\u00famero de casos y predecir con d\u00edas de anticipaci\u00f3n el desarrollo de un brote<\/strong>, inclusive cuando el n\u00famero de casos actual no sea preocupante. Esto se logra analizando el comportamiento anterior de los casos y considerando la din\u00e1mica conocida de las enfermedades infectocontagiosas para diversos escenarios posibles.<\/p>\n<div class=\"twitter-tweet twitter-tweet-rendered\">\n<blockquote class=\"twitter-tweet\" data-width=\"500\" data-dnt=\"true\">\n<p lang=\"es\" dir=\"ltr\">Marina Ridao, M\u00e9dica, Magister y Especialista en Salud P\u00fablica y M&amp;E de pol\u00edticas p\u00fablicas de salud, dedicada al an\u00e1lisis de datos de salud, te cuenta qui\u00e9nes son los usuarios de las herramientas del tablero de control que dise\u00f1amos desde <a href=\"https:\/\/twitter.com\/arphai_arg?ref_src=twsrc%5Etfw\">@arphai_arg<\/a>. <a href=\"https:\/\/t.co\/IMSlliFRQD\">pic.twitter.com\/IMSlliFRQD<\/a><\/p>\n<p>&mdash; Proyecto Arphai (@arphai_arg) <a href=\"https:\/\/twitter.com\/arphai_arg\/status\/1549000475302846464?ref_src=twsrc%5Etfw\">July 18, 2022<\/a><\/p><\/blockquote>\n<p><script async src=\"https:\/\/platform.twitter.com\/widgets.js\" charset=\"utf-8\"><\/script><\/p>\n<p>\u201cCon ese conocimiento, se podr\u00edan implementar iniciativas como restringir la movilidad, llevar adelante una\u00a0<strong>campa\u00f1a de vacunaci\u00f3n o una de descacharrado<\/strong>. El modelo considera los casos por centro de atenci\u00f3n (mesogesti\u00f3n), lo que permite estudiar y predecir la evoluci\u00f3n temporal en t\u00e9rminos de la interacci\u00f3n de nodos locales. Esto permitir\u00eda identificar<strong>\u00a0focos de brote a nivel poblacional\u00a0<\/strong>y aportar\u00eda evidencias para la toma de decisiones orientada a una gesti\u00f3n r\u00e1pida de acuerdo a dichos escenarios potenciales\u201d, remarc\u00f3.<\/p>\n<p>Desde el punto de vista de este proyecto de investigaci\u00f3n, resumi\u00f3 la especialista, \u201ctodos los proyectos y sus diferentes instancias contribuyen tambi\u00e9n a definir el alcance potencial de los datos de las\u00a0<strong>historias cl\u00ednicas electr\u00f3nicas\u00a0<\/strong>para aportar a la toma de decisiones de salud p\u00fablica preventiva\u201d.<\/p>\n<h2 class=\"\">Qui\u00e9nes participan en este proyecto<\/h2>\n<p>Arphai es un proyecto asociativo de investigaci\u00f3n y desarrollo liderado por<strong>\u00a0Ciecti<\/strong>\u00a0y conformado, adem\u00e1s, por la Secretar\u00eda de Planeamiento y Pol\u00edticas del\u00a0<strong>Ministerio de Ciencia, Tecnolog\u00eda e Innovaci\u00f3n<\/strong>\u00a0y equipos t\u00e9cnicos del\u00a0<strong>Ministerio de Salud de la Argentina.<\/strong><\/p>\n<p>Comenz\u00f3 en octubre de 2020, a partir de una convocatoria realizada por dos instituciones de cooperaci\u00f3n internacional para el desarrollo: el\u00a0<strong>centro Internacional de Investigaciones para el Desarrollo (IDRC) de Canad\u00e1<\/strong>, y la\u00a0<strong>Agencia Sueca de Cooperaci\u00f3n Internacional para el Desarrollo (SIDA), de Suecia<\/strong>, dentro del marco de su Programa Global South AI4COVID.<\/p>\n<p>En esa convocatoria, el Ciecti present\u00f3 una propuesta que tiene como objetivo contribuir a la gesti\u00f3n epidemiol\u00f3gica a partir de herramientas basadas en Inteligencia Artificial y Ciencia de Datos (IAyCD).<\/p>\n<p>En total se presentaron 154 proyectos, de los cuales fueron seleccionados ocho -ubicados en \u00c1frica, Asia Pac\u00edfico y Am\u00e9rica Latina- y uno de ellos es Arpahi.<\/p>\n<figure class=\"mb-3\"><img decoding=\"async\" src=\"https:\/\/www.telam.com.ar\/thumbs\/bluesteel\/advf\/imagenes\/2022\/08\/62ed3d67ad485_900.jpg\" alt=\"Vernica Xhardez es consultora e investigadora sobre Big Data y datos abiertos en Ciecti y una de las coordinadoras tcnicas del proyecto Arphai\" width=\"100%\" height=\"100%\" \/><\/p>\n<div class=\"media-icons\"><\/div><figcaption>Ver\u00f3nica Xhardez es consultora e investigadora sobre Big Data y datos abiertos en Ciecti, y una de las coordinadoras t\u00e9cnicas del proyecto Arphai.<\/figcaption><\/figure>\n<p>\u201cArphai trabaja con\u00a0<strong>equipos geogr\u00e1ficamente diversos, que incluyen a expertos y expertas de 23 instituciones de seis provincias argentinas: San Juan, La Rioja, C\u00f3rdoba, Santa Fe, Entre R\u00edos y provincia de Buenos Aires, m\u00e1s la Ciudad Aut\u00f3noma de Buenos Aires<\/strong>. Todos nuestros desarrollos son realizados dentro de Argentina, por cient\u00edficos y cient\u00edficas que trabajan en el pa\u00eds y que pertenecen a diferentes campos del conocimiento: ciencias sociales, ciencias de la salud, ciencias de la computaci\u00f3n, bioestad\u00edstica, bioinform\u00e1tica y comunicaci\u00f3n, entre otros\u201d, destac\u00f3 Xhardez.<\/p>\n<p>La coordinadora enfatiz\u00f3 en que tienen una \u201cfuerte mirada puesta en la\u00a0<strong>diversidad y la equidad de g\u00e9nero\u201d<\/strong>, tanto en el modo que piensan sus herramientas como en la composici\u00f3n de los equipos.<\/p>\n<h2 class=\"\">C\u00f3mo funciona el proyecto<\/h2>\n<p>El proyecto tiene varios pilares en los que se sustenta: el desarrollo de herramientas de IAyCD, las l\u00edneas transversales de trabajo sobre<strong>\u00a0Sesgos y Uso responsable de datos\u00a0<\/strong>y el desarrollo de pilotos de implementaci\u00f3n de la Historia de Salud Integrada (HSI) en territorio, entre otros.<\/p>\n<p>Este \u00faltimo punto se basa en el trabajo que est\u00e1 haciendo el Ministerio de Salud sobre el desarrollo y la promoci\u00f3n de la implementaci\u00f3n de una historia cl\u00ednica electr\u00f3nica llamada\u00a0<strong>Historia de Salud Integrada (HSI).<\/strong><\/p>\n<blockquote class=\"twitter-tweet\" data-width=\"500\" data-dnt=\"true\">\n<p lang=\"es\" dir=\"ltr\">La importancia de la Historia Cl\u00ednica Electr\u00f3nica para la elaboraci\u00f3n de pol\u00edticas p\u00fablicas ajustadas a las necesidades de cada comunidad, de la mano de Leonardo Zanazzi, coordinador t\u00e9cnico de <a href=\"https:\/\/twitter.com\/arphai_arg?ref_src=twsrc%5Etfw\">@arphai_arg<\/a> <a href=\"https:\/\/t.co\/uYOFISno62\">pic.twitter.com\/uYOFISno62<\/a><\/p>\n<p>&mdash; Proyecto Arphai (@arphai_arg) <a href=\"https:\/\/twitter.com\/arphai_arg\/status\/1494396237826646023?ref_src=twsrc%5Etfw\">February 17, 2022<\/a><\/p><\/blockquote>\n<p><script async src=\"https:\/\/platform.twitter.com\/widgets.js\" charset=\"utf-8\"><\/script><\/p>\n<p>\u201cEn primer lugar, desarrollamos un\u00a0<strong>tablero de visualizaci\u00f3n de datos<\/strong>\u00a0provenientes de la HSI orientado a los niveles meso de decisi\u00f3n (como, por ejemplo, un encargado de la gesti\u00f3n epidemiol\u00f3gica de una jurisdicci\u00f3n)\u201d, describi\u00f3 la coordinadora.<\/p>\n<p>En un primer piloto el equipo trabaj\u00f3 con Covid-19, utilizando campos estructurados de esa historia cl\u00ednica y otras fuentes de datos abiertos para construir los casos.<\/p>\n<p>\u201cActualmente, nos encontramos avanzando en esta l\u00ednea en dos frentes: la mejora de esta primera versi\u00f3n y su<strong>\u00a0ampliaci\u00f3n a otras ENOs (enfermedades de notificaci\u00f3n obligatoria)\u00a0<\/strong>y un aporte m\u00e1s innovador vinculado con la vigilancia de s\u00edndromes y s\u00edntomas para la construcci\u00f3n de alertas tempranas de brotes, que permita una respuesta r\u00e1pida y proporcionada, antes de contar con el diagn\u00f3stico\u201d, detall\u00f3.<\/p>\n<p>Es importante mencionar que los datos no solo son anonimizados, sino tambi\u00e9n sometidos a un\u00a0<strong>estricto protocolo de seguridad:<\/strong>\u00a0\u201cDurante la instancia de investigaci\u00f3n, se resguardan y procesan en el\u00a0<strong>CCAD (Centro de Computaci\u00f3n de Alto Desempe\u00f1o de la Universidad Nacional de C\u00f3rdoba)<\/strong>, bajo estrictas normas de seguridad y acceso, y separado del resto de los servidores del Centro\u201d, indic\u00f3 la especialista.<\/p>\n<p>\u201cEn la misma l\u00ednea de cuidado, se utiliza el set de datos m\u00ednimos posibles para los objetivos propuestos y no se realizan consultas ni ninguna otra operaci\u00f3n por fuera de los servidores seguros\u201d, agreg\u00f3.<\/p>\n<figure class=\"mb-3\"><img decoding=\"async\" src=\"https:\/\/www.telam.com.ar\/thumbs\/bluesteel\/advf\/imagenes\/2022\/08\/62ed46377c3f2_900.jpg\" alt=\"El equipo coordinador de CiectiArphai en las oficinas del Polo Tecnolgico Vernica Xhrdez Celeste De Marco Fernando Porta Leonardo Zanazzi Mariano Pereira y Fabin Britto\" width=\"100%\" height=\"100%\" \/><\/p>\n<div class=\"media-icons\"><\/div><figcaption>El equipo coordinador de Ciecti-Arphai, en las oficinas del Polo Tecnol\u00f3gico. Ver\u00f3nica Xh\u00e1rdez, Celeste De Marco, Fernando Porta, Leonardo Zanazzi, Mariano Pereira y Fabi\u00e1n Britto.<\/figcaption><\/figure>\n<p>Adem\u00e1s, complet\u00f3, \u201cs\u00f3lo se brinda acceso a los investigadores e investigadoras que precisan estar en contacto con los datos y \u00e9stas debieron certificarse en buenas pr\u00e1cticas de investigaci\u00f3n cl\u00ednica -National Institute on Drug Abuse (NIDA) en colaboraci\u00f3n con el Center for Clinical Trials (CCTN)-, adem\u00e1s de cumplir con los compromisos individuales de confidencialidad que alcanzan a todos los miembros de los equipos del proyecto\u201d.<\/p>\n<p>Otra l\u00ednea de investigaci\u00f3n del equipo son los<strong>\u00a0modelos predictivos<\/strong>: \u201cEn una primera instancia, con modelos basados en agentes, es decir, utilizando otras fuentes de datos disponibles y acotadas a una ciudad o territorio espec\u00edfico, para predecir algunas variables para Covid-19, como es el caso de la ocupaci\u00f3n de camas UTI\u201d.<\/p>\n<p>La contribuci\u00f3n de este proyecto de investigaci\u00f3n, reflexion\u00f3 la especialista, radica en la\u00a0<strong>diversidad de aportes para sentar algunas bases de trabajo a futuro, el aporte de experiencias en algunos de los campos (CD para la salud, tratamiento \u00e9tico de esos datos) y, especialmente, el desaf\u00edo del trabajo articulado entre la investigaci\u00f3n y la gesti\u00f3n<\/strong>. \u00abEsto \u00faltimo hace que nuestros resultados puedan ser valiosos y reutilizables para futuros proyectos de investigaci\u00f3n o iniciativas de pol\u00edtica p\u00fablica\u00bb.<\/p>\n<\/div>\n","protected":false},"excerpt":{"rendered":"<p>Su nombre es Arphai y apunta a favorecer la toma de decisiones de salud p\u00fablica preventiva con un enfoque en la detecci\u00f3n de sesgos y el uso responsable de datos. Trabajan equipos geogr\u00e1ficamente diversos, que incluyen a expertos y expertas de 23 instituciones de San Juan, La Rioja, C\u00f3rdoba, Santa Fe, Entre R\u00edos, la provincia [&hellip;]<\/p>\n","protected":false},"author":3,"featured_media":0,"comment_status":"closed","ping_status":"closed","sticky":false,"template":"","format":"standard","meta":{"footnotes":""},"categories":[46,30],"tags":[],"class_list":["post-76260","post","type-post","status-publish","format-standard","hentry","category-ciencia-y-tecnologia","category-salud"],"yoast_head":"<!-- This site is optimized with the Yoast SEO plugin v25.9 - https:\/\/yoast.com\/wordpress\/plugins\/seo\/ -->\n<title>Un proyecto argentino busca anticipar epidemias con inteligencia artificial - Noticias Radio Reflejos<\/title>\n<meta name=\"robots\" content=\"index, follow, max-snippet:-1, max-image-preview:large, max-video-preview:-1\" \/>\n<link rel=\"canonical\" href=\"https:\/\/www.noticiasradioreflejos.com.ar\/2021\/un-proyecto-argentino-busca-anticipar-epidemias-con-inteligencia-artificial\/\" \/>\n<meta property=\"og:locale\" content=\"es_ES\" \/>\n<meta property=\"og:type\" content=\"article\" \/>\n<meta property=\"og:title\" content=\"Un proyecto argentino busca anticipar epidemias con inteligencia artificial - Noticias Radio Reflejos\" \/>\n<meta property=\"og:description\" content=\"Su nombre es Arphai y apunta a favorecer la toma de decisiones de salud p\u00fablica preventiva con un enfoque en la detecci\u00f3n de sesgos y el uso responsable de datos. Trabajan equipos geogr\u00e1ficamente diversos, que incluyen a expertos y expertas de 23 instituciones de San Juan, La Rioja, C\u00f3rdoba, Santa Fe, Entre R\u00edos, la provincia [&hellip;]\" \/>\n<meta property=\"og:url\" content=\"https:\/\/www.noticiasradioreflejos.com.ar\/2021\/un-proyecto-argentino-busca-anticipar-epidemias-con-inteligencia-artificial\/\" \/>\n<meta property=\"og:site_name\" content=\"Noticias Radio Reflejos\" \/>\n<meta property=\"article:published_time\" content=\"2022-08-13T11:51:24+00:00\" \/>\n<meta property=\"article:modified_time\" content=\"2022-08-13T11:52:17+00:00\" \/>\n<meta property=\"og:image\" content=\"https:\/\/www.telam.com.ar\/thumbs\/bluesteel\/advf\/imagenes\/2022\/08\/62ed3d6799f40_900.jpg\" \/>\n<meta name=\"author\" content=\"Arnaldo Botto\" \/>\n<meta name=\"twitter:card\" content=\"summary_large_image\" \/>\n<script type=\"application\/ld+json\" class=\"yoast-schema-graph\">{\"@context\":\"https:\/\/schema.org\",\"@graph\":[{\"@type\":\"WebPage\",\"@id\":\"https:\/\/www.noticiasradioreflejos.com.ar\/2021\/un-proyecto-argentino-busca-anticipar-epidemias-con-inteligencia-artificial\/\",\"url\":\"https:\/\/www.noticiasradioreflejos.com.ar\/2021\/un-proyecto-argentino-busca-anticipar-epidemias-con-inteligencia-artificial\/\",\"name\":\"Un proyecto argentino busca anticipar epidemias con inteligencia artificial - Noticias Radio Reflejos\",\"isPartOf\":{\"@id\":\"https:\/\/www.noticiasradioreflejos.com.ar\/2021\/#website\"},\"primaryImageOfPage\":{\"@id\":\"https:\/\/www.noticiasradioreflejos.com.ar\/2021\/un-proyecto-argentino-busca-anticipar-epidemias-con-inteligencia-artificial\/#primaryimage\"},\"image\":{\"@id\":\"https:\/\/www.noticiasradioreflejos.com.ar\/2021\/un-proyecto-argentino-busca-anticipar-epidemias-con-inteligencia-artificial\/#primaryimage\"},\"thumbnailUrl\":\"https:\/\/www.telam.com.ar\/thumbs\/bluesteel\/advf\/imagenes\/2022\/08\/62ed3d6799f40_900.jpg\",\"datePublished\":\"2022-08-13T11:51:24+00:00\",\"dateModified\":\"2022-08-13T11:52:17+00:00\",\"author\":{\"@id\":\"https:\/\/www.noticiasradioreflejos.com.ar\/2021\/#\/schema\/person\/ad82545263dcc5ec0996818884fd5fb1\"},\"breadcrumb\":{\"@id\":\"https:\/\/www.noticiasradioreflejos.com.ar\/2021\/un-proyecto-argentino-busca-anticipar-epidemias-con-inteligencia-artificial\/#breadcrumb\"},\"inLanguage\":\"es\",\"potentialAction\":[{\"@type\":\"ReadAction\",\"target\":[\"https:\/\/www.noticiasradioreflejos.com.ar\/2021\/un-proyecto-argentino-busca-anticipar-epidemias-con-inteligencia-artificial\/\"]}]},{\"@type\":\"ImageObject\",\"inLanguage\":\"es\",\"@id\":\"https:\/\/www.noticiasradioreflejos.com.ar\/2021\/un-proyecto-argentino-busca-anticipar-epidemias-con-inteligencia-artificial\/#primaryimage\",\"url\":\"https:\/\/www.telam.com.ar\/thumbs\/bluesteel\/advf\/imagenes\/2022\/08\/62ed3d6799f40_900.jpg\",\"contentUrl\":\"https:\/\/www.telam.com.ar\/thumbs\/bluesteel\/advf\/imagenes\/2022\/08\/62ed3d6799f40_900.jpg\"},{\"@type\":\"BreadcrumbList\",\"@id\":\"https:\/\/www.noticiasradioreflejos.com.ar\/2021\/un-proyecto-argentino-busca-anticipar-epidemias-con-inteligencia-artificial\/#breadcrumb\",\"itemListElement\":[{\"@type\":\"ListItem\",\"position\":1,\"name\":\"Portada\",\"item\":\"https:\/\/www.noticiasradioreflejos.com.ar\/2021\/\"},{\"@type\":\"ListItem\",\"position\":2,\"name\":\"Un proyecto argentino busca anticipar epidemias con inteligencia artificial\"}]},{\"@type\":\"WebSite\",\"@id\":\"https:\/\/www.noticiasradioreflejos.com.ar\/2021\/#website\",\"url\":\"https:\/\/www.noticiasradioreflejos.com.ar\/2021\/\",\"name\":\"Noticias Radio Reflejos\",\"description\":\"Las noticias de mi comarca\",\"potentialAction\":[{\"@type\":\"SearchAction\",\"target\":{\"@type\":\"EntryPoint\",\"urlTemplate\":\"https:\/\/www.noticiasradioreflejos.com.ar\/2021\/?s={search_term_string}\"},\"query-input\":{\"@type\":\"PropertyValueSpecification\",\"valueRequired\":true,\"valueName\":\"search_term_string\"}}],\"inLanguage\":\"es\"},{\"@type\":\"Person\",\"@id\":\"https:\/\/www.noticiasradioreflejos.com.ar\/2021\/#\/schema\/person\/ad82545263dcc5ec0996818884fd5fb1\",\"name\":\"Arnaldo Botto\",\"image\":{\"@type\":\"ImageObject\",\"inLanguage\":\"es\",\"@id\":\"https:\/\/www.noticiasradioreflejos.com.ar\/2021\/#\/schema\/person\/image\/\",\"url\":\"https:\/\/secure.gravatar.com\/avatar\/55cb5e37c1efa326397366e6974cb338056df65cb50e7d64d1cf314e87504837?s=96&d=mm&r=g\",\"contentUrl\":\"https:\/\/secure.gravatar.com\/avatar\/55cb5e37c1efa326397366e6974cb338056df65cb50e7d64d1cf314e87504837?s=96&d=mm&r=g\",\"caption\":\"Arnaldo Botto\"},\"url\":\"https:\/\/www.noticiasradioreflejos.com.ar\/2021\/author\/arnaldo\/\"}]}<\/script>\n<!-- \/ Yoast SEO plugin. -->","yoast_head_json":{"title":"Un proyecto argentino busca anticipar epidemias con inteligencia artificial - Noticias Radio Reflejos","robots":{"index":"index","follow":"follow","max-snippet":"max-snippet:-1","max-image-preview":"max-image-preview:large","max-video-preview":"max-video-preview:-1"},"canonical":"https:\/\/www.noticiasradioreflejos.com.ar\/2021\/un-proyecto-argentino-busca-anticipar-epidemias-con-inteligencia-artificial\/","og_locale":"es_ES","og_type":"article","og_title":"Un proyecto argentino busca anticipar epidemias con inteligencia artificial - Noticias Radio Reflejos","og_description":"Su nombre es Arphai y apunta a favorecer la toma de decisiones de salud p\u00fablica preventiva con un enfoque en la detecci\u00f3n de sesgos y el uso responsable de datos. Trabajan equipos geogr\u00e1ficamente diversos, que incluyen a expertos y expertas de 23 instituciones de San Juan, La Rioja, C\u00f3rdoba, Santa Fe, Entre R\u00edos, la provincia [&hellip;]","og_url":"https:\/\/www.noticiasradioreflejos.com.ar\/2021\/un-proyecto-argentino-busca-anticipar-epidemias-con-inteligencia-artificial\/","og_site_name":"Noticias Radio Reflejos","article_published_time":"2022-08-13T11:51:24+00:00","article_modified_time":"2022-08-13T11:52:17+00:00","og_image":[{"url":"https:\/\/www.telam.com.ar\/thumbs\/bluesteel\/advf\/imagenes\/2022\/08\/62ed3d6799f40_900.jpg","type":"","width":"","height":""}],"author":"Arnaldo Botto","twitter_card":"summary_large_image","schema":{"@context":"https:\/\/schema.org","@graph":[{"@type":"WebPage","@id":"https:\/\/www.noticiasradioreflejos.com.ar\/2021\/un-proyecto-argentino-busca-anticipar-epidemias-con-inteligencia-artificial\/","url":"https:\/\/www.noticiasradioreflejos.com.ar\/2021\/un-proyecto-argentino-busca-anticipar-epidemias-con-inteligencia-artificial\/","name":"Un proyecto argentino busca anticipar epidemias con inteligencia artificial - Noticias Radio Reflejos","isPartOf":{"@id":"https:\/\/www.noticiasradioreflejos.com.ar\/2021\/#website"},"primaryImageOfPage":{"@id":"https:\/\/www.noticiasradioreflejos.com.ar\/2021\/un-proyecto-argentino-busca-anticipar-epidemias-con-inteligencia-artificial\/#primaryimage"},"image":{"@id":"https:\/\/www.noticiasradioreflejos.com.ar\/2021\/un-proyecto-argentino-busca-anticipar-epidemias-con-inteligencia-artificial\/#primaryimage"},"thumbnailUrl":"https:\/\/www.telam.com.ar\/thumbs\/bluesteel\/advf\/imagenes\/2022\/08\/62ed3d6799f40_900.jpg","datePublished":"2022-08-13T11:51:24+00:00","dateModified":"2022-08-13T11:52:17+00:00","author":{"@id":"https:\/\/www.noticiasradioreflejos.com.ar\/2021\/#\/schema\/person\/ad82545263dcc5ec0996818884fd5fb1"},"breadcrumb":{"@id":"https:\/\/www.noticiasradioreflejos.com.ar\/2021\/un-proyecto-argentino-busca-anticipar-epidemias-con-inteligencia-artificial\/#breadcrumb"},"inLanguage":"es","potentialAction":[{"@type":"ReadAction","target":["https:\/\/www.noticiasradioreflejos.com.ar\/2021\/un-proyecto-argentino-busca-anticipar-epidemias-con-inteligencia-artificial\/"]}]},{"@type":"ImageObject","inLanguage":"es","@id":"https:\/\/www.noticiasradioreflejos.com.ar\/2021\/un-proyecto-argentino-busca-anticipar-epidemias-con-inteligencia-artificial\/#primaryimage","url":"https:\/\/www.telam.com.ar\/thumbs\/bluesteel\/advf\/imagenes\/2022\/08\/62ed3d6799f40_900.jpg","contentUrl":"https:\/\/www.telam.com.ar\/thumbs\/bluesteel\/advf\/imagenes\/2022\/08\/62ed3d6799f40_900.jpg"},{"@type":"BreadcrumbList","@id":"https:\/\/www.noticiasradioreflejos.com.ar\/2021\/un-proyecto-argentino-busca-anticipar-epidemias-con-inteligencia-artificial\/#breadcrumb","itemListElement":[{"@type":"ListItem","position":1,"name":"Portada","item":"https:\/\/www.noticiasradioreflejos.com.ar\/2021\/"},{"@type":"ListItem","position":2,"name":"Un proyecto argentino busca anticipar epidemias con inteligencia artificial"}]},{"@type":"WebSite","@id":"https:\/\/www.noticiasradioreflejos.com.ar\/2021\/#website","url":"https:\/\/www.noticiasradioreflejos.com.ar\/2021\/","name":"Noticias Radio Reflejos","description":"Las noticias de mi comarca","potentialAction":[{"@type":"SearchAction","target":{"@type":"EntryPoint","urlTemplate":"https:\/\/www.noticiasradioreflejos.com.ar\/2021\/?s={search_term_string}"},"query-input":{"@type":"PropertyValueSpecification","valueRequired":true,"valueName":"search_term_string"}}],"inLanguage":"es"},{"@type":"Person","@id":"https:\/\/www.noticiasradioreflejos.com.ar\/2021\/#\/schema\/person\/ad82545263dcc5ec0996818884fd5fb1","name":"Arnaldo Botto","image":{"@type":"ImageObject","inLanguage":"es","@id":"https:\/\/www.noticiasradioreflejos.com.ar\/2021\/#\/schema\/person\/image\/","url":"https:\/\/secure.gravatar.com\/avatar\/55cb5e37c1efa326397366e6974cb338056df65cb50e7d64d1cf314e87504837?s=96&d=mm&r=g","contentUrl":"https:\/\/secure.gravatar.com\/avatar\/55cb5e37c1efa326397366e6974cb338056df65cb50e7d64d1cf314e87504837?s=96&d=mm&r=g","caption":"Arnaldo Botto"},"url":"https:\/\/www.noticiasradioreflejos.com.ar\/2021\/author\/arnaldo\/"}]}},"_links":{"self":[{"href":"https:\/\/www.noticiasradioreflejos.com.ar\/2021\/wp-json\/wp\/v2\/posts\/76260","targetHints":{"allow":["GET"]}}],"collection":[{"href":"https:\/\/www.noticiasradioreflejos.com.ar\/2021\/wp-json\/wp\/v2\/posts"}],"about":[{"href":"https:\/\/www.noticiasradioreflejos.com.ar\/2021\/wp-json\/wp\/v2\/types\/post"}],"author":[{"embeddable":true,"href":"https:\/\/www.noticiasradioreflejos.com.ar\/2021\/wp-json\/wp\/v2\/users\/3"}],"replies":[{"embeddable":true,"href":"https:\/\/www.noticiasradioreflejos.com.ar\/2021\/wp-json\/wp\/v2\/comments?post=76260"}],"version-history":[{"count":1,"href":"https:\/\/www.noticiasradioreflejos.com.ar\/2021\/wp-json\/wp\/v2\/posts\/76260\/revisions"}],"predecessor-version":[{"id":76262,"href":"https:\/\/www.noticiasradioreflejos.com.ar\/2021\/wp-json\/wp\/v2\/posts\/76260\/revisions\/76262"}],"wp:attachment":[{"href":"https:\/\/www.noticiasradioreflejos.com.ar\/2021\/wp-json\/wp\/v2\/media?parent=76260"}],"wp:term":[{"taxonomy":"category","embeddable":true,"href":"https:\/\/www.noticiasradioreflejos.com.ar\/2021\/wp-json\/wp\/v2\/categories?post=76260"},{"taxonomy":"post_tag","embeddable":true,"href":"https:\/\/www.noticiasradioreflejos.com.ar\/2021\/wp-json\/wp\/v2\/tags?post=76260"}],"curies":[{"name":"wp","href":"https:\/\/api.w.org\/{rel}","templated":true}]}}