{"id":76256,"date":"2022-08-13T11:43:04","date_gmt":"2022-08-13T11:43:04","guid":{"rendered":"http:\/\/www.noticiasradioreflejos.com.ar\/2021\/?p=76256"},"modified":"2022-08-13T11:43:34","modified_gmt":"2022-08-13T11:43:34","slug":"mas-denuncias-por-bebes-muertos-en-cordoba","status":"publish","type":"post","link":"https:\/\/www.noticiasradioreflejos.com.ar\/2021\/mas-denuncias-por-bebes-muertos-en-cordoba\/","title":{"rendered":"M\u00e1s denuncias por beb\u00e9s muertos en C\u00f3rdoba"},"content":{"rendered":"<p>En C\u00f3rdoba, <b>la muerte de cinco beb\u00e9s nacidos sanos en el Hospital Materno Neonatal Ram\u00f3n Carrillo\u00a0<\/b>entre marzo y junio, que es investigada por la Justicia, s<b>um\u00f3 en las \u00faltimas horas nuevas denuncias<\/b>, y\u00a0<b>el ministro de Salud provincia<\/b>l, Diego Cardozo, dijo que esos desenlaces mortales \u00abno son algo habitual\u00bb y<b>\u00a0pidi\u00f3 \u00abcastigar con todo el peso de la ley\u00bb a los responsables.<!--more--><\/b><\/p>\n<p>El ministro Cardozo detall\u00f3 hoy que los fallecimientos de los beb\u00e9s ocurrieron el 18 de marzo, el 23 de abril, el 23 de mayo y dos (decesos) el 6 de junio de este a\u00f1o y\u00a0<b>explic\u00f3 que se solicit\u00f3 a la Justicia investigar 11 defunciones<\/b>\u00a0ocurridas en esos cuatro meses,<b>\u00a0pero precis\u00f3 que \u00abpodemos inferir que seis de esos casos fueron por patolog\u00edas que est\u00e1n dentro de las posibilidades de que ocurra la muerte\u00bb.<\/b><\/p>\n<div id=\"talkFireEvent\"><\/div>\n<p>\u00ab<b>Cinco nacieron sanos y tuvieron un desenlace no esperado, no habitua<\/b>l, raz\u00f3n por lo cual pedimos la investigaci\u00f3n y an\u00e1lisis de todos los elementos que forman parte de la atenci\u00f3n que recibieron durante el parto y luego del nacimiento\u00bb, consider\u00f3 Cardozo.<\/p>\n<p>\u00abMi hija naci\u00f3 bien. Horas despu\u00e9s cambi\u00f3 de color y se puso fr\u00eda. El enfermero me dijo que era normal y se fue\u00bb, relat\u00f3 a canal 12 de C\u00f3rdoba Mar\u00eda, una mujer que tuvo una beba el 6 de junio en ese centro de salud y que manifest\u00f3 que\u00a0<b>su hija naci\u00f3 sana en la franja que ocurrieron los fallecimientos pero sufri\u00f3 lesiones que no le fueron explicadas.<\/b><\/p>\n<p>Ante la alerta de que otro reci\u00e9n nacido tambi\u00e9n se hab\u00eda descompensado, los m\u00e9dicos se acercaron y cuando observaron que la beba no estaba bien se la llevaron.\u00a0<b>\u00abMe devuelven a mi hija estabilizada y con un hematoma en la espalda, que no ten\u00eda cuando se la llevaron\u00bb,\u00a0<\/b>asegur\u00f3. Y agreg\u00f3 que la beba, por esa lesi\u00f3n, estuvo internada m\u00e1s de 20 d\u00edas debido a una \u00abnecropsia\u00bb que se le form\u00f3 en la espalda.<\/p>\n<p><b>La madre se\u00f1al\u00f3 que los m\u00e9dicos intentaron culparla y acusarla de haber golpeado o quemado a la beba<\/b>, quien hoy se encuentra bien pero realiza un tratamiento dermatol\u00f3gico por la cicatriz en la espalda. Por su parte, la abogada Daniela Morales, que representa a la mujer, dijo que pidi\u00f3 al fiscal Ra\u00fal Garz\u00f3n, a cargo de la investigaci\u00f3n por la muerte de los beb\u00e9s, que sume el caso al expediente \u00abpara determinar si hubo mala praxis o intencionalidad\u00bb.<\/p>\n<p>\u00abHay un contexto de coincidencia con los hechos que se est\u00e1n investigando\u00bb, dijo la letrada, salvo que en este caso \u00abla beba sobrevivi\u00f3\u00bb. Adem\u00e1s, pidi\u00f3 que la familia de la beba sea admitida como querellante particular en el proceso para que \u00abse busque la verdad y se haga justicia\u00bb.<\/p>\n<p>\u00abMi hija de 17 a\u00f1os hab\u00eda comenzado con trabajo de parto el 5 de junio\u00bb \u00faltimo y en la madrugada del 6 \u00abme avisan que mi nieta hab\u00eda nacido en perfectas condiciones\u00bb con un poco m\u00e1s de 3 kilos y que la madre tambi\u00e9n se encontraba en buen estado de salud, dijo a Canal 12 Romina, quien\u00a0<b>inici\u00f3 ayer formalmente la primera denuncia judicial para que se investigue el fallecimiento de su nieta.<\/b><\/p>\n<p>La beba falleci\u00f3 el d\u00eda 6 a las 6:45 por una \u00abdescompensaci\u00f3n\u00bb que le ocasion\u00f3 dos paros cardiorrespiratorios, pero la mujer relat\u00f3 que ella fue notificada el d\u00eda 7 de junio a la madrugada, casi 24 horas despu\u00e9s de ocurrida la muerte. Por su lado, Vanesa, otra mam\u00e1, denunci\u00f3 hoy que su beb\u00e9 naci\u00f3 y vivi\u00f3 11 horas en ese hospital, y que le informaron que el deceso se hab\u00eda producido por una arritmia.<\/p>\n<p>\u00abNuestro beb\u00e9 nace sano luego de hacerme una ces\u00e1rea. Me dijeron que ten\u00eda una arritmia, y, cuando lo pude ver, ya estaba intubado.\u00a0<b>Vivi\u00f3 11 horas y falleci\u00f3 en el d\u00eda\u00bb<\/b>, apunt\u00f3 Vanesa y a\u00f1adi\u00f3 que se qued\u00f3 \u00abcon millones de dudas porque los m\u00e9dicos no sab\u00edan explicar qu\u00e9 es lo que pas\u00f3, ya que\u00a0<b>fue un embarazo totalmente controlado, totalmente sano\u00bb.<\/b><\/p>\n<p>En tanto, la cartera de Salud resolvi\u00f3 ayer separar de sus cargos a las autoridades del centro de salud, abri\u00f3 un sumario administrativo interno y suspendi\u00f3 preventivamente a 23 empleados, entre m\u00e9dicos, personal de limpieza, y enfermer\u00eda del hospital.<\/p>\n<p>\u201cDespu\u00e9s de haber sido apartadas estas personas, que son los que han entrado en contacto con los neonatos que han fallecido o han sufrido complicaci\u00f3n pero han sobrevivido, no se han vuelto a producir hechos de estas caracter\u00edsticas\u00bb, advirti\u00f3 el abogado de Romina y Vanesa, Carlos Nayi. \u00abEsto es un hecho a considerar\u201d, sostuvo.<\/p>\n<p>Es \u00abllamativo y sospechoso\u00bb que ocurra la \u00abmuerte de cinco bebitos en un espacio temporal relativamente corto, de madres sanas, con embarazos a t\u00e9rmino y sin inconvenientes\u00bb. Atribuir lo sucedido a \u201cuna cadena de casualidades ya pierde sustento\u00bb, evalu\u00f3. \u201cCualquiera sea la hip\u00f3tesis confirmada, culpa o dolo, lo que se pide a la justicia es que esto no vuelva a ocurrir\u201d, concluy\u00f3.<\/p>\n<p>El fiscal Garz\u00f3n, que mediante una presentaci\u00f3n del Ministerio de Salud investiga la causa dijo que se trabaja sobre \u00abvarias hip\u00f3tesis\u00bb, entre ellas la de \u00abmala praxis, homicidio o negligencia\u00bb, entre otras l\u00edneas como la posibilidad de que las muertes hayan sido causadas por alg\u00fan \u00abvirus hospitalario\u00bb. Pero asegur\u00f3 que descartan complicaciones de vacuna, medicaci\u00f3n o estado de los medicamentos porque \u201cse administra la misma medicaci\u00f3n en todos los hospitales. Esto es algo muy acotado y muy puntual\u00bb, sostuvo el funcionario judicial.<\/p>\n<p>El Ministerio P\u00fablico Fiscal (MPF) inform\u00f3 hoy a trav\u00e9s de un comunicado que Garz\u00f3n espera la evaluaci\u00f3n de los antecedentes m\u00e9dicos, y que \u00abno habr\u00e1 nueva informaci\u00f3n para no perjudicar la investigaci\u00f3n\u00bb.<\/p>\n<p>\u00abLa Fiscal\u00eda continuar\u00e1 trabajando y en su momento comunicar\u00e1 lo que resulte de inter\u00e9s p\u00fablico\u00bb, se\u00f1al\u00f3 el texto, que indic\u00f3 que el servicio de salud del Hospital Neonatal se desarrolla con \u00abnormalidad\u00bb y agreg\u00f3 que \u00abde resultar necesario informar alguna situaci\u00f3n a familiares de los reci\u00e9n nacidos que fallecieron, se har\u00e1 oportunamente\u00bb.<\/p>\n<p>&nbsp;<\/p>\n<p><strong>Fuente P\u00e1gina 12<\/strong><\/p>\n","protected":false},"excerpt":{"rendered":"<p>En C\u00f3rdoba, la muerte de cinco beb\u00e9s nacidos sanos en el Hospital Materno Neonatal Ram\u00f3n Carrillo\u00a0entre marzo y junio, que es investigada por la Justicia, sum\u00f3 en las \u00faltimas horas nuevas denuncias, y\u00a0el ministro de Salud provincial, Diego Cardozo, dijo que esos desenlaces mortales \u00abno son algo habitual\u00bb y\u00a0pidi\u00f3 \u00abcastigar con todo el peso de [&hellip;]<\/p>\n","protected":false},"author":3,"featured_media":0,"comment_status":"closed","ping_status":"closed","sticky":false,"template":"","format":"standard","meta":{"footnotes":""},"categories":[57,24,30],"tags":[],"class_list":["post-76256","post","type-post","status-publish","format-standard","hentry","category-judiciales","category-politica","category-salud"],"yoast_head":"<!-- This site is optimized with the Yoast SEO plugin v25.9 - https:\/\/yoast.com\/wordpress\/plugins\/seo\/ -->\n<title>M\u00e1s denuncias por beb\u00e9s muertos en C\u00f3rdoba - Noticias Radio Reflejos<\/title>\n<meta name=\"robots\" content=\"index, follow, max-snippet:-1, max-image-preview:large, max-video-preview:-1\" \/>\n<link rel=\"canonical\" href=\"https:\/\/www.noticiasradioreflejos.com.ar\/2021\/mas-denuncias-por-bebes-muertos-en-cordoba\/\" \/>\n<meta property=\"og:locale\" content=\"es_ES\" \/>\n<meta property=\"og:type\" content=\"article\" \/>\n<meta property=\"og:title\" content=\"M\u00e1s denuncias por beb\u00e9s muertos en C\u00f3rdoba - Noticias Radio Reflejos\" \/>\n<meta property=\"og:description\" content=\"En C\u00f3rdoba, la muerte de cinco beb\u00e9s nacidos sanos en el Hospital Materno Neonatal Ram\u00f3n Carrillo\u00a0entre marzo y junio, que es investigada por la Justicia, sum\u00f3 en las \u00faltimas horas nuevas denuncias, y\u00a0el ministro de Salud provincial, Diego Cardozo, dijo que esos desenlaces mortales \u00abno son algo habitual\u00bb y\u00a0pidi\u00f3 \u00abcastigar con todo el peso de [&hellip;]\" \/>\n<meta property=\"og:url\" content=\"https:\/\/www.noticiasradioreflejos.com.ar\/2021\/mas-denuncias-por-bebes-muertos-en-cordoba\/\" \/>\n<meta property=\"og:site_name\" content=\"Noticias Radio Reflejos\" \/>\n<meta property=\"article:published_time\" content=\"2022-08-13T11:43:04+00:00\" \/>\n<meta property=\"article:modified_time\" content=\"2022-08-13T11:43:34+00:00\" \/>\n<meta property=\"og:image\" content=\"https:\/\/www.noticiasradioreflejos.com.ar\/2021\/wp-content\/uploads\/2021\/07\/logosol300x200.png\" \/>\n\t<meta property=\"og:image:width\" content=\"300\" \/>\n\t<meta property=\"og:image:height\" content=\"200\" \/>\n\t<meta property=\"og:image:type\" content=\"image\/png\" \/>\n<meta name=\"author\" content=\"Arnaldo Botto\" \/>\n<meta name=\"twitter:card\" content=\"summary_large_image\" \/>\n<script type=\"application\/ld+json\" class=\"yoast-schema-graph\">{\"@context\":\"https:\/\/schema.org\",\"@graph\":[{\"@type\":\"WebPage\",\"@id\":\"https:\/\/www.noticiasradioreflejos.com.ar\/2021\/mas-denuncias-por-bebes-muertos-en-cordoba\/\",\"url\":\"https:\/\/www.noticiasradioreflejos.com.ar\/2021\/mas-denuncias-por-bebes-muertos-en-cordoba\/\",\"name\":\"M\u00e1s denuncias por beb\u00e9s muertos en C\u00f3rdoba - Noticias Radio Reflejos\",\"isPartOf\":{\"@id\":\"https:\/\/www.noticiasradioreflejos.com.ar\/2021\/#website\"},\"datePublished\":\"2022-08-13T11:43:04+00:00\",\"dateModified\":\"2022-08-13T11:43:34+00:00\",\"author\":{\"@id\":\"https:\/\/www.noticiasradioreflejos.com.ar\/2021\/#\/schema\/person\/ad82545263dcc5ec0996818884fd5fb1\"},\"breadcrumb\":{\"@id\":\"https:\/\/www.noticiasradioreflejos.com.ar\/2021\/mas-denuncias-por-bebes-muertos-en-cordoba\/#breadcrumb\"},\"inLanguage\":\"es\",\"potentialAction\":[{\"@type\":\"ReadAction\",\"target\":[\"https:\/\/www.noticiasradioreflejos.com.ar\/2021\/mas-denuncias-por-bebes-muertos-en-cordoba\/\"]}]},{\"@type\":\"BreadcrumbList\",\"@id\":\"https:\/\/www.noticiasradioreflejos.com.ar\/2021\/mas-denuncias-por-bebes-muertos-en-cordoba\/#breadcrumb\",\"itemListElement\":[{\"@type\":\"ListItem\",\"position\":1,\"name\":\"Portada\",\"item\":\"https:\/\/www.noticiasradioreflejos.com.ar\/2021\/\"},{\"@type\":\"ListItem\",\"position\":2,\"name\":\"M\u00e1s denuncias por beb\u00e9s muertos en C\u00f3rdoba\"}]},{\"@type\":\"WebSite\",\"@id\":\"https:\/\/www.noticiasradioreflejos.com.ar\/2021\/#website\",\"url\":\"https:\/\/www.noticiasradioreflejos.com.ar\/2021\/\",\"name\":\"Noticias Radio Reflejos\",\"description\":\"Las noticias de mi comarca\",\"potentialAction\":[{\"@type\":\"SearchAction\",\"target\":{\"@type\":\"EntryPoint\",\"urlTemplate\":\"https:\/\/www.noticiasradioreflejos.com.ar\/2021\/?s={search_term_string}\"},\"query-input\":{\"@type\":\"PropertyValueSpecification\",\"valueRequired\":true,\"valueName\":\"search_term_string\"}}],\"inLanguage\":\"es\"},{\"@type\":\"Person\",\"@id\":\"https:\/\/www.noticiasradioreflejos.com.ar\/2021\/#\/schema\/person\/ad82545263dcc5ec0996818884fd5fb1\",\"name\":\"Arnaldo Botto\",\"image\":{\"@type\":\"ImageObject\",\"inLanguage\":\"es\",\"@id\":\"https:\/\/www.noticiasradioreflejos.com.ar\/2021\/#\/schema\/person\/image\/\",\"url\":\"https:\/\/secure.gravatar.com\/avatar\/55cb5e37c1efa326397366e6974cb338056df65cb50e7d64d1cf314e87504837?s=96&d=mm&r=g\",\"contentUrl\":\"https:\/\/secure.gravatar.com\/avatar\/55cb5e37c1efa326397366e6974cb338056df65cb50e7d64d1cf314e87504837?s=96&d=mm&r=g\",\"caption\":\"Arnaldo Botto\"},\"url\":\"https:\/\/www.noticiasradioreflejos.com.ar\/2021\/author\/arnaldo\/\"}]}<\/script>\n<!-- \/ Yoast SEO plugin. -->","yoast_head_json":{"title":"M\u00e1s denuncias por beb\u00e9s muertos en C\u00f3rdoba - Noticias Radio Reflejos","robots":{"index":"index","follow":"follow","max-snippet":"max-snippet:-1","max-image-preview":"max-image-preview:large","max-video-preview":"max-video-preview:-1"},"canonical":"https:\/\/www.noticiasradioreflejos.com.ar\/2021\/mas-denuncias-por-bebes-muertos-en-cordoba\/","og_locale":"es_ES","og_type":"article","og_title":"M\u00e1s denuncias por beb\u00e9s muertos en C\u00f3rdoba - Noticias Radio Reflejos","og_description":"En C\u00f3rdoba, la muerte de cinco beb\u00e9s nacidos sanos en el Hospital Materno Neonatal Ram\u00f3n Carrillo\u00a0entre marzo y junio, que es investigada por la Justicia, sum\u00f3 en las \u00faltimas horas nuevas denuncias, y\u00a0el ministro de Salud provincial, Diego Cardozo, dijo que esos desenlaces mortales \u00abno son algo habitual\u00bb y\u00a0pidi\u00f3 \u00abcastigar con todo el peso de [&hellip;]","og_url":"https:\/\/www.noticiasradioreflejos.com.ar\/2021\/mas-denuncias-por-bebes-muertos-en-cordoba\/","og_site_name":"Noticias Radio Reflejos","article_published_time":"2022-08-13T11:43:04+00:00","article_modified_time":"2022-08-13T11:43:34+00:00","og_image":[{"width":300,"height":200,"url":"https:\/\/www.noticiasradioreflejos.com.ar\/2021\/wp-content\/uploads\/2021\/07\/logosol300x200.png","type":"image\/png"}],"author":"Arnaldo Botto","twitter_card":"summary_large_image","schema":{"@context":"https:\/\/schema.org","@graph":[{"@type":"WebPage","@id":"https:\/\/www.noticiasradioreflejos.com.ar\/2021\/mas-denuncias-por-bebes-muertos-en-cordoba\/","url":"https:\/\/www.noticiasradioreflejos.com.ar\/2021\/mas-denuncias-por-bebes-muertos-en-cordoba\/","name":"M\u00e1s denuncias por beb\u00e9s muertos en C\u00f3rdoba - Noticias Radio Reflejos","isPartOf":{"@id":"https:\/\/www.noticiasradioreflejos.com.ar\/2021\/#website"},"datePublished":"2022-08-13T11:43:04+00:00","dateModified":"2022-08-13T11:43:34+00:00","author":{"@id":"https:\/\/www.noticiasradioreflejos.com.ar\/2021\/#\/schema\/person\/ad82545263dcc5ec0996818884fd5fb1"},"breadcrumb":{"@id":"https:\/\/www.noticiasradioreflejos.com.ar\/2021\/mas-denuncias-por-bebes-muertos-en-cordoba\/#breadcrumb"},"inLanguage":"es","potentialAction":[{"@type":"ReadAction","target":["https:\/\/www.noticiasradioreflejos.com.ar\/2021\/mas-denuncias-por-bebes-muertos-en-cordoba\/"]}]},{"@type":"BreadcrumbList","@id":"https:\/\/www.noticiasradioreflejos.com.ar\/2021\/mas-denuncias-por-bebes-muertos-en-cordoba\/#breadcrumb","itemListElement":[{"@type":"ListItem","position":1,"name":"Portada","item":"https:\/\/www.noticiasradioreflejos.com.ar\/2021\/"},{"@type":"ListItem","position":2,"name":"M\u00e1s denuncias por beb\u00e9s muertos en C\u00f3rdoba"}]},{"@type":"WebSite","@id":"https:\/\/www.noticiasradioreflejos.com.ar\/2021\/#website","url":"https:\/\/www.noticiasradioreflejos.com.ar\/2021\/","name":"Noticias Radio Reflejos","description":"Las noticias de mi comarca","potentialAction":[{"@type":"SearchAction","target":{"@type":"EntryPoint","urlTemplate":"https:\/\/www.noticiasradioreflejos.com.ar\/2021\/?s={search_term_string}"},"query-input":{"@type":"PropertyValueSpecification","valueRequired":true,"valueName":"search_term_string"}}],"inLanguage":"es"},{"@type":"Person","@id":"https:\/\/www.noticiasradioreflejos.com.ar\/2021\/#\/schema\/person\/ad82545263dcc5ec0996818884fd5fb1","name":"Arnaldo Botto","image":{"@type":"ImageObject","inLanguage":"es","@id":"https:\/\/www.noticiasradioreflejos.com.ar\/2021\/#\/schema\/person\/image\/","url":"https:\/\/secure.gravatar.com\/avatar\/55cb5e37c1efa326397366e6974cb338056df65cb50e7d64d1cf314e87504837?s=96&d=mm&r=g","contentUrl":"https:\/\/secure.gravatar.com\/avatar\/55cb5e37c1efa326397366e6974cb338056df65cb50e7d64d1cf314e87504837?s=96&d=mm&r=g","caption":"Arnaldo Botto"},"url":"https:\/\/www.noticiasradioreflejos.com.ar\/2021\/author\/arnaldo\/"}]}},"_links":{"self":[{"href":"https:\/\/www.noticiasradioreflejos.com.ar\/2021\/wp-json\/wp\/v2\/posts\/76256","targetHints":{"allow":["GET"]}}],"collection":[{"href":"https:\/\/www.noticiasradioreflejos.com.ar\/2021\/wp-json\/wp\/v2\/posts"}],"about":[{"href":"https:\/\/www.noticiasradioreflejos.com.ar\/2021\/wp-json\/wp\/v2\/types\/post"}],"author":[{"embeddable":true,"href":"https:\/\/www.noticiasradioreflejos.com.ar\/2021\/wp-json\/wp\/v2\/users\/3"}],"replies":[{"embeddable":true,"href":"https:\/\/www.noticiasradioreflejos.com.ar\/2021\/wp-json\/wp\/v2\/comments?post=76256"}],"version-history":[{"count":2,"href":"https:\/\/www.noticiasradioreflejos.com.ar\/2021\/wp-json\/wp\/v2\/posts\/76256\/revisions"}],"predecessor-version":[{"id":76259,"href":"https:\/\/www.noticiasradioreflejos.com.ar\/2021\/wp-json\/wp\/v2\/posts\/76256\/revisions\/76259"}],"wp:attachment":[{"href":"https:\/\/www.noticiasradioreflejos.com.ar\/2021\/wp-json\/wp\/v2\/media?parent=76256"}],"wp:term":[{"taxonomy":"category","embeddable":true,"href":"https:\/\/www.noticiasradioreflejos.com.ar\/2021\/wp-json\/wp\/v2\/categories?post=76256"},{"taxonomy":"post_tag","embeddable":true,"href":"https:\/\/www.noticiasradioreflejos.com.ar\/2021\/wp-json\/wp\/v2\/tags?post=76256"}],"curies":[{"name":"wp","href":"https:\/\/api.w.org\/{rel}","templated":true}]}}