{"id":76253,"date":"2022-08-13T11:38:12","date_gmt":"2022-08-13T11:38:12","guid":{"rendered":"http:\/\/www.noticiasradioreflejos.com.ar\/2021\/?p=76253"},"modified":"2022-08-17T11:12:42","modified_gmt":"2022-08-17T11:12:42","slug":"las-reservas-hoteleras-auguran-un-fin-de-semana-exitoso-en-los-destinos-turisticos","status":"publish","type":"post","link":"https:\/\/www.noticiasradioreflejos.com.ar\/2021\/las-reservas-hoteleras-auguran-un-fin-de-semana-exitoso-en-los-destinos-turisticos\/","title":{"rendered":"Las reservas hoteleras auguran un fin de semana exitoso en los destinos tur\u00edsticos"},"content":{"rendered":"<div class=\"wrapper-header\">\n<div class=\"container-xl\">\n<div class=\"row\">\n<div class=\"col-12\">\n<div class=\"head-content mb-4\">\n<div class=\"my-3\">\n<div class=\"social mt-3\">Se avecina un gran fin de semana para el sector. Los destinos emergentes se perfilan como los m\u00e1s exitosos. El ministro de Turismo y Deportes, Mat\u00edas Lammens, dijo que se trata de \u00abuna temporada de invierno con n\u00fameros r\u00e9cord\u00bb.<\/div>\n<\/div>\n<\/div>\n<\/div>\n<\/div>\n<\/div>\n<\/div>\n<p><!--more--><\/p>\n<div class=\"wrapper-editable-content\">\n<div class=\"wrapper-info-note\">\n<div class=\"col-md-12\">\n<div class=\"wrapper-author-social\">\n<div class=\"author-box mb-4\">\n<div class=\"image\"><\/div>\n<div class=\"info\">\n<div class=\"time\"><\/div>\n<\/div>\n<\/div>\n<\/div>\n<\/div>\n<\/div>\n<div>\n<div class=\"wrapper-editable-content\">\n<div>\n<div class=\"container-md\">\n<div class=\"row\">\n<div class=\"col-md-12 speak\">\n<div class=\"paragraph\">\n<figure class=\"mb-3\"><img decoding=\"async\" src=\"https:\/\/www.telam.com.ar\/thumbs\/bluesteel\/advf\/imagenes\/2022\/07\/62d945ffe0d84_900.jpg\" alt=\"Mar del Plata con 60 de reservas Foto Diego Izquierdo\" width=\"100%\" height=\"100%\" \/><\/p>\n<div class=\"media-icons\"><\/div><figcaption>Mar del Plata con 60% de reservas. \/\/Foto Diego Izquierdo<\/figcaption><\/figure>\n<p>El Ministerio de Turismo y Deportes (Minturdep) inform\u00f3 que se avecina un gran fin de semana para el sector, conforme las reservas registradas hasta el viernes por el Observatorio Argentino de Turismo, y se\u00f1al\u00f3 que ser\u00e1 muy bueno en los destinos consolidados, aunque los emergentes se perfilan como los m\u00e1s exitosos.<\/p>\n<p>Con porcentajes que pueden diferir m\u00ednimamente de los informados por provincias o municipios debido al momento en que fueron suministrados, el documento precisa datos hasta este viernes y el Minturdep aclara que es posible que debido a \u00ablas reservas de \u00faltimo momento estos n\u00fameros crezcan entre un 8 y un 12% en la mayor\u00eda de los destinos\u00bb.<\/p>\n<h2 class=\"\">Jujuy<\/h2>\n<p>En un recorrido de norte a sur del pa\u00eds, el informe del Observatorio, dependiente de la C\u00e1mara Argentina de Turismo (CAT), comienza con Jujuy, con el 80% de sus 12.500 plazas reservadas, en tanto la Zona de la Quebrada, donde Humahuaca dispone de 7.000, est\u00e1 en el 90%.<\/p>\n<figure class=\"mb-3\"><img decoding=\"async\" src=\"https:\/\/www.telam.com.ar\/thumbs\/bluesteel\/advf\/imagenes\/2022\/08\/62e80a8e2b8a7_900.jpg\" alt=\"El Festival Nacional de la Pachamama en Jujuy foto Edgardo Valera \" width=\"100%\" height=\"100%\" \/><\/p>\n<div class=\"media-icons\"><\/div><figcaption>El Festival Nacional de la Pachamama en Jujuy. \/\/foto Edgardo Valera<\/figcaption><\/figure>\n<h2 class=\"\">Salta<\/h2>\n<p>La provincia de Salta, con 27.000 camas tur\u00edsticas, tiene reservas del 85%, y de Tucum\u00e1n destaca San Migual, que cuenta con 4.000 plazas (la mitad de toda la provincia) que est\u00e1n reservadas en un 91%.<\/p>\n<h2 class=\"\">Santiago del Estero<\/h2>\n<p>En Santiago del Estero descuella Las Termas de R\u00edo Hondo, que suma 13.000 plazas y tiene reservado el 100% de los hoteles 4 y 5 estrellas y el 90% en los de 3, en tanto la capital tiene ya colmada su capacidad de algo m\u00e1s de 3.000 camas.<\/p>\n<h2 class=\"\">La Rioja<\/h2>\n<p>La Rioja, que en todo su territorio dispone de 6.300 plazas, tiene reservado el 100% en la ciudad capital, con 1.100 lugares, mientras Chilecito registra reservas del 85% de sus cerca de 1.600 camas y Villa Uni\u00f3n el 90% sobre unas 900.<\/p>\n<h2 class=\"\">Misiones<\/h2>\n<p>En Misiones, las 2.800 camas de Posadas fueron reservadas en un 88%; las 15.000 de Puerto iguaz\u00fa en un 80% y las 500 de El Soberbio en un 87%.<\/p>\n<h2 class=\"\">Corrientes<\/h2>\n<p>Corrientes, con 15.000 camas tur\u00edsticas tiene reservas del 66%, que se elevan al 82% en la capital, que posee unas 2.200 de esa plazas.<\/p>\n<h2 class=\"\">Buenos Aires<\/h2>\n<p>De la provincia de Buenos Aires menciona en primer t\u00e9rmino a Mar del Plata, que con 70% reservado sobre unas 32.000 camas, indica que est\u00e1 \u00abpor encima del 2019\u00bb.<\/p>\n<p>Otros porcentajes alto en destinos bonaerenses se dan en Tandil, 91% de 8.000, y Sierra de la Ventana, 75% de 7.500.<\/p>\n<h2 class=\"\">Ciudad de Buenos Aires<\/h2>\n<p>Respecto de la Ciudad de Buenos Aires, indica que el nivel de reservas est\u00e1 en un 68%, lo que equivaldr\u00eda unos 80.000 turistas.<\/p>\n<h2 class=\"\">C\u00f3rdoba<\/h2>\n<p>En C\u00f3rdoba, Villa Carlos Paz tiene reservado el 65% de sus 70.000 plazas hoteleras; Villa General Belgrano, 60% de 5.000; Alta Gracia, 62% de 2.100, y Miramar de Ansenuza, 75% sobre 3.000 disponibles.<\/p>\n<h2 class=\"\">Mendoza<\/h2>\n<p>Mendoza, que suma 45.000 camas, registra reservas por el 80%, con un 85% en la ciudad capital, que junto a sus alrededores acumula 30.000 de esas plazas.<\/p>\n<figure class=\"mb-3\"><img decoding=\"async\" src=\"https:\/\/www.telam.com.ar\/thumbs\/bluesteel\/advf\/imagenes\/2022\/07\/62e281f604bfa_900.jpg\" alt=\"La nieve espera a los turistas en Mendoza \" width=\"100%\" height=\"100%\" \/><\/p>\n<div class=\"media-icons\"><\/div><figcaption>La nieve espera a los turistas en Mendoza.\/\/<\/figcaption><\/figure>\n<h2 class=\"\">San Luis<\/h2>\n<p>San Luis, con una disponibilidad de 30.000 lugares, tiene un promedio provincial del 60% reservado, en tanto Potrero de los Funes, con 3.000 plazas est\u00e1 en el 90% y Villa Mercedes tiene ya ocupadas sus 1.500 camas para el fin de semana.<\/p>\n<h2 class=\"\">R\u00edo Negro<\/h2>\n<p>De R\u00edo Negro menciona a San Carlos de Bariloche, con el 85% reservado de sus 38.000 plazas, y Las Grutas, con el 65% respecto de 44.000 disponibles.<\/p>\n<figure class=\"mb-3\"><img decoding=\"async\" src=\"https:\/\/www.telam.com.ar\/thumbs\/bluesteel\/advf\/imagenes\/editadas\/62e6ecb82fd4e_900.jpg\" alt=\"Esqui de travesia en Bariloche Foto Eugenia Neme \" width=\"100%\" height=\"100%\" \/><\/p>\n<div class=\"media-icons\"><\/div><figcaption>Esqui de travesia en Bariloche. \/\/ Foto Eugenia Neme<\/figcaption><\/figure>\n<p>A continuaci\u00f3n, la chubutense Puerto Madryn tiene reservado el 87% de sus 7.000 camas, y en Neuqu\u00e9n, San Mart\u00edn de los Andes est\u00e1 en el 80% de algo m\u00e1s de 6.600.<\/p>\n<h2 class=\"\">Santa Cruz<\/h2>\n<p>Por \u00faltimo, de las provincias sure\u00f1as, en Santa Cruz destaca El Calafate, con 62% sobre 5.300 plazas, y de Tierra del Fuego, Ushuaia, con 85% de 6.000 camas hoteleras disponibles.<\/p>\n<p>Sobre estos porcentajes, el ministro de Turismo y Deportes, Mat\u00edas Lammens, dijo que se trata de \u00abuna temporada de invierno con n\u00fameros r\u00e9cord, de la mano de un creciente movimiento interno y una fuerte recuperaci\u00f3n del turismo receptivo. De la misma manera, esperamos un gran fin de semana largo\u00bb y reiter\u00f3 que \u00ablo que est\u00e1 pasando con el turismo ya no es recuperaci\u00f3n, es crecimiento\u00bb.<\/p>\n<p>Desde la CAT, su presidente, Gustavo Hani, afirm\u00f3 que \u00ablos fines de semana largos, y este no ser\u00e1 la excepci\u00f3n, son una oportunidad para seguir fortaleciendo nuestra industria\u00bb<\/p>\n<p>\u00abEl turismo ha demostrado a lo largo del a\u00f1o una importante recuperaci\u00f3n y es fundamental comprender que somos un sector que genera empleo, ingresos y divisas, impulso de las econom\u00edas regionales y tracciona a otras industrias\u00bb<\/p>\n<p>El comunicado precisa que \u00abeste fin de semana viajar\u00e1n con PreViaje 2 25 mil personas y gastar\u00e1n $795 millones\u00bb, a lo que Hani agreg\u00f3 que \u00absin duda la confirmaci\u00f3n del Previaje 3 ser\u00e1, tambi\u00e9n, un fuerte empuje en este sentido\u00bb.<\/p>\n<\/div>\n<\/div>\n<\/div>\n<\/div>\n<\/div>\n<\/div>\n<\/div>\n<\/div>\n","protected":false},"excerpt":{"rendered":"<p>Se avecina un gran fin de semana para el sector. Los destinos emergentes se perfilan como los m\u00e1s exitosos. El ministro de Turismo y Deportes, Mat\u00edas Lammens, dijo que se trata de \u00abuna temporada de invierno con n\u00fameros r\u00e9cord\u00bb.<\/p>\n","protected":false},"author":3,"featured_media":76254,"comment_status":"closed","ping_status":"closed","sticky":false,"template":"","format":"standard","meta":{"footnotes":""},"categories":[33],"tags":[],"class_list":["post-76253","post","type-post","status-publish","format-standard","has-post-thumbnail","hentry","category-turismo"],"yoast_head":"<!-- This site is optimized with the Yoast SEO plugin v25.9 - https:\/\/yoast.com\/wordpress\/plugins\/seo\/ -->\n<title>Las reservas hoteleras auguran un fin de semana exitoso en los destinos tur\u00edsticos - Noticias Radio Reflejos<\/title>\n<meta name=\"robots\" content=\"index, follow, max-snippet:-1, max-image-preview:large, max-video-preview:-1\" \/>\n<link rel=\"canonical\" href=\"https:\/\/www.noticiasradioreflejos.com.ar\/2021\/las-reservas-hoteleras-auguran-un-fin-de-semana-exitoso-en-los-destinos-turisticos\/\" \/>\n<meta property=\"og:locale\" content=\"es_ES\" \/>\n<meta property=\"og:type\" content=\"article\" \/>\n<meta property=\"og:title\" content=\"Las reservas hoteleras auguran un fin de semana exitoso en los destinos tur\u00edsticos - Noticias Radio Reflejos\" \/>\n<meta property=\"og:description\" content=\"Se avecina un gran fin de semana para el sector. Los destinos emergentes se perfilan como los m\u00e1s exitosos. El ministro de Turismo y Deportes, Mat\u00edas Lammens, dijo que se trata de \u00abuna temporada de invierno con n\u00fameros r\u00e9cord\u00bb.\" \/>\n<meta property=\"og:url\" content=\"https:\/\/www.noticiasradioreflejos.com.ar\/2021\/las-reservas-hoteleras-auguran-un-fin-de-semana-exitoso-en-los-destinos-turisticos\/\" \/>\n<meta property=\"og:site_name\" content=\"Noticias Radio Reflejos\" \/>\n<meta property=\"article:published_time\" content=\"2022-08-13T11:38:12+00:00\" \/>\n<meta property=\"article:modified_time\" content=\"2022-08-17T11:12:42+00:00\" \/>\n<meta property=\"og:image\" content=\"https:\/\/www.noticiasradioreflejos.com.ar\/2021\/wp-content\/uploads\/2022\/08\/Cerro-Ventana.jpg\" \/>\n\t<meta property=\"og:image:width\" content=\"1911\" \/>\n\t<meta property=\"og:image:height\" content=\"930\" \/>\n\t<meta property=\"og:image:type\" content=\"image\/jpeg\" \/>\n<meta name=\"author\" content=\"Arnaldo Botto\" \/>\n<meta name=\"twitter:card\" content=\"summary_large_image\" \/>\n<script type=\"application\/ld+json\" class=\"yoast-schema-graph\">{\"@context\":\"https:\/\/schema.org\",\"@graph\":[{\"@type\":\"WebPage\",\"@id\":\"https:\/\/www.noticiasradioreflejos.com.ar\/2021\/las-reservas-hoteleras-auguran-un-fin-de-semana-exitoso-en-los-destinos-turisticos\/\",\"url\":\"https:\/\/www.noticiasradioreflejos.com.ar\/2021\/las-reservas-hoteleras-auguran-un-fin-de-semana-exitoso-en-los-destinos-turisticos\/\",\"name\":\"Las reservas hoteleras auguran un fin de semana exitoso en los destinos tur\u00edsticos - Noticias Radio Reflejos\",\"isPartOf\":{\"@id\":\"https:\/\/www.noticiasradioreflejos.com.ar\/2021\/#website\"},\"primaryImageOfPage\":{\"@id\":\"https:\/\/www.noticiasradioreflejos.com.ar\/2021\/las-reservas-hoteleras-auguran-un-fin-de-semana-exitoso-en-los-destinos-turisticos\/#primaryimage\"},\"image\":{\"@id\":\"https:\/\/www.noticiasradioreflejos.com.ar\/2021\/las-reservas-hoteleras-auguran-un-fin-de-semana-exitoso-en-los-destinos-turisticos\/#primaryimage\"},\"thumbnailUrl\":\"https:\/\/www.noticiasradioreflejos.com.ar\/2021\/wp-content\/uploads\/2022\/08\/Cerro-Ventana.jpg\",\"datePublished\":\"2022-08-13T11:38:12+00:00\",\"dateModified\":\"2022-08-17T11:12:42+00:00\",\"author\":{\"@id\":\"https:\/\/www.noticiasradioreflejos.com.ar\/2021\/#\/schema\/person\/ad82545263dcc5ec0996818884fd5fb1\"},\"breadcrumb\":{\"@id\":\"https:\/\/www.noticiasradioreflejos.com.ar\/2021\/las-reservas-hoteleras-auguran-un-fin-de-semana-exitoso-en-los-destinos-turisticos\/#breadcrumb\"},\"inLanguage\":\"es\",\"potentialAction\":[{\"@type\":\"ReadAction\",\"target\":[\"https:\/\/www.noticiasradioreflejos.com.ar\/2021\/las-reservas-hoteleras-auguran-un-fin-de-semana-exitoso-en-los-destinos-turisticos\/\"]}]},{\"@type\":\"ImageObject\",\"inLanguage\":\"es\",\"@id\":\"https:\/\/www.noticiasradioreflejos.com.ar\/2021\/las-reservas-hoteleras-auguran-un-fin-de-semana-exitoso-en-los-destinos-turisticos\/#primaryimage\",\"url\":\"https:\/\/www.noticiasradioreflejos.com.ar\/2021\/wp-content\/uploads\/2022\/08\/Cerro-Ventana.jpg\",\"contentUrl\":\"https:\/\/www.noticiasradioreflejos.com.ar\/2021\/wp-content\/uploads\/2022\/08\/Cerro-Ventana.jpg\",\"width\":1911,\"height\":930},{\"@type\":\"BreadcrumbList\",\"@id\":\"https:\/\/www.noticiasradioreflejos.com.ar\/2021\/las-reservas-hoteleras-auguran-un-fin-de-semana-exitoso-en-los-destinos-turisticos\/#breadcrumb\",\"itemListElement\":[{\"@type\":\"ListItem\",\"position\":1,\"name\":\"Portada\",\"item\":\"https:\/\/www.noticiasradioreflejos.com.ar\/2021\/\"},{\"@type\":\"ListItem\",\"position\":2,\"name\":\"Las reservas hoteleras auguran un fin de semana exitoso en los destinos tur\u00edsticos\"}]},{\"@type\":\"WebSite\",\"@id\":\"https:\/\/www.noticiasradioreflejos.com.ar\/2021\/#website\",\"url\":\"https:\/\/www.noticiasradioreflejos.com.ar\/2021\/\",\"name\":\"Noticias Radio Reflejos\",\"description\":\"Las noticias de mi comarca\",\"potentialAction\":[{\"@type\":\"SearchAction\",\"target\":{\"@type\":\"EntryPoint\",\"urlTemplate\":\"https:\/\/www.noticiasradioreflejos.com.ar\/2021\/?s={search_term_string}\"},\"query-input\":{\"@type\":\"PropertyValueSpecification\",\"valueRequired\":true,\"valueName\":\"search_term_string\"}}],\"inLanguage\":\"es\"},{\"@type\":\"Person\",\"@id\":\"https:\/\/www.noticiasradioreflejos.com.ar\/2021\/#\/schema\/person\/ad82545263dcc5ec0996818884fd5fb1\",\"name\":\"Arnaldo Botto\",\"image\":{\"@type\":\"ImageObject\",\"inLanguage\":\"es\",\"@id\":\"https:\/\/www.noticiasradioreflejos.com.ar\/2021\/#\/schema\/person\/image\/\",\"url\":\"https:\/\/secure.gravatar.com\/avatar\/55cb5e37c1efa326397366e6974cb338056df65cb50e7d64d1cf314e87504837?s=96&d=mm&r=g\",\"contentUrl\":\"https:\/\/secure.gravatar.com\/avatar\/55cb5e37c1efa326397366e6974cb338056df65cb50e7d64d1cf314e87504837?s=96&d=mm&r=g\",\"caption\":\"Arnaldo Botto\"},\"url\":\"https:\/\/www.noticiasradioreflejos.com.ar\/2021\/author\/arnaldo\/\"}]}<\/script>\n<!-- \/ Yoast SEO plugin. -->","yoast_head_json":{"title":"Las reservas hoteleras auguran un fin de semana exitoso en los destinos tur\u00edsticos - Noticias Radio Reflejos","robots":{"index":"index","follow":"follow","max-snippet":"max-snippet:-1","max-image-preview":"max-image-preview:large","max-video-preview":"max-video-preview:-1"},"canonical":"https:\/\/www.noticiasradioreflejos.com.ar\/2021\/las-reservas-hoteleras-auguran-un-fin-de-semana-exitoso-en-los-destinos-turisticos\/","og_locale":"es_ES","og_type":"article","og_title":"Las reservas hoteleras auguran un fin de semana exitoso en los destinos tur\u00edsticos - Noticias Radio Reflejos","og_description":"Se avecina un gran fin de semana para el sector. Los destinos emergentes se perfilan como los m\u00e1s exitosos. El ministro de Turismo y Deportes, Mat\u00edas Lammens, dijo que se trata de \u00abuna temporada de invierno con n\u00fameros r\u00e9cord\u00bb.","og_url":"https:\/\/www.noticiasradioreflejos.com.ar\/2021\/las-reservas-hoteleras-auguran-un-fin-de-semana-exitoso-en-los-destinos-turisticos\/","og_site_name":"Noticias Radio Reflejos","article_published_time":"2022-08-13T11:38:12+00:00","article_modified_time":"2022-08-17T11:12:42+00:00","og_image":[{"width":1911,"height":930,"url":"https:\/\/www.noticiasradioreflejos.com.ar\/2021\/wp-content\/uploads\/2022\/08\/Cerro-Ventana.jpg","type":"image\/jpeg"}],"author":"Arnaldo Botto","twitter_card":"summary_large_image","schema":{"@context":"https:\/\/schema.org","@graph":[{"@type":"WebPage","@id":"https:\/\/www.noticiasradioreflejos.com.ar\/2021\/las-reservas-hoteleras-auguran-un-fin-de-semana-exitoso-en-los-destinos-turisticos\/","url":"https:\/\/www.noticiasradioreflejos.com.ar\/2021\/las-reservas-hoteleras-auguran-un-fin-de-semana-exitoso-en-los-destinos-turisticos\/","name":"Las reservas hoteleras auguran un fin de semana exitoso en los destinos tur\u00edsticos - Noticias Radio Reflejos","isPartOf":{"@id":"https:\/\/www.noticiasradioreflejos.com.ar\/2021\/#website"},"primaryImageOfPage":{"@id":"https:\/\/www.noticiasradioreflejos.com.ar\/2021\/las-reservas-hoteleras-auguran-un-fin-de-semana-exitoso-en-los-destinos-turisticos\/#primaryimage"},"image":{"@id":"https:\/\/www.noticiasradioreflejos.com.ar\/2021\/las-reservas-hoteleras-auguran-un-fin-de-semana-exitoso-en-los-destinos-turisticos\/#primaryimage"},"thumbnailUrl":"https:\/\/www.noticiasradioreflejos.com.ar\/2021\/wp-content\/uploads\/2022\/08\/Cerro-Ventana.jpg","datePublished":"2022-08-13T11:38:12+00:00","dateModified":"2022-08-17T11:12:42+00:00","author":{"@id":"https:\/\/www.noticiasradioreflejos.com.ar\/2021\/#\/schema\/person\/ad82545263dcc5ec0996818884fd5fb1"},"breadcrumb":{"@id":"https:\/\/www.noticiasradioreflejos.com.ar\/2021\/las-reservas-hoteleras-auguran-un-fin-de-semana-exitoso-en-los-destinos-turisticos\/#breadcrumb"},"inLanguage":"es","potentialAction":[{"@type":"ReadAction","target":["https:\/\/www.noticiasradioreflejos.com.ar\/2021\/las-reservas-hoteleras-auguran-un-fin-de-semana-exitoso-en-los-destinos-turisticos\/"]}]},{"@type":"ImageObject","inLanguage":"es","@id":"https:\/\/www.noticiasradioreflejos.com.ar\/2021\/las-reservas-hoteleras-auguran-un-fin-de-semana-exitoso-en-los-destinos-turisticos\/#primaryimage","url":"https:\/\/www.noticiasradioreflejos.com.ar\/2021\/wp-content\/uploads\/2022\/08\/Cerro-Ventana.jpg","contentUrl":"https:\/\/www.noticiasradioreflejos.com.ar\/2021\/wp-content\/uploads\/2022\/08\/Cerro-Ventana.jpg","width":1911,"height":930},{"@type":"BreadcrumbList","@id":"https:\/\/www.noticiasradioreflejos.com.ar\/2021\/las-reservas-hoteleras-auguran-un-fin-de-semana-exitoso-en-los-destinos-turisticos\/#breadcrumb","itemListElement":[{"@type":"ListItem","position":1,"name":"Portada","item":"https:\/\/www.noticiasradioreflejos.com.ar\/2021\/"},{"@type":"ListItem","position":2,"name":"Las reservas hoteleras auguran un fin de semana exitoso en los destinos tur\u00edsticos"}]},{"@type":"WebSite","@id":"https:\/\/www.noticiasradioreflejos.com.ar\/2021\/#website","url":"https:\/\/www.noticiasradioreflejos.com.ar\/2021\/","name":"Noticias Radio Reflejos","description":"Las noticias de mi comarca","potentialAction":[{"@type":"SearchAction","target":{"@type":"EntryPoint","urlTemplate":"https:\/\/www.noticiasradioreflejos.com.ar\/2021\/?s={search_term_string}"},"query-input":{"@type":"PropertyValueSpecification","valueRequired":true,"valueName":"search_term_string"}}],"inLanguage":"es"},{"@type":"Person","@id":"https:\/\/www.noticiasradioreflejos.com.ar\/2021\/#\/schema\/person\/ad82545263dcc5ec0996818884fd5fb1","name":"Arnaldo Botto","image":{"@type":"ImageObject","inLanguage":"es","@id":"https:\/\/www.noticiasradioreflejos.com.ar\/2021\/#\/schema\/person\/image\/","url":"https:\/\/secure.gravatar.com\/avatar\/55cb5e37c1efa326397366e6974cb338056df65cb50e7d64d1cf314e87504837?s=96&d=mm&r=g","contentUrl":"https:\/\/secure.gravatar.com\/avatar\/55cb5e37c1efa326397366e6974cb338056df65cb50e7d64d1cf314e87504837?s=96&d=mm&r=g","caption":"Arnaldo Botto"},"url":"https:\/\/www.noticiasradioreflejos.com.ar\/2021\/author\/arnaldo\/"}]}},"_links":{"self":[{"href":"https:\/\/www.noticiasradioreflejos.com.ar\/2021\/wp-json\/wp\/v2\/posts\/76253","targetHints":{"allow":["GET"]}}],"collection":[{"href":"https:\/\/www.noticiasradioreflejos.com.ar\/2021\/wp-json\/wp\/v2\/posts"}],"about":[{"href":"https:\/\/www.noticiasradioreflejos.com.ar\/2021\/wp-json\/wp\/v2\/types\/post"}],"author":[{"embeddable":true,"href":"https:\/\/www.noticiasradioreflejos.com.ar\/2021\/wp-json\/wp\/v2\/users\/3"}],"replies":[{"embeddable":true,"href":"https:\/\/www.noticiasradioreflejos.com.ar\/2021\/wp-json\/wp\/v2\/comments?post=76253"}],"version-history":[{"count":2,"href":"https:\/\/www.noticiasradioreflejos.com.ar\/2021\/wp-json\/wp\/v2\/posts\/76253\/revisions"}],"predecessor-version":[{"id":76263,"href":"https:\/\/www.noticiasradioreflejos.com.ar\/2021\/wp-json\/wp\/v2\/posts\/76253\/revisions\/76263"}],"wp:featuredmedia":[{"embeddable":true,"href":"https:\/\/www.noticiasradioreflejos.com.ar\/2021\/wp-json\/wp\/v2\/media\/76254"}],"wp:attachment":[{"href":"https:\/\/www.noticiasradioreflejos.com.ar\/2021\/wp-json\/wp\/v2\/media?parent=76253"}],"wp:term":[{"taxonomy":"category","embeddable":true,"href":"https:\/\/www.noticiasradioreflejos.com.ar\/2021\/wp-json\/wp\/v2\/categories?post=76253"},{"taxonomy":"post_tag","embeddable":true,"href":"https:\/\/www.noticiasradioreflejos.com.ar\/2021\/wp-json\/wp\/v2\/tags?post=76253"}],"curies":[{"name":"wp","href":"https:\/\/api.w.org\/{rel}","templated":true}]}}