{"id":76229,"date":"2022-08-12T17:39:49","date_gmt":"2022-08-12T17:39:49","guid":{"rendered":"http:\/\/www.noticiasradioreflejos.com.ar\/2021\/?p=76229"},"modified":"2022-08-12T17:42:47","modified_gmt":"2022-08-12T17:42:47","slug":"la-mega-obra-de-piscicultura-solo-necesita-el-aval-de-provincia","status":"publish","type":"post","link":"https:\/\/www.noticiasradioreflejos.com.ar\/2021\/la-mega-obra-de-piscicultura-solo-necesita-el-aval-de-provincia\/","title":{"rendered":"\u201cLa mega obra de piscicultura solo necesita el aval de Provincia\u201d"},"content":{"rendered":"<p>Jos\u00e9 Alberto \u201cBeto\u201d Auzmendi, docente y ex Director de Mesa de Entradas del Senado, aclar\u00f3 la situaci\u00f3n legal en torno a esta gran chance empresarial que tendr\u00eda la comarca.<!--more--><\/p>\n<p><a title=\"chacabuco-consejo-del-salmon-1536x810\" href=\"https:\/\/www.flickr.com\/photos\/182279889@N02\/52280171157\/in\/dateposted-public\/\" data-flickr-embed=\"true\"><img loading=\"lazy\" decoding=\"async\" class=\"aligncenter\" src=\"https:\/\/live.staticflickr.com\/65535\/52280171157_88be24ab62_z.jpg\" alt=\"chacabuco-consejo-del-salmon-1536x810\" width=\"720\" height=\"380\" \/><\/a><script async src=\"\/\/embedr.flickr.com\/assets\/client-code.js\" charset=\"utf-8\"><\/script><\/p>\n<p>Tras reflotarse la idea de una mega obra de piscicultura en la comarca, la cual dar\u00eda trabajo a unas 300 personas, el Dr. Jos\u00e9 Alberto \u201cBeto\u201d Auzmendi, ex Director de Mesa de Entradas del Senado, trajo luz sobre la instancia legal.<\/p>\n<p>Al respecto, el abogado asegur\u00f3 que no depende de Naci\u00f3n poder firmar un convenio con los Emiratos \u00c1rabes, sino que directamente eso debe realizarlo el gobierno provincial.<\/p>\n<p>Para llegar a esa conclusi\u00f3n, Auzmendi hizo un recorrido constitucional. A tales fines, comenz\u00f3 diciendo que \u201cen lo que es la \u00faltima parte de la Constituci\u00f3n, cuando habla de gobiernos de provincia, en funci\u00f3n de profundizar los temas del federalismo, se le dio a trav\u00e9s del art\u00edculo 124 a las provincias el dominio originario de los recursos naturales o existentes\u201d.<\/p>\n<p>Y de la mano con esto, confirm\u00f3 que \u201cen el art\u00edculo 125 habla de que las provincias puedan celebrar acuerdos parciales para distintos fines, entre los que est\u00e1n los de intereses econ\u00f3micos, siempre con conocimiento del congreso. En la experiencia que yo tuve en el Congreso esto se ha dado\u201d.<\/p>\n<p>Apuntalando estas aseveraciones, tambi\u00e9n remarc\u00f3 que \u201cla reforma de la constituci\u00f3n de la provincia de Buenos Aires fue anterior a la Nacional. Varios de sus principios quedan reflejados en la modificaci\u00f3n del 94\u201d.<\/p>\n<p><iframe loading=\"lazy\" width=\"100%\" height=\"166\" scrolling=\"no\" frameborder=\"no\" allow=\"autoplay\" src=\"https:\/\/w.soundcloud.com\/player\/?url=https%3A\/\/api.soundcloud.com\/tracks\/1322924602&#038;color=%23ff5500&#038;auto_play=false&#038;hide_related=false&#038;show_comments=true&#038;show_user=true&#038;show_reposts=false&#038;show_teaser=true\"><\/iframe><\/p>\n<div style=\"font-size: 10px; color: #cccccc;line-break: anywhere;word-break: normal;overflow: hidden;white-space: nowrap;text-overflow: ellipsis; font-family: Interstate,Lucida Grande,Lucida Sans Unicode,Lucida Sans,Garuda,Verdana,Tahoma,sans-serif;font-weight: 100;\"><a href=\"https:\/\/soundcloud.com\/fmreflejos-103-7\" title=\"fmreflejos 103.7\" target=\"_blank\" style=\"color: #cccccc; text-decoration: none;\" rel=\"noopener\">fmreflejos 103.7<\/a> \u00b7 <a href=\"https:\/\/soundcloud.com\/fmreflejos-103-7\/beto-ausmendi-2\" title=\"Jos\u00e9 Alberto Beto Auzmendi\" target=\"_blank\" style=\"color: #cccccc; text-decoration: none;\" rel=\"noopener\">Jos\u00e9 Alberto Beto Auzmendi<\/a><\/div>\n","protected":false},"excerpt":{"rendered":"<p>Jos\u00e9 Alberto \u201cBeto\u201d Auzmendi, docente y ex Director de Mesa de Entradas del Senado, aclar\u00f3 la situaci\u00f3n legal en torno a esta gran chance empresarial que tendr\u00eda la comarca.<\/p>\n","protected":false},"author":3,"featured_media":0,"comment_status":"closed","ping_status":"closed","sticky":false,"template":"","format":"standard","meta":{"footnotes":""},"categories":[46,36,58],"tags":[48],"class_list":["post-76229","post","type-post","status-publish","format-standard","hentry","category-ciencia-y-tecnologia","category-economia","category-gobierno","tag-destacada"],"yoast_head":"<!-- This site is optimized with the Yoast SEO plugin v25.9 - https:\/\/yoast.com\/wordpress\/plugins\/seo\/ -->\n<title>\u201cLa mega obra de piscicultura solo necesita el aval de Provincia\u201d - Noticias Radio Reflejos<\/title>\n<meta name=\"robots\" content=\"index, follow, max-snippet:-1, max-image-preview:large, max-video-preview:-1\" \/>\n<link rel=\"canonical\" href=\"https:\/\/www.noticiasradioreflejos.com.ar\/2021\/la-mega-obra-de-piscicultura-solo-necesita-el-aval-de-provincia\/\" \/>\n<meta property=\"og:locale\" content=\"es_ES\" \/>\n<meta property=\"og:type\" content=\"article\" \/>\n<meta property=\"og:title\" content=\"\u201cLa mega obra de piscicultura solo necesita el aval de Provincia\u201d - Noticias Radio Reflejos\" \/>\n<meta property=\"og:description\" content=\"Jos\u00e9 Alberto \u201cBeto\u201d Auzmendi, docente y ex Director de Mesa de Entradas del Senado, aclar\u00f3 la situaci\u00f3n legal en torno a esta gran chance empresarial que tendr\u00eda la comarca.\" \/>\n<meta property=\"og:url\" content=\"https:\/\/www.noticiasradioreflejos.com.ar\/2021\/la-mega-obra-de-piscicultura-solo-necesita-el-aval-de-provincia\/\" \/>\n<meta property=\"og:site_name\" content=\"Noticias Radio Reflejos\" \/>\n<meta property=\"article:published_time\" content=\"2022-08-12T17:39:49+00:00\" \/>\n<meta property=\"article:modified_time\" content=\"2022-08-12T17:42:47+00:00\" \/>\n<meta property=\"og:image\" content=\"https:\/\/live.staticflickr.com\/65535\/52280171157_88be24ab62_z.jpg\" \/>\n<meta name=\"author\" content=\"Arnaldo Botto\" \/>\n<meta name=\"twitter:card\" content=\"summary_large_image\" \/>\n<script type=\"application\/ld+json\" class=\"yoast-schema-graph\">{\"@context\":\"https:\/\/schema.org\",\"@graph\":[{\"@type\":\"WebPage\",\"@id\":\"https:\/\/www.noticiasradioreflejos.com.ar\/2021\/la-mega-obra-de-piscicultura-solo-necesita-el-aval-de-provincia\/\",\"url\":\"https:\/\/www.noticiasradioreflejos.com.ar\/2021\/la-mega-obra-de-piscicultura-solo-necesita-el-aval-de-provincia\/\",\"name\":\"\u201cLa mega obra de piscicultura solo necesita el aval de Provincia\u201d - Noticias Radio Reflejos\",\"isPartOf\":{\"@id\":\"https:\/\/www.noticiasradioreflejos.com.ar\/2021\/#website\"},\"primaryImageOfPage\":{\"@id\":\"https:\/\/www.noticiasradioreflejos.com.ar\/2021\/la-mega-obra-de-piscicultura-solo-necesita-el-aval-de-provincia\/#primaryimage\"},\"image\":{\"@id\":\"https:\/\/www.noticiasradioreflejos.com.ar\/2021\/la-mega-obra-de-piscicultura-solo-necesita-el-aval-de-provincia\/#primaryimage\"},\"thumbnailUrl\":\"https:\/\/live.staticflickr.com\/65535\/52280171157_88be24ab62_z.jpg\",\"datePublished\":\"2022-08-12T17:39:49+00:00\",\"dateModified\":\"2022-08-12T17:42:47+00:00\",\"author\":{\"@id\":\"https:\/\/www.noticiasradioreflejos.com.ar\/2021\/#\/schema\/person\/ad82545263dcc5ec0996818884fd5fb1\"},\"breadcrumb\":{\"@id\":\"https:\/\/www.noticiasradioreflejos.com.ar\/2021\/la-mega-obra-de-piscicultura-solo-necesita-el-aval-de-provincia\/#breadcrumb\"},\"inLanguage\":\"es\",\"potentialAction\":[{\"@type\":\"ReadAction\",\"target\":[\"https:\/\/www.noticiasradioreflejos.com.ar\/2021\/la-mega-obra-de-piscicultura-solo-necesita-el-aval-de-provincia\/\"]}]},{\"@type\":\"ImageObject\",\"inLanguage\":\"es\",\"@id\":\"https:\/\/www.noticiasradioreflejos.com.ar\/2021\/la-mega-obra-de-piscicultura-solo-necesita-el-aval-de-provincia\/#primaryimage\",\"url\":\"https:\/\/live.staticflickr.com\/65535\/52280171157_88be24ab62_z.jpg\",\"contentUrl\":\"https:\/\/live.staticflickr.com\/65535\/52280171157_88be24ab62_z.jpg\"},{\"@type\":\"BreadcrumbList\",\"@id\":\"https:\/\/www.noticiasradioreflejos.com.ar\/2021\/la-mega-obra-de-piscicultura-solo-necesita-el-aval-de-provincia\/#breadcrumb\",\"itemListElement\":[{\"@type\":\"ListItem\",\"position\":1,\"name\":\"Portada\",\"item\":\"https:\/\/www.noticiasradioreflejos.com.ar\/2021\/\"},{\"@type\":\"ListItem\",\"position\":2,\"name\":\"\u201cLa mega obra de piscicultura solo necesita el aval de Provincia\u201d\"}]},{\"@type\":\"WebSite\",\"@id\":\"https:\/\/www.noticiasradioreflejos.com.ar\/2021\/#website\",\"url\":\"https:\/\/www.noticiasradioreflejos.com.ar\/2021\/\",\"name\":\"Noticias Radio Reflejos\",\"description\":\"Las noticias de mi comarca\",\"potentialAction\":[{\"@type\":\"SearchAction\",\"target\":{\"@type\":\"EntryPoint\",\"urlTemplate\":\"https:\/\/www.noticiasradioreflejos.com.ar\/2021\/?s={search_term_string}\"},\"query-input\":{\"@type\":\"PropertyValueSpecification\",\"valueRequired\":true,\"valueName\":\"search_term_string\"}}],\"inLanguage\":\"es\"},{\"@type\":\"Person\",\"@id\":\"https:\/\/www.noticiasradioreflejos.com.ar\/2021\/#\/schema\/person\/ad82545263dcc5ec0996818884fd5fb1\",\"name\":\"Arnaldo Botto\",\"image\":{\"@type\":\"ImageObject\",\"inLanguage\":\"es\",\"@id\":\"https:\/\/www.noticiasradioreflejos.com.ar\/2021\/#\/schema\/person\/image\/\",\"url\":\"https:\/\/secure.gravatar.com\/avatar\/55cb5e37c1efa326397366e6974cb338056df65cb50e7d64d1cf314e87504837?s=96&d=mm&r=g\",\"contentUrl\":\"https:\/\/secure.gravatar.com\/avatar\/55cb5e37c1efa326397366e6974cb338056df65cb50e7d64d1cf314e87504837?s=96&d=mm&r=g\",\"caption\":\"Arnaldo Botto\"},\"url\":\"https:\/\/www.noticiasradioreflejos.com.ar\/2021\/author\/arnaldo\/\"}]}<\/script>\n<!-- \/ Yoast SEO plugin. -->","yoast_head_json":{"title":"\u201cLa mega obra de piscicultura solo necesita el aval de Provincia\u201d - Noticias Radio Reflejos","robots":{"index":"index","follow":"follow","max-snippet":"max-snippet:-1","max-image-preview":"max-image-preview:large","max-video-preview":"max-video-preview:-1"},"canonical":"https:\/\/www.noticiasradioreflejos.com.ar\/2021\/la-mega-obra-de-piscicultura-solo-necesita-el-aval-de-provincia\/","og_locale":"es_ES","og_type":"article","og_title":"\u201cLa mega obra de piscicultura solo necesita el aval de Provincia\u201d - Noticias Radio Reflejos","og_description":"Jos\u00e9 Alberto \u201cBeto\u201d Auzmendi, docente y ex Director de Mesa de Entradas del Senado, aclar\u00f3 la situaci\u00f3n legal en torno a esta gran chance empresarial que tendr\u00eda la comarca.","og_url":"https:\/\/www.noticiasradioreflejos.com.ar\/2021\/la-mega-obra-de-piscicultura-solo-necesita-el-aval-de-provincia\/","og_site_name":"Noticias Radio Reflejos","article_published_time":"2022-08-12T17:39:49+00:00","article_modified_time":"2022-08-12T17:42:47+00:00","og_image":[{"url":"https:\/\/live.staticflickr.com\/65535\/52280171157_88be24ab62_z.jpg","type":"","width":"","height":""}],"author":"Arnaldo Botto","twitter_card":"summary_large_image","schema":{"@context":"https:\/\/schema.org","@graph":[{"@type":"WebPage","@id":"https:\/\/www.noticiasradioreflejos.com.ar\/2021\/la-mega-obra-de-piscicultura-solo-necesita-el-aval-de-provincia\/","url":"https:\/\/www.noticiasradioreflejos.com.ar\/2021\/la-mega-obra-de-piscicultura-solo-necesita-el-aval-de-provincia\/","name":"\u201cLa mega obra de piscicultura solo necesita el aval de Provincia\u201d - Noticias Radio Reflejos","isPartOf":{"@id":"https:\/\/www.noticiasradioreflejos.com.ar\/2021\/#website"},"primaryImageOfPage":{"@id":"https:\/\/www.noticiasradioreflejos.com.ar\/2021\/la-mega-obra-de-piscicultura-solo-necesita-el-aval-de-provincia\/#primaryimage"},"image":{"@id":"https:\/\/www.noticiasradioreflejos.com.ar\/2021\/la-mega-obra-de-piscicultura-solo-necesita-el-aval-de-provincia\/#primaryimage"},"thumbnailUrl":"https:\/\/live.staticflickr.com\/65535\/52280171157_88be24ab62_z.jpg","datePublished":"2022-08-12T17:39:49+00:00","dateModified":"2022-08-12T17:42:47+00:00","author":{"@id":"https:\/\/www.noticiasradioreflejos.com.ar\/2021\/#\/schema\/person\/ad82545263dcc5ec0996818884fd5fb1"},"breadcrumb":{"@id":"https:\/\/www.noticiasradioreflejos.com.ar\/2021\/la-mega-obra-de-piscicultura-solo-necesita-el-aval-de-provincia\/#breadcrumb"},"inLanguage":"es","potentialAction":[{"@type":"ReadAction","target":["https:\/\/www.noticiasradioreflejos.com.ar\/2021\/la-mega-obra-de-piscicultura-solo-necesita-el-aval-de-provincia\/"]}]},{"@type":"ImageObject","inLanguage":"es","@id":"https:\/\/www.noticiasradioreflejos.com.ar\/2021\/la-mega-obra-de-piscicultura-solo-necesita-el-aval-de-provincia\/#primaryimage","url":"https:\/\/live.staticflickr.com\/65535\/52280171157_88be24ab62_z.jpg","contentUrl":"https:\/\/live.staticflickr.com\/65535\/52280171157_88be24ab62_z.jpg"},{"@type":"BreadcrumbList","@id":"https:\/\/www.noticiasradioreflejos.com.ar\/2021\/la-mega-obra-de-piscicultura-solo-necesita-el-aval-de-provincia\/#breadcrumb","itemListElement":[{"@type":"ListItem","position":1,"name":"Portada","item":"https:\/\/www.noticiasradioreflejos.com.ar\/2021\/"},{"@type":"ListItem","position":2,"name":"\u201cLa mega obra de piscicultura solo necesita el aval de Provincia\u201d"}]},{"@type":"WebSite","@id":"https:\/\/www.noticiasradioreflejos.com.ar\/2021\/#website","url":"https:\/\/www.noticiasradioreflejos.com.ar\/2021\/","name":"Noticias Radio Reflejos","description":"Las noticias de mi comarca","potentialAction":[{"@type":"SearchAction","target":{"@type":"EntryPoint","urlTemplate":"https:\/\/www.noticiasradioreflejos.com.ar\/2021\/?s={search_term_string}"},"query-input":{"@type":"PropertyValueSpecification","valueRequired":true,"valueName":"search_term_string"}}],"inLanguage":"es"},{"@type":"Person","@id":"https:\/\/www.noticiasradioreflejos.com.ar\/2021\/#\/schema\/person\/ad82545263dcc5ec0996818884fd5fb1","name":"Arnaldo Botto","image":{"@type":"ImageObject","inLanguage":"es","@id":"https:\/\/www.noticiasradioreflejos.com.ar\/2021\/#\/schema\/person\/image\/","url":"https:\/\/secure.gravatar.com\/avatar\/55cb5e37c1efa326397366e6974cb338056df65cb50e7d64d1cf314e87504837?s=96&d=mm&r=g","contentUrl":"https:\/\/secure.gravatar.com\/avatar\/55cb5e37c1efa326397366e6974cb338056df65cb50e7d64d1cf314e87504837?s=96&d=mm&r=g","caption":"Arnaldo Botto"},"url":"https:\/\/www.noticiasradioreflejos.com.ar\/2021\/author\/arnaldo\/"}]}},"_links":{"self":[{"href":"https:\/\/www.noticiasradioreflejos.com.ar\/2021\/wp-json\/wp\/v2\/posts\/76229","targetHints":{"allow":["GET"]}}],"collection":[{"href":"https:\/\/www.noticiasradioreflejos.com.ar\/2021\/wp-json\/wp\/v2\/posts"}],"about":[{"href":"https:\/\/www.noticiasradioreflejos.com.ar\/2021\/wp-json\/wp\/v2\/types\/post"}],"author":[{"embeddable":true,"href":"https:\/\/www.noticiasradioreflejos.com.ar\/2021\/wp-json\/wp\/v2\/users\/3"}],"replies":[{"embeddable":true,"href":"https:\/\/www.noticiasradioreflejos.com.ar\/2021\/wp-json\/wp\/v2\/comments?post=76229"}],"version-history":[{"count":2,"href":"https:\/\/www.noticiasradioreflejos.com.ar\/2021\/wp-json\/wp\/v2\/posts\/76229\/revisions"}],"predecessor-version":[{"id":76237,"href":"https:\/\/www.noticiasradioreflejos.com.ar\/2021\/wp-json\/wp\/v2\/posts\/76229\/revisions\/76237"}],"wp:attachment":[{"href":"https:\/\/www.noticiasradioreflejos.com.ar\/2021\/wp-json\/wp\/v2\/media?parent=76229"}],"wp:term":[{"taxonomy":"category","embeddable":true,"href":"https:\/\/www.noticiasradioreflejos.com.ar\/2021\/wp-json\/wp\/v2\/categories?post=76229"},{"taxonomy":"post_tag","embeddable":true,"href":"https:\/\/www.noticiasradioreflejos.com.ar\/2021\/wp-json\/wp\/v2\/tags?post=76229"}],"curies":[{"name":"wp","href":"https:\/\/api.w.org\/{rel}","templated":true}]}}