{"id":76043,"date":"2022-08-07T12:32:23","date_gmt":"2022-08-07T12:32:23","guid":{"rendered":"http:\/\/www.noticiasradioreflejos.com.ar\/2021\/?p=76043"},"modified":"2022-08-07T12:32:23","modified_gmt":"2022-08-07T12:32:23","slug":"tras-el-fuego-devastador-los-esteros-del-ibera-vuelven-a-exhibir-su-gran-poder-de-resiliencia","status":"publish","type":"post","link":"https:\/\/www.noticiasradioreflejos.com.ar\/2021\/tras-el-fuego-devastador-los-esteros-del-ibera-vuelven-a-exhibir-su-gran-poder-de-resiliencia\/","title":{"rendered":"Tras el fuego devastador, los Esteros del Iber\u00e1 vuelven a exhibir su \u00abgran poder de resiliencia\u00bb"},"content":{"rendered":"<p>Entre diciembre de 2021 y marzo de este a\u00f1o, los incendios cubrieron m\u00e1s de un mill\u00f3n de hect\u00e1reas correntinas. Al menos 840.000 estaban dentro del ecosistema Iber\u00e1. Ahora, la reserva natural se est\u00e1 recuperando.<!--more--><\/p>\n<div class=\"name\">POR JUAN MANUEL LAPROVITTA<\/div>\n<div>\n<div class=\"wrapper-editable-content\">\n<div class=\"container-md\">\n<div class=\"row\">\n<div class=\"col-md-12 speak\">\n<div class=\"paragraph\">\n<figure class=\"mb-3\"><img decoding=\"async\" src=\"https:\/\/www.telam.com.ar\/thumbs\/bluesteel\/advf\/imagenes\/editadas\/62ee83294ff14_900.jpg\" alt=\"Fotos Germn Pomar\" width=\"100%\" height=\"100%\" \/><\/p>\n<div class=\"media-icons\"><\/div><figcaption>Fotos: Germ\u00e1n Pomar<\/figcaption><\/figure>\n<p>A cinco meses de los incendios que cubrieron m\u00e1s de la mitad de su superficie, los\u00a0<strong>Esteros del Iber\u00e1<\/strong>\u00a0evidencian una recuperaci\u00f3n basada, seg\u00fan los especialistas, en su propia\u00a0<strong>resiliencia<\/strong>, un t\u00e9rmino que encierra miles de a\u00f1os y adaptaci\u00f3n a crisis que se pueden repetir, explican.<\/p>\n<p>Entre diciembre de 2021 y marzo de este a\u00f1o, los focos de<strong>\u00a0incendios rurales<\/strong>\u00a0cubrieron m\u00e1s de un mill\u00f3n de hect\u00e1reas de la provincia de Corrientes y<strong>\u00a0al menos 840.000 estaban dentro del ecosistema Iber\u00e1<\/strong>.<\/p>\n<figure class=\"mb-3\"><img decoding=\"async\" src=\"https:\/\/www.telam.com.ar\/thumbs\/bluesteel\/advf\/imagenes\/editadas\/62ee82e147ede_900.jpg\" alt=\"Fotos Germn Pomar\" width=\"100%\" height=\"100%\" \/><\/p>\n<div class=\"media-icons\"><\/div><figcaption>Fotos: Germ\u00e1n Pomar<\/figcaption><\/figure>\n<p>La reserva natural, un\u00a0<strong>destino tur\u00edstico en auge\u00a0<\/strong>pero sobre todo un santuario de humedales que es h\u00e1bitat para especies vegetales y animales en recuperaci\u00f3n tras la extinci\u00f3n, adquiri\u00f3 una fisonom\u00eda extra\u00f1a, ruinosa y especialmente, disparadora de inquietudes profundas sobre su retorno a la normalidad.<\/p>\n<blockquote class=\"instagram-media\" style=\"background: #FFF; border: 0; border-radius: 3px; box-shadow: 0 0 1px 0 rgba(0,0,0,0.5),0 1px 10px 0 rgba(0,0,0,0.15); margin: 1px; max-width: 540px; min-width: 326px; padding: 0; width: calc(100% - 2px);\" data-instgrm-captioned=\"\" data-instgrm-permalink=\"https:\/\/www.instagram.com\/p\/Cg7FXc6s1vg\/?utm_source=ig_embed&amp;utm_campaign=loading\" data-instgrm-version=\"14\">\n<div style=\"padding: 16px;\">\n<p>&nbsp;<\/p>\n<div style=\"display: flex; flex-direction: row; align-items: center;\">\n<div style=\"background-color: #f4f4f4; border-radius: 50%; flex-grow: 0; height: 40px; margin-right: 14px; width: 40px;\"><\/div>\n<div style=\"display: flex; flex-direction: column; flex-grow: 1; justify-content: center;\">\n<div style=\"background-color: #f4f4f4; border-radius: 4px; flex-grow: 0; height: 14px; margin-bottom: 6px; width: 100px;\"><\/div>\n<div style=\"background-color: #f4f4f4; border-radius: 4px; flex-grow: 0; height: 14px; width: 60px;\"><\/div>\n<\/div>\n<\/div>\n<div style=\"padding: 19% 0;\"><\/div>\n<div style=\"display: block; height: 50px; margin: 0 auto 12px; width: 50px;\"><\/div>\n<div style=\"padding-top: 8px;\">\n<div style=\"color: #3897f0; font-family: Arial,sans-serif; font-size: 14px; font-style: normal; font-weight: 550; line-height: 18px;\">Ver esta publicaci\u00f3n en Instagram<\/div>\n<\/div>\n<div style=\"padding: 12.5% 0;\"><\/div>\n<div style=\"display: flex; flex-direction: row; margin-bottom: 14px; align-items: center;\">\n<div>\n<div style=\"background-color: #f4f4f4; border-radius: 50%; height: 12.5px; width: 12.5px; transform: translateX(0px) translateY(7px);\"><\/div>\n<div style=\"background-color: #f4f4f4; height: 12.5px; transform: rotate(-45deg) translateX(3px) translateY(1px); width: 12.5px; flex-grow: 0; margin-right: 14px; margin-left: 2px;\"><\/div>\n<div style=\"background-color: #f4f4f4; border-radius: 50%; height: 12.5px; width: 12.5px; transform: translateX(9px) translateY(-18px);\"><\/div>\n<\/div>\n<div style=\"margin-left: 8px;\">\n<div style=\"background-color: #f4f4f4; border-radius: 50%; flex-grow: 0; height: 20px; width: 20px;\"><\/div>\n<div style=\"width: 0; height: 0; border-top: 2px solid transparent; border-left: 6px solid #f4f4f4; border-bottom: 2px solid transparent; transform: translateX(16px) translateY(-4px) rotate(30deg);\"><\/div>\n<\/div>\n<div style=\"margin-left: auto;\">\n<div style=\"width: 0px; border-top: 8px solid #F4F4F4; border-right: 8px solid transparent; transform: translateY(16px);\"><\/div>\n<div style=\"background-color: #f4f4f4; flex-grow: 0; height: 12px; width: 16px; transform: translateY(-4px);\"><\/div>\n<div style=\"width: 0; height: 0; border-top: 8px solid #F4F4F4; border-left: 8px solid transparent; transform: translateY(-4px) translateX(8px);\"><\/div>\n<\/div>\n<\/div>\n<div style=\"display: flex; flex-direction: column; flex-grow: 1; justify-content: center; margin-bottom: 24px;\">\n<div style=\"background-color: #f4f4f4; border-radius: 4px; flex-grow: 0; height: 14px; margin-bottom: 6px; width: 224px;\"><\/div>\n<div style=\"background-color: #f4f4f4; border-radius: 4px; flex-grow: 0; height: 14px; width: 144px;\"><\/div>\n<\/div>\n<p>&nbsp;<\/p>\n<p style=\"color: #c9c8cd; font-family: Arial,sans-serif; font-size: 14px; line-height: 17px; margin-bottom: 0; margin-top: 8px; overflow: hidden; padding: 8px 0 7px; text-align: center; text-overflow: ellipsis; white-space: nowrap;\"><a style=\"color: #c9c8cd; font-family: Arial,sans-serif; font-size: 14px; font-style: normal; font-weight: normal; line-height: 17px; text-decoration: none;\" href=\"https:\/\/www.instagram.com\/p\/Cg7FXc6s1vg\/?utm_source=ig_embed&amp;utm_campaign=loading\" target=\"_blank\" rel=\"noopener\">Una publicaci\u00f3n compartida de Agencia Te\u0301lam (@agencia_telam)<\/a><\/p>\n<\/div>\n<\/blockquote>\n<p>&nbsp;<\/p>\n<blockquote class=\"\"><p>En la actualidad\u00a0los paisajes de la reserva natural recobraron el verde caracter\u00edstico.<\/p><\/blockquote>\n<p>Sin embargo, en la actualidad\u00a0<strong>los paisajes recobraron el verde caracter\u00edstico<\/strong>\u00a0y nada hace pensar que hace solo cinco meses por esa regi\u00f3n central de la provincia el fuego la haya cubierto como una alfombra.<\/p>\n<p>\u00abEn diciembre del a\u00f1o pasado dijimos que el Iber\u00e1 se iba a recuperar en seis meses luego de las lluvias y realmente estuvimos equivocados, porque se recuperaron a los tres meses despu\u00e9s de las lluvias de febrero\u00bb, dice a T\u00e9lam el doctor en Ciencias Biol\u00f3gicas e investigador principal del Conicet\u00a0<strong>Juan Jos\u00e9 Neiff<\/strong>, especialista en el manejo de humedales.<\/p>\n<figure class=\"mb-3\"><img decoding=\"async\" src=\"https:\/\/www.telam.com.ar\/thumbs\/bluesteel\/advf\/imagenes\/editadas\/62ee82ad8ac8e_900.jpg\" alt=\"Fotos Germn Pomar\" width=\"100%\" height=\"100%\" \/><\/p>\n<div class=\"media-icons\"><\/div><figcaption>Fotos: Germ\u00e1n Pomar<\/figcaption><\/figure>\n<p>Neiff asegura que \u00ablos efectos de los incendios fueron sobrevaluados\u00bb y que hubo \u00abprofetas de cat\u00e1strofes que llegaron a decir que el Iber\u00e1 iba a desaparecer\u00bb, cuando en realidad el propio ecosistema encierra las respuestas para el renacer que sorprende fuera de los l\u00edmites de la provincia, pero que no es extra\u00f1o para la zona.<\/p>\n<p>\u00abVenimos haciendo estudios desde las \u00faltimas d\u00e9cadas del siglo pasado donde se\u00f1alamos que los ecosistemas de humedal tienen una alta resiliencia, que es la capacidad de recuperaci\u00f3n despu\u00e9s de eventos extraordinarios, sean el fuego, inundaciones o per\u00edodos de seca\u00bb, indica el cient\u00edfico.<\/p>\n<p>\u00abEsto \u2013a\u00f1ade- es as\u00ed porque la vegetaci\u00f3n de los humedales y espec\u00edficamente de los esteros del Iber\u00e1 se ha originado hace millones de a\u00f1os y esto determina que hayan ocurrido mecanismos de evoluci\u00f3n adaptativa, en los cuales fueron seleccionados aquellas plantas y animales que est\u00e1n adecuados a estas perturbaciones extremas\u00bb.<\/p>\n<figure class=\"mb-3\"><img decoding=\"async\" src=\"https:\/\/www.telam.com.ar\/thumbs\/bluesteel\/advf\/imagenes\/editadas\/62ee829d54bd3_900.jpg\" alt=\"Fotos Germn Pomar\" width=\"100%\" height=\"100%\" \/><\/p>\n<div class=\"media-icons\"><\/div><figcaption>Fotos: Germ\u00e1n Pomar<\/figcaption><\/figure>\n<p>Su an\u00e1lisis coincide con los que tambi\u00e9n aportan el director provincial de Parques y Reservas de la provincia,\u00a0<strong>Vicente Fraga<\/strong>, y el intendente del Parque Provincial Iber\u00e1,\u00a0<strong>Walter Drews<\/strong>.<\/p>\n<p>\u00abLa naturaleza tiene resiliencia, poder de recuperaci\u00f3n. Es del Iber\u00e1 es un gran poder de resiliencia ya que hoy, si mir\u00e1s, hay \u00e1reas en las que ni siquiera parece que hubo fuego o al poco tiempo, al a\u00f1o, ves que la vegetaci\u00f3n cumpli\u00f3 su ciclo porque es toda vegetaci\u00f3n anual, muere y nace en el a\u00f1o\u00bb, indica Drews.<\/p>\n<blockquote class=\"\"><p>\u00abLa naturaleza tiene resiliencia, poder de recuperaci\u00f3n\u00bb<cite class=\"author\">Walter Drews,\u00a0intendente del Parque Provincial Iber\u00e1<\/cite><\/p><\/blockquote>\n<p>Fraga ampl\u00eda: \u00abNo es extraordinario, ya que los esteros tienen recuperaci\u00f3n r\u00e1pida por su humedad y porque se trata de vegetaci\u00f3n herb\u00e1cea que se recupera r\u00e1pidamente, por lo que dentro de un tiempito estar\u00e1 todo como antes o parecido\u00bb.<\/p>\n<figure class=\"mb-3\"><img decoding=\"async\" src=\"https:\/\/www.telam.com.ar\/thumbs\/bluesteel\/advf\/imagenes\/editadas\/62ee8271a513f_900.jpg\" alt=\"Fotos Germn Pomar\" width=\"100%\" height=\"100%\" \/><\/p>\n<div class=\"media-icons\"><\/div><figcaption>Fotos: Germ\u00e1n Pomar<\/figcaption><\/figure>\n<p>\u00abEn el 2001 \u2013explica Neiff- publicamos un trabajo en el cual demostramos que el fuego en los esteros puede ser una perturbaci\u00f3n o un disturbio. Perturbaci\u00f3n es un evento de crisis que se produce normalmente y el disturbio es un evento de crisis producido por el hombre\u00bb.<\/p>\n<p>Y profundiza: \u00abPuede ser una perturbaci\u00f3n, por ejemplo, en d\u00edas de mucho calor cuando se encienden fuegos espont\u00e1neos en los esteros, en los embalsados m\u00e1s precisamente y tiene que ver con la acumulaci\u00f3n de metano que es un gas altamente combustible en los totorales, producido porque el agua de los esteros es an\u00f3xica, no tiene ox\u00edgeno, con lo cual la materia org\u00e1nica al descomponerse genera este gas y sin viento queda retenido entre el totoral, donde las llamas tambi\u00e9n pueden producirse por el efecto de un rayo de una tormenta\u00bb.<\/p>\n<p>\u00abSiendo el fuego un fen\u00f3meno natural, tanto plantas y animales alg\u00fan grado de adaptaci\u00f3n a ese fen\u00f3meno han tenido\u00bb, subraya el especialista.<\/p>\n<blockquote class=\"\"><p>\u00abSiendo el fuego un fen\u00f3meno natural, tanto plantas y animales alg\u00fan grado de adaptaci\u00f3n a ese fen\u00f3meno han tenido\u00bb<cite class=\"author\">Juan Jos\u00e9 Neiff,\u00a0doctor en Ciencias Biol\u00f3gicas e investigador principal del Conicet<\/cite><\/p><\/blockquote>\n<p>\u00abLa adaptaci\u00f3n es, en animales, poder migrar, como los que tienen gran capacidad de desplazamiento \u2013aves, mam\u00edferos- y otros, como insectos, se sumergen en charcos del estero y sobreviven, pero cuando se reponen las condiciones naturales reubican sus poblaciones o recuperan el tama\u00f1o\u00bb.<\/p>\n<figure class=\"mb-3\"><img decoding=\"async\" src=\"https:\/\/www.telam.com.ar\/thumbs\/bluesteel\/advf\/imagenes\/editadas\/62ee82646660b_900.jpg\" alt=\"Fotos Germn Pomar\" width=\"100%\" height=\"100%\" \/><\/p>\n<div class=\"media-icons\"><\/div><figcaption>Fotos: Germ\u00e1n Pomar<\/figcaption><\/figure>\n<p>Y la vegetaci\u00f3n ante estos fen\u00f3menos, \u00abdesaparece de la superficie de los esteros por un tiempo, pero cuando vienen las lluvias, a los 15 d\u00edas comienza a recuperarse a partir de rizomas (tallos sumergidos) o de semillas\u00bb, precisa.<\/p>\n<p>\u00bfEs posible ponerle un porcentaje a la recuperaci\u00f3n? Para los especialistas, no.\u00a0\u00abNo se puede dar una respuesta \u00fanica y global al fen\u00f3meno de la recuperaci\u00f3n porque hay elementos que se recuperan m\u00e1s r\u00e1pidamente que otros, como el caso de la vegetaci\u00f3n palustre, que es m\u00e1s herb\u00e1cea, y es mucho m\u00e1s r\u00e1pida que la de los bosques que se encuentran en la zonas altas, que demoran m\u00e1s, ya que una recuperaci\u00f3n total les puede llevar varios a\u00f1os\u00bb, dice Neiff.<\/p>\n<p>Y asegura que, aunque el Iber\u00e1 se est\u00e1 recuperando y lo va a hacer totalmente en alg\u00fan tiempo, no es adecuado decir que hay un porcentaje, porque cada unidad de paisaje y tipo de vegetaci\u00f3n y poblaci\u00f3n de fauna seguramente habr\u00e1 que estudiar espec\u00edficamente para conocer una respuesta.<\/p>\n<figure class=\"mb-3\"><img decoding=\"async\" src=\"https:\/\/www.telam.com.ar\/thumbs\/bluesteel\/advf\/imagenes\/editadas\/62ee825a5d415_900.jpg\" alt=\"Fotos Germn Pomar\" width=\"100%\" height=\"100%\" \/><\/p>\n<div class=\"media-icons\"><\/div><figcaption>Fotos: Germ\u00e1n Pomar<\/figcaption><\/figure>\n<p>Asimismo, une a los entendidos en la materia la opini\u00f3n acerca de las posibilidades de que un fen\u00f3meno como el del fuego en las dimensiones vistas durante el verano pasado vuelvan a ocurrir.<\/p>\n<p>Seg\u00fan el investigador del Conicet los pastizales del Iber\u00e1 producen materia herb\u00e1cea del orden de las 15 a 20 toneladas por hect\u00e1rea al a\u00f1o, que se convierten en combustible al influjo de una sequ\u00eda como la conocida y que seg\u00fan los pron\u00f3sticos, continuar\u00e1 en esta temporada estival.<\/p>\n<p>El coordinador t\u00e9cnico de Parques y Reservas de la Provincia, Fernando Laprovitta, lo sintetiza al responder que \u00abel ambiente de pastizal, que es el que predomina en los sectores altos que son contiguos al \u00e1rea de humedal, tuvo en los \u00faltimos tiempos un cambio sustancial de los patrones de uso de suelo, en torno de la carga animal de la ganader\u00eda, que reduce sensiblemente los riesgos de incendios\u00bb.<\/p>\n<figure class=\"mb-3\"><img decoding=\"async\" src=\"https:\/\/www.telam.com.ar\/thumbs\/bluesteel\/advf\/imagenes\/editadas\/62ee824e7eee9_900.jpg\" alt=\"Fotos Germn Pomar\" width=\"100%\" height=\"100%\" \/><\/p>\n<div class=\"media-icons\"><\/div><figcaption>Fotos: Germ\u00e1n Pomar<\/figcaption><\/figure>\n<div class=\"jumbotron pt-4 mt-3\">\n<h3 class=\"module-title\">\u00abES UNA FALACIA AFIRMAR QUE LOS INCENDIOS FUERON ACRECENTADOS POR LA FORESTACI\u00d3N\u00bb<\/h3>\n<p>\u00bfLos bosques implantados de pinos tambi\u00e9n forman parte de un disturbio generado por el hombre en este ambiente? Si bien no son vegetaci\u00f3n nativa y consumen alt\u00edsimos vol\u00famenes de agua, las forestaciones no representaron un factor de mayor riesgo, sostiene el doctor en Ciencias Biol\u00f3gicas e investigador principal del Conicet\u00a0<strong>Juan Jos\u00e9 Neiff<\/strong>, especialista en el manejo de humedales.<\/p>\n<p><strong>\u00abAlgunas notas period\u00edsticas se\u00f1alaron que buena parte de los incendios fueron acrecentados por el crecimiento de las forestaciones, lo cual es una falacia total\u00bb<\/strong>, advierte Neiff.<\/p>\n<p>Una de las razones de ello -precisa- es que \u00abcuando uno revisa las cifras de la evoluci\u00f3n del fuego a trav\u00e9s de las im\u00e1genes satelitales, que realiz\u00f3 el INTA en forma peri\u00f3dica y constante, se da cuenta que en el Iber\u00e1 se quemaron 840.000 hect\u00e1reas. Y si tenemos en cuenta que el Iber\u00e1 tiene 1.300.000, m\u00e1s del 50% de la superficie se habr\u00eda quemado. En la misma \u00e9poca y por la misma fuente nos enteramos que, de las forestaciones, que ocupan 550.000 hect\u00e1reas en Corrientes, se quemaron solo 32.000 hect\u00e1reas, o sea, es menos del 5% de la superficie total\u00bb.<\/p>\n<p>\u00abNo se puede decir sin fundamento que las forestaciones son un peligro en las \u00e9pocas de incendios \u2013sostiene- porque los sistemas manejados con forestaci\u00f3n son los \u00fanicos que tienen un contexto preventivo de los incendios como ning\u00fan otro sistema manejado en Corrientes y se hace con torres de avistamiento permanente de focos \u00edgneos as\u00ed como con los consorcios de manejo de fuego con protocolos\u00bb.<\/p>\n<p>Y analiza: \u00abLa pregunta del abogado del diablo es: \u00bfPorqu\u00e9 se quemaron 840.000 hect\u00e1reas del Iber\u00e1 siendo los humedales sistemas tan valorados no solo por los correntinos, sino por la comunidad internacional, incluso como Sitios Ramsar? Quiere decir que nunca se pens\u00f3 que esto podr\u00eda ocurrir. La respuesta realmente es que\u00a0<strong>nunca se estuvo a la altura de esto; nunca se produjo una sequ\u00eda tan larga, que fue la que caus\u00f3 el escenario necesario para la cat\u00e1strofe<\/strong>. A nadie se le ocurri\u00f3\u00bb.<\/p>\n<\/div>\n<figure class=\"mb-3\"><img decoding=\"async\" src=\"https:\/\/www.telam.com.ar\/thumbs\/bluesteel\/advf\/imagenes\/editadas\/62ee824152e67_900.jpg\" alt=\"Fotos Germn Pomar\" width=\"100%\" height=\"100%\" \/><\/p>\n<div class=\"media-icons\"><\/div><figcaption>Fotos: Germ\u00e1n Pomar<\/figcaption><\/figure>\n<\/div>\n<\/div>\n<\/div>\n<\/div>\n<\/div>\n<\/div>\n","protected":false},"excerpt":{"rendered":"<p>Entre diciembre de 2021 y marzo de este a\u00f1o, los incendios cubrieron m\u00e1s de un mill\u00f3n de hect\u00e1reas correntinas. Al menos 840.000 estaban dentro del ecosistema Iber\u00e1. Ahora, la reserva natural se est\u00e1 recuperando.<\/p>\n","protected":false},"author":3,"featured_media":0,"comment_status":"closed","ping_status":"closed","sticky":false,"template":"","format":"standard","meta":{"footnotes":""},"categories":[46],"tags":[],"class_list":["post-76043","post","type-post","status-publish","format-standard","hentry","category-ciencia-y-tecnologia"],"yoast_head":"<!-- This site is optimized with the Yoast SEO plugin v25.9 - https:\/\/yoast.com\/wordpress\/plugins\/seo\/ -->\n<title>Tras el fuego devastador, los Esteros del Iber\u00e1 vuelven a exhibir su &quot;gran poder de resiliencia&quot; - Noticias Radio Reflejos<\/title>\n<meta name=\"robots\" content=\"index, follow, max-snippet:-1, max-image-preview:large, max-video-preview:-1\" \/>\n<link rel=\"canonical\" href=\"https:\/\/www.noticiasradioreflejos.com.ar\/2021\/tras-el-fuego-devastador-los-esteros-del-ibera-vuelven-a-exhibir-su-gran-poder-de-resiliencia\/\" \/>\n<meta property=\"og:locale\" content=\"es_ES\" \/>\n<meta property=\"og:type\" content=\"article\" \/>\n<meta property=\"og:title\" content=\"Tras el fuego devastador, los Esteros del Iber\u00e1 vuelven a exhibir su &quot;gran poder de resiliencia&quot; - Noticias Radio Reflejos\" \/>\n<meta property=\"og:description\" content=\"Entre diciembre de 2021 y marzo de este a\u00f1o, los incendios cubrieron m\u00e1s de un mill\u00f3n de hect\u00e1reas correntinas. Al menos 840.000 estaban dentro del ecosistema Iber\u00e1. Ahora, la reserva natural se est\u00e1 recuperando.\" \/>\n<meta property=\"og:url\" content=\"https:\/\/www.noticiasradioreflejos.com.ar\/2021\/tras-el-fuego-devastador-los-esteros-del-ibera-vuelven-a-exhibir-su-gran-poder-de-resiliencia\/\" \/>\n<meta property=\"og:site_name\" content=\"Noticias Radio Reflejos\" \/>\n<meta property=\"article:published_time\" content=\"2022-08-07T12:32:23+00:00\" \/>\n<meta property=\"og:image\" content=\"https:\/\/www.telam.com.ar\/thumbs\/bluesteel\/advf\/imagenes\/editadas\/62ee83294ff14_900.jpg\" \/>\n<meta name=\"author\" content=\"Arnaldo Botto\" \/>\n<meta name=\"twitter:card\" content=\"summary_large_image\" \/>\n<script type=\"application\/ld+json\" class=\"yoast-schema-graph\">{\"@context\":\"https:\/\/schema.org\",\"@graph\":[{\"@type\":\"WebPage\",\"@id\":\"https:\/\/www.noticiasradioreflejos.com.ar\/2021\/tras-el-fuego-devastador-los-esteros-del-ibera-vuelven-a-exhibir-su-gran-poder-de-resiliencia\/\",\"url\":\"https:\/\/www.noticiasradioreflejos.com.ar\/2021\/tras-el-fuego-devastador-los-esteros-del-ibera-vuelven-a-exhibir-su-gran-poder-de-resiliencia\/\",\"name\":\"Tras el fuego devastador, los Esteros del Iber\u00e1 vuelven a exhibir su \\\"gran poder de resiliencia\\\" - Noticias Radio Reflejos\",\"isPartOf\":{\"@id\":\"https:\/\/www.noticiasradioreflejos.com.ar\/2021\/#website\"},\"primaryImageOfPage\":{\"@id\":\"https:\/\/www.noticiasradioreflejos.com.ar\/2021\/tras-el-fuego-devastador-los-esteros-del-ibera-vuelven-a-exhibir-su-gran-poder-de-resiliencia\/#primaryimage\"},\"image\":{\"@id\":\"https:\/\/www.noticiasradioreflejos.com.ar\/2021\/tras-el-fuego-devastador-los-esteros-del-ibera-vuelven-a-exhibir-su-gran-poder-de-resiliencia\/#primaryimage\"},\"thumbnailUrl\":\"https:\/\/www.telam.com.ar\/thumbs\/bluesteel\/advf\/imagenes\/editadas\/62ee83294ff14_900.jpg\",\"datePublished\":\"2022-08-07T12:32:23+00:00\",\"author\":{\"@id\":\"https:\/\/www.noticiasradioreflejos.com.ar\/2021\/#\/schema\/person\/ad82545263dcc5ec0996818884fd5fb1\"},\"breadcrumb\":{\"@id\":\"https:\/\/www.noticiasradioreflejos.com.ar\/2021\/tras-el-fuego-devastador-los-esteros-del-ibera-vuelven-a-exhibir-su-gran-poder-de-resiliencia\/#breadcrumb\"},\"inLanguage\":\"es\",\"potentialAction\":[{\"@type\":\"ReadAction\",\"target\":[\"https:\/\/www.noticiasradioreflejos.com.ar\/2021\/tras-el-fuego-devastador-los-esteros-del-ibera-vuelven-a-exhibir-su-gran-poder-de-resiliencia\/\"]}]},{\"@type\":\"ImageObject\",\"inLanguage\":\"es\",\"@id\":\"https:\/\/www.noticiasradioreflejos.com.ar\/2021\/tras-el-fuego-devastador-los-esteros-del-ibera-vuelven-a-exhibir-su-gran-poder-de-resiliencia\/#primaryimage\",\"url\":\"https:\/\/www.telam.com.ar\/thumbs\/bluesteel\/advf\/imagenes\/editadas\/62ee83294ff14_900.jpg\",\"contentUrl\":\"https:\/\/www.telam.com.ar\/thumbs\/bluesteel\/advf\/imagenes\/editadas\/62ee83294ff14_900.jpg\"},{\"@type\":\"BreadcrumbList\",\"@id\":\"https:\/\/www.noticiasradioreflejos.com.ar\/2021\/tras-el-fuego-devastador-los-esteros-del-ibera-vuelven-a-exhibir-su-gran-poder-de-resiliencia\/#breadcrumb\",\"itemListElement\":[{\"@type\":\"ListItem\",\"position\":1,\"name\":\"Portada\",\"item\":\"https:\/\/www.noticiasradioreflejos.com.ar\/2021\/\"},{\"@type\":\"ListItem\",\"position\":2,\"name\":\"Tras el fuego devastador, los Esteros del Iber\u00e1 vuelven a exhibir su \u00abgran poder de resiliencia\u00bb\"}]},{\"@type\":\"WebSite\",\"@id\":\"https:\/\/www.noticiasradioreflejos.com.ar\/2021\/#website\",\"url\":\"https:\/\/www.noticiasradioreflejos.com.ar\/2021\/\",\"name\":\"Noticias Radio Reflejos\",\"description\":\"Las noticias de mi comarca\",\"potentialAction\":[{\"@type\":\"SearchAction\",\"target\":{\"@type\":\"EntryPoint\",\"urlTemplate\":\"https:\/\/www.noticiasradioreflejos.com.ar\/2021\/?s={search_term_string}\"},\"query-input\":{\"@type\":\"PropertyValueSpecification\",\"valueRequired\":true,\"valueName\":\"search_term_string\"}}],\"inLanguage\":\"es\"},{\"@type\":\"Person\",\"@id\":\"https:\/\/www.noticiasradioreflejos.com.ar\/2021\/#\/schema\/person\/ad82545263dcc5ec0996818884fd5fb1\",\"name\":\"Arnaldo Botto\",\"image\":{\"@type\":\"ImageObject\",\"inLanguage\":\"es\",\"@id\":\"https:\/\/www.noticiasradioreflejos.com.ar\/2021\/#\/schema\/person\/image\/\",\"url\":\"https:\/\/secure.gravatar.com\/avatar\/55cb5e37c1efa326397366e6974cb338056df65cb50e7d64d1cf314e87504837?s=96&d=mm&r=g\",\"contentUrl\":\"https:\/\/secure.gravatar.com\/avatar\/55cb5e37c1efa326397366e6974cb338056df65cb50e7d64d1cf314e87504837?s=96&d=mm&r=g\",\"caption\":\"Arnaldo Botto\"},\"url\":\"https:\/\/www.noticiasradioreflejos.com.ar\/2021\/author\/arnaldo\/\"}]}<\/script>\n<!-- \/ Yoast SEO plugin. -->","yoast_head_json":{"title":"Tras el fuego devastador, los Esteros del Iber\u00e1 vuelven a exhibir su \"gran poder de resiliencia\" - Noticias Radio Reflejos","robots":{"index":"index","follow":"follow","max-snippet":"max-snippet:-1","max-image-preview":"max-image-preview:large","max-video-preview":"max-video-preview:-1"},"canonical":"https:\/\/www.noticiasradioreflejos.com.ar\/2021\/tras-el-fuego-devastador-los-esteros-del-ibera-vuelven-a-exhibir-su-gran-poder-de-resiliencia\/","og_locale":"es_ES","og_type":"article","og_title":"Tras el fuego devastador, los Esteros del Iber\u00e1 vuelven a exhibir su \"gran poder de resiliencia\" - Noticias Radio Reflejos","og_description":"Entre diciembre de 2021 y marzo de este a\u00f1o, los incendios cubrieron m\u00e1s de un mill\u00f3n de hect\u00e1reas correntinas. Al menos 840.000 estaban dentro del ecosistema Iber\u00e1. Ahora, la reserva natural se est\u00e1 recuperando.","og_url":"https:\/\/www.noticiasradioreflejos.com.ar\/2021\/tras-el-fuego-devastador-los-esteros-del-ibera-vuelven-a-exhibir-su-gran-poder-de-resiliencia\/","og_site_name":"Noticias Radio Reflejos","article_published_time":"2022-08-07T12:32:23+00:00","og_image":[{"url":"https:\/\/www.telam.com.ar\/thumbs\/bluesteel\/advf\/imagenes\/editadas\/62ee83294ff14_900.jpg","type":"","width":"","height":""}],"author":"Arnaldo Botto","twitter_card":"summary_large_image","schema":{"@context":"https:\/\/schema.org","@graph":[{"@type":"WebPage","@id":"https:\/\/www.noticiasradioreflejos.com.ar\/2021\/tras-el-fuego-devastador-los-esteros-del-ibera-vuelven-a-exhibir-su-gran-poder-de-resiliencia\/","url":"https:\/\/www.noticiasradioreflejos.com.ar\/2021\/tras-el-fuego-devastador-los-esteros-del-ibera-vuelven-a-exhibir-su-gran-poder-de-resiliencia\/","name":"Tras el fuego devastador, los Esteros del Iber\u00e1 vuelven a exhibir su \"gran poder de resiliencia\" - Noticias Radio Reflejos","isPartOf":{"@id":"https:\/\/www.noticiasradioreflejos.com.ar\/2021\/#website"},"primaryImageOfPage":{"@id":"https:\/\/www.noticiasradioreflejos.com.ar\/2021\/tras-el-fuego-devastador-los-esteros-del-ibera-vuelven-a-exhibir-su-gran-poder-de-resiliencia\/#primaryimage"},"image":{"@id":"https:\/\/www.noticiasradioreflejos.com.ar\/2021\/tras-el-fuego-devastador-los-esteros-del-ibera-vuelven-a-exhibir-su-gran-poder-de-resiliencia\/#primaryimage"},"thumbnailUrl":"https:\/\/www.telam.com.ar\/thumbs\/bluesteel\/advf\/imagenes\/editadas\/62ee83294ff14_900.jpg","datePublished":"2022-08-07T12:32:23+00:00","author":{"@id":"https:\/\/www.noticiasradioreflejos.com.ar\/2021\/#\/schema\/person\/ad82545263dcc5ec0996818884fd5fb1"},"breadcrumb":{"@id":"https:\/\/www.noticiasradioreflejos.com.ar\/2021\/tras-el-fuego-devastador-los-esteros-del-ibera-vuelven-a-exhibir-su-gran-poder-de-resiliencia\/#breadcrumb"},"inLanguage":"es","potentialAction":[{"@type":"ReadAction","target":["https:\/\/www.noticiasradioreflejos.com.ar\/2021\/tras-el-fuego-devastador-los-esteros-del-ibera-vuelven-a-exhibir-su-gran-poder-de-resiliencia\/"]}]},{"@type":"ImageObject","inLanguage":"es","@id":"https:\/\/www.noticiasradioreflejos.com.ar\/2021\/tras-el-fuego-devastador-los-esteros-del-ibera-vuelven-a-exhibir-su-gran-poder-de-resiliencia\/#primaryimage","url":"https:\/\/www.telam.com.ar\/thumbs\/bluesteel\/advf\/imagenes\/editadas\/62ee83294ff14_900.jpg","contentUrl":"https:\/\/www.telam.com.ar\/thumbs\/bluesteel\/advf\/imagenes\/editadas\/62ee83294ff14_900.jpg"},{"@type":"BreadcrumbList","@id":"https:\/\/www.noticiasradioreflejos.com.ar\/2021\/tras-el-fuego-devastador-los-esteros-del-ibera-vuelven-a-exhibir-su-gran-poder-de-resiliencia\/#breadcrumb","itemListElement":[{"@type":"ListItem","position":1,"name":"Portada","item":"https:\/\/www.noticiasradioreflejos.com.ar\/2021\/"},{"@type":"ListItem","position":2,"name":"Tras el fuego devastador, los Esteros del Iber\u00e1 vuelven a exhibir su \u00abgran poder de resiliencia\u00bb"}]},{"@type":"WebSite","@id":"https:\/\/www.noticiasradioreflejos.com.ar\/2021\/#website","url":"https:\/\/www.noticiasradioreflejos.com.ar\/2021\/","name":"Noticias Radio Reflejos","description":"Las noticias de mi comarca","potentialAction":[{"@type":"SearchAction","target":{"@type":"EntryPoint","urlTemplate":"https:\/\/www.noticiasradioreflejos.com.ar\/2021\/?s={search_term_string}"},"query-input":{"@type":"PropertyValueSpecification","valueRequired":true,"valueName":"search_term_string"}}],"inLanguage":"es"},{"@type":"Person","@id":"https:\/\/www.noticiasradioreflejos.com.ar\/2021\/#\/schema\/person\/ad82545263dcc5ec0996818884fd5fb1","name":"Arnaldo Botto","image":{"@type":"ImageObject","inLanguage":"es","@id":"https:\/\/www.noticiasradioreflejos.com.ar\/2021\/#\/schema\/person\/image\/","url":"https:\/\/secure.gravatar.com\/avatar\/55cb5e37c1efa326397366e6974cb338056df65cb50e7d64d1cf314e87504837?s=96&d=mm&r=g","contentUrl":"https:\/\/secure.gravatar.com\/avatar\/55cb5e37c1efa326397366e6974cb338056df65cb50e7d64d1cf314e87504837?s=96&d=mm&r=g","caption":"Arnaldo Botto"},"url":"https:\/\/www.noticiasradioreflejos.com.ar\/2021\/author\/arnaldo\/"}]}},"_links":{"self":[{"href":"https:\/\/www.noticiasradioreflejos.com.ar\/2021\/wp-json\/wp\/v2\/posts\/76043","targetHints":{"allow":["GET"]}}],"collection":[{"href":"https:\/\/www.noticiasradioreflejos.com.ar\/2021\/wp-json\/wp\/v2\/posts"}],"about":[{"href":"https:\/\/www.noticiasradioreflejos.com.ar\/2021\/wp-json\/wp\/v2\/types\/post"}],"author":[{"embeddable":true,"href":"https:\/\/www.noticiasradioreflejos.com.ar\/2021\/wp-json\/wp\/v2\/users\/3"}],"replies":[{"embeddable":true,"href":"https:\/\/www.noticiasradioreflejos.com.ar\/2021\/wp-json\/wp\/v2\/comments?post=76043"}],"version-history":[{"count":1,"href":"https:\/\/www.noticiasradioreflejos.com.ar\/2021\/wp-json\/wp\/v2\/posts\/76043\/revisions"}],"predecessor-version":[{"id":76045,"href":"https:\/\/www.noticiasradioreflejos.com.ar\/2021\/wp-json\/wp\/v2\/posts\/76043\/revisions\/76045"}],"wp:attachment":[{"href":"https:\/\/www.noticiasradioreflejos.com.ar\/2021\/wp-json\/wp\/v2\/media?parent=76043"}],"wp:term":[{"taxonomy":"category","embeddable":true,"href":"https:\/\/www.noticiasradioreflejos.com.ar\/2021\/wp-json\/wp\/v2\/categories?post=76043"},{"taxonomy":"post_tag","embeddable":true,"href":"https:\/\/www.noticiasradioreflejos.com.ar\/2021\/wp-json\/wp\/v2\/tags?post=76043"}],"curies":[{"name":"wp","href":"https:\/\/api.w.org\/{rel}","templated":true}]}}