{"id":76040,"date":"2022-08-07T12:27:15","date_gmt":"2022-08-07T12:27:15","guid":{"rendered":"http:\/\/www.noticiasradioreflejos.com.ar\/2021\/?p=76040"},"modified":"2022-08-07T12:27:15","modified_gmt":"2022-08-07T12:27:15","slug":"el-tunel-internacional-cristo-redentor-esta-cerrado-por-un-temporal-en-la-alta-montana","status":"publish","type":"post","link":"https:\/\/www.noticiasradioreflejos.com.ar\/2021\/el-tunel-internacional-cristo-redentor-esta-cerrado-por-un-temporal-en-la-alta-montana\/","title":{"rendered":"El T\u00fanel Internacional Cristo Redentor est\u00e1 cerrado por un temporal en la alta monta\u00f1a"},"content":{"rendered":"<p>Durante la jornada de este s\u00e1bado est\u00e1 prohibida circulaci\u00f3n por la ruta internacional 7 como consecuencia del pron\u00f3stico de intensas nevadas y mal tiempo en la zona del corredor internacional.<!--more--><\/p>\n<figure class=\"mb-3\"><img decoding=\"async\" src=\"https:\/\/www.telam.com.ar\/thumbs\/bluesteel\/advf\/imagenes\/2022\/08\/62ee83f741923_900.jpg\" alt=\"Gendarmera Nacional cerr el trnsito en el paso fronterizo Cristo Redentor Foto TW PasoCRMza\" width=\"100%\" height=\"100%\" \/><\/p>\n<div class=\"media-icons\"><\/div><figcaption>Gendarmer\u00eda Nacional cerr\u00f3 el tr\u00e1nsito en el paso fronterizo Cristo Redentor. Foto TW @PasoCRMza<\/figcaption><\/figure>\n<p>El t\u00fanel internacional Cristo Redentor fue inhabilitado por las autoridades de Argentina y Chile, debido a la\u00a0<strong>previsi\u00f3n de temporal en la alta monta\u00f1a en las pr\u00f3ximas horas<\/strong>, informaron autoridades de Gendarmer\u00eda Nacional.<\/p>\n<p><strong>El pron\u00f3stico adelantaba nevadas y mal tiempo en la zona del corredor internacional<\/strong>, por lo que se decidi\u00f3 la prohibici\u00f3n de circulaci\u00f3n por la ruta internacional 7 durante la jornada de este s\u00e1bado.<\/p>\n<p>As\u00ed lo comunic\u00f3 el comandante general de Gendarmer\u00eda Nacional, Justo Jos\u00e9 B\u00f3scolo, a cargo del Sistema Integrado Cristo Redentor.<\/p>\n<figure class=\"mb-3\"><img decoding=\"async\" src=\"https:\/\/www.telam.com.ar\/thumbs\/bluesteel\/advf\/imagenes\/2022\/08\/62ee837d832d2_900.jpg\" alt=\"Por el pronstico de intensas nevadas se prohibi a circulacin Foto TW PasoCRMza\" width=\"100%\" height=\"100%\" \/><\/p>\n<div class=\"media-icons\"><\/div><figcaption>Por el pron\u00f3stico de intensas nevadas se prohibi\u00f3 a circulaci\u00f3n. Foto TW @PasoCRMza<\/figcaption><\/figure>\n<p>En el transcurso del d\u00eda se evaluar\u00e1 el estado de los caminos y el desarrollo del temporal, para determinar una posible reapertura del paso.<\/p>\n<p>Adem\u00e1s, Vialidad Nacional\u00a0<strong>analizar\u00e1 la transitabilidad de la ruta para el movimiento del turismo interno, por lo que solicitan estar atentos a los canales oficiales<\/strong>\u00a0de comunicaci\u00f3n para saber hasta d\u00f3nde se permitir\u00e1 el libre flujo de tr\u00e1nsito.<\/p>\n","protected":false},"excerpt":{"rendered":"<p>Durante la jornada de este s\u00e1bado est\u00e1 prohibida circulaci\u00f3n por la ruta internacional 7 como consecuencia del pron\u00f3stico de intensas nevadas y mal tiempo en la zona del corredor internacional.<\/p>\n","protected":false},"author":3,"featured_media":0,"comment_status":"closed","ping_status":"closed","sticky":false,"template":"","format":"standard","meta":{"footnotes":""},"categories":[46,26,33],"tags":[],"class_list":["post-76040","post","type-post","status-publish","format-standard","hentry","category-ciencia-y-tecnologia","category-sociedad","category-turismo"],"yoast_head":"<!-- This site is optimized with the Yoast SEO plugin v25.9 - https:\/\/yoast.com\/wordpress\/plugins\/seo\/ -->\n<title>El T\u00fanel Internacional Cristo Redentor est\u00e1 cerrado por un temporal en la alta monta\u00f1a - Noticias Radio Reflejos<\/title>\n<meta name=\"robots\" content=\"index, follow, max-snippet:-1, max-image-preview:large, max-video-preview:-1\" \/>\n<link rel=\"canonical\" href=\"https:\/\/www.noticiasradioreflejos.com.ar\/2021\/el-tunel-internacional-cristo-redentor-esta-cerrado-por-un-temporal-en-la-alta-montana\/\" \/>\n<meta property=\"og:locale\" content=\"es_ES\" \/>\n<meta property=\"og:type\" content=\"article\" \/>\n<meta property=\"og:title\" content=\"El T\u00fanel Internacional Cristo Redentor est\u00e1 cerrado por un temporal en la alta monta\u00f1a - Noticias Radio Reflejos\" \/>\n<meta property=\"og:description\" content=\"Durante la jornada de este s\u00e1bado est\u00e1 prohibida circulaci\u00f3n por la ruta internacional 7 como consecuencia del pron\u00f3stico de intensas nevadas y mal tiempo en la zona del corredor internacional.\" \/>\n<meta property=\"og:url\" content=\"https:\/\/www.noticiasradioreflejos.com.ar\/2021\/el-tunel-internacional-cristo-redentor-esta-cerrado-por-un-temporal-en-la-alta-montana\/\" \/>\n<meta property=\"og:site_name\" content=\"Noticias Radio Reflejos\" \/>\n<meta property=\"article:published_time\" content=\"2022-08-07T12:27:15+00:00\" \/>\n<meta property=\"og:image\" content=\"https:\/\/www.telam.com.ar\/thumbs\/bluesteel\/advf\/imagenes\/2022\/08\/62ee83f741923_900.jpg\" \/>\n<meta name=\"author\" content=\"Arnaldo Botto\" \/>\n<meta name=\"twitter:card\" content=\"summary_large_image\" \/>\n<script type=\"application\/ld+json\" class=\"yoast-schema-graph\">{\"@context\":\"https:\/\/schema.org\",\"@graph\":[{\"@type\":\"WebPage\",\"@id\":\"https:\/\/www.noticiasradioreflejos.com.ar\/2021\/el-tunel-internacional-cristo-redentor-esta-cerrado-por-un-temporal-en-la-alta-montana\/\",\"url\":\"https:\/\/www.noticiasradioreflejos.com.ar\/2021\/el-tunel-internacional-cristo-redentor-esta-cerrado-por-un-temporal-en-la-alta-montana\/\",\"name\":\"El T\u00fanel Internacional Cristo Redentor est\u00e1 cerrado por un temporal en la alta monta\u00f1a - Noticias Radio Reflejos\",\"isPartOf\":{\"@id\":\"https:\/\/www.noticiasradioreflejos.com.ar\/2021\/#website\"},\"primaryImageOfPage\":{\"@id\":\"https:\/\/www.noticiasradioreflejos.com.ar\/2021\/el-tunel-internacional-cristo-redentor-esta-cerrado-por-un-temporal-en-la-alta-montana\/#primaryimage\"},\"image\":{\"@id\":\"https:\/\/www.noticiasradioreflejos.com.ar\/2021\/el-tunel-internacional-cristo-redentor-esta-cerrado-por-un-temporal-en-la-alta-montana\/#primaryimage\"},\"thumbnailUrl\":\"https:\/\/www.telam.com.ar\/thumbs\/bluesteel\/advf\/imagenes\/2022\/08\/62ee83f741923_900.jpg\",\"datePublished\":\"2022-08-07T12:27:15+00:00\",\"author\":{\"@id\":\"https:\/\/www.noticiasradioreflejos.com.ar\/2021\/#\/schema\/person\/ad82545263dcc5ec0996818884fd5fb1\"},\"breadcrumb\":{\"@id\":\"https:\/\/www.noticiasradioreflejos.com.ar\/2021\/el-tunel-internacional-cristo-redentor-esta-cerrado-por-un-temporal-en-la-alta-montana\/#breadcrumb\"},\"inLanguage\":\"es\",\"potentialAction\":[{\"@type\":\"ReadAction\",\"target\":[\"https:\/\/www.noticiasradioreflejos.com.ar\/2021\/el-tunel-internacional-cristo-redentor-esta-cerrado-por-un-temporal-en-la-alta-montana\/\"]}]},{\"@type\":\"ImageObject\",\"inLanguage\":\"es\",\"@id\":\"https:\/\/www.noticiasradioreflejos.com.ar\/2021\/el-tunel-internacional-cristo-redentor-esta-cerrado-por-un-temporal-en-la-alta-montana\/#primaryimage\",\"url\":\"https:\/\/www.telam.com.ar\/thumbs\/bluesteel\/advf\/imagenes\/2022\/08\/62ee83f741923_900.jpg\",\"contentUrl\":\"https:\/\/www.telam.com.ar\/thumbs\/bluesteel\/advf\/imagenes\/2022\/08\/62ee83f741923_900.jpg\"},{\"@type\":\"BreadcrumbList\",\"@id\":\"https:\/\/www.noticiasradioreflejos.com.ar\/2021\/el-tunel-internacional-cristo-redentor-esta-cerrado-por-un-temporal-en-la-alta-montana\/#breadcrumb\",\"itemListElement\":[{\"@type\":\"ListItem\",\"position\":1,\"name\":\"Portada\",\"item\":\"https:\/\/www.noticiasradioreflejos.com.ar\/2021\/\"},{\"@type\":\"ListItem\",\"position\":2,\"name\":\"El T\u00fanel Internacional Cristo Redentor est\u00e1 cerrado por un temporal en la alta monta\u00f1a\"}]},{\"@type\":\"WebSite\",\"@id\":\"https:\/\/www.noticiasradioreflejos.com.ar\/2021\/#website\",\"url\":\"https:\/\/www.noticiasradioreflejos.com.ar\/2021\/\",\"name\":\"Noticias Radio Reflejos\",\"description\":\"Las noticias de mi comarca\",\"potentialAction\":[{\"@type\":\"SearchAction\",\"target\":{\"@type\":\"EntryPoint\",\"urlTemplate\":\"https:\/\/www.noticiasradioreflejos.com.ar\/2021\/?s={search_term_string}\"},\"query-input\":{\"@type\":\"PropertyValueSpecification\",\"valueRequired\":true,\"valueName\":\"search_term_string\"}}],\"inLanguage\":\"es\"},{\"@type\":\"Person\",\"@id\":\"https:\/\/www.noticiasradioreflejos.com.ar\/2021\/#\/schema\/person\/ad82545263dcc5ec0996818884fd5fb1\",\"name\":\"Arnaldo Botto\",\"image\":{\"@type\":\"ImageObject\",\"inLanguage\":\"es\",\"@id\":\"https:\/\/www.noticiasradioreflejos.com.ar\/2021\/#\/schema\/person\/image\/\",\"url\":\"https:\/\/secure.gravatar.com\/avatar\/55cb5e37c1efa326397366e6974cb338056df65cb50e7d64d1cf314e87504837?s=96&d=mm&r=g\",\"contentUrl\":\"https:\/\/secure.gravatar.com\/avatar\/55cb5e37c1efa326397366e6974cb338056df65cb50e7d64d1cf314e87504837?s=96&d=mm&r=g\",\"caption\":\"Arnaldo Botto\"},\"url\":\"https:\/\/www.noticiasradioreflejos.com.ar\/2021\/author\/arnaldo\/\"}]}<\/script>\n<!-- \/ Yoast SEO plugin. -->","yoast_head_json":{"title":"El T\u00fanel Internacional Cristo Redentor est\u00e1 cerrado por un temporal en la alta monta\u00f1a - Noticias Radio Reflejos","robots":{"index":"index","follow":"follow","max-snippet":"max-snippet:-1","max-image-preview":"max-image-preview:large","max-video-preview":"max-video-preview:-1"},"canonical":"https:\/\/www.noticiasradioreflejos.com.ar\/2021\/el-tunel-internacional-cristo-redentor-esta-cerrado-por-un-temporal-en-la-alta-montana\/","og_locale":"es_ES","og_type":"article","og_title":"El T\u00fanel Internacional Cristo Redentor est\u00e1 cerrado por un temporal en la alta monta\u00f1a - Noticias Radio Reflejos","og_description":"Durante la jornada de este s\u00e1bado est\u00e1 prohibida circulaci\u00f3n por la ruta internacional 7 como consecuencia del pron\u00f3stico de intensas nevadas y mal tiempo en la zona del corredor internacional.","og_url":"https:\/\/www.noticiasradioreflejos.com.ar\/2021\/el-tunel-internacional-cristo-redentor-esta-cerrado-por-un-temporal-en-la-alta-montana\/","og_site_name":"Noticias Radio Reflejos","article_published_time":"2022-08-07T12:27:15+00:00","og_image":[{"url":"https:\/\/www.telam.com.ar\/thumbs\/bluesteel\/advf\/imagenes\/2022\/08\/62ee83f741923_900.jpg","type":"","width":"","height":""}],"author":"Arnaldo Botto","twitter_card":"summary_large_image","schema":{"@context":"https:\/\/schema.org","@graph":[{"@type":"WebPage","@id":"https:\/\/www.noticiasradioreflejos.com.ar\/2021\/el-tunel-internacional-cristo-redentor-esta-cerrado-por-un-temporal-en-la-alta-montana\/","url":"https:\/\/www.noticiasradioreflejos.com.ar\/2021\/el-tunel-internacional-cristo-redentor-esta-cerrado-por-un-temporal-en-la-alta-montana\/","name":"El T\u00fanel Internacional Cristo Redentor est\u00e1 cerrado por un temporal en la alta monta\u00f1a - Noticias Radio Reflejos","isPartOf":{"@id":"https:\/\/www.noticiasradioreflejos.com.ar\/2021\/#website"},"primaryImageOfPage":{"@id":"https:\/\/www.noticiasradioreflejos.com.ar\/2021\/el-tunel-internacional-cristo-redentor-esta-cerrado-por-un-temporal-en-la-alta-montana\/#primaryimage"},"image":{"@id":"https:\/\/www.noticiasradioreflejos.com.ar\/2021\/el-tunel-internacional-cristo-redentor-esta-cerrado-por-un-temporal-en-la-alta-montana\/#primaryimage"},"thumbnailUrl":"https:\/\/www.telam.com.ar\/thumbs\/bluesteel\/advf\/imagenes\/2022\/08\/62ee83f741923_900.jpg","datePublished":"2022-08-07T12:27:15+00:00","author":{"@id":"https:\/\/www.noticiasradioreflejos.com.ar\/2021\/#\/schema\/person\/ad82545263dcc5ec0996818884fd5fb1"},"breadcrumb":{"@id":"https:\/\/www.noticiasradioreflejos.com.ar\/2021\/el-tunel-internacional-cristo-redentor-esta-cerrado-por-un-temporal-en-la-alta-montana\/#breadcrumb"},"inLanguage":"es","potentialAction":[{"@type":"ReadAction","target":["https:\/\/www.noticiasradioreflejos.com.ar\/2021\/el-tunel-internacional-cristo-redentor-esta-cerrado-por-un-temporal-en-la-alta-montana\/"]}]},{"@type":"ImageObject","inLanguage":"es","@id":"https:\/\/www.noticiasradioreflejos.com.ar\/2021\/el-tunel-internacional-cristo-redentor-esta-cerrado-por-un-temporal-en-la-alta-montana\/#primaryimage","url":"https:\/\/www.telam.com.ar\/thumbs\/bluesteel\/advf\/imagenes\/2022\/08\/62ee83f741923_900.jpg","contentUrl":"https:\/\/www.telam.com.ar\/thumbs\/bluesteel\/advf\/imagenes\/2022\/08\/62ee83f741923_900.jpg"},{"@type":"BreadcrumbList","@id":"https:\/\/www.noticiasradioreflejos.com.ar\/2021\/el-tunel-internacional-cristo-redentor-esta-cerrado-por-un-temporal-en-la-alta-montana\/#breadcrumb","itemListElement":[{"@type":"ListItem","position":1,"name":"Portada","item":"https:\/\/www.noticiasradioreflejos.com.ar\/2021\/"},{"@type":"ListItem","position":2,"name":"El T\u00fanel Internacional Cristo Redentor est\u00e1 cerrado por un temporal en la alta monta\u00f1a"}]},{"@type":"WebSite","@id":"https:\/\/www.noticiasradioreflejos.com.ar\/2021\/#website","url":"https:\/\/www.noticiasradioreflejos.com.ar\/2021\/","name":"Noticias Radio Reflejos","description":"Las noticias de mi comarca","potentialAction":[{"@type":"SearchAction","target":{"@type":"EntryPoint","urlTemplate":"https:\/\/www.noticiasradioreflejos.com.ar\/2021\/?s={search_term_string}"},"query-input":{"@type":"PropertyValueSpecification","valueRequired":true,"valueName":"search_term_string"}}],"inLanguage":"es"},{"@type":"Person","@id":"https:\/\/www.noticiasradioreflejos.com.ar\/2021\/#\/schema\/person\/ad82545263dcc5ec0996818884fd5fb1","name":"Arnaldo Botto","image":{"@type":"ImageObject","inLanguage":"es","@id":"https:\/\/www.noticiasradioreflejos.com.ar\/2021\/#\/schema\/person\/image\/","url":"https:\/\/secure.gravatar.com\/avatar\/55cb5e37c1efa326397366e6974cb338056df65cb50e7d64d1cf314e87504837?s=96&d=mm&r=g","contentUrl":"https:\/\/secure.gravatar.com\/avatar\/55cb5e37c1efa326397366e6974cb338056df65cb50e7d64d1cf314e87504837?s=96&d=mm&r=g","caption":"Arnaldo Botto"},"url":"https:\/\/www.noticiasradioreflejos.com.ar\/2021\/author\/arnaldo\/"}]}},"_links":{"self":[{"href":"https:\/\/www.noticiasradioreflejos.com.ar\/2021\/wp-json\/wp\/v2\/posts\/76040","targetHints":{"allow":["GET"]}}],"collection":[{"href":"https:\/\/www.noticiasradioreflejos.com.ar\/2021\/wp-json\/wp\/v2\/posts"}],"about":[{"href":"https:\/\/www.noticiasradioreflejos.com.ar\/2021\/wp-json\/wp\/v2\/types\/post"}],"author":[{"embeddable":true,"href":"https:\/\/www.noticiasradioreflejos.com.ar\/2021\/wp-json\/wp\/v2\/users\/3"}],"replies":[{"embeddable":true,"href":"https:\/\/www.noticiasradioreflejos.com.ar\/2021\/wp-json\/wp\/v2\/comments?post=76040"}],"version-history":[{"count":1,"href":"https:\/\/www.noticiasradioreflejos.com.ar\/2021\/wp-json\/wp\/v2\/posts\/76040\/revisions"}],"predecessor-version":[{"id":76042,"href":"https:\/\/www.noticiasradioreflejos.com.ar\/2021\/wp-json\/wp\/v2\/posts\/76040\/revisions\/76042"}],"wp:attachment":[{"href":"https:\/\/www.noticiasradioreflejos.com.ar\/2021\/wp-json\/wp\/v2\/media?parent=76040"}],"wp:term":[{"taxonomy":"category","embeddable":true,"href":"https:\/\/www.noticiasradioreflejos.com.ar\/2021\/wp-json\/wp\/v2\/categories?post=76040"},{"taxonomy":"post_tag","embeddable":true,"href":"https:\/\/www.noticiasradioreflejos.com.ar\/2021\/wp-json\/wp\/v2\/tags?post=76040"}],"curies":[{"name":"wp","href":"https:\/\/api.w.org\/{rel}","templated":true}]}}