{"id":76030,"date":"2022-08-07T11:56:46","date_gmt":"2022-08-07T11:56:46","guid":{"rendered":"http:\/\/www.noticiasradioreflejos.com.ar\/2021\/?p=76030"},"modified":"2022-08-07T11:56:46","modified_gmt":"2022-08-07T11:56:46","slug":"miles-de-fieles-celebran-a-san-cayetano-el-patrono-del-pan-y-el-trabajo","status":"publish","type":"post","link":"https:\/\/www.noticiasradioreflejos.com.ar\/2021\/miles-de-fieles-celebran-a-san-cayetano-el-patrono-del-pan-y-el-trabajo\/","title":{"rendered":"Miles de fieles celebran a San Cayetano, el patrono del pan y el trabajo"},"content":{"rendered":"<div class=\"wrapper-header\">\n<div class=\"container-xl\">\n<div class=\"row\">\n<div class=\"col-12\">\n<div class=\"head-content mb-4\">\n<div class=\"my-3\">\n<div class=\"social mt-3\">Tras dos a\u00f1os de pandemia volvi\u00f3 a abrir sus puertas la parroquia ubicada en el barrio de Liniers a la feligres\u00eda para celebrar al patrono del pan y el trabajo en un su d\u00eda. Movimientos sociales marchan en CABA por \u00abpan, paz y trabajo\u00bb.<\/div>\n<\/div>\n<\/div>\n<\/div>\n<\/div>\n<\/div>\n<\/div>\n<p><!--more--><\/p>\n<div class=\"wrapper-editable-content\">\n<div>\n<div class=\"wrapper-editable-content\">\n<div>\n<div class=\"container-md\">\n<div class=\"row\">\n<div class=\"col-md-12 speak\">\n<div class=\"paragraph\">\n<figure class=\"mb-3\"><img decoding=\"async\" src=\"https:\/\/www.telam.com.ar\/thumbs\/bluesteel\/advf\/imagenes\/2022\/08\/62ef1009c831f_900.jpg\" alt=\"Foto Pepe Mateos \" width=\"100%\" height=\"100%\" \/><\/p>\n<div class=\"media-icons\"><\/div><figcaption>Foto: Pepe Mateos<\/figcaption><\/figure>\n<p>Miles de personas desfilaban en la fr\u00eda madrugada de este domingo por la parroquia de San Cayetano, en el barrio porte\u00f1o de Liniers, que\u00a0<strong>tras dos a\u00f1os de pandemia\u00a0<\/strong>volvi\u00f3 a abrir sus puertas a la feligres\u00eda para celebrar al patrono del pan y el trabajo en un su d\u00eda.<\/p>\n<p>Con las tradicionales campanadas, despu\u00e9s de que la banda de la polic\u00eda federal tocara el himno nacional, a las 0 del domingo<strong>\u00a0los sacerdotes abrieron las puertas de hierro del templo de la calle Cuzco<\/strong>\u00a0lo que dio inicio a la festividad cat\u00f3lica que se realiza en simult\u00e1neo en varias parroquias de todo el pa\u00eds.<\/p>\n<figure class=\"mb-3\"><img decoding=\"async\" src=\"https:\/\/www.telam.com.ar\/thumbs\/bluesteel\/advf\/imagenes\/2022\/08\/62ef0ffa5568d_900.jpg\" alt=\"Foto Pepe Mateos \" width=\"100%\" height=\"100%\" \/><\/p>\n<div class=\"media-icons\"><\/div><figcaption>Foto: Pepe Mateos<\/figcaption><\/figure>\n<p>La llamada Fiesta Grande lleva por lema este a\u00f1o \u00abGracias San Cayetano por acompa\u00f1arnos, ayudanos a cuidarnos como hermanos\u00bb y<strong>\u00a0la misa central ser\u00e1 presidida, a las 11<\/strong>, por el cardenal Mario Aurelio Poli.<\/p>\n<p><strong>Los devotos del santo realizaron la noche de este s\u00e1bado m\u00e1s de cinco cuadras de fila en las veredas cercanas al santuario,<\/strong>\u00a0donde se ubicaron con sillas plegables, ponchos y termos con mate o caf\u00e9, donde se congregaron grupos de familiares, de compa\u00f1eros de trabajo o incluso de fieles que se conocen de participar en ediciones anteriores.<\/p>\n<figure class=\"mb-3\"><img decoding=\"async\" src=\"https:\/\/www.telam.com.ar\/thumbs\/bluesteel\/advf\/imagenes\/2022\/08\/62ef0ffa98ce0_900.jpg\" alt=\"Foto Pepe Mateos \" width=\"100%\" height=\"100%\" \/><\/p>\n<div class=\"media-icons\"><\/div><figcaption>Foto: Pepe Mateos<\/figcaption><\/figure>\n<p>Entre ellos, un grupo de boy scouts distribu\u00eda mate cocido y tortas fritas, mientras que en el escenario montado frente al santuario distintos grupos musicales animaron la noche con repertorios religiosos y folcl\u00f3ricos.<\/p>\n<p>A metros del escenario, se desplegaban las vallas que separan a las filas de los promesantes, la conocida como \u00abfila lenta\u00bb de quienes se detienen frente a la imagen del santo, y la \u00abfila r\u00e1pida\u00bb, que pasa a saludar la imagen sin detenerse.<\/p>\n<figure class=\"mb-3\"><img decoding=\"async\" src=\"https:\/\/www.telam.com.ar\/thumbs\/bluesteel\/advf\/imagenes\/2022\/08\/62ef100a1b7a9_900.jpg\" alt=\"Foto Pepe Mateos \" width=\"100%\" height=\"100%\" \/><\/p>\n<div class=\"media-icons\"><\/div><figcaption>Foto: Pepe Mateos<\/figcaption><\/figure>\n<p>Adem\u00e1s, las autoridades de la parroquia anunciaron que este domingo habr\u00e1 misas y bendiciones durante toda la jornada.<\/p>\n<p>En Rosario, el obispo Eduardo Mart\u00edn convoc\u00f3 a la feligres\u00eda \u00aba caminar junto a San Cayetano desde el Santuario en calle Buenos Aires al 2100 hasta la plaza de la Libertad donde celebraremos la Santa Misa pidiendo por el pan, trabajo y paz para todo nuestro pueblo\u00bb.<\/p>\n<figure class=\"mb-3\"><img decoding=\"async\" src=\"https:\/\/www.telam.com.ar\/thumbs\/bluesteel\/advf\/imagenes\/2022\/08\/62ef0ffadd4b0_900.jpg\" alt=\"Foto Pepe Mateos \" width=\"100%\" height=\"100%\" \/><\/p>\n<div class=\"media-icons\"><\/div><figcaption>Foto: Pepe Mateos<\/figcaption><\/figure>\n<p>Asimismo,\u00a0<strong>en la ciudad de Buenos Aires, la CTA, la UTEP y los Movimientos Populares anunciaron que marchar\u00e1n este domingo, desde las 8, para pedir \u00abPaz, Pan, Tierra, Techo y Trabajo\u00bb desde la esquina de Cuzco y avenida Rivadavia<\/strong>, en Liniers hasta el cruce de las avenidas 9 de Julio y de Mayo, donde realizar\u00e1n un acto, cerca de las 14.<\/p>\n<p>Esta manifestaci\u00f3n, que comenz\u00f3 a realizarse en 2016 en rechazo a las medidas econ\u00f3micas del macrismo, se convirti\u00f3 en una reedici\u00f3n de las congregaciones populares de 1930 y de la movilizaci\u00f3n organizada por la CGT en 1984 en terrenos adyacentes a la parroquia.<\/p>\n<figure class=\"mb-3\"><img decoding=\"async\" src=\"https:\/\/www.telam.com.ar\/thumbs\/bluesteel\/advf\/imagenes\/2022\/08\/62ef9e5659acb_900.jpg\" alt=\"Foto Pepe Mateos \" width=\"100%\" height=\"100%\" \/><\/p>\n<div class=\"media-icons\"><\/div><figcaption>Foto: Pepe Mateos<\/figcaption><\/figure>\n<p>En tanto, en la localidad bonaerense de San Cayetano, al sur de Necochea, la celebraci\u00f3n se extendi\u00f3 todo este fin de semana con ferias artesanales y la procesi\u00f3n central, que se realizar\u00e1 este domingo, a las 13, cuando los vecinos recorren las calles en peregrinaci\u00f3n, cantando hasta participar de la misa de campa\u00f1a que suele finalizar con el reparto de panes, espigas y estampitas.<\/p>\n<figure class=\"mb-3\"><img decoding=\"async\" src=\"https:\/\/www.telam.com.ar\/thumbs\/bluesteel\/advf\/imagenes\/2022\/08\/62ef9e562aae6_900.jpg\" alt=\"Foto Pepe Mateos \" width=\"100%\" height=\"100%\" \/><\/p>\n<div class=\"media-icons\"><\/div><figcaption>Foto: Pepe Mateos<\/figcaption><\/figure>\n<p><strong>La imagen de San Cayetano, oriunda de Italia, arrib\u00f3 a la zona de Liniers en 1875<\/strong>\u00a0con las monjas del divino Salvador, que fundaron una capilla y un colegio dedicados al patrono de la Providencia, tras lo cual se construy\u00f3 el templo en 1900 y fue consagrado parroquia en 1913.<\/p>\n<figure class=\"mb-3\"><img decoding=\"async\" src=\"https:\/\/www.telam.com.ar\/thumbs\/bluesteel\/advf\/imagenes\/2022\/08\/62ef9e55ee737_900.jpg\" alt=\"Foto Pepe Mateos \" width=\"100%\" height=\"100%\" \/><\/p>\n<div class=\"media-icons\"><\/div><figcaption>Foto: Pepe Mateos<\/figcaption><\/figure>\n<p><strong>La devoci\u00f3n por San Cayetano se hizo popular a partir de la crisis de 1930,<\/strong>\u00a0cuando ante la desesperaci\u00f3n de los sectores obreros, el p\u00e1rroco Domingo Falgioni organiz\u00f3 una pastoral que impuls\u00f3 la veneraci\u00f3n del santo, que comenz\u00f3 a ser el del \u00abpan y el trabajo\u00bb.<\/p>\n<figure class=\"mb-3\"><img decoding=\"async\" src=\"https:\/\/www.telam.com.ar\/thumbs\/bluesteel\/advf\/imagenes\/2022\/08\/62ef9e5649da6_900.jpg\" alt=\"Foto Pepe Mateos \" width=\"100%\" height=\"100%\" \/><\/p>\n<div class=\"media-icons\"><\/div><figcaption>Foto: Pepe Mateos<\/figcaption><\/figure>\n<p>Y, desde entonces, se hizo tradici\u00f3n en el pa\u00eds la concurrencia masiva de trabajadores locales y de pa\u00edses lim\u00edtrofes cada 7 de agosto a pedir o agradecer por el trabajo y sus intenciones particulares.<\/p><\/div>\n<\/div>\n<\/div>\n<\/div>\n<\/div>\n<\/div>\n<\/div>\n<\/div>\n","protected":false},"excerpt":{"rendered":"<p>Tras dos a\u00f1os de pandemia volvi\u00f3 a abrir sus puertas la parroquia ubicada en el barrio de Liniers a la feligres\u00eda para celebrar al patrono del pan y el trabajo en un su d\u00eda. Movimientos sociales marchan en CABA por \u00abpan, paz y trabajo\u00bb.<\/p>\n","protected":false},"author":3,"featured_media":0,"comment_status":"closed","ping_status":"closed","sticky":false,"template":"","format":"standard","meta":{"footnotes":""},"categories":[26],"tags":[],"class_list":["post-76030","post","type-post","status-publish","format-standard","hentry","category-sociedad"],"yoast_head":"<!-- This site is optimized with the Yoast SEO plugin v25.9 - https:\/\/yoast.com\/wordpress\/plugins\/seo\/ -->\n<title>Miles de fieles celebran a San Cayetano, el patrono del pan y el trabajo - Noticias Radio Reflejos<\/title>\n<meta name=\"robots\" content=\"index, follow, max-snippet:-1, max-image-preview:large, max-video-preview:-1\" \/>\n<link rel=\"canonical\" href=\"https:\/\/www.noticiasradioreflejos.com.ar\/2021\/miles-de-fieles-celebran-a-san-cayetano-el-patrono-del-pan-y-el-trabajo\/\" \/>\n<meta property=\"og:locale\" content=\"es_ES\" \/>\n<meta property=\"og:type\" content=\"article\" \/>\n<meta property=\"og:title\" content=\"Miles de fieles celebran a San Cayetano, el patrono del pan y el trabajo - Noticias Radio Reflejos\" \/>\n<meta property=\"og:description\" content=\"Tras dos a\u00f1os de pandemia volvi\u00f3 a abrir sus puertas la parroquia ubicada en el barrio de Liniers a la feligres\u00eda para celebrar al patrono del pan y el trabajo en un su d\u00eda. Movimientos sociales marchan en CABA por \u00abpan, paz y trabajo\u00bb.\" \/>\n<meta property=\"og:url\" content=\"https:\/\/www.noticiasradioreflejos.com.ar\/2021\/miles-de-fieles-celebran-a-san-cayetano-el-patrono-del-pan-y-el-trabajo\/\" \/>\n<meta property=\"og:site_name\" content=\"Noticias Radio Reflejos\" \/>\n<meta property=\"article:published_time\" content=\"2022-08-07T11:56:46+00:00\" \/>\n<meta property=\"og:image\" content=\"https:\/\/www.telam.com.ar\/thumbs\/bluesteel\/advf\/imagenes\/2022\/08\/62ef1009c831f_900.jpg\" \/>\n<meta name=\"author\" content=\"Arnaldo Botto\" \/>\n<meta name=\"twitter:card\" content=\"summary_large_image\" \/>\n<script type=\"application\/ld+json\" class=\"yoast-schema-graph\">{\"@context\":\"https:\/\/schema.org\",\"@graph\":[{\"@type\":\"WebPage\",\"@id\":\"https:\/\/www.noticiasradioreflejos.com.ar\/2021\/miles-de-fieles-celebran-a-san-cayetano-el-patrono-del-pan-y-el-trabajo\/\",\"url\":\"https:\/\/www.noticiasradioreflejos.com.ar\/2021\/miles-de-fieles-celebran-a-san-cayetano-el-patrono-del-pan-y-el-trabajo\/\",\"name\":\"Miles de fieles celebran a San Cayetano, el patrono del pan y el trabajo - Noticias Radio Reflejos\",\"isPartOf\":{\"@id\":\"https:\/\/www.noticiasradioreflejos.com.ar\/2021\/#website\"},\"primaryImageOfPage\":{\"@id\":\"https:\/\/www.noticiasradioreflejos.com.ar\/2021\/miles-de-fieles-celebran-a-san-cayetano-el-patrono-del-pan-y-el-trabajo\/#primaryimage\"},\"image\":{\"@id\":\"https:\/\/www.noticiasradioreflejos.com.ar\/2021\/miles-de-fieles-celebran-a-san-cayetano-el-patrono-del-pan-y-el-trabajo\/#primaryimage\"},\"thumbnailUrl\":\"https:\/\/www.telam.com.ar\/thumbs\/bluesteel\/advf\/imagenes\/2022\/08\/62ef1009c831f_900.jpg\",\"datePublished\":\"2022-08-07T11:56:46+00:00\",\"author\":{\"@id\":\"https:\/\/www.noticiasradioreflejos.com.ar\/2021\/#\/schema\/person\/ad82545263dcc5ec0996818884fd5fb1\"},\"breadcrumb\":{\"@id\":\"https:\/\/www.noticiasradioreflejos.com.ar\/2021\/miles-de-fieles-celebran-a-san-cayetano-el-patrono-del-pan-y-el-trabajo\/#breadcrumb\"},\"inLanguage\":\"es\",\"potentialAction\":[{\"@type\":\"ReadAction\",\"target\":[\"https:\/\/www.noticiasradioreflejos.com.ar\/2021\/miles-de-fieles-celebran-a-san-cayetano-el-patrono-del-pan-y-el-trabajo\/\"]}]},{\"@type\":\"ImageObject\",\"inLanguage\":\"es\",\"@id\":\"https:\/\/www.noticiasradioreflejos.com.ar\/2021\/miles-de-fieles-celebran-a-san-cayetano-el-patrono-del-pan-y-el-trabajo\/#primaryimage\",\"url\":\"https:\/\/www.telam.com.ar\/thumbs\/bluesteel\/advf\/imagenes\/2022\/08\/62ef1009c831f_900.jpg\",\"contentUrl\":\"https:\/\/www.telam.com.ar\/thumbs\/bluesteel\/advf\/imagenes\/2022\/08\/62ef1009c831f_900.jpg\"},{\"@type\":\"BreadcrumbList\",\"@id\":\"https:\/\/www.noticiasradioreflejos.com.ar\/2021\/miles-de-fieles-celebran-a-san-cayetano-el-patrono-del-pan-y-el-trabajo\/#breadcrumb\",\"itemListElement\":[{\"@type\":\"ListItem\",\"position\":1,\"name\":\"Portada\",\"item\":\"https:\/\/www.noticiasradioreflejos.com.ar\/2021\/\"},{\"@type\":\"ListItem\",\"position\":2,\"name\":\"Miles de fieles celebran a San Cayetano, el patrono del pan y el trabajo\"}]},{\"@type\":\"WebSite\",\"@id\":\"https:\/\/www.noticiasradioreflejos.com.ar\/2021\/#website\",\"url\":\"https:\/\/www.noticiasradioreflejos.com.ar\/2021\/\",\"name\":\"Noticias Radio Reflejos\",\"description\":\"Las noticias de mi comarca\",\"potentialAction\":[{\"@type\":\"SearchAction\",\"target\":{\"@type\":\"EntryPoint\",\"urlTemplate\":\"https:\/\/www.noticiasradioreflejos.com.ar\/2021\/?s={search_term_string}\"},\"query-input\":{\"@type\":\"PropertyValueSpecification\",\"valueRequired\":true,\"valueName\":\"search_term_string\"}}],\"inLanguage\":\"es\"},{\"@type\":\"Person\",\"@id\":\"https:\/\/www.noticiasradioreflejos.com.ar\/2021\/#\/schema\/person\/ad82545263dcc5ec0996818884fd5fb1\",\"name\":\"Arnaldo Botto\",\"image\":{\"@type\":\"ImageObject\",\"inLanguage\":\"es\",\"@id\":\"https:\/\/www.noticiasradioreflejos.com.ar\/2021\/#\/schema\/person\/image\/\",\"url\":\"https:\/\/secure.gravatar.com\/avatar\/55cb5e37c1efa326397366e6974cb338056df65cb50e7d64d1cf314e87504837?s=96&d=mm&r=g\",\"contentUrl\":\"https:\/\/secure.gravatar.com\/avatar\/55cb5e37c1efa326397366e6974cb338056df65cb50e7d64d1cf314e87504837?s=96&d=mm&r=g\",\"caption\":\"Arnaldo Botto\"},\"url\":\"https:\/\/www.noticiasradioreflejos.com.ar\/2021\/author\/arnaldo\/\"}]}<\/script>\n<!-- \/ Yoast SEO plugin. -->","yoast_head_json":{"title":"Miles de fieles celebran a San Cayetano, el patrono del pan y el trabajo - Noticias Radio Reflejos","robots":{"index":"index","follow":"follow","max-snippet":"max-snippet:-1","max-image-preview":"max-image-preview:large","max-video-preview":"max-video-preview:-1"},"canonical":"https:\/\/www.noticiasradioreflejos.com.ar\/2021\/miles-de-fieles-celebran-a-san-cayetano-el-patrono-del-pan-y-el-trabajo\/","og_locale":"es_ES","og_type":"article","og_title":"Miles de fieles celebran a San Cayetano, el patrono del pan y el trabajo - Noticias Radio Reflejos","og_description":"Tras dos a\u00f1os de pandemia volvi\u00f3 a abrir sus puertas la parroquia ubicada en el barrio de Liniers a la feligres\u00eda para celebrar al patrono del pan y el trabajo en un su d\u00eda. Movimientos sociales marchan en CABA por \u00abpan, paz y trabajo\u00bb.","og_url":"https:\/\/www.noticiasradioreflejos.com.ar\/2021\/miles-de-fieles-celebran-a-san-cayetano-el-patrono-del-pan-y-el-trabajo\/","og_site_name":"Noticias Radio Reflejos","article_published_time":"2022-08-07T11:56:46+00:00","og_image":[{"url":"https:\/\/www.telam.com.ar\/thumbs\/bluesteel\/advf\/imagenes\/2022\/08\/62ef1009c831f_900.jpg","type":"","width":"","height":""}],"author":"Arnaldo Botto","twitter_card":"summary_large_image","schema":{"@context":"https:\/\/schema.org","@graph":[{"@type":"WebPage","@id":"https:\/\/www.noticiasradioreflejos.com.ar\/2021\/miles-de-fieles-celebran-a-san-cayetano-el-patrono-del-pan-y-el-trabajo\/","url":"https:\/\/www.noticiasradioreflejos.com.ar\/2021\/miles-de-fieles-celebran-a-san-cayetano-el-patrono-del-pan-y-el-trabajo\/","name":"Miles de fieles celebran a San Cayetano, el patrono del pan y el trabajo - Noticias Radio Reflejos","isPartOf":{"@id":"https:\/\/www.noticiasradioreflejos.com.ar\/2021\/#website"},"primaryImageOfPage":{"@id":"https:\/\/www.noticiasradioreflejos.com.ar\/2021\/miles-de-fieles-celebran-a-san-cayetano-el-patrono-del-pan-y-el-trabajo\/#primaryimage"},"image":{"@id":"https:\/\/www.noticiasradioreflejos.com.ar\/2021\/miles-de-fieles-celebran-a-san-cayetano-el-patrono-del-pan-y-el-trabajo\/#primaryimage"},"thumbnailUrl":"https:\/\/www.telam.com.ar\/thumbs\/bluesteel\/advf\/imagenes\/2022\/08\/62ef1009c831f_900.jpg","datePublished":"2022-08-07T11:56:46+00:00","author":{"@id":"https:\/\/www.noticiasradioreflejos.com.ar\/2021\/#\/schema\/person\/ad82545263dcc5ec0996818884fd5fb1"},"breadcrumb":{"@id":"https:\/\/www.noticiasradioreflejos.com.ar\/2021\/miles-de-fieles-celebran-a-san-cayetano-el-patrono-del-pan-y-el-trabajo\/#breadcrumb"},"inLanguage":"es","potentialAction":[{"@type":"ReadAction","target":["https:\/\/www.noticiasradioreflejos.com.ar\/2021\/miles-de-fieles-celebran-a-san-cayetano-el-patrono-del-pan-y-el-trabajo\/"]}]},{"@type":"ImageObject","inLanguage":"es","@id":"https:\/\/www.noticiasradioreflejos.com.ar\/2021\/miles-de-fieles-celebran-a-san-cayetano-el-patrono-del-pan-y-el-trabajo\/#primaryimage","url":"https:\/\/www.telam.com.ar\/thumbs\/bluesteel\/advf\/imagenes\/2022\/08\/62ef1009c831f_900.jpg","contentUrl":"https:\/\/www.telam.com.ar\/thumbs\/bluesteel\/advf\/imagenes\/2022\/08\/62ef1009c831f_900.jpg"},{"@type":"BreadcrumbList","@id":"https:\/\/www.noticiasradioreflejos.com.ar\/2021\/miles-de-fieles-celebran-a-san-cayetano-el-patrono-del-pan-y-el-trabajo\/#breadcrumb","itemListElement":[{"@type":"ListItem","position":1,"name":"Portada","item":"https:\/\/www.noticiasradioreflejos.com.ar\/2021\/"},{"@type":"ListItem","position":2,"name":"Miles de fieles celebran a San Cayetano, el patrono del pan y el trabajo"}]},{"@type":"WebSite","@id":"https:\/\/www.noticiasradioreflejos.com.ar\/2021\/#website","url":"https:\/\/www.noticiasradioreflejos.com.ar\/2021\/","name":"Noticias Radio Reflejos","description":"Las noticias de mi comarca","potentialAction":[{"@type":"SearchAction","target":{"@type":"EntryPoint","urlTemplate":"https:\/\/www.noticiasradioreflejos.com.ar\/2021\/?s={search_term_string}"},"query-input":{"@type":"PropertyValueSpecification","valueRequired":true,"valueName":"search_term_string"}}],"inLanguage":"es"},{"@type":"Person","@id":"https:\/\/www.noticiasradioreflejos.com.ar\/2021\/#\/schema\/person\/ad82545263dcc5ec0996818884fd5fb1","name":"Arnaldo Botto","image":{"@type":"ImageObject","inLanguage":"es","@id":"https:\/\/www.noticiasradioreflejos.com.ar\/2021\/#\/schema\/person\/image\/","url":"https:\/\/secure.gravatar.com\/avatar\/55cb5e37c1efa326397366e6974cb338056df65cb50e7d64d1cf314e87504837?s=96&d=mm&r=g","contentUrl":"https:\/\/secure.gravatar.com\/avatar\/55cb5e37c1efa326397366e6974cb338056df65cb50e7d64d1cf314e87504837?s=96&d=mm&r=g","caption":"Arnaldo Botto"},"url":"https:\/\/www.noticiasradioreflejos.com.ar\/2021\/author\/arnaldo\/"}]}},"_links":{"self":[{"href":"https:\/\/www.noticiasradioreflejos.com.ar\/2021\/wp-json\/wp\/v2\/posts\/76030","targetHints":{"allow":["GET"]}}],"collection":[{"href":"https:\/\/www.noticiasradioreflejos.com.ar\/2021\/wp-json\/wp\/v2\/posts"}],"about":[{"href":"https:\/\/www.noticiasradioreflejos.com.ar\/2021\/wp-json\/wp\/v2\/types\/post"}],"author":[{"embeddable":true,"href":"https:\/\/www.noticiasradioreflejos.com.ar\/2021\/wp-json\/wp\/v2\/users\/3"}],"replies":[{"embeddable":true,"href":"https:\/\/www.noticiasradioreflejos.com.ar\/2021\/wp-json\/wp\/v2\/comments?post=76030"}],"version-history":[{"count":1,"href":"https:\/\/www.noticiasradioreflejos.com.ar\/2021\/wp-json\/wp\/v2\/posts\/76030\/revisions"}],"predecessor-version":[{"id":76032,"href":"https:\/\/www.noticiasradioreflejos.com.ar\/2021\/wp-json\/wp\/v2\/posts\/76030\/revisions\/76032"}],"wp:attachment":[{"href":"https:\/\/www.noticiasradioreflejos.com.ar\/2021\/wp-json\/wp\/v2\/media?parent=76030"}],"wp:term":[{"taxonomy":"category","embeddable":true,"href":"https:\/\/www.noticiasradioreflejos.com.ar\/2021\/wp-json\/wp\/v2\/categories?post=76030"},{"taxonomy":"post_tag","embeddable":true,"href":"https:\/\/www.noticiasradioreflejos.com.ar\/2021\/wp-json\/wp\/v2\/tags?post=76030"}],"curies":[{"name":"wp","href":"https:\/\/api.w.org\/{rel}","templated":true}]}}