{"id":76027,"date":"2022-08-07T11:54:03","date_gmt":"2022-08-07T11:54:03","guid":{"rendered":"http:\/\/www.noticiasradioreflejos.com.ar\/2021\/?p=76027"},"modified":"2022-08-07T11:54:03","modified_gmt":"2022-08-07T11:54:03","slug":"el-mejor-alfajor-del-mundo-es-de-mousse-de-chocolate-de-licor-y-marplatense","status":"publish","type":"post","link":"https:\/\/www.noticiasradioreflejos.com.ar\/2021\/el-mejor-alfajor-del-mundo-es-de-mousse-de-chocolate-de-licor-y-marplatense\/","title":{"rendered":"\u00abEl mejor alfajor del mundo\u00bb es de mousse de chocolate de licor y marplatense"},"content":{"rendered":"<p>El Primer Campeonato mundial del alfajor tuvo lugar en el microcentro porte\u00f1o. Participaron 150 productores de la Argentina y el mundo con 350 muestras. \u00abEste alfajor tiene dos galletitas, lleva 50 gramos de relleno, lo cual lo hace algo distinto, y controlamos el punto justo de equilibrio al paladar para que no sea empalagoso, es totalmente artesanal\u00bb, dijo Fabiana de Milagros del cielo, la ganadora.<!--more--><\/p>\n<div class=\"video_repositive\">\n<div id=\"HdX2TDxz_ro\" class=\"video_telam\">\n<div class=\"feature_article_inner\">\n<div class=\"feature_article_title\">\n<h2 class=\"text-center\">\u00abEl mejor alfajor del mundo\u00bb es de mousse de chocolate de licor y marplatense<\/h2>\n<p><iframe loading=\"lazy\" title=\"\" src=\"https:\/\/www.youtube.com\/embed\/HdX2TDxz_ro\" width=\"1110\" height=\"624\" frameborder=\"0\" allowfullscreen=\"allowfullscreen\"><\/iframe><br \/>\nEl \u00abmejor alfajor del mundo\u00bb es de mousse de chocolate de licor y marplatense, seg\u00fan definieron este s\u00e1bado los expertos, al realizar una cata a ciegas en el marco del\u00a0<strong>Primer Campeonato mundial del alfajor<\/strong>\u00a0que tuvo lugar en el microcentro porte\u00f1o y en el que participaron 150 productores de la Argentina y el mundo con 350 muestras de alfajores.<\/p>\n<p>La empresa ganadora fue\u00a0<strong>Milagros del cielo<\/strong>. \u00abSon 22 a\u00f1os de trabajo, hay mucho atr\u00e1s de esto, para m\u00ed es el premio a mucho esfuerzo, estoy feliz\u00bb, dijo la ganadora Fabiana Ocaranza a T\u00e9lam, que recibi\u00f3 emocionada el reconocimiento.<\/p>\n<figure class=\"mb-3\"><img decoding=\"async\" src=\"https:\/\/www.telam.com.ar\/thumbs\/bluesteel\/advf\/imagenes\/2022\/08\/62eebbf633ce6_900.jpg\" alt=\"La empresa ganadora fue Milagros del cielo Foto captura Instagram\" width=\"100%\" height=\"100%\" \/><\/p>\n<div class=\"media-icons\"><\/div><figcaption>La empresa ganadora fue Milagros del cielo \/ Foto: captura Instagram<\/figcaption><\/figure>\n<p>\u00abEste alfajor tiene dos galletitas, lleva 50 gramos de relleno, lo cual lo hace algo distinto, y controlamos el punto justo de equilibrio al paladar para que no sea empalagoso, es totalmente artesanal\u00bb, agreg\u00f3.<\/p>\n<blockquote class=\"\"><p>\u00abCuando v\u00ed que estaba mi alfajor ah\u00ed no lo pod\u00eda creer, vali\u00f3 la pena el esfuerzo, es una receta que tenemos hace mucho tiempo\u00bb<cite class=\"author\">Fabiana Ocaranza<\/cite><\/p><\/blockquote>\n<p>Fabiana hab\u00eda reconocido su alfajor -que no ten\u00eda envoltorio- en la \u00faltima mesa de cata de los alfajores preseleccionados, que fue abierta al p\u00fablico y se realiz\u00f3 este s\u00e1bado despu\u00e9s del mediod\u00eda.<\/p>\n<p>\u00abCuando v\u00ed que estaba mi alfajor ah\u00ed no lo pod\u00eda creer, vali\u00f3 la pena el esfuerzo, es una receta que tenemos hace mucho tiempo\u00bb, dijo contenta y agreg\u00f3 que se enter\u00f3 del mundial por sus clientes que son \u00abfan\u00e1ticos de la marca hace muchos a\u00f1os\u00bb y la motivaron a anotarse.<\/p>\n<figure class=\"mb-3\"><img decoding=\"async\" src=\"https:\/\/www.telam.com.ar\/thumbs\/bluesteel\/advf\/imagenes\/2022\/08\/62ee88f8ebebb_900.jpg\" alt=\"Participaron 150 productores de la Argentina y el mundo y 350 muestras de alfajores Foto Victoria Egurza\" width=\"100%\" height=\"100%\" \/><\/p>\n<div class=\"media-icons\"><\/div><figcaption>Participaron 150 productores de la Argentina y el mundo, y 350 muestras de alfajores \/ Foto: Victoria Egurza.<\/figcaption><\/figure>\n<h2 class=\"\">El Campeonato<\/h2>\n<p>El Campeonato se realiz\u00f3 durante la\u00a0<strong>Feria Argentina del Alfajor\u00a0<\/strong>que comenz\u00f3 el 1 de agosto y finaliz\u00f3 este s\u00e1bado en el primer piso de la Galer\u00eda Central ubicada en Av. Corrientes y Florida, a la que asistieron con entrada gratuita alrededor de 12 mil personas, seg\u00fan confirmaron a T\u00e9lam desde la organizaci\u00f3n encabezada por Juan Sardella y Juan Jos\u00e9 Soria.<\/p>\n<p>\u00abLa feria y el campeonato funcionaron muy bien y super\u00f3 nuestras expectativas\u00bb, destac\u00f3 Sardella a T\u00e9lam.<\/p>\n<p>\u00abEl puntaje del alfajor fue 8,18 sobre 10, este alfajor gan\u00f3 por sus caracter\u00edsticas organol\u00e9pticas, por una masa muy h\u00fameda, por un relleno con su justa humedad y una cubierta tambi\u00e9n correcta, aunque hubo mucha paridad\u00bb, dijo a T\u00e9lam el chef ejecutivo Cristian Ponce de Le\u00f3n, uno de los presidentes del jurado.<\/p>\n<figure class=\"mb-3\"><img decoding=\"async\" src=\"https:\/\/www.telam.com.ar\/thumbs\/bluesteel\/advf\/imagenes\/2022\/08\/62ee88f8c2f46_900.jpg\" alt=\"El campeonato tiene lugar en la Feria Argentina del Alfajor Foto Victoria Egurza\" width=\"100%\" height=\"100%\" \/><\/p>\n<div class=\"media-icons\"><\/div><figcaption>El campeonato tiene lugar en la Feria Argentina del Alfajor \/ Foto: Victoria Egurza.<\/figcaption><\/figure>\n<p>Por su parte, la productora de la empresa alfajorera Cielos Pampeanos y tambi\u00e9n presidenta del jurado, Silvia Chus, expres\u00f3 en el evento: \u00ab<strong>El alfajor en la Argentina es un sentimiento<\/strong>, cuando uno lleva un alfajor a cualquier parte del mundo est\u00e1 llevando parte de nuestra cultura e historia\u00bb.<\/p>\n<p>La ganadora Ocaranza coincidi\u00f3 con Chus y expres\u00f3 a T\u00e9lam que \u00abojal\u00e1 el a\u00f1o que viene el campeonato se haga en La Rural as\u00ed cada vez somos m\u00e1s participantes del pa\u00eds\u00bb.<\/p>\n<p>En el campeonato\u00a0<strong>se entregaron adem\u00e1s 48 premios<\/strong>\u00a0en las categor\u00edas Mejor Chocolate Negro, Mejor Chocolate Blanco, Mejor Dulce de Leche, Mejor Relleno de Fruta, Mejor Alfajor Simple, Mejor Alfajor Triple, Mejor Galleta, Mejor Alfajor de Confiter\u00eda, Mejor Sabor Tradicional, Mejor Sabor Ex\u00f3tico, Mejor Textura, Mejor Aroma a Alfajor, Mejor Packaging, Mejor Alfajor Saludable y Mejor Alfajor de Maicena.<\/p>\n<figure class=\"mb-3\"><img decoding=\"async\" src=\"https:\/\/www.telam.com.ar\/thumbs\/bluesteel\/advf\/imagenes\/2022\/08\/62ee88f89abcb_900.jpg\" alt=\"El jurado conformado por 12 expertos tiene que elegir entre 350 muestras industriales y artesanales Foto Victoria Egurza\" width=\"100%\" height=\"100%\" \/><\/p>\n<div class=\"media-icons\"><\/div><figcaption>El jurado conformado por 12 expertos tiene que elegir entre 350 muestras industriales y artesanales \/ Foto: Victoria Egurza.<\/figcaption><\/figure>\n<p>Los expertos\u00a0<strong>tuvieron que elegir entre 350 muestras<\/strong>\u00a0que fueron enviadas por 150 productores grandes, medianos y peque\u00f1os, industriales y artesanales, que se midieron \u00aben igualdad de condiciones\u00bb, y los ganadores de cada categor\u00eda compitieron por ser el \u00abmejor alfajor del mundo 2022\u00bb.<\/p>\n<p>Para hacerlo el jurado desglos\u00f3 num\u00e9ricamente a trav\u00e9s de puntajes las apreciaciones 100% sensoriales y no est\u00e9ticas sobre m\u00e1s de 30 puntos de cada alfajor de los que analiz\u00f3 ingredientes, relleno, galleta y cobertura.<\/p>\n<p>Evaluaron la apariencia externa, luego la relaci\u00f3n galleta relleno, homogeneidad del relleno, espesor de la cobertura, firmeza, masticabilidad, evaluaci\u00f3n gustativa y olfativa, complejidad y equilibrio de cada uno.<\/p>\n<p><strong>El 70% de los alfajores que participaron fueron artesanales.<\/strong><\/p>\n<figure class=\"mb-3\"><img decoding=\"async\" src=\"https:\/\/www.telam.com.ar\/thumbs\/bluesteel\/advf\/imagenes\/2022\/08\/62ee88f84d21e_900.jpg\" alt=\"Foto Victoria Egurza\" width=\"100%\" height=\"100%\" \/><\/p>\n<div class=\"media-icons\"><\/div><figcaption>Foto: Victoria Egurza.<\/figcaption><\/figure>\n<p>Los productores nacionales inscriptos fueron de los grandes centros alfajoreros como las provincias de Buenos Aires, C\u00f3rdoba y Santa Fe, entre otras, pero tambi\u00e9n de Colombia, Ecuador, Brasil, Paraguay, Per\u00fa, Canad\u00e1, Pa\u00edses Bajos y Espa\u00f1a, que en su mayor\u00eda se trata de argentinos que emigraron y que \u00abextra\u00f1an al alfajor y lo terminan produciendo ellos mismos en esos pa\u00edses\u00bb, explic\u00f3 a T\u00e9lam el director t\u00e9cnico del campeonato, Juan Jos\u00e9 Soria.<\/p>\n<p>Durante los \u00faltimos d\u00edas de la feria, mientras los 12 integrantes del jurado realizaban la cata a ciegas con t\u00e9cnicas de An\u00e1lisis sensorial en un \u00abcuarto oscuro\u00bb,<strong>\u00a0el p\u00fablico recorri\u00f3 el evento para comprar en los diversos stands<\/strong>\u00a0alfajores artesanales, premium y gourmet.<\/p>\n<p>\u00abConoc\u00ed la feria por las redes sociales, compr\u00e9 alfajores con rellenos de nutella y pistacho, que son los mejores, tambi\u00e9n hay otros con sabor a cerveza y licores, muy buena la propuesta\u00bb, dijo a T\u00e9lam Nicol\u00e1s Berm\u00fadez, estudiante de gastronom\u00eda de San Fernando, mientras hac\u00eda la fila para comprar alfajores de \u00abLa Vaca Lechera de San Telmo\u00bb.<\/p>\n<figure class=\"mb-3\"><img decoding=\"async\" src=\"https:\/\/www.telam.com.ar\/thumbs\/bluesteel\/advf\/imagenes\/2022\/08\/62ee88f8744af_900.jpg\" alt=\"Foto Victoria Egurza\" width=\"100%\" height=\"100%\" \/><\/p>\n<div class=\"media-icons\"><\/div><figcaption>Foto: Victoria Egurza.<\/figcaption><\/figure>\n<p>Tambi\u00e9n el p\u00fablico interactu\u00f3 con el jurado, conversaron y se tomaron fotos con el cartel del mundial de alfajores de fondo durante toda la semana.<\/p>\n<p>Gabriela Ojeda, de Trist\u00e1n Su\u00e1rez, se enter\u00f3 de la feria por Facebook y la visit\u00f3 junto a su hija y amigos.\u00a0<strong>\u00abAmamos los alfajores, vinimos para pasar una linda ma\u00f1ana y probamos alfajores buen\u00edsimos\u00bb<\/strong>, dijo Ojeda, entre risas y mate en mano.<\/p>\n<p>Comerciantes de los stands contaron a T\u00e9lam que el p\u00fablico \u00abse duplic\u00f3\u00bb cada d\u00eda de la feria y estuvo conformado por argentinos, sobre todo porte\u00f1os que en su descanso laboral pasaron a degustar, y tambi\u00e9n por turistas de Brasil, Ecuador, Venezuela y Colombia, entre otros.<\/p>\n<figure class=\"mb-3\"><img decoding=\"async\" src=\"https:\/\/www.telam.com.ar\/thumbs\/bluesteel\/advf\/imagenes\/2022\/08\/62ee88f826ba8_900.jpg\" alt=\"Foto Victoria Egurza\" width=\"100%\" height=\"100%\" \/><\/p>\n<div class=\"media-icons\"><\/div><figcaption>Foto: Victoria Egurza.<\/figcaption><\/figure>\n<p>Adem\u00e1s de Chus y Ponce de Le\u00f3n, tambi\u00e9n integraron el jurado la periodista gastron\u00f3mica Carolina Balverdi; y los influencers de alfajores Hern\u00e1n Montes, Juan Manuel Logiacco, Mariano Lopez y Facundo Calabr\u00f3; los chef Lucas Fuente, Pablo Remaggi; la emprendedora pastelera Agustina Laporte, y dos integrantes del p\u00fablico, Diego Parilla y Joaqu\u00edn Bettinelli.<\/p>\n<p>En tanto, el integrante del jurado, Hern\u00e1n Montes de Oca, influencer creador de la cuenta de instagram \u00ab@probandoalfajores\u00bb, concluy\u00f3 en di\u00e1logo con T\u00e9lam que\u00a0<strong>la feria y el campeonato \u00abllegaron para quedarse\u00bb\u00a0<\/strong>porque \u00abhay un clima muy lindo, los productores vendieron mucho y la gente de todas las edades est\u00e1 muy entusiasmada\u00bb.<\/p>\n<figure class=\"mb-3\"><img decoding=\"async\" src=\"https:\/\/www.telam.com.ar\/thumbs\/bluesteel\/advf\/imagenes\/2022\/08\/62ee88f80033e_900.jpg\" alt=\"Foto Victoria Egurza\" width=\"100%\" height=\"100%\" \/><\/p>\n<div class=\"media-icons\"><\/div><figcaption>Foto: Victoria Egurza.<\/figcaption><\/figure>\n<\/div>\n<\/div>\n<\/div>\n<\/div>\n","protected":false},"excerpt":{"rendered":"<p>El Primer Campeonato mundial del alfajor tuvo lugar en el microcentro porte\u00f1o. Participaron 150 productores de la Argentina y el mundo con 350 muestras. \u00abEste alfajor tiene dos galletitas, lleva 50 gramos de relleno, lo cual lo hace algo distinto, y controlamos el punto justo de equilibrio al paladar para que no sea empalagoso, es [&hellip;]<\/p>\n","protected":false},"author":3,"featured_media":0,"comment_status":"closed","ping_status":"closed","sticky":false,"template":"","format":"standard","meta":{"footnotes":""},"categories":[26],"tags":[],"class_list":["post-76027","post","type-post","status-publish","format-standard","hentry","category-sociedad"],"yoast_head":"<!-- This site is optimized with the Yoast SEO plugin v25.9 - https:\/\/yoast.com\/wordpress\/plugins\/seo\/ -->\n<title>&quot;El mejor alfajor del mundo&quot; es de mousse de chocolate de licor y marplatense - Noticias Radio Reflejos<\/title>\n<meta name=\"robots\" content=\"index, follow, max-snippet:-1, max-image-preview:large, max-video-preview:-1\" \/>\n<link rel=\"canonical\" href=\"https:\/\/www.noticiasradioreflejos.com.ar\/2021\/el-mejor-alfajor-del-mundo-es-de-mousse-de-chocolate-de-licor-y-marplatense\/\" \/>\n<meta property=\"og:locale\" content=\"es_ES\" \/>\n<meta property=\"og:type\" content=\"article\" \/>\n<meta property=\"og:title\" content=\"&quot;El mejor alfajor del mundo&quot; es de mousse de chocolate de licor y marplatense - Noticias Radio Reflejos\" \/>\n<meta property=\"og:description\" content=\"El Primer Campeonato mundial del alfajor tuvo lugar en el microcentro porte\u00f1o. Participaron 150 productores de la Argentina y el mundo con 350 muestras. \u00abEste alfajor tiene dos galletitas, lleva 50 gramos de relleno, lo cual lo hace algo distinto, y controlamos el punto justo de equilibrio al paladar para que no sea empalagoso, es [&hellip;]\" \/>\n<meta property=\"og:url\" content=\"https:\/\/www.noticiasradioreflejos.com.ar\/2021\/el-mejor-alfajor-del-mundo-es-de-mousse-de-chocolate-de-licor-y-marplatense\/\" \/>\n<meta property=\"og:site_name\" content=\"Noticias Radio Reflejos\" \/>\n<meta property=\"article:published_time\" content=\"2022-08-07T11:54:03+00:00\" \/>\n<meta property=\"og:image\" content=\"https:\/\/www.telam.com.ar\/thumbs\/bluesteel\/advf\/imagenes\/2022\/08\/62eebbf633ce6_900.jpg\" \/>\n<meta name=\"author\" content=\"Arnaldo Botto\" \/>\n<meta name=\"twitter:card\" content=\"summary_large_image\" \/>\n<script type=\"application\/ld+json\" class=\"yoast-schema-graph\">{\"@context\":\"https:\/\/schema.org\",\"@graph\":[{\"@type\":\"WebPage\",\"@id\":\"https:\/\/www.noticiasradioreflejos.com.ar\/2021\/el-mejor-alfajor-del-mundo-es-de-mousse-de-chocolate-de-licor-y-marplatense\/\",\"url\":\"https:\/\/www.noticiasradioreflejos.com.ar\/2021\/el-mejor-alfajor-del-mundo-es-de-mousse-de-chocolate-de-licor-y-marplatense\/\",\"name\":\"\\\"El mejor alfajor del mundo\\\" es de mousse de chocolate de licor y marplatense - Noticias Radio Reflejos\",\"isPartOf\":{\"@id\":\"https:\/\/www.noticiasradioreflejos.com.ar\/2021\/#website\"},\"primaryImageOfPage\":{\"@id\":\"https:\/\/www.noticiasradioreflejos.com.ar\/2021\/el-mejor-alfajor-del-mundo-es-de-mousse-de-chocolate-de-licor-y-marplatense\/#primaryimage\"},\"image\":{\"@id\":\"https:\/\/www.noticiasradioreflejos.com.ar\/2021\/el-mejor-alfajor-del-mundo-es-de-mousse-de-chocolate-de-licor-y-marplatense\/#primaryimage\"},\"thumbnailUrl\":\"https:\/\/www.telam.com.ar\/thumbs\/bluesteel\/advf\/imagenes\/2022\/08\/62eebbf633ce6_900.jpg\",\"datePublished\":\"2022-08-07T11:54:03+00:00\",\"author\":{\"@id\":\"https:\/\/www.noticiasradioreflejos.com.ar\/2021\/#\/schema\/person\/ad82545263dcc5ec0996818884fd5fb1\"},\"breadcrumb\":{\"@id\":\"https:\/\/www.noticiasradioreflejos.com.ar\/2021\/el-mejor-alfajor-del-mundo-es-de-mousse-de-chocolate-de-licor-y-marplatense\/#breadcrumb\"},\"inLanguage\":\"es\",\"potentialAction\":[{\"@type\":\"ReadAction\",\"target\":[\"https:\/\/www.noticiasradioreflejos.com.ar\/2021\/el-mejor-alfajor-del-mundo-es-de-mousse-de-chocolate-de-licor-y-marplatense\/\"]}]},{\"@type\":\"ImageObject\",\"inLanguage\":\"es\",\"@id\":\"https:\/\/www.noticiasradioreflejos.com.ar\/2021\/el-mejor-alfajor-del-mundo-es-de-mousse-de-chocolate-de-licor-y-marplatense\/#primaryimage\",\"url\":\"https:\/\/www.telam.com.ar\/thumbs\/bluesteel\/advf\/imagenes\/2022\/08\/62eebbf633ce6_900.jpg\",\"contentUrl\":\"https:\/\/www.telam.com.ar\/thumbs\/bluesteel\/advf\/imagenes\/2022\/08\/62eebbf633ce6_900.jpg\"},{\"@type\":\"BreadcrumbList\",\"@id\":\"https:\/\/www.noticiasradioreflejos.com.ar\/2021\/el-mejor-alfajor-del-mundo-es-de-mousse-de-chocolate-de-licor-y-marplatense\/#breadcrumb\",\"itemListElement\":[{\"@type\":\"ListItem\",\"position\":1,\"name\":\"Portada\",\"item\":\"https:\/\/www.noticiasradioreflejos.com.ar\/2021\/\"},{\"@type\":\"ListItem\",\"position\":2,\"name\":\"\u00abEl mejor alfajor del mundo\u00bb es de mousse de chocolate de licor y marplatense\"}]},{\"@type\":\"WebSite\",\"@id\":\"https:\/\/www.noticiasradioreflejos.com.ar\/2021\/#website\",\"url\":\"https:\/\/www.noticiasradioreflejos.com.ar\/2021\/\",\"name\":\"Noticias Radio Reflejos\",\"description\":\"Las noticias de mi comarca\",\"potentialAction\":[{\"@type\":\"SearchAction\",\"target\":{\"@type\":\"EntryPoint\",\"urlTemplate\":\"https:\/\/www.noticiasradioreflejos.com.ar\/2021\/?s={search_term_string}\"},\"query-input\":{\"@type\":\"PropertyValueSpecification\",\"valueRequired\":true,\"valueName\":\"search_term_string\"}}],\"inLanguage\":\"es\"},{\"@type\":\"Person\",\"@id\":\"https:\/\/www.noticiasradioreflejos.com.ar\/2021\/#\/schema\/person\/ad82545263dcc5ec0996818884fd5fb1\",\"name\":\"Arnaldo Botto\",\"image\":{\"@type\":\"ImageObject\",\"inLanguage\":\"es\",\"@id\":\"https:\/\/www.noticiasradioreflejos.com.ar\/2021\/#\/schema\/person\/image\/\",\"url\":\"https:\/\/secure.gravatar.com\/avatar\/55cb5e37c1efa326397366e6974cb338056df65cb50e7d64d1cf314e87504837?s=96&d=mm&r=g\",\"contentUrl\":\"https:\/\/secure.gravatar.com\/avatar\/55cb5e37c1efa326397366e6974cb338056df65cb50e7d64d1cf314e87504837?s=96&d=mm&r=g\",\"caption\":\"Arnaldo Botto\"},\"url\":\"https:\/\/www.noticiasradioreflejos.com.ar\/2021\/author\/arnaldo\/\"}]}<\/script>\n<!-- \/ Yoast SEO plugin. -->","yoast_head_json":{"title":"\"El mejor alfajor del mundo\" es de mousse de chocolate de licor y marplatense - Noticias Radio Reflejos","robots":{"index":"index","follow":"follow","max-snippet":"max-snippet:-1","max-image-preview":"max-image-preview:large","max-video-preview":"max-video-preview:-1"},"canonical":"https:\/\/www.noticiasradioreflejos.com.ar\/2021\/el-mejor-alfajor-del-mundo-es-de-mousse-de-chocolate-de-licor-y-marplatense\/","og_locale":"es_ES","og_type":"article","og_title":"\"El mejor alfajor del mundo\" es de mousse de chocolate de licor y marplatense - Noticias Radio Reflejos","og_description":"El Primer Campeonato mundial del alfajor tuvo lugar en el microcentro porte\u00f1o. Participaron 150 productores de la Argentina y el mundo con 350 muestras. \u00abEste alfajor tiene dos galletitas, lleva 50 gramos de relleno, lo cual lo hace algo distinto, y controlamos el punto justo de equilibrio al paladar para que no sea empalagoso, es [&hellip;]","og_url":"https:\/\/www.noticiasradioreflejos.com.ar\/2021\/el-mejor-alfajor-del-mundo-es-de-mousse-de-chocolate-de-licor-y-marplatense\/","og_site_name":"Noticias Radio Reflejos","article_published_time":"2022-08-07T11:54:03+00:00","og_image":[{"url":"https:\/\/www.telam.com.ar\/thumbs\/bluesteel\/advf\/imagenes\/2022\/08\/62eebbf633ce6_900.jpg","type":"","width":"","height":""}],"author":"Arnaldo Botto","twitter_card":"summary_large_image","schema":{"@context":"https:\/\/schema.org","@graph":[{"@type":"WebPage","@id":"https:\/\/www.noticiasradioreflejos.com.ar\/2021\/el-mejor-alfajor-del-mundo-es-de-mousse-de-chocolate-de-licor-y-marplatense\/","url":"https:\/\/www.noticiasradioreflejos.com.ar\/2021\/el-mejor-alfajor-del-mundo-es-de-mousse-de-chocolate-de-licor-y-marplatense\/","name":"\"El mejor alfajor del mundo\" es de mousse de chocolate de licor y marplatense - Noticias Radio Reflejos","isPartOf":{"@id":"https:\/\/www.noticiasradioreflejos.com.ar\/2021\/#website"},"primaryImageOfPage":{"@id":"https:\/\/www.noticiasradioreflejos.com.ar\/2021\/el-mejor-alfajor-del-mundo-es-de-mousse-de-chocolate-de-licor-y-marplatense\/#primaryimage"},"image":{"@id":"https:\/\/www.noticiasradioreflejos.com.ar\/2021\/el-mejor-alfajor-del-mundo-es-de-mousse-de-chocolate-de-licor-y-marplatense\/#primaryimage"},"thumbnailUrl":"https:\/\/www.telam.com.ar\/thumbs\/bluesteel\/advf\/imagenes\/2022\/08\/62eebbf633ce6_900.jpg","datePublished":"2022-08-07T11:54:03+00:00","author":{"@id":"https:\/\/www.noticiasradioreflejos.com.ar\/2021\/#\/schema\/person\/ad82545263dcc5ec0996818884fd5fb1"},"breadcrumb":{"@id":"https:\/\/www.noticiasradioreflejos.com.ar\/2021\/el-mejor-alfajor-del-mundo-es-de-mousse-de-chocolate-de-licor-y-marplatense\/#breadcrumb"},"inLanguage":"es","potentialAction":[{"@type":"ReadAction","target":["https:\/\/www.noticiasradioreflejos.com.ar\/2021\/el-mejor-alfajor-del-mundo-es-de-mousse-de-chocolate-de-licor-y-marplatense\/"]}]},{"@type":"ImageObject","inLanguage":"es","@id":"https:\/\/www.noticiasradioreflejos.com.ar\/2021\/el-mejor-alfajor-del-mundo-es-de-mousse-de-chocolate-de-licor-y-marplatense\/#primaryimage","url":"https:\/\/www.telam.com.ar\/thumbs\/bluesteel\/advf\/imagenes\/2022\/08\/62eebbf633ce6_900.jpg","contentUrl":"https:\/\/www.telam.com.ar\/thumbs\/bluesteel\/advf\/imagenes\/2022\/08\/62eebbf633ce6_900.jpg"},{"@type":"BreadcrumbList","@id":"https:\/\/www.noticiasradioreflejos.com.ar\/2021\/el-mejor-alfajor-del-mundo-es-de-mousse-de-chocolate-de-licor-y-marplatense\/#breadcrumb","itemListElement":[{"@type":"ListItem","position":1,"name":"Portada","item":"https:\/\/www.noticiasradioreflejos.com.ar\/2021\/"},{"@type":"ListItem","position":2,"name":"\u00abEl mejor alfajor del mundo\u00bb es de mousse de chocolate de licor y marplatense"}]},{"@type":"WebSite","@id":"https:\/\/www.noticiasradioreflejos.com.ar\/2021\/#website","url":"https:\/\/www.noticiasradioreflejos.com.ar\/2021\/","name":"Noticias Radio Reflejos","description":"Las noticias de mi comarca","potentialAction":[{"@type":"SearchAction","target":{"@type":"EntryPoint","urlTemplate":"https:\/\/www.noticiasradioreflejos.com.ar\/2021\/?s={search_term_string}"},"query-input":{"@type":"PropertyValueSpecification","valueRequired":true,"valueName":"search_term_string"}}],"inLanguage":"es"},{"@type":"Person","@id":"https:\/\/www.noticiasradioreflejos.com.ar\/2021\/#\/schema\/person\/ad82545263dcc5ec0996818884fd5fb1","name":"Arnaldo Botto","image":{"@type":"ImageObject","inLanguage":"es","@id":"https:\/\/www.noticiasradioreflejos.com.ar\/2021\/#\/schema\/person\/image\/","url":"https:\/\/secure.gravatar.com\/avatar\/55cb5e37c1efa326397366e6974cb338056df65cb50e7d64d1cf314e87504837?s=96&d=mm&r=g","contentUrl":"https:\/\/secure.gravatar.com\/avatar\/55cb5e37c1efa326397366e6974cb338056df65cb50e7d64d1cf314e87504837?s=96&d=mm&r=g","caption":"Arnaldo Botto"},"url":"https:\/\/www.noticiasradioreflejos.com.ar\/2021\/author\/arnaldo\/"}]}},"_links":{"self":[{"href":"https:\/\/www.noticiasradioreflejos.com.ar\/2021\/wp-json\/wp\/v2\/posts\/76027","targetHints":{"allow":["GET"]}}],"collection":[{"href":"https:\/\/www.noticiasradioreflejos.com.ar\/2021\/wp-json\/wp\/v2\/posts"}],"about":[{"href":"https:\/\/www.noticiasradioreflejos.com.ar\/2021\/wp-json\/wp\/v2\/types\/post"}],"author":[{"embeddable":true,"href":"https:\/\/www.noticiasradioreflejos.com.ar\/2021\/wp-json\/wp\/v2\/users\/3"}],"replies":[{"embeddable":true,"href":"https:\/\/www.noticiasradioreflejos.com.ar\/2021\/wp-json\/wp\/v2\/comments?post=76027"}],"version-history":[{"count":1,"href":"https:\/\/www.noticiasradioreflejos.com.ar\/2021\/wp-json\/wp\/v2\/posts\/76027\/revisions"}],"predecessor-version":[{"id":76029,"href":"https:\/\/www.noticiasradioreflejos.com.ar\/2021\/wp-json\/wp\/v2\/posts\/76027\/revisions\/76029"}],"wp:attachment":[{"href":"https:\/\/www.noticiasradioreflejos.com.ar\/2021\/wp-json\/wp\/v2\/media?parent=76027"}],"wp:term":[{"taxonomy":"category","embeddable":true,"href":"https:\/\/www.noticiasradioreflejos.com.ar\/2021\/wp-json\/wp\/v2\/categories?post=76027"},{"taxonomy":"post_tag","embeddable":true,"href":"https:\/\/www.noticiasradioreflejos.com.ar\/2021\/wp-json\/wp\/v2\/tags?post=76027"}],"curies":[{"name":"wp","href":"https:\/\/api.w.org\/{rel}","templated":true}]}}