{"id":76024,"date":"2022-08-06T14:24:00","date_gmt":"2022-08-06T14:24:00","guid":{"rendered":"http:\/\/www.noticiasradioreflejos.com.ar\/2021\/?p=76024"},"modified":"2022-08-06T14:24:00","modified_gmt":"2022-08-06T14:24:00","slug":"economia-realizara-el-martes-un-canje-de-deuda-y-ofrece-titulos-atados-a-la-inflacion-o-el-dolar","status":"publish","type":"post","link":"https:\/\/www.noticiasradioreflejos.com.ar\/2021\/economia-realizara-el-martes-un-canje-de-deuda-y-ofrece-titulos-atados-a-la-inflacion-o-el-dolar\/","title":{"rendered":"Econom\u00eda realizar\u00e1 el martes un canje de deuda y ofrece t\u00edtulos atados a la inflaci\u00f3n o el d\u00f3lar"},"content":{"rendered":"<p>La cartera que conduce Sergio Massa concretar\u00e1 uno de los puntos que anunci\u00f3 a pocas horas de asumir, una medida que busca descomprimir los compromisos de deuda en pesos de los pr\u00f3ximos 90 d\u00edas.<!--more--><\/p>\n<p>El Ministerio de Econom\u00eda realizar\u00e1 el martes una operaci\u00f3n de canje de t\u00edtulos que vencen entre este mes y octubre por otros que se abonan el a\u00f1o pr\u00f3ximo, y que el tenedor, al momento del pago, elige si quiere que se ajuste por la variaci\u00f3n del d\u00f3lar o de los precios.<\/p>\n<p>De esta manera,\u00a0<strong>la cartera que conduce Sergio Massa concretar\u00e1 uno de los puntos que anunci\u00f3 a pocas horas de asumir, una medida que busca descomprimir los compromisos de deuda en pesos de los pr\u00f3ximos 90 d\u00edas<\/strong>, mediante un canje de deuda voluntario, junto a la decisi\u00f3n de no pedir hasta fin de a\u00f1o adelantos transitorios al Banco Central (BCRA) como mecanismo de financiamiento del d\u00e9ficit p\u00fablico.<\/p>\n<p>Los detalles de la propuesta de canje que se termin\u00f3 de elaborar en el Palacio de Hacienda se dieron a conocer mientras\u00a0<strong>se manten\u00eda pendiente la definici\u00f3n de quien ser\u00e1 el viceministro<\/strong>, un puesto que sigue bajo estudio y para el que se busca un economista especializado en macroeconom\u00eda con experiencia en la relaci\u00f3n con los bancos multilaterales.<\/p>\n<p><strong>En las primeras horas del d\u00eda estaba avanzada la idea de incorporar en esa funci\u00f3n al consultor Gabriel Rubinstein<\/strong>, director ejecutivo de la consultora GRA, quien se desempe\u00f1\u00f3 en el Banco Central durante la gesti\u00f3n de Roberto Lavagna como ministro (2002-2005), se\u00f1alaron fuentes del Palacio de Hacienda.<\/p>\n<p>Sin embargo,\u00a0<strong>con el paso de las horas se prioriz\u00f3 avanzar en la b\u00fasqueda de otro perfil<\/strong>\u00a0y la resoluci\u00f3n de quien ser\u00e1 el nuevo viceministro segu\u00eda esta noche en an\u00e1lisis, agregaron las fuentes.<\/p>\n<p>A la espera de completar el equipo, el Ministerio de Econom\u00eda inform\u00f3 que una de las ofertas es tomar uno de estos \u00abBono Dual\u00bb con vencimiento a junio del 2023 y entregar a cambio Letras del Tesoro ajustadas por CER (inflaci\u00f3n), u otra a tasa variable m\u00e1s 14%, ambas pagaderas el 16 de agosto, o una tercera a Descuento pero con vencimiento el 31 de este mes.<\/p>\n<figure class=\"mb-3\"><img decoding=\"async\" src=\"https:\/\/www.telam.com.ar\/thumbs\/bluesteel\/advf\/imagenes\/2022\/08\/62eb0bb3b1670_900.jpg\" alt=\"Foto Ral Ferrari archivo\" width=\"100%\" height=\"100%\" \/><\/p>\n<div class=\"media-icons\"><\/div><figcaption>Foto: Ra\u00fal Ferrari. (archivo).<\/figcaption><\/figure>\n<p>La segunda opci\u00f3n es otro Bono Dual con vencimiento en julio del 2023 y los t\u00edtulos a entregar son un Bono Ajustado por CER, mas 1,3% con vencimiento el 20 de septiembre, y una Letra del Tesoro a descuento, y pagadera el 30 de septiembre.<\/p>\n<p>La tercera opci\u00f3n es tambi\u00e9n un Bono Dual pero con vencimiento el 30 de septiembre del a\u00f1o pr\u00f3ximo y por \u00e9l se podr\u00e1n canjear las Letras del Tesoro, con CER y a descuento que se deben pagar el 21 de octubre, y las Letras del Tesoro a Descuento con cierre el 31 de octubre.<\/p>\n<p><strong>La recepci\u00f3n de las ofertas comenzar\u00e1 a las 10:00 y finalizar\u00e1 a las 15:00 del martes pr\u00f3ximo\u00a0<\/strong>y la liquidaci\u00f3n de las ofertas recibidas y adjudicadas se efectuar\u00e1 el viernes 12 de agosto, inform\u00f3 el ministerio de Econom\u00eda a trav\u00e9s de un comunicado.<\/p>\n<p><strong>Massa tambi\u00e9n hab\u00eda anticipado que el pr\u00f3ximo lunes el Ministerio de Econom\u00eda le reintegrar\u00e1 $ 10.000 millones al BCRA como forma de ir reduciendo la deuda que mantiene con la autoridad monetaria, un \u00abcamino de cancelaci\u00f3n que procuraremos continuar\u00bb<\/strong>, y destac\u00f3 una fuerte adhesi\u00f3n al canje estimada en un 60% en los primeros di\u00e1logos con tenedores de deuda en el sector privado.<\/p>\n<p>\u00abB\u00e1sicamente, lo que vamos a hacer es no pedir m\u00e1s plata de emisi\u00f3n para financiar al tesoro al Banco Central. Nos vamos a arreglar con los recursos que recaudamos y con financiamiento que podamos conseguir del sector privado\u00bb, asegur\u00f3.<\/p>\n<p>Ambas medidas, dijo el ministro, pretenden \u00abdar mayor previsibilidad y despejar la incertidumbre\u00bb y dem\u00e1s especulaciones de los \u00faltimos d\u00edas, en los cuales se habl\u00f3 \u00abde una gran concentraci\u00f3n de vencimientos de deuda en los pr\u00f3ximos meses\u00bb.<\/p>\n<p>En lo que respecta al compromiso de limitar la monetizaci\u00f3n del d\u00e9ficit, en lo que va del a\u00f1o el Banco Central le transfiri\u00f3 al Tesoro nacional unos $ 950.000 millones en concepto de Adelantos Transitorios, aunque el Tesoro le devolvi\u00f3 $ 322.449 millones con parte de los Derechos Especiales de giro (DEG) que le otorg\u00f3 el FMI.<\/p>\n<p>El acuerdo firmado con el FMI establec\u00eda un m\u00e1ximo de Adelantos Transitorios del BCRA al Tesoro equivalentes al 1% del PBI para 2022, una meta que hasta ahora se ven\u00eda cumpliendo pero que, con la medida anunciada este viernes, se sobrecumplir\u00e1.<\/p>\n","protected":false},"excerpt":{"rendered":"<p>La cartera que conduce Sergio Massa concretar\u00e1 uno de los puntos que anunci\u00f3 a pocas horas de asumir, una medida que busca descomprimir los compromisos de deuda en pesos de los pr\u00f3ximos 90 d\u00edas.<\/p>\n","protected":false},"author":3,"featured_media":0,"comment_status":"closed","ping_status":"closed","sticky":false,"template":"","format":"standard","meta":{"footnotes":""},"categories":[36],"tags":[],"class_list":["post-76024","post","type-post","status-publish","format-standard","hentry","category-economia"],"yoast_head":"<!-- This site is optimized with the Yoast SEO plugin v25.9 - https:\/\/yoast.com\/wordpress\/plugins\/seo\/ -->\n<title>Econom\u00eda realizar\u00e1 el martes un canje de deuda y ofrece t\u00edtulos atados a la inflaci\u00f3n o el d\u00f3lar - Noticias Radio Reflejos<\/title>\n<meta name=\"robots\" content=\"index, follow, max-snippet:-1, max-image-preview:large, max-video-preview:-1\" \/>\n<link rel=\"canonical\" href=\"https:\/\/www.noticiasradioreflejos.com.ar\/2021\/economia-realizara-el-martes-un-canje-de-deuda-y-ofrece-titulos-atados-a-la-inflacion-o-el-dolar\/\" \/>\n<meta property=\"og:locale\" content=\"es_ES\" \/>\n<meta property=\"og:type\" content=\"article\" \/>\n<meta property=\"og:title\" content=\"Econom\u00eda realizar\u00e1 el martes un canje de deuda y ofrece t\u00edtulos atados a la inflaci\u00f3n o el d\u00f3lar - Noticias Radio Reflejos\" \/>\n<meta property=\"og:description\" content=\"La cartera que conduce Sergio Massa concretar\u00e1 uno de los puntos que anunci\u00f3 a pocas horas de asumir, una medida que busca descomprimir los compromisos de deuda en pesos de los pr\u00f3ximos 90 d\u00edas.\" \/>\n<meta property=\"og:url\" content=\"https:\/\/www.noticiasradioreflejos.com.ar\/2021\/economia-realizara-el-martes-un-canje-de-deuda-y-ofrece-titulos-atados-a-la-inflacion-o-el-dolar\/\" \/>\n<meta property=\"og:site_name\" content=\"Noticias Radio Reflejos\" \/>\n<meta property=\"article:published_time\" content=\"2022-08-06T14:24:00+00:00\" \/>\n<meta property=\"og:image\" content=\"https:\/\/www.telam.com.ar\/thumbs\/bluesteel\/advf\/imagenes\/2022\/08\/62eb0bb3b1670_900.jpg\" \/>\n<meta name=\"author\" content=\"Arnaldo Botto\" \/>\n<meta name=\"twitter:card\" content=\"summary_large_image\" \/>\n<script type=\"application\/ld+json\" class=\"yoast-schema-graph\">{\"@context\":\"https:\/\/schema.org\",\"@graph\":[{\"@type\":\"WebPage\",\"@id\":\"https:\/\/www.noticiasradioreflejos.com.ar\/2021\/economia-realizara-el-martes-un-canje-de-deuda-y-ofrece-titulos-atados-a-la-inflacion-o-el-dolar\/\",\"url\":\"https:\/\/www.noticiasradioreflejos.com.ar\/2021\/economia-realizara-el-martes-un-canje-de-deuda-y-ofrece-titulos-atados-a-la-inflacion-o-el-dolar\/\",\"name\":\"Econom\u00eda realizar\u00e1 el martes un canje de deuda y ofrece t\u00edtulos atados a la inflaci\u00f3n o el d\u00f3lar - Noticias Radio Reflejos\",\"isPartOf\":{\"@id\":\"https:\/\/www.noticiasradioreflejos.com.ar\/2021\/#website\"},\"primaryImageOfPage\":{\"@id\":\"https:\/\/www.noticiasradioreflejos.com.ar\/2021\/economia-realizara-el-martes-un-canje-de-deuda-y-ofrece-titulos-atados-a-la-inflacion-o-el-dolar\/#primaryimage\"},\"image\":{\"@id\":\"https:\/\/www.noticiasradioreflejos.com.ar\/2021\/economia-realizara-el-martes-un-canje-de-deuda-y-ofrece-titulos-atados-a-la-inflacion-o-el-dolar\/#primaryimage\"},\"thumbnailUrl\":\"https:\/\/www.telam.com.ar\/thumbs\/bluesteel\/advf\/imagenes\/2022\/08\/62eb0bb3b1670_900.jpg\",\"datePublished\":\"2022-08-06T14:24:00+00:00\",\"author\":{\"@id\":\"https:\/\/www.noticiasradioreflejos.com.ar\/2021\/#\/schema\/person\/ad82545263dcc5ec0996818884fd5fb1\"},\"breadcrumb\":{\"@id\":\"https:\/\/www.noticiasradioreflejos.com.ar\/2021\/economia-realizara-el-martes-un-canje-de-deuda-y-ofrece-titulos-atados-a-la-inflacion-o-el-dolar\/#breadcrumb\"},\"inLanguage\":\"es\",\"potentialAction\":[{\"@type\":\"ReadAction\",\"target\":[\"https:\/\/www.noticiasradioreflejos.com.ar\/2021\/economia-realizara-el-martes-un-canje-de-deuda-y-ofrece-titulos-atados-a-la-inflacion-o-el-dolar\/\"]}]},{\"@type\":\"ImageObject\",\"inLanguage\":\"es\",\"@id\":\"https:\/\/www.noticiasradioreflejos.com.ar\/2021\/economia-realizara-el-martes-un-canje-de-deuda-y-ofrece-titulos-atados-a-la-inflacion-o-el-dolar\/#primaryimage\",\"url\":\"https:\/\/www.telam.com.ar\/thumbs\/bluesteel\/advf\/imagenes\/2022\/08\/62eb0bb3b1670_900.jpg\",\"contentUrl\":\"https:\/\/www.telam.com.ar\/thumbs\/bluesteel\/advf\/imagenes\/2022\/08\/62eb0bb3b1670_900.jpg\"},{\"@type\":\"BreadcrumbList\",\"@id\":\"https:\/\/www.noticiasradioreflejos.com.ar\/2021\/economia-realizara-el-martes-un-canje-de-deuda-y-ofrece-titulos-atados-a-la-inflacion-o-el-dolar\/#breadcrumb\",\"itemListElement\":[{\"@type\":\"ListItem\",\"position\":1,\"name\":\"Portada\",\"item\":\"https:\/\/www.noticiasradioreflejos.com.ar\/2021\/\"},{\"@type\":\"ListItem\",\"position\":2,\"name\":\"Econom\u00eda realizar\u00e1 el martes un canje de deuda y ofrece t\u00edtulos atados a la inflaci\u00f3n o el d\u00f3lar\"}]},{\"@type\":\"WebSite\",\"@id\":\"https:\/\/www.noticiasradioreflejos.com.ar\/2021\/#website\",\"url\":\"https:\/\/www.noticiasradioreflejos.com.ar\/2021\/\",\"name\":\"Noticias Radio Reflejos\",\"description\":\"Las noticias de mi comarca\",\"potentialAction\":[{\"@type\":\"SearchAction\",\"target\":{\"@type\":\"EntryPoint\",\"urlTemplate\":\"https:\/\/www.noticiasradioreflejos.com.ar\/2021\/?s={search_term_string}\"},\"query-input\":{\"@type\":\"PropertyValueSpecification\",\"valueRequired\":true,\"valueName\":\"search_term_string\"}}],\"inLanguage\":\"es\"},{\"@type\":\"Person\",\"@id\":\"https:\/\/www.noticiasradioreflejos.com.ar\/2021\/#\/schema\/person\/ad82545263dcc5ec0996818884fd5fb1\",\"name\":\"Arnaldo Botto\",\"image\":{\"@type\":\"ImageObject\",\"inLanguage\":\"es\",\"@id\":\"https:\/\/www.noticiasradioreflejos.com.ar\/2021\/#\/schema\/person\/image\/\",\"url\":\"https:\/\/secure.gravatar.com\/avatar\/55cb5e37c1efa326397366e6974cb338056df65cb50e7d64d1cf314e87504837?s=96&d=mm&r=g\",\"contentUrl\":\"https:\/\/secure.gravatar.com\/avatar\/55cb5e37c1efa326397366e6974cb338056df65cb50e7d64d1cf314e87504837?s=96&d=mm&r=g\",\"caption\":\"Arnaldo Botto\"},\"url\":\"https:\/\/www.noticiasradioreflejos.com.ar\/2021\/author\/arnaldo\/\"}]}<\/script>\n<!-- \/ Yoast SEO plugin. -->","yoast_head_json":{"title":"Econom\u00eda realizar\u00e1 el martes un canje de deuda y ofrece t\u00edtulos atados a la inflaci\u00f3n o el d\u00f3lar - Noticias Radio Reflejos","robots":{"index":"index","follow":"follow","max-snippet":"max-snippet:-1","max-image-preview":"max-image-preview:large","max-video-preview":"max-video-preview:-1"},"canonical":"https:\/\/www.noticiasradioreflejos.com.ar\/2021\/economia-realizara-el-martes-un-canje-de-deuda-y-ofrece-titulos-atados-a-la-inflacion-o-el-dolar\/","og_locale":"es_ES","og_type":"article","og_title":"Econom\u00eda realizar\u00e1 el martes un canje de deuda y ofrece t\u00edtulos atados a la inflaci\u00f3n o el d\u00f3lar - Noticias Radio Reflejos","og_description":"La cartera que conduce Sergio Massa concretar\u00e1 uno de los puntos que anunci\u00f3 a pocas horas de asumir, una medida que busca descomprimir los compromisos de deuda en pesos de los pr\u00f3ximos 90 d\u00edas.","og_url":"https:\/\/www.noticiasradioreflejos.com.ar\/2021\/economia-realizara-el-martes-un-canje-de-deuda-y-ofrece-titulos-atados-a-la-inflacion-o-el-dolar\/","og_site_name":"Noticias Radio Reflejos","article_published_time":"2022-08-06T14:24:00+00:00","og_image":[{"url":"https:\/\/www.telam.com.ar\/thumbs\/bluesteel\/advf\/imagenes\/2022\/08\/62eb0bb3b1670_900.jpg","type":"","width":"","height":""}],"author":"Arnaldo Botto","twitter_card":"summary_large_image","schema":{"@context":"https:\/\/schema.org","@graph":[{"@type":"WebPage","@id":"https:\/\/www.noticiasradioreflejos.com.ar\/2021\/economia-realizara-el-martes-un-canje-de-deuda-y-ofrece-titulos-atados-a-la-inflacion-o-el-dolar\/","url":"https:\/\/www.noticiasradioreflejos.com.ar\/2021\/economia-realizara-el-martes-un-canje-de-deuda-y-ofrece-titulos-atados-a-la-inflacion-o-el-dolar\/","name":"Econom\u00eda realizar\u00e1 el martes un canje de deuda y ofrece t\u00edtulos atados a la inflaci\u00f3n o el d\u00f3lar - Noticias Radio Reflejos","isPartOf":{"@id":"https:\/\/www.noticiasradioreflejos.com.ar\/2021\/#website"},"primaryImageOfPage":{"@id":"https:\/\/www.noticiasradioreflejos.com.ar\/2021\/economia-realizara-el-martes-un-canje-de-deuda-y-ofrece-titulos-atados-a-la-inflacion-o-el-dolar\/#primaryimage"},"image":{"@id":"https:\/\/www.noticiasradioreflejos.com.ar\/2021\/economia-realizara-el-martes-un-canje-de-deuda-y-ofrece-titulos-atados-a-la-inflacion-o-el-dolar\/#primaryimage"},"thumbnailUrl":"https:\/\/www.telam.com.ar\/thumbs\/bluesteel\/advf\/imagenes\/2022\/08\/62eb0bb3b1670_900.jpg","datePublished":"2022-08-06T14:24:00+00:00","author":{"@id":"https:\/\/www.noticiasradioreflejos.com.ar\/2021\/#\/schema\/person\/ad82545263dcc5ec0996818884fd5fb1"},"breadcrumb":{"@id":"https:\/\/www.noticiasradioreflejos.com.ar\/2021\/economia-realizara-el-martes-un-canje-de-deuda-y-ofrece-titulos-atados-a-la-inflacion-o-el-dolar\/#breadcrumb"},"inLanguage":"es","potentialAction":[{"@type":"ReadAction","target":["https:\/\/www.noticiasradioreflejos.com.ar\/2021\/economia-realizara-el-martes-un-canje-de-deuda-y-ofrece-titulos-atados-a-la-inflacion-o-el-dolar\/"]}]},{"@type":"ImageObject","inLanguage":"es","@id":"https:\/\/www.noticiasradioreflejos.com.ar\/2021\/economia-realizara-el-martes-un-canje-de-deuda-y-ofrece-titulos-atados-a-la-inflacion-o-el-dolar\/#primaryimage","url":"https:\/\/www.telam.com.ar\/thumbs\/bluesteel\/advf\/imagenes\/2022\/08\/62eb0bb3b1670_900.jpg","contentUrl":"https:\/\/www.telam.com.ar\/thumbs\/bluesteel\/advf\/imagenes\/2022\/08\/62eb0bb3b1670_900.jpg"},{"@type":"BreadcrumbList","@id":"https:\/\/www.noticiasradioreflejos.com.ar\/2021\/economia-realizara-el-martes-un-canje-de-deuda-y-ofrece-titulos-atados-a-la-inflacion-o-el-dolar\/#breadcrumb","itemListElement":[{"@type":"ListItem","position":1,"name":"Portada","item":"https:\/\/www.noticiasradioreflejos.com.ar\/2021\/"},{"@type":"ListItem","position":2,"name":"Econom\u00eda realizar\u00e1 el martes un canje de deuda y ofrece t\u00edtulos atados a la inflaci\u00f3n o el d\u00f3lar"}]},{"@type":"WebSite","@id":"https:\/\/www.noticiasradioreflejos.com.ar\/2021\/#website","url":"https:\/\/www.noticiasradioreflejos.com.ar\/2021\/","name":"Noticias Radio Reflejos","description":"Las noticias de mi comarca","potentialAction":[{"@type":"SearchAction","target":{"@type":"EntryPoint","urlTemplate":"https:\/\/www.noticiasradioreflejos.com.ar\/2021\/?s={search_term_string}"},"query-input":{"@type":"PropertyValueSpecification","valueRequired":true,"valueName":"search_term_string"}}],"inLanguage":"es"},{"@type":"Person","@id":"https:\/\/www.noticiasradioreflejos.com.ar\/2021\/#\/schema\/person\/ad82545263dcc5ec0996818884fd5fb1","name":"Arnaldo Botto","image":{"@type":"ImageObject","inLanguage":"es","@id":"https:\/\/www.noticiasradioreflejos.com.ar\/2021\/#\/schema\/person\/image\/","url":"https:\/\/secure.gravatar.com\/avatar\/55cb5e37c1efa326397366e6974cb338056df65cb50e7d64d1cf314e87504837?s=96&d=mm&r=g","contentUrl":"https:\/\/secure.gravatar.com\/avatar\/55cb5e37c1efa326397366e6974cb338056df65cb50e7d64d1cf314e87504837?s=96&d=mm&r=g","caption":"Arnaldo Botto"},"url":"https:\/\/www.noticiasradioreflejos.com.ar\/2021\/author\/arnaldo\/"}]}},"_links":{"self":[{"href":"https:\/\/www.noticiasradioreflejos.com.ar\/2021\/wp-json\/wp\/v2\/posts\/76024","targetHints":{"allow":["GET"]}}],"collection":[{"href":"https:\/\/www.noticiasradioreflejos.com.ar\/2021\/wp-json\/wp\/v2\/posts"}],"about":[{"href":"https:\/\/www.noticiasradioreflejos.com.ar\/2021\/wp-json\/wp\/v2\/types\/post"}],"author":[{"embeddable":true,"href":"https:\/\/www.noticiasradioreflejos.com.ar\/2021\/wp-json\/wp\/v2\/users\/3"}],"replies":[{"embeddable":true,"href":"https:\/\/www.noticiasradioreflejos.com.ar\/2021\/wp-json\/wp\/v2\/comments?post=76024"}],"version-history":[{"count":1,"href":"https:\/\/www.noticiasradioreflejos.com.ar\/2021\/wp-json\/wp\/v2\/posts\/76024\/revisions"}],"predecessor-version":[{"id":76026,"href":"https:\/\/www.noticiasradioreflejos.com.ar\/2021\/wp-json\/wp\/v2\/posts\/76024\/revisions\/76026"}],"wp:attachment":[{"href":"https:\/\/www.noticiasradioreflejos.com.ar\/2021\/wp-json\/wp\/v2\/media?parent=76024"}],"wp:term":[{"taxonomy":"category","embeddable":true,"href":"https:\/\/www.noticiasradioreflejos.com.ar\/2021\/wp-json\/wp\/v2\/categories?post=76024"},{"taxonomy":"post_tag","embeddable":true,"href":"https:\/\/www.noticiasradioreflejos.com.ar\/2021\/wp-json\/wp\/v2\/tags?post=76024"}],"curies":[{"name":"wp","href":"https:\/\/api.w.org\/{rel}","templated":true}]}}