{"id":76022,"date":"2022-08-06T14:13:33","date_gmt":"2022-08-06T14:13:33","guid":{"rendered":"http:\/\/www.noticiasradioreflejos.com.ar\/2021\/?p=76022"},"modified":"2022-08-06T14:13:33","modified_gmt":"2022-08-06T14:13:33","slug":"la-afip-retomo-las-ejecuciones-fiscales-a-deudores-impositivos","status":"publish","type":"post","link":"https:\/\/www.noticiasradioreflejos.com.ar\/2021\/la-afip-retomo-las-ejecuciones-fiscales-a-deudores-impositivos\/","title":{"rendered":"La AFIP retom\u00f3 las ejecuciones fiscales a deudores impositivos"},"content":{"rendered":"<p>Antes de avanzar con el proceso formal, el tr\u00e1mite administrativo determina que primero los contribuyentes reciben una intimaci\u00f3n, luego una boleta de pago con la deuda para que puedan cancelarla y por \u00faltimo el embargo.<!--more--><\/p>\n<figure class=\"mb-3\"><img decoding=\"async\" src=\"https:\/\/www.telam.com.ar\/thumbs\/bluesteel\/advf\/imagenes\/2021\/12\/61c465170f79b_900.jpg\" alt=\"Foto archivo\" width=\"100%\" height=\"100%\" \/><\/p>\n<div class=\"media-icons\"><\/div><figcaption>Foto: archivo.<\/figcaption><\/figure>\n<p>Tras la feria judicial de invierno, la Administraci\u00f3n Federal de Ingresos P\u00fablicos retom\u00f3 las ejecuciones fiscales con los procedimientos habituales para deudores incluidos en las categor\u00edas de riesgo grande y mediano.<\/p>\n<p>La AFIP recalc\u00f3 que antes de llegar a la instancia de ejecuci\u00f3n, los contribuyentes fueron intimados y notificados \u201cen reiteradas oportunidades\u201d.<\/p>\n<p>Antes de avanzar con el proceso formal de las ejecuciones, el tr\u00e1mite administrativo determina que primero los contribuyentes reciben una intimaci\u00f3n, luego una boleta de pago con la deuda para que puedan cancelarla y por \u00faltimo el embargo.<\/p>\n<p>Es importante destacar que la AFIP no realiza embargos ni intimaciones de deuda en funci\u00f3n del sector o actividad econ\u00f3mica, sino que los realiza en funci\u00f3n de procesos asociados directamente a CUITs con deudas l\u00edquidas y exigibles.<\/p>\n<p>La\u00a0 plataforma utilizada por este organismo para la instrumentaci\u00f3n de este tipo de diligencias se denomina \u00abSistema de Oficios Judiciales\u00bb (SOJ), es por esa raz\u00f3n que dicha sigla puede verse mencionada en el tr\u00e1mite.<\/p>\n","protected":false},"excerpt":{"rendered":"<p>Antes de avanzar con el proceso formal, el tr\u00e1mite administrativo determina que primero los contribuyentes reciben una intimaci\u00f3n, luego una boleta de pago con la deuda para que puedan cancelarla y por \u00faltimo el embargo.<\/p>\n","protected":false},"author":3,"featured_media":0,"comment_status":"closed","ping_status":"closed","sticky":false,"template":"","format":"standard","meta":{"footnotes":""},"categories":[36,58],"tags":[],"class_list":["post-76022","post","type-post","status-publish","format-standard","hentry","category-economia","category-gobierno"],"yoast_head":"<!-- This site is optimized with the Yoast SEO plugin v25.9 - https:\/\/yoast.com\/wordpress\/plugins\/seo\/ -->\n<title>La AFIP retom\u00f3 las ejecuciones fiscales a deudores impositivos - Noticias Radio Reflejos<\/title>\n<meta name=\"robots\" content=\"index, follow, max-snippet:-1, max-image-preview:large, max-video-preview:-1\" \/>\n<link rel=\"canonical\" href=\"https:\/\/www.noticiasradioreflejos.com.ar\/2021\/la-afip-retomo-las-ejecuciones-fiscales-a-deudores-impositivos\/\" \/>\n<meta property=\"og:locale\" content=\"es_ES\" \/>\n<meta property=\"og:type\" content=\"article\" \/>\n<meta property=\"og:title\" content=\"La AFIP retom\u00f3 las ejecuciones fiscales a deudores impositivos - Noticias Radio Reflejos\" \/>\n<meta property=\"og:description\" content=\"Antes de avanzar con el proceso formal, el tr\u00e1mite administrativo determina que primero los contribuyentes reciben una intimaci\u00f3n, luego una boleta de pago con la deuda para que puedan cancelarla y por \u00faltimo el embargo.\" \/>\n<meta property=\"og:url\" content=\"https:\/\/www.noticiasradioreflejos.com.ar\/2021\/la-afip-retomo-las-ejecuciones-fiscales-a-deudores-impositivos\/\" \/>\n<meta property=\"og:site_name\" content=\"Noticias Radio Reflejos\" \/>\n<meta property=\"article:published_time\" content=\"2022-08-06T14:13:33+00:00\" \/>\n<meta property=\"og:image\" content=\"https:\/\/www.telam.com.ar\/thumbs\/bluesteel\/advf\/imagenes\/2021\/12\/61c465170f79b_900.jpg\" \/>\n<meta name=\"author\" content=\"Arnaldo Botto\" \/>\n<meta name=\"twitter:card\" content=\"summary_large_image\" \/>\n<script type=\"application\/ld+json\" class=\"yoast-schema-graph\">{\"@context\":\"https:\/\/schema.org\",\"@graph\":[{\"@type\":\"WebPage\",\"@id\":\"https:\/\/www.noticiasradioreflejos.com.ar\/2021\/la-afip-retomo-las-ejecuciones-fiscales-a-deudores-impositivos\/\",\"url\":\"https:\/\/www.noticiasradioreflejos.com.ar\/2021\/la-afip-retomo-las-ejecuciones-fiscales-a-deudores-impositivos\/\",\"name\":\"La AFIP retom\u00f3 las ejecuciones fiscales a deudores impositivos - Noticias Radio Reflejos\",\"isPartOf\":{\"@id\":\"https:\/\/www.noticiasradioreflejos.com.ar\/2021\/#website\"},\"primaryImageOfPage\":{\"@id\":\"https:\/\/www.noticiasradioreflejos.com.ar\/2021\/la-afip-retomo-las-ejecuciones-fiscales-a-deudores-impositivos\/#primaryimage\"},\"image\":{\"@id\":\"https:\/\/www.noticiasradioreflejos.com.ar\/2021\/la-afip-retomo-las-ejecuciones-fiscales-a-deudores-impositivos\/#primaryimage\"},\"thumbnailUrl\":\"https:\/\/www.telam.com.ar\/thumbs\/bluesteel\/advf\/imagenes\/2021\/12\/61c465170f79b_900.jpg\",\"datePublished\":\"2022-08-06T14:13:33+00:00\",\"author\":{\"@id\":\"https:\/\/www.noticiasradioreflejos.com.ar\/2021\/#\/schema\/person\/ad82545263dcc5ec0996818884fd5fb1\"},\"breadcrumb\":{\"@id\":\"https:\/\/www.noticiasradioreflejos.com.ar\/2021\/la-afip-retomo-las-ejecuciones-fiscales-a-deudores-impositivos\/#breadcrumb\"},\"inLanguage\":\"es\",\"potentialAction\":[{\"@type\":\"ReadAction\",\"target\":[\"https:\/\/www.noticiasradioreflejos.com.ar\/2021\/la-afip-retomo-las-ejecuciones-fiscales-a-deudores-impositivos\/\"]}]},{\"@type\":\"ImageObject\",\"inLanguage\":\"es\",\"@id\":\"https:\/\/www.noticiasradioreflejos.com.ar\/2021\/la-afip-retomo-las-ejecuciones-fiscales-a-deudores-impositivos\/#primaryimage\",\"url\":\"https:\/\/www.telam.com.ar\/thumbs\/bluesteel\/advf\/imagenes\/2021\/12\/61c465170f79b_900.jpg\",\"contentUrl\":\"https:\/\/www.telam.com.ar\/thumbs\/bluesteel\/advf\/imagenes\/2021\/12\/61c465170f79b_900.jpg\"},{\"@type\":\"BreadcrumbList\",\"@id\":\"https:\/\/www.noticiasradioreflejos.com.ar\/2021\/la-afip-retomo-las-ejecuciones-fiscales-a-deudores-impositivos\/#breadcrumb\",\"itemListElement\":[{\"@type\":\"ListItem\",\"position\":1,\"name\":\"Portada\",\"item\":\"https:\/\/www.noticiasradioreflejos.com.ar\/2021\/\"},{\"@type\":\"ListItem\",\"position\":2,\"name\":\"La AFIP retom\u00f3 las ejecuciones fiscales a deudores impositivos\"}]},{\"@type\":\"WebSite\",\"@id\":\"https:\/\/www.noticiasradioreflejos.com.ar\/2021\/#website\",\"url\":\"https:\/\/www.noticiasradioreflejos.com.ar\/2021\/\",\"name\":\"Noticias Radio Reflejos\",\"description\":\"Las noticias de mi comarca\",\"potentialAction\":[{\"@type\":\"SearchAction\",\"target\":{\"@type\":\"EntryPoint\",\"urlTemplate\":\"https:\/\/www.noticiasradioreflejos.com.ar\/2021\/?s={search_term_string}\"},\"query-input\":{\"@type\":\"PropertyValueSpecification\",\"valueRequired\":true,\"valueName\":\"search_term_string\"}}],\"inLanguage\":\"es\"},{\"@type\":\"Person\",\"@id\":\"https:\/\/www.noticiasradioreflejos.com.ar\/2021\/#\/schema\/person\/ad82545263dcc5ec0996818884fd5fb1\",\"name\":\"Arnaldo Botto\",\"image\":{\"@type\":\"ImageObject\",\"inLanguage\":\"es\",\"@id\":\"https:\/\/www.noticiasradioreflejos.com.ar\/2021\/#\/schema\/person\/image\/\",\"url\":\"https:\/\/secure.gravatar.com\/avatar\/55cb5e37c1efa326397366e6974cb338056df65cb50e7d64d1cf314e87504837?s=96&d=mm&r=g\",\"contentUrl\":\"https:\/\/secure.gravatar.com\/avatar\/55cb5e37c1efa326397366e6974cb338056df65cb50e7d64d1cf314e87504837?s=96&d=mm&r=g\",\"caption\":\"Arnaldo Botto\"},\"url\":\"https:\/\/www.noticiasradioreflejos.com.ar\/2021\/author\/arnaldo\/\"}]}<\/script>\n<!-- \/ Yoast SEO plugin. -->","yoast_head_json":{"title":"La AFIP retom\u00f3 las ejecuciones fiscales a deudores impositivos - Noticias Radio Reflejos","robots":{"index":"index","follow":"follow","max-snippet":"max-snippet:-1","max-image-preview":"max-image-preview:large","max-video-preview":"max-video-preview:-1"},"canonical":"https:\/\/www.noticiasradioreflejos.com.ar\/2021\/la-afip-retomo-las-ejecuciones-fiscales-a-deudores-impositivos\/","og_locale":"es_ES","og_type":"article","og_title":"La AFIP retom\u00f3 las ejecuciones fiscales a deudores impositivos - Noticias Radio Reflejos","og_description":"Antes de avanzar con el proceso formal, el tr\u00e1mite administrativo determina que primero los contribuyentes reciben una intimaci\u00f3n, luego una boleta de pago con la deuda para que puedan cancelarla y por \u00faltimo el embargo.","og_url":"https:\/\/www.noticiasradioreflejos.com.ar\/2021\/la-afip-retomo-las-ejecuciones-fiscales-a-deudores-impositivos\/","og_site_name":"Noticias Radio Reflejos","article_published_time":"2022-08-06T14:13:33+00:00","og_image":[{"url":"https:\/\/www.telam.com.ar\/thumbs\/bluesteel\/advf\/imagenes\/2021\/12\/61c465170f79b_900.jpg","type":"","width":"","height":""}],"author":"Arnaldo Botto","twitter_card":"summary_large_image","schema":{"@context":"https:\/\/schema.org","@graph":[{"@type":"WebPage","@id":"https:\/\/www.noticiasradioreflejos.com.ar\/2021\/la-afip-retomo-las-ejecuciones-fiscales-a-deudores-impositivos\/","url":"https:\/\/www.noticiasradioreflejos.com.ar\/2021\/la-afip-retomo-las-ejecuciones-fiscales-a-deudores-impositivos\/","name":"La AFIP retom\u00f3 las ejecuciones fiscales a deudores impositivos - Noticias Radio Reflejos","isPartOf":{"@id":"https:\/\/www.noticiasradioreflejos.com.ar\/2021\/#website"},"primaryImageOfPage":{"@id":"https:\/\/www.noticiasradioreflejos.com.ar\/2021\/la-afip-retomo-las-ejecuciones-fiscales-a-deudores-impositivos\/#primaryimage"},"image":{"@id":"https:\/\/www.noticiasradioreflejos.com.ar\/2021\/la-afip-retomo-las-ejecuciones-fiscales-a-deudores-impositivos\/#primaryimage"},"thumbnailUrl":"https:\/\/www.telam.com.ar\/thumbs\/bluesteel\/advf\/imagenes\/2021\/12\/61c465170f79b_900.jpg","datePublished":"2022-08-06T14:13:33+00:00","author":{"@id":"https:\/\/www.noticiasradioreflejos.com.ar\/2021\/#\/schema\/person\/ad82545263dcc5ec0996818884fd5fb1"},"breadcrumb":{"@id":"https:\/\/www.noticiasradioreflejos.com.ar\/2021\/la-afip-retomo-las-ejecuciones-fiscales-a-deudores-impositivos\/#breadcrumb"},"inLanguage":"es","potentialAction":[{"@type":"ReadAction","target":["https:\/\/www.noticiasradioreflejos.com.ar\/2021\/la-afip-retomo-las-ejecuciones-fiscales-a-deudores-impositivos\/"]}]},{"@type":"ImageObject","inLanguage":"es","@id":"https:\/\/www.noticiasradioreflejos.com.ar\/2021\/la-afip-retomo-las-ejecuciones-fiscales-a-deudores-impositivos\/#primaryimage","url":"https:\/\/www.telam.com.ar\/thumbs\/bluesteel\/advf\/imagenes\/2021\/12\/61c465170f79b_900.jpg","contentUrl":"https:\/\/www.telam.com.ar\/thumbs\/bluesteel\/advf\/imagenes\/2021\/12\/61c465170f79b_900.jpg"},{"@type":"BreadcrumbList","@id":"https:\/\/www.noticiasradioreflejos.com.ar\/2021\/la-afip-retomo-las-ejecuciones-fiscales-a-deudores-impositivos\/#breadcrumb","itemListElement":[{"@type":"ListItem","position":1,"name":"Portada","item":"https:\/\/www.noticiasradioreflejos.com.ar\/2021\/"},{"@type":"ListItem","position":2,"name":"La AFIP retom\u00f3 las ejecuciones fiscales a deudores impositivos"}]},{"@type":"WebSite","@id":"https:\/\/www.noticiasradioreflejos.com.ar\/2021\/#website","url":"https:\/\/www.noticiasradioreflejos.com.ar\/2021\/","name":"Noticias Radio Reflejos","description":"Las noticias de mi comarca","potentialAction":[{"@type":"SearchAction","target":{"@type":"EntryPoint","urlTemplate":"https:\/\/www.noticiasradioreflejos.com.ar\/2021\/?s={search_term_string}"},"query-input":{"@type":"PropertyValueSpecification","valueRequired":true,"valueName":"search_term_string"}}],"inLanguage":"es"},{"@type":"Person","@id":"https:\/\/www.noticiasradioreflejos.com.ar\/2021\/#\/schema\/person\/ad82545263dcc5ec0996818884fd5fb1","name":"Arnaldo Botto","image":{"@type":"ImageObject","inLanguage":"es","@id":"https:\/\/www.noticiasradioreflejos.com.ar\/2021\/#\/schema\/person\/image\/","url":"https:\/\/secure.gravatar.com\/avatar\/55cb5e37c1efa326397366e6974cb338056df65cb50e7d64d1cf314e87504837?s=96&d=mm&r=g","contentUrl":"https:\/\/secure.gravatar.com\/avatar\/55cb5e37c1efa326397366e6974cb338056df65cb50e7d64d1cf314e87504837?s=96&d=mm&r=g","caption":"Arnaldo Botto"},"url":"https:\/\/www.noticiasradioreflejos.com.ar\/2021\/author\/arnaldo\/"}]}},"_links":{"self":[{"href":"https:\/\/www.noticiasradioreflejos.com.ar\/2021\/wp-json\/wp\/v2\/posts\/76022","targetHints":{"allow":["GET"]}}],"collection":[{"href":"https:\/\/www.noticiasradioreflejos.com.ar\/2021\/wp-json\/wp\/v2\/posts"}],"about":[{"href":"https:\/\/www.noticiasradioreflejos.com.ar\/2021\/wp-json\/wp\/v2\/types\/post"}],"author":[{"embeddable":true,"href":"https:\/\/www.noticiasradioreflejos.com.ar\/2021\/wp-json\/wp\/v2\/users\/3"}],"replies":[{"embeddable":true,"href":"https:\/\/www.noticiasradioreflejos.com.ar\/2021\/wp-json\/wp\/v2\/comments?post=76022"}],"version-history":[{"count":1,"href":"https:\/\/www.noticiasradioreflejos.com.ar\/2021\/wp-json\/wp\/v2\/posts\/76022\/revisions"}],"predecessor-version":[{"id":76023,"href":"https:\/\/www.noticiasradioreflejos.com.ar\/2021\/wp-json\/wp\/v2\/posts\/76022\/revisions\/76023"}],"wp:attachment":[{"href":"https:\/\/www.noticiasradioreflejos.com.ar\/2021\/wp-json\/wp\/v2\/media?parent=76022"}],"wp:term":[{"taxonomy":"category","embeddable":true,"href":"https:\/\/www.noticiasradioreflejos.com.ar\/2021\/wp-json\/wp\/v2\/categories?post=76022"},{"taxonomy":"post_tag","embeddable":true,"href":"https:\/\/www.noticiasradioreflejos.com.ar\/2021\/wp-json\/wp\/v2\/tags?post=76022"}],"curies":[{"name":"wp","href":"https:\/\/api.w.org\/{rel}","templated":true}]}}