{"id":75963,"date":"2022-08-05T11:55:54","date_gmt":"2022-08-05T11:55:54","guid":{"rendered":"http:\/\/www.noticiasradioreflejos.com.ar\/2021\/?p=75963"},"modified":"2022-08-05T11:55:54","modified_gmt":"2022-08-05T11:55:54","slug":"aerolineas-argentinas-mantendra-los-vuelos-entre-brasil-y-varias-provincias-tras-la-temporada-de-invierno","status":"publish","type":"post","link":"https:\/\/www.noticiasradioreflejos.com.ar\/2021\/aerolineas-argentinas-mantendra-los-vuelos-entre-brasil-y-varias-provincias-tras-la-temporada-de-invierno\/","title":{"rendered":"Aerol\u00edneas Argentinas mantendr\u00e1 los vuelos entre Brasil y varias provincias tras la temporada de invierno"},"content":{"rendered":"<p>La empresa continuar\u00e1 con los viajes entre San Pablo y Bariloche, C\u00f3rdoba, Salta y Tucum\u00e1n. En las vacaciones se trasladaron en esa rutas m\u00e1s de 82 mil pasajeros.<!--more--><\/p>\n<p><iframe loading=\"lazy\" title=\"Aerol\u00edneas Argentinas mantendr\u00e1 los vuelos entre Brasil y destinos de invierno tras la temporada\" src=\"https:\/\/www.youtube.com\/embed\/hkoGY43ZSNc\" width=\"843\" height=\"474\" frameborder=\"0\" allowfullscreen=\"allowfullscreen\"><\/iframe><\/p>\n<p>Los vuelos de Aerol\u00edneas Argentinas (AA) entre Brasil y los principales destinos tur\u00edsticos invernales argentinos se mantendr\u00e1n tras esta temporada, cuando trasladaron m\u00e1s de\u00a0<strong>82.000 pasajeros, un n\u00famero similar a los de la prepandemia<\/strong>, anunciaron este jueves funcionarios de Gobierno y de la compa\u00f1\u00eda de bandera.<\/p>\n<p>La empresa continuar\u00e1 con los servicios entre San Pablo, la principal ciudad del pa\u00eds vecino, y San Carlos de Bariloche, C\u00f3rdoba y Salta-San Miguel de Tucum\u00e1n, seg\u00fan lo detallado en la presentaci\u00f3n realizada esta tarde en el auditorio de Aerol\u00edneas Argentinas del aeroparque porte\u00f1o Jorge Newbery.<\/p>\n<p>Durante el acto hablaron los ministros de Turismo y Deportes, Mat\u00edas Lammens, y de Transporte, Alexis Guerrera; el presidente de AA, Pablo Ceriani; su director comercial, Fabian Lombardo, y la gobernadora de R\u00edo Negro, Arabela Carreras, ante un auditorio que incluy\u00f3 otras autoridades de Turismo nacionales, provinciales y municipales y representantes del sector privado de la actividad.<\/p>\n<figure class=\"mb-3\"><img decoding=\"async\" src=\"https:\/\/www.telam.com.ar\/thumbs\/bluesteel\/advf\/imagenes\/2022\/04\/62470c3984102_900.jpg\" alt=\"Foto Victoria Gesualdi\" width=\"100%\" height=\"100%\" \/><\/p>\n<div class=\"media-icons\"><\/div><figcaption>(Foto: Victoria Gesualdi).<\/figcaption><\/figure>\n<p>Los anuncios puntuales los formul\u00f3 Lombardo, quien dijo que julio fue el primer mes en que la cantidad de pasajeros transportados a nivel dom\u00e9stico fue superior al de la prepandemia, con \u00ab882.000 pasajeros, que significa un 101%, un 1% m\u00e1s\u00bb.<\/p>\n<p>Luego agreg\u00f3 que \u00ab37 destinos son los que operamos, un destino m\u00e1s (que en la prepandemia), Puerto Madryn, y vamos a lanzar en este \u00faltimo trimestre un nuevo destino: Valle de Conlara\u00bb, en San Luis, aunque no precis\u00f3 a cu\u00e1l localidad.<\/p>\n<p><strong>\u00abHemos recuperado los corredores y principalmente lo que hemos recuperado, a partir de julio, es el corredor atl\u00e1ntico: Mar del Plata-Bah\u00eda Blanca-Trelew-Comodoro (Rivadavia)-R\u00edo Gallegos\u00bb<\/strong>, detall\u00f3 Lombardo.<\/p>\n<figure class=\"mb-3\"><img decoding=\"async\" src=\"https:\/\/www.telam.com.ar\/thumbs\/bluesteel\/advf\/imagenes\/2022\/08\/62ec4d75dd19a_900.jpg\" alt=\"Matas Lammens Foto Pepe Mateos\" width=\"100%\" height=\"100%\" \/><\/p>\n<div class=\"media-icons\"><\/div><figcaption>Mat\u00edas Lammens (Foto: Pepe Mateos).<\/figcaption><\/figure>\n<p>En cuanto a las rutas a\u00e9reas que opera AA en el pa\u00eds, se\u00f1al\u00f3 que son 75, \u00abm\u00e1s de las 68 que oper\u00e1bamos en junio, pero son muchas m\u00e1s que las 62 que oper\u00e1bamos en 2019\u00bb, con \u00ab42 intertramos, que es un orgullo que tenemos en Aerol\u00edneas Argentinas en seguir creciendo y transportar y conectar a los argentinos sin pasar por Buenos Aires\u00bb.<\/p>\n<figure class=\"mb-3\"><img decoding=\"async\" src=\"https:\/\/www.telam.com.ar\/thumbs\/bluesteel\/advf\/imagenes\/2022\/08\/62ec4d759fa1c_900.jpg\" alt=\"Fabin Lombardo Foto Pepe Mateos\" width=\"100%\" height=\"100%\" \/><\/p>\n<div class=\"media-icons\"><\/div><figcaption>Fabi\u00e1n Lombardo (Foto: Pepe Mateos).<\/figcaption><\/figure>\n<p>Mediante esos intertramos se movilizaron 140.000 personas, que significan el 16% de los pasajeros trasladados en todo el sistema dom\u00e9stico de la compa\u00f1\u00eda.<\/p>\n<p>Tras destacar que\u00a0<strong>\u00abde los 72.000 pasajeros que ten\u00edamos en noviembre, en julio ya llegamos a los 882.000\u00bb<\/strong>, Lombardo enumer\u00f3 los \u00abdestinos m\u00e1s vendidos: R\u00edo Negro 122.000 pasajeros, siguen C\u00f3rdoba, Mendoza, Neuqu\u00e9n, Salta, Chubut, Tierra del Fuego, (Puerto) Iguaz\u00fa y Santa Cruz, es decir, todos destinos principalmente tur\u00edsticos\u00bb<\/p>\n<p>En cuanto al detalle de los vuelos que persistir\u00e1n tras el invierno, AA indic\u00f3 que desde el 21 de septiembre, la ruta San Pablo-Bariloche continuar\u00e1 con un vuelo semanal, en tanto que San Pablo-C\u00f3rdoba-El Calafate tendr\u00e1 dos frecuencias semanales y San Pablo-Salta-Tucum\u00e1n tambi\u00e9n funcionar\u00e1 con dos frecuencias semanales.<\/p>\n<p>Durante julio, la red de vuelos desde Brasil incluy\u00f3, adem\u00e1s del hub de San Pablo, otros destinos emisores como Rio de Janeiro, Brasilia, Curitiba, Porto Alegre y Salvador, desde donde volaron 82.662 pasajeros, lo que signific\u00f3 el 95% respecto de 2019.<\/p>\n<figure class=\"mb-3\"><img decoding=\"async\" src=\"https:\/\/www.telam.com.ar\/thumbs\/bluesteel\/advf\/imagenes\/2022\/08\/62ec4d279422e_900.jpg\" alt=\"Matas Lammens y Arabela Carreras Foto Pepe Mateos\" width=\"100%\" height=\"100%\" \/><\/p>\n<div class=\"media-icons\"><\/div><figcaption>Mat\u00edas Lammens y Arabela Carreras (Foto: Pepe Mateos).<\/figcaption><\/figure>\n<p>El ministro de Turismo, al cerrar la presentaci\u00f3n, dijo que debido a lo que ocurr\u00eda en el resto del mundo sab\u00edan que el turismo de corta distancia y de pa\u00edses lim\u00edtrofes ser\u00eda el primero en reactivarse y que hab\u00eda \u00abuna buena temporada de invierno; lo que no esper\u00e1bamos, sinceramente, eran estos n\u00fameros: 5,2 millones de personas, 420.000 turistas extranjeros\u00bb.<\/p>\n<p>Lammens coment\u00f3 que si bien esto podr\u00eda ser \u00aben un contexto de que el d\u00f3lar est\u00e1 caro, Argentina est\u00e1 barato\u00bb, pero aclar\u00f3 que \u00abhay un plan\u00bb, tras lo cual mencion\u00f3 que en febrero o marzo de 2020, cuando inauguraron el vuelo San Pablo-Bariloche, ya ten\u00edan \u00abcomo uno de los pilares del desarrollo de Argentina, el turismo receptivo\u00bb.<\/p>\n<p><strong>\u00abSab\u00edamos que ah\u00ed \u00edbamos a encontrar uno de los lugares para que Argentina creciera, que Argentina generara las divisas que necesita\u00bb<\/strong>, agreg\u00f3.<\/p>\n<p>El jefe de Turismo resalt\u00f3 el trabajo en equipo con la cartera de Transporte y AA para incrementar la llegada de extranjeros, gracias a campa\u00f1as promocionales que permitieron aumentar el turismo internacional.<\/p>\n<figure class=\"mb-3\"><img decoding=\"async\" src=\"https:\/\/www.telam.com.ar\/thumbs\/bluesteel\/advf\/imagenes\/2022\/08\/62ec4c71168cb_900.jpg\" alt=\"Foto Pepe Mateos\" width=\"100%\" height=\"100%\" \/><\/p>\n<div class=\"media-icons\"><\/div><figcaption>(Foto: Pepe Mateos).<\/figcaption><\/figure>\n<p>En ese aspecto, mencion\u00f3 que tras esas acciones el turismo de Uruguay se increment\u00f3 y est\u00e1 en un 6% encima de la prepandemia, en tanto el de Brasil \u00abes exponencial\u00bb, asegur\u00f3, y adelant\u00f3 que terminar\u00e1 este a\u00f1o con \u00abun 76% por encima de 2019, que hab\u00eda sido un buen a\u00f1o\u00bb.<\/p>\n<p>Tambi\u00e9n puntualiz\u00f3 lo relevante que fue en este aspecto el\u00a0<strong>Plan Previaje<\/strong>, al que defini\u00f3 como \u00abla posibilidad de mostrarle no solamente al sector sino a la sociedad en su conjunto que hac\u00eda falta un Estado presente, que acompa\u00f1ara el momento de la pandemia, pero adem\u00e1s un Estado innovador, creativo\u00bb.<\/p>\n<figure class=\"mb-3\"><img decoding=\"async\" src=\"https:\/\/www.telam.com.ar\/thumbs\/bluesteel\/advf\/imagenes\/2022\/08\/62ec4d275c185_900.jpg\" alt=\"Arabela Carreras y Matas Lammens Foto Pepe Mateos\" width=\"100%\" height=\"100%\" \/><\/p>\n<div class=\"media-icons\"><\/div><figcaption>Arabela Carreras y Mat\u00edas Lammens (Foto: Pepe Mateos).<\/figcaption><\/figure>\n<p>\u00abTener programas como este, sin ninguna duda generaron una inercia positiva y un circulo virtuoso que hicieron que Aerol\u00edneas Argentinas vendiera m\u00e1s pasajes, que los hoteles tuvieran m\u00e1s ocupaci\u00f3n, que hubieran m\u00e1s argentinos que se quedan en Argentina y no se fueran al exterior y que hubiera mucha m\u00e1s formalizaci\u00f3n\u00bb, destac\u00f3.<\/p>\n<p>Gracias a estas acciones, dijo que \u00abel turismo desde hace seis meses lidera el crecimiento en t\u00e9rminos de empleo registrado\u00bb, junto a la construcci\u00f3n y la actividad industrial, que \u00abson los tres sectores que est\u00e1n impulsando la recuperaci\u00f3n de Argentina\u00bb, tras lo cual consider\u00f3 que \u00abya no hablamos m\u00e1s de recuperaci\u00f3n; hablamos de crecimiento\u00bb.<\/p>\n<figure class=\"mb-3\"><img decoding=\"async\" src=\"https:\/\/www.telam.com.ar\/thumbs\/bluesteel\/advf\/imagenes\/2022\/08\/62ec4c714fdd8_900.jpg\" alt=\"Alexis Guerrera Foto Pepe Mateos\" width=\"100%\" height=\"100%\" \/><\/p>\n<div class=\"media-icons\"><\/div><figcaption>Alexis Guerrera (Foto: Pepe Mateos).<\/figcaption><\/figure>\n","protected":false},"excerpt":{"rendered":"<p>La empresa continuar\u00e1 con los viajes entre San Pablo y Bariloche, C\u00f3rdoba, Salta y Tucum\u00e1n. En las vacaciones se trasladaron en esa rutas m\u00e1s de 82 mil pasajeros.<\/p>\n","protected":false},"author":3,"featured_media":70671,"comment_status":"closed","ping_status":"closed","sticky":false,"template":"","format":"standard","meta":{"footnotes":""},"categories":[58,24,33],"tags":[],"class_list":["post-75963","post","type-post","status-publish","format-standard","has-post-thumbnail","hentry","category-gobierno","category-politica","category-turismo"],"yoast_head":"<!-- This site is optimized with the Yoast SEO plugin v25.9 - https:\/\/yoast.com\/wordpress\/plugins\/seo\/ -->\n<title>Aerol\u00edneas Argentinas mantendr\u00e1 los vuelos entre Brasil y varias provincias tras la temporada de invierno - Noticias Radio Reflejos<\/title>\n<meta name=\"robots\" content=\"index, follow, max-snippet:-1, max-image-preview:large, max-video-preview:-1\" \/>\n<link rel=\"canonical\" href=\"https:\/\/www.noticiasradioreflejos.com.ar\/2021\/aerolineas-argentinas-mantendra-los-vuelos-entre-brasil-y-varias-provincias-tras-la-temporada-de-invierno\/\" \/>\n<meta property=\"og:locale\" content=\"es_ES\" \/>\n<meta property=\"og:type\" content=\"article\" \/>\n<meta property=\"og:title\" content=\"Aerol\u00edneas Argentinas mantendr\u00e1 los vuelos entre Brasil y varias provincias tras la temporada de invierno - Noticias Radio Reflejos\" \/>\n<meta property=\"og:description\" content=\"La empresa continuar\u00e1 con los viajes entre San Pablo y Bariloche, C\u00f3rdoba, Salta y Tucum\u00e1n. En las vacaciones se trasladaron en esa rutas m\u00e1s de 82 mil pasajeros.\" \/>\n<meta property=\"og:url\" content=\"https:\/\/www.noticiasradioreflejos.com.ar\/2021\/aerolineas-argentinas-mantendra-los-vuelos-entre-brasil-y-varias-provincias-tras-la-temporada-de-invierno\/\" \/>\n<meta property=\"og:site_name\" content=\"Noticias Radio Reflejos\" \/>\n<meta property=\"article:published_time\" content=\"2022-08-05T11:55:54+00:00\" \/>\n<meta property=\"og:image\" content=\"https:\/\/www.noticiasradioreflejos.com.ar\/2021\/wp-content\/uploads\/2022\/04\/Aerolineas-Argentinas.jpg\" \/>\n\t<meta property=\"og:image:width\" content=\"900\" \/>\n\t<meta property=\"og:image:height\" content=\"599\" \/>\n\t<meta property=\"og:image:type\" content=\"image\/jpeg\" \/>\n<meta name=\"author\" content=\"Arnaldo Botto\" \/>\n<meta name=\"twitter:card\" content=\"summary_large_image\" \/>\n<script type=\"application\/ld+json\" class=\"yoast-schema-graph\">{\"@context\":\"https:\/\/schema.org\",\"@graph\":[{\"@type\":\"WebPage\",\"@id\":\"https:\/\/www.noticiasradioreflejos.com.ar\/2021\/aerolineas-argentinas-mantendra-los-vuelos-entre-brasil-y-varias-provincias-tras-la-temporada-de-invierno\/\",\"url\":\"https:\/\/www.noticiasradioreflejos.com.ar\/2021\/aerolineas-argentinas-mantendra-los-vuelos-entre-brasil-y-varias-provincias-tras-la-temporada-de-invierno\/\",\"name\":\"Aerol\u00edneas Argentinas mantendr\u00e1 los vuelos entre Brasil y varias provincias tras la temporada de invierno - Noticias Radio Reflejos\",\"isPartOf\":{\"@id\":\"https:\/\/www.noticiasradioreflejos.com.ar\/2021\/#website\"},\"primaryImageOfPage\":{\"@id\":\"https:\/\/www.noticiasradioreflejos.com.ar\/2021\/aerolineas-argentinas-mantendra-los-vuelos-entre-brasil-y-varias-provincias-tras-la-temporada-de-invierno\/#primaryimage\"},\"image\":{\"@id\":\"https:\/\/www.noticiasradioreflejos.com.ar\/2021\/aerolineas-argentinas-mantendra-los-vuelos-entre-brasil-y-varias-provincias-tras-la-temporada-de-invierno\/#primaryimage\"},\"thumbnailUrl\":\"https:\/\/www.noticiasradioreflejos.com.ar\/2021\/wp-content\/uploads\/2022\/04\/Aerolineas-Argentinas.jpg\",\"datePublished\":\"2022-08-05T11:55:54+00:00\",\"author\":{\"@id\":\"https:\/\/www.noticiasradioreflejos.com.ar\/2021\/#\/schema\/person\/ad82545263dcc5ec0996818884fd5fb1\"},\"breadcrumb\":{\"@id\":\"https:\/\/www.noticiasradioreflejos.com.ar\/2021\/aerolineas-argentinas-mantendra-los-vuelos-entre-brasil-y-varias-provincias-tras-la-temporada-de-invierno\/#breadcrumb\"},\"inLanguage\":\"es\",\"potentialAction\":[{\"@type\":\"ReadAction\",\"target\":[\"https:\/\/www.noticiasradioreflejos.com.ar\/2021\/aerolineas-argentinas-mantendra-los-vuelos-entre-brasil-y-varias-provincias-tras-la-temporada-de-invierno\/\"]}]},{\"@type\":\"ImageObject\",\"inLanguage\":\"es\",\"@id\":\"https:\/\/www.noticiasradioreflejos.com.ar\/2021\/aerolineas-argentinas-mantendra-los-vuelos-entre-brasil-y-varias-provincias-tras-la-temporada-de-invierno\/#primaryimage\",\"url\":\"https:\/\/www.noticiasradioreflejos.com.ar\/2021\/wp-content\/uploads\/2022\/04\/Aerolineas-Argentinas.jpg\",\"contentUrl\":\"https:\/\/www.noticiasradioreflejos.com.ar\/2021\/wp-content\/uploads\/2022\/04\/Aerolineas-Argentinas.jpg\",\"width\":900,\"height\":599},{\"@type\":\"BreadcrumbList\",\"@id\":\"https:\/\/www.noticiasradioreflejos.com.ar\/2021\/aerolineas-argentinas-mantendra-los-vuelos-entre-brasil-y-varias-provincias-tras-la-temporada-de-invierno\/#breadcrumb\",\"itemListElement\":[{\"@type\":\"ListItem\",\"position\":1,\"name\":\"Portada\",\"item\":\"https:\/\/www.noticiasradioreflejos.com.ar\/2021\/\"},{\"@type\":\"ListItem\",\"position\":2,\"name\":\"Aerol\u00edneas Argentinas mantendr\u00e1 los vuelos entre Brasil y varias provincias tras la temporada de invierno\"}]},{\"@type\":\"WebSite\",\"@id\":\"https:\/\/www.noticiasradioreflejos.com.ar\/2021\/#website\",\"url\":\"https:\/\/www.noticiasradioreflejos.com.ar\/2021\/\",\"name\":\"Noticias Radio Reflejos\",\"description\":\"Las noticias de mi comarca\",\"potentialAction\":[{\"@type\":\"SearchAction\",\"target\":{\"@type\":\"EntryPoint\",\"urlTemplate\":\"https:\/\/www.noticiasradioreflejos.com.ar\/2021\/?s={search_term_string}\"},\"query-input\":{\"@type\":\"PropertyValueSpecification\",\"valueRequired\":true,\"valueName\":\"search_term_string\"}}],\"inLanguage\":\"es\"},{\"@type\":\"Person\",\"@id\":\"https:\/\/www.noticiasradioreflejos.com.ar\/2021\/#\/schema\/person\/ad82545263dcc5ec0996818884fd5fb1\",\"name\":\"Arnaldo Botto\",\"image\":{\"@type\":\"ImageObject\",\"inLanguage\":\"es\",\"@id\":\"https:\/\/www.noticiasradioreflejos.com.ar\/2021\/#\/schema\/person\/image\/\",\"url\":\"https:\/\/secure.gravatar.com\/avatar\/55cb5e37c1efa326397366e6974cb338056df65cb50e7d64d1cf314e87504837?s=96&d=mm&r=g\",\"contentUrl\":\"https:\/\/secure.gravatar.com\/avatar\/55cb5e37c1efa326397366e6974cb338056df65cb50e7d64d1cf314e87504837?s=96&d=mm&r=g\",\"caption\":\"Arnaldo Botto\"},\"url\":\"https:\/\/www.noticiasradioreflejos.com.ar\/2021\/author\/arnaldo\/\"}]}<\/script>\n<!-- \/ Yoast SEO plugin. -->","yoast_head_json":{"title":"Aerol\u00edneas Argentinas mantendr\u00e1 los vuelos entre Brasil y varias provincias tras la temporada de invierno - Noticias Radio Reflejos","robots":{"index":"index","follow":"follow","max-snippet":"max-snippet:-1","max-image-preview":"max-image-preview:large","max-video-preview":"max-video-preview:-1"},"canonical":"https:\/\/www.noticiasradioreflejos.com.ar\/2021\/aerolineas-argentinas-mantendra-los-vuelos-entre-brasil-y-varias-provincias-tras-la-temporada-de-invierno\/","og_locale":"es_ES","og_type":"article","og_title":"Aerol\u00edneas Argentinas mantendr\u00e1 los vuelos entre Brasil y varias provincias tras la temporada de invierno - Noticias Radio Reflejos","og_description":"La empresa continuar\u00e1 con los viajes entre San Pablo y Bariloche, C\u00f3rdoba, Salta y Tucum\u00e1n. En las vacaciones se trasladaron en esa rutas m\u00e1s de 82 mil pasajeros.","og_url":"https:\/\/www.noticiasradioreflejos.com.ar\/2021\/aerolineas-argentinas-mantendra-los-vuelos-entre-brasil-y-varias-provincias-tras-la-temporada-de-invierno\/","og_site_name":"Noticias Radio Reflejos","article_published_time":"2022-08-05T11:55:54+00:00","og_image":[{"width":900,"height":599,"url":"https:\/\/www.noticiasradioreflejos.com.ar\/2021\/wp-content\/uploads\/2022\/04\/Aerolineas-Argentinas.jpg","type":"image\/jpeg"}],"author":"Arnaldo Botto","twitter_card":"summary_large_image","schema":{"@context":"https:\/\/schema.org","@graph":[{"@type":"WebPage","@id":"https:\/\/www.noticiasradioreflejos.com.ar\/2021\/aerolineas-argentinas-mantendra-los-vuelos-entre-brasil-y-varias-provincias-tras-la-temporada-de-invierno\/","url":"https:\/\/www.noticiasradioreflejos.com.ar\/2021\/aerolineas-argentinas-mantendra-los-vuelos-entre-brasil-y-varias-provincias-tras-la-temporada-de-invierno\/","name":"Aerol\u00edneas Argentinas mantendr\u00e1 los vuelos entre Brasil y varias provincias tras la temporada de invierno - Noticias Radio Reflejos","isPartOf":{"@id":"https:\/\/www.noticiasradioreflejos.com.ar\/2021\/#website"},"primaryImageOfPage":{"@id":"https:\/\/www.noticiasradioreflejos.com.ar\/2021\/aerolineas-argentinas-mantendra-los-vuelos-entre-brasil-y-varias-provincias-tras-la-temporada-de-invierno\/#primaryimage"},"image":{"@id":"https:\/\/www.noticiasradioreflejos.com.ar\/2021\/aerolineas-argentinas-mantendra-los-vuelos-entre-brasil-y-varias-provincias-tras-la-temporada-de-invierno\/#primaryimage"},"thumbnailUrl":"https:\/\/www.noticiasradioreflejos.com.ar\/2021\/wp-content\/uploads\/2022\/04\/Aerolineas-Argentinas.jpg","datePublished":"2022-08-05T11:55:54+00:00","author":{"@id":"https:\/\/www.noticiasradioreflejos.com.ar\/2021\/#\/schema\/person\/ad82545263dcc5ec0996818884fd5fb1"},"breadcrumb":{"@id":"https:\/\/www.noticiasradioreflejos.com.ar\/2021\/aerolineas-argentinas-mantendra-los-vuelos-entre-brasil-y-varias-provincias-tras-la-temporada-de-invierno\/#breadcrumb"},"inLanguage":"es","potentialAction":[{"@type":"ReadAction","target":["https:\/\/www.noticiasradioreflejos.com.ar\/2021\/aerolineas-argentinas-mantendra-los-vuelos-entre-brasil-y-varias-provincias-tras-la-temporada-de-invierno\/"]}]},{"@type":"ImageObject","inLanguage":"es","@id":"https:\/\/www.noticiasradioreflejos.com.ar\/2021\/aerolineas-argentinas-mantendra-los-vuelos-entre-brasil-y-varias-provincias-tras-la-temporada-de-invierno\/#primaryimage","url":"https:\/\/www.noticiasradioreflejos.com.ar\/2021\/wp-content\/uploads\/2022\/04\/Aerolineas-Argentinas.jpg","contentUrl":"https:\/\/www.noticiasradioreflejos.com.ar\/2021\/wp-content\/uploads\/2022\/04\/Aerolineas-Argentinas.jpg","width":900,"height":599},{"@type":"BreadcrumbList","@id":"https:\/\/www.noticiasradioreflejos.com.ar\/2021\/aerolineas-argentinas-mantendra-los-vuelos-entre-brasil-y-varias-provincias-tras-la-temporada-de-invierno\/#breadcrumb","itemListElement":[{"@type":"ListItem","position":1,"name":"Portada","item":"https:\/\/www.noticiasradioreflejos.com.ar\/2021\/"},{"@type":"ListItem","position":2,"name":"Aerol\u00edneas Argentinas mantendr\u00e1 los vuelos entre Brasil y varias provincias tras la temporada de invierno"}]},{"@type":"WebSite","@id":"https:\/\/www.noticiasradioreflejos.com.ar\/2021\/#website","url":"https:\/\/www.noticiasradioreflejos.com.ar\/2021\/","name":"Noticias Radio Reflejos","description":"Las noticias de mi comarca","potentialAction":[{"@type":"SearchAction","target":{"@type":"EntryPoint","urlTemplate":"https:\/\/www.noticiasradioreflejos.com.ar\/2021\/?s={search_term_string}"},"query-input":{"@type":"PropertyValueSpecification","valueRequired":true,"valueName":"search_term_string"}}],"inLanguage":"es"},{"@type":"Person","@id":"https:\/\/www.noticiasradioreflejos.com.ar\/2021\/#\/schema\/person\/ad82545263dcc5ec0996818884fd5fb1","name":"Arnaldo Botto","image":{"@type":"ImageObject","inLanguage":"es","@id":"https:\/\/www.noticiasradioreflejos.com.ar\/2021\/#\/schema\/person\/image\/","url":"https:\/\/secure.gravatar.com\/avatar\/55cb5e37c1efa326397366e6974cb338056df65cb50e7d64d1cf314e87504837?s=96&d=mm&r=g","contentUrl":"https:\/\/secure.gravatar.com\/avatar\/55cb5e37c1efa326397366e6974cb338056df65cb50e7d64d1cf314e87504837?s=96&d=mm&r=g","caption":"Arnaldo Botto"},"url":"https:\/\/www.noticiasradioreflejos.com.ar\/2021\/author\/arnaldo\/"}]}},"_links":{"self":[{"href":"https:\/\/www.noticiasradioreflejos.com.ar\/2021\/wp-json\/wp\/v2\/posts\/75963","targetHints":{"allow":["GET"]}}],"collection":[{"href":"https:\/\/www.noticiasradioreflejos.com.ar\/2021\/wp-json\/wp\/v2\/posts"}],"about":[{"href":"https:\/\/www.noticiasradioreflejos.com.ar\/2021\/wp-json\/wp\/v2\/types\/post"}],"author":[{"embeddable":true,"href":"https:\/\/www.noticiasradioreflejos.com.ar\/2021\/wp-json\/wp\/v2\/users\/3"}],"replies":[{"embeddable":true,"href":"https:\/\/www.noticiasradioreflejos.com.ar\/2021\/wp-json\/wp\/v2\/comments?post=75963"}],"version-history":[{"count":1,"href":"https:\/\/www.noticiasradioreflejos.com.ar\/2021\/wp-json\/wp\/v2\/posts\/75963\/revisions"}],"predecessor-version":[{"id":75964,"href":"https:\/\/www.noticiasradioreflejos.com.ar\/2021\/wp-json\/wp\/v2\/posts\/75963\/revisions\/75964"}],"wp:featuredmedia":[{"embeddable":true,"href":"https:\/\/www.noticiasradioreflejos.com.ar\/2021\/wp-json\/wp\/v2\/media\/70671"}],"wp:attachment":[{"href":"https:\/\/www.noticiasradioreflejos.com.ar\/2021\/wp-json\/wp\/v2\/media?parent=75963"}],"wp:term":[{"taxonomy":"category","embeddable":true,"href":"https:\/\/www.noticiasradioreflejos.com.ar\/2021\/wp-json\/wp\/v2\/categories?post=75963"},{"taxonomy":"post_tag","embeddable":true,"href":"https:\/\/www.noticiasradioreflejos.com.ar\/2021\/wp-json\/wp\/v2\/tags?post=75963"}],"curies":[{"name":"wp","href":"https:\/\/api.w.org\/{rel}","templated":true}]}}