{"id":75959,"date":"2022-08-05T11:51:31","date_gmt":"2022-08-05T11:51:31","guid":{"rendered":"http:\/\/www.noticiasradioreflejos.com.ar\/2021\/?p=75959"},"modified":"2022-08-05T11:52:38","modified_gmt":"2022-08-05T11:52:38","slug":"cientifico-frances-pidio-perdon-por-subir-a-las-redes-una-rodaja-de-chorizo-y-decir-que-era-una-estrella","status":"publish","type":"post","link":"https:\/\/www.noticiasradioreflejos.com.ar\/2021\/cientifico-frances-pidio-perdon-por-subir-a-las-redes-una-rodaja-de-chorizo-y-decir-que-era-una-estrella\/","title":{"rendered":"Cient\u00edfico franc\u00e9s pidi\u00f3 perd\u00f3n por subir a las redes una rodaja de chorizo y decir que era una estrella"},"content":{"rendered":"<div class=\"section-2-col article-header\">\n<div class=\"col 2-col\">\n<p>\u00abQu\u00e9 nivel de detalles, un nuevo mundo se desvela d\u00eda tras d\u00eda\u00bb, hab\u00eda publicado en Twitter el f\u00edsico\u00a0Etienne Klein.<\/p>\n<\/div>\n<\/div>\n<p><!--more--><\/p>\n<div class=\"section-2-col article-main-image\">\n<div class=\"col 1-col\">\n<div class=\"article-info\">\n<div class=\"social-media\">\n<p>&nbsp;<\/p>\n<\/div>\n<\/div>\n<\/div>\n<div class=\"col 2-col\">\n<div class=\"article-main-media-image__container\">\n<div class=\"image-wrapper\">\n<figure>\n<figure class=\"object-fit-block--contain intrinsic-container intrinsic-container-3x2\"><img decoding=\"async\" class=\" \" src=\"https:\/\/images.pagina12.com.ar\/styles\/focal_3_2_960x640\/public\/2022-08\/596530-43720-chorizo-2520ookk.jpg?itok=TUwrgKhp\" alt=\"La imagen compartida por el cient\u00edfico franc\u00e9s Etienne Klein en su cuenta de Twitter.\" \/><\/figure><figcaption>La imagen compartida por el cient\u00edfico franc\u00e9s Etienne Klein en su cuenta de Twitter.<\/figcaption><\/figure>\n<\/div>\n<\/div>\n<\/div>\n<\/div>\n<div class=\"section-2-col article-main-content\">\n<div class=\"col 1-col\"><\/div>\n<div class=\"col 2-col\">\n<div class=\"article-main-content article-text \">\n<p>El cient\u00edfico franc\u00e9s\u00a0<b>Etienne Klein<\/b>\u00a0se disculp\u00f3 a trav\u00e9s de las redes sociales por haber publicado la imagen de una\u00a0<b>rodaja de chorizo<\/b>\u00a0como una foto de la\u00a0<b>estrella Pr\u00f3xima Centauri<\/b>.<\/p>\n<p>\u00ab<b>Acabo de pedir disculpas a quienes se hayan escandalizado por mi farsa<\/b>, que no ten\u00eda nada de original. Solo pretend\u00eda incitar a la prudencia respecto a las im\u00e1genes que parecen hablar por s\u00ed mismas\u00bb, poste\u00f3 v\u00eda Twitter el f\u00edsico galo.<\/p>\n<div id=\"talkFireEvent\"><\/div>\n<blockquote class=\"twitter-tweet\">\n<p dir=\"ltr\" lang=\"fr\">Je viens pr\u00e9senter mes excuses \u00e0 ceux que mon canular, qui n\u2019avait rien d\u2019original, a pu choquer. Il voulait simplement inciter \u00e0 la prudence vis-\u00e0-vis des images qui semblent \u00e9loquentes par elles-m\u00eames.<br \/>\nLa blague d&#8217;un scientifique <a href=\"https:\/\/t.co\/wHiJWxscxq\">https:\/\/t.co\/wHiJWxscxq<\/a> <a href=\"https:\/\/twitter.com\/hashtag\/Astronomie?src=hash&amp;ref_src=twsrc%5Etfw\">#Astronomie<\/a> via <a href=\"https:\/\/twitter.com\/LePoint?ref_src=twsrc%5Etfw\">@LePoint<\/a><\/p>\n<p>\u2014 Etienne KLEIN (@EtienneKlein) <a href=\"https:\/\/twitter.com\/EtienneKlein\/status\/1554919931678019584?ref_src=twsrc%5Etfw\">August 3, 2022<\/a><\/p><\/blockquote>\n<p>&nbsp;<\/p>\n<div class=\"iframely-responsive\"><\/div>\n<\/div>\n<\/div>\n<p>Klein hab\u00eda publicado el domingo una foto de una lonja de chorizo sobre un fondo negro asegurando que se trataba de una imagen de la estrella m\u00e1s cercana al Sol, tomada con el nuevo telescopio espacial James Webb (JWST).<\/p>\n<p>\u00abFoto de Pr\u00f3xima Centauri, la estrella m\u00e1s cercana al Sol, situada a 4,2 a\u00f1os luz de nosotros. Fue tomada por el JWST.\u00a0<b>Qu\u00e9 nivel de detalles&#8230;<\/b>\u00a0<b>Un nuevo mundo se desvela d\u00eda tras d\u00eda<\/b>\u00ab, destac\u00f3 por ese entonces Klein en la red social.<\/p>\n<blockquote class=\"twitter-tweet\">\n<p dir=\"ltr\" lang=\"fr\">Photo de Proxima du Centaure, l\u2019\u00e9toile la plus proche du Soleil, situ\u00e9e \u00e0 4,2 ann\u00e9e-lumi\u00e8re de nous.<br \/>\nElle a \u00e9t\u00e9 prise par le JWST.<br \/>\nCe niveau de d\u00e9tails\u2026 Un nouveau monde se d\u00e9voile jour apr\u00e8s jour. <a href=\"https:\/\/t.co\/88UBbHDQ7Z\">pic.twitter.com\/88UBbHDQ7Z<\/a><\/p>\n<p>\u2014 Etienne KLEIN (@EtienneKlein) <a href=\"https:\/\/twitter.com\/EtienneKlein\/status\/1553765864553472003?ref_src=twsrc%5Etfw\">July 31, 2022<\/a><\/p><\/blockquote>\n<p>&nbsp;<\/p>\n<div class=\"section-2-col article-main-content\">\n<h2>La rodaja de chorizo se hizo viral<\/h2>\n<p>El medio digital HuffPost se hizo eco de la imagen y luego de difundirla, se comparti\u00f3 de manera masiva en redes, con 1.334 retweets y 10.000 menciones \u00abme gusta\u00bb.<\/p>\n<p>\u00ab<b>Me sorprendi\u00f3 el alcance de la difusi\u00f3n: pens\u00e9 que la imagen se detectar\u00eda inmediatamente como falsa<\/b>. Y cuando vi que un importante periodista de BFMTV -un canal de noticias franc\u00e9s de 24 horas- se entusiasmaba con el tema y que corr\u00eda el riesgo de difundirlo, le dije que era una broma. Se lo tom\u00f3 con mucho humor\u00bb, afirm\u00f3 Klein a la agencia\u00a0<i>AFP<\/i>.<\/p>\n<p>\u00abUna farsa tiene un valor educativo. Habla de nuestra capacidad de ser enga\u00f1ados, cuestiona nuestra relaci\u00f3n con las fuentes\u00bb, sentenci\u00f3 el cient\u00edfico.<\/p>\n<\/div>\n<\/div>\n","protected":false},"excerpt":{"rendered":"<p>\u00abQu\u00e9 nivel de detalles, un nuevo mundo se desvela d\u00eda tras d\u00eda\u00bb, hab\u00eda publicado en Twitter el f\u00edsico\u00a0Etienne Klein.<\/p>\n","protected":false},"author":3,"featured_media":0,"comment_status":"closed","ping_status":"closed","sticky":false,"template":"","format":"standard","meta":{"footnotes":""},"categories":[46,26],"tags":[],"class_list":["post-75959","post","type-post","status-publish","format-standard","hentry","category-ciencia-y-tecnologia","category-sociedad"],"yoast_head":"<!-- This site is optimized with the Yoast SEO plugin v25.9 - https:\/\/yoast.com\/wordpress\/plugins\/seo\/ -->\n<title>Cient\u00edfico franc\u00e9s pidi\u00f3 perd\u00f3n por subir a las redes una rodaja de chorizo y decir que era una estrella - Noticias Radio Reflejos<\/title>\n<meta name=\"robots\" content=\"index, follow, max-snippet:-1, max-image-preview:large, max-video-preview:-1\" \/>\n<link rel=\"canonical\" href=\"https:\/\/www.noticiasradioreflejos.com.ar\/2021\/cientifico-frances-pidio-perdon-por-subir-a-las-redes-una-rodaja-de-chorizo-y-decir-que-era-una-estrella\/\" \/>\n<meta property=\"og:locale\" content=\"es_ES\" \/>\n<meta property=\"og:type\" content=\"article\" \/>\n<meta property=\"og:title\" content=\"Cient\u00edfico franc\u00e9s pidi\u00f3 perd\u00f3n por subir a las redes una rodaja de chorizo y decir que era una estrella - Noticias Radio Reflejos\" \/>\n<meta property=\"og:description\" content=\"\u00abQu\u00e9 nivel de detalles, un nuevo mundo se desvela d\u00eda tras d\u00eda\u00bb, hab\u00eda publicado en Twitter el f\u00edsico\u00a0Etienne Klein.\" \/>\n<meta property=\"og:url\" content=\"https:\/\/www.noticiasradioreflejos.com.ar\/2021\/cientifico-frances-pidio-perdon-por-subir-a-las-redes-una-rodaja-de-chorizo-y-decir-que-era-una-estrella\/\" \/>\n<meta property=\"og:site_name\" content=\"Noticias Radio Reflejos\" \/>\n<meta property=\"article:published_time\" content=\"2022-08-05T11:51:31+00:00\" \/>\n<meta property=\"article:modified_time\" content=\"2022-08-05T11:52:38+00:00\" \/>\n<meta property=\"og:image\" content=\"https:\/\/images.pagina12.com.ar\/styles\/focal_3_2_960x640\/public\/2022-08\/596530-43720-chorizo-2520ookk.jpg?itok=TUwrgKhp\" \/>\n<meta name=\"author\" content=\"Arnaldo Botto\" \/>\n<meta name=\"twitter:card\" content=\"summary_large_image\" \/>\n<script type=\"application\/ld+json\" class=\"yoast-schema-graph\">{\"@context\":\"https:\/\/schema.org\",\"@graph\":[{\"@type\":\"WebPage\",\"@id\":\"https:\/\/www.noticiasradioreflejos.com.ar\/2021\/cientifico-frances-pidio-perdon-por-subir-a-las-redes-una-rodaja-de-chorizo-y-decir-que-era-una-estrella\/\",\"url\":\"https:\/\/www.noticiasradioreflejos.com.ar\/2021\/cientifico-frances-pidio-perdon-por-subir-a-las-redes-una-rodaja-de-chorizo-y-decir-que-era-una-estrella\/\",\"name\":\"Cient\u00edfico franc\u00e9s pidi\u00f3 perd\u00f3n por subir a las redes una rodaja de chorizo y decir que era una estrella - Noticias Radio Reflejos\",\"isPartOf\":{\"@id\":\"https:\/\/www.noticiasradioreflejos.com.ar\/2021\/#website\"},\"primaryImageOfPage\":{\"@id\":\"https:\/\/www.noticiasradioreflejos.com.ar\/2021\/cientifico-frances-pidio-perdon-por-subir-a-las-redes-una-rodaja-de-chorizo-y-decir-que-era-una-estrella\/#primaryimage\"},\"image\":{\"@id\":\"https:\/\/www.noticiasradioreflejos.com.ar\/2021\/cientifico-frances-pidio-perdon-por-subir-a-las-redes-una-rodaja-de-chorizo-y-decir-que-era-una-estrella\/#primaryimage\"},\"thumbnailUrl\":\"https:\/\/images.pagina12.com.ar\/styles\/focal_3_2_960x640\/public\/2022-08\/596530-43720-chorizo-2520ookk.jpg?itok=TUwrgKhp\",\"datePublished\":\"2022-08-05T11:51:31+00:00\",\"dateModified\":\"2022-08-05T11:52:38+00:00\",\"author\":{\"@id\":\"https:\/\/www.noticiasradioreflejos.com.ar\/2021\/#\/schema\/person\/ad82545263dcc5ec0996818884fd5fb1\"},\"breadcrumb\":{\"@id\":\"https:\/\/www.noticiasradioreflejos.com.ar\/2021\/cientifico-frances-pidio-perdon-por-subir-a-las-redes-una-rodaja-de-chorizo-y-decir-que-era-una-estrella\/#breadcrumb\"},\"inLanguage\":\"es\",\"potentialAction\":[{\"@type\":\"ReadAction\",\"target\":[\"https:\/\/www.noticiasradioreflejos.com.ar\/2021\/cientifico-frances-pidio-perdon-por-subir-a-las-redes-una-rodaja-de-chorizo-y-decir-que-era-una-estrella\/\"]}]},{\"@type\":\"ImageObject\",\"inLanguage\":\"es\",\"@id\":\"https:\/\/www.noticiasradioreflejos.com.ar\/2021\/cientifico-frances-pidio-perdon-por-subir-a-las-redes-una-rodaja-de-chorizo-y-decir-que-era-una-estrella\/#primaryimage\",\"url\":\"https:\/\/images.pagina12.com.ar\/styles\/focal_3_2_960x640\/public\/2022-08\/596530-43720-chorizo-2520ookk.jpg?itok=TUwrgKhp\",\"contentUrl\":\"https:\/\/images.pagina12.com.ar\/styles\/focal_3_2_960x640\/public\/2022-08\/596530-43720-chorizo-2520ookk.jpg?itok=TUwrgKhp\"},{\"@type\":\"BreadcrumbList\",\"@id\":\"https:\/\/www.noticiasradioreflejos.com.ar\/2021\/cientifico-frances-pidio-perdon-por-subir-a-las-redes-una-rodaja-de-chorizo-y-decir-que-era-una-estrella\/#breadcrumb\",\"itemListElement\":[{\"@type\":\"ListItem\",\"position\":1,\"name\":\"Portada\",\"item\":\"https:\/\/www.noticiasradioreflejos.com.ar\/2021\/\"},{\"@type\":\"ListItem\",\"position\":2,\"name\":\"Cient\u00edfico franc\u00e9s pidi\u00f3 perd\u00f3n por subir a las redes una rodaja de chorizo y decir que era una estrella\"}]},{\"@type\":\"WebSite\",\"@id\":\"https:\/\/www.noticiasradioreflejos.com.ar\/2021\/#website\",\"url\":\"https:\/\/www.noticiasradioreflejos.com.ar\/2021\/\",\"name\":\"Noticias Radio Reflejos\",\"description\":\"Las noticias de mi comarca\",\"potentialAction\":[{\"@type\":\"SearchAction\",\"target\":{\"@type\":\"EntryPoint\",\"urlTemplate\":\"https:\/\/www.noticiasradioreflejos.com.ar\/2021\/?s={search_term_string}\"},\"query-input\":{\"@type\":\"PropertyValueSpecification\",\"valueRequired\":true,\"valueName\":\"search_term_string\"}}],\"inLanguage\":\"es\"},{\"@type\":\"Person\",\"@id\":\"https:\/\/www.noticiasradioreflejos.com.ar\/2021\/#\/schema\/person\/ad82545263dcc5ec0996818884fd5fb1\",\"name\":\"Arnaldo Botto\",\"image\":{\"@type\":\"ImageObject\",\"inLanguage\":\"es\",\"@id\":\"https:\/\/www.noticiasradioreflejos.com.ar\/2021\/#\/schema\/person\/image\/\",\"url\":\"https:\/\/secure.gravatar.com\/avatar\/55cb5e37c1efa326397366e6974cb338056df65cb50e7d64d1cf314e87504837?s=96&d=mm&r=g\",\"contentUrl\":\"https:\/\/secure.gravatar.com\/avatar\/55cb5e37c1efa326397366e6974cb338056df65cb50e7d64d1cf314e87504837?s=96&d=mm&r=g\",\"caption\":\"Arnaldo Botto\"},\"url\":\"https:\/\/www.noticiasradioreflejos.com.ar\/2021\/author\/arnaldo\/\"}]}<\/script>\n<!-- \/ Yoast SEO plugin. -->","yoast_head_json":{"title":"Cient\u00edfico franc\u00e9s pidi\u00f3 perd\u00f3n por subir a las redes una rodaja de chorizo y decir que era una estrella - Noticias Radio Reflejos","robots":{"index":"index","follow":"follow","max-snippet":"max-snippet:-1","max-image-preview":"max-image-preview:large","max-video-preview":"max-video-preview:-1"},"canonical":"https:\/\/www.noticiasradioreflejos.com.ar\/2021\/cientifico-frances-pidio-perdon-por-subir-a-las-redes-una-rodaja-de-chorizo-y-decir-que-era-una-estrella\/","og_locale":"es_ES","og_type":"article","og_title":"Cient\u00edfico franc\u00e9s pidi\u00f3 perd\u00f3n por subir a las redes una rodaja de chorizo y decir que era una estrella - Noticias Radio Reflejos","og_description":"\u00abQu\u00e9 nivel de detalles, un nuevo mundo se desvela d\u00eda tras d\u00eda\u00bb, hab\u00eda publicado en Twitter el f\u00edsico\u00a0Etienne Klein.","og_url":"https:\/\/www.noticiasradioreflejos.com.ar\/2021\/cientifico-frances-pidio-perdon-por-subir-a-las-redes-una-rodaja-de-chorizo-y-decir-que-era-una-estrella\/","og_site_name":"Noticias Radio Reflejos","article_published_time":"2022-08-05T11:51:31+00:00","article_modified_time":"2022-08-05T11:52:38+00:00","og_image":[{"url":"https:\/\/images.pagina12.com.ar\/styles\/focal_3_2_960x640\/public\/2022-08\/596530-43720-chorizo-2520ookk.jpg?itok=TUwrgKhp","type":"","width":"","height":""}],"author":"Arnaldo Botto","twitter_card":"summary_large_image","schema":{"@context":"https:\/\/schema.org","@graph":[{"@type":"WebPage","@id":"https:\/\/www.noticiasradioreflejos.com.ar\/2021\/cientifico-frances-pidio-perdon-por-subir-a-las-redes-una-rodaja-de-chorizo-y-decir-que-era-una-estrella\/","url":"https:\/\/www.noticiasradioreflejos.com.ar\/2021\/cientifico-frances-pidio-perdon-por-subir-a-las-redes-una-rodaja-de-chorizo-y-decir-que-era-una-estrella\/","name":"Cient\u00edfico franc\u00e9s pidi\u00f3 perd\u00f3n por subir a las redes una rodaja de chorizo y decir que era una estrella - Noticias Radio Reflejos","isPartOf":{"@id":"https:\/\/www.noticiasradioreflejos.com.ar\/2021\/#website"},"primaryImageOfPage":{"@id":"https:\/\/www.noticiasradioreflejos.com.ar\/2021\/cientifico-frances-pidio-perdon-por-subir-a-las-redes-una-rodaja-de-chorizo-y-decir-que-era-una-estrella\/#primaryimage"},"image":{"@id":"https:\/\/www.noticiasradioreflejos.com.ar\/2021\/cientifico-frances-pidio-perdon-por-subir-a-las-redes-una-rodaja-de-chorizo-y-decir-que-era-una-estrella\/#primaryimage"},"thumbnailUrl":"https:\/\/images.pagina12.com.ar\/styles\/focal_3_2_960x640\/public\/2022-08\/596530-43720-chorizo-2520ookk.jpg?itok=TUwrgKhp","datePublished":"2022-08-05T11:51:31+00:00","dateModified":"2022-08-05T11:52:38+00:00","author":{"@id":"https:\/\/www.noticiasradioreflejos.com.ar\/2021\/#\/schema\/person\/ad82545263dcc5ec0996818884fd5fb1"},"breadcrumb":{"@id":"https:\/\/www.noticiasradioreflejos.com.ar\/2021\/cientifico-frances-pidio-perdon-por-subir-a-las-redes-una-rodaja-de-chorizo-y-decir-que-era-una-estrella\/#breadcrumb"},"inLanguage":"es","potentialAction":[{"@type":"ReadAction","target":["https:\/\/www.noticiasradioreflejos.com.ar\/2021\/cientifico-frances-pidio-perdon-por-subir-a-las-redes-una-rodaja-de-chorizo-y-decir-que-era-una-estrella\/"]}]},{"@type":"ImageObject","inLanguage":"es","@id":"https:\/\/www.noticiasradioreflejos.com.ar\/2021\/cientifico-frances-pidio-perdon-por-subir-a-las-redes-una-rodaja-de-chorizo-y-decir-que-era-una-estrella\/#primaryimage","url":"https:\/\/images.pagina12.com.ar\/styles\/focal_3_2_960x640\/public\/2022-08\/596530-43720-chorizo-2520ookk.jpg?itok=TUwrgKhp","contentUrl":"https:\/\/images.pagina12.com.ar\/styles\/focal_3_2_960x640\/public\/2022-08\/596530-43720-chorizo-2520ookk.jpg?itok=TUwrgKhp"},{"@type":"BreadcrumbList","@id":"https:\/\/www.noticiasradioreflejos.com.ar\/2021\/cientifico-frances-pidio-perdon-por-subir-a-las-redes-una-rodaja-de-chorizo-y-decir-que-era-una-estrella\/#breadcrumb","itemListElement":[{"@type":"ListItem","position":1,"name":"Portada","item":"https:\/\/www.noticiasradioreflejos.com.ar\/2021\/"},{"@type":"ListItem","position":2,"name":"Cient\u00edfico franc\u00e9s pidi\u00f3 perd\u00f3n por subir a las redes una rodaja de chorizo y decir que era una estrella"}]},{"@type":"WebSite","@id":"https:\/\/www.noticiasradioreflejos.com.ar\/2021\/#website","url":"https:\/\/www.noticiasradioreflejos.com.ar\/2021\/","name":"Noticias Radio Reflejos","description":"Las noticias de mi comarca","potentialAction":[{"@type":"SearchAction","target":{"@type":"EntryPoint","urlTemplate":"https:\/\/www.noticiasradioreflejos.com.ar\/2021\/?s={search_term_string}"},"query-input":{"@type":"PropertyValueSpecification","valueRequired":true,"valueName":"search_term_string"}}],"inLanguage":"es"},{"@type":"Person","@id":"https:\/\/www.noticiasradioreflejos.com.ar\/2021\/#\/schema\/person\/ad82545263dcc5ec0996818884fd5fb1","name":"Arnaldo Botto","image":{"@type":"ImageObject","inLanguage":"es","@id":"https:\/\/www.noticiasradioreflejos.com.ar\/2021\/#\/schema\/person\/image\/","url":"https:\/\/secure.gravatar.com\/avatar\/55cb5e37c1efa326397366e6974cb338056df65cb50e7d64d1cf314e87504837?s=96&d=mm&r=g","contentUrl":"https:\/\/secure.gravatar.com\/avatar\/55cb5e37c1efa326397366e6974cb338056df65cb50e7d64d1cf314e87504837?s=96&d=mm&r=g","caption":"Arnaldo Botto"},"url":"https:\/\/www.noticiasradioreflejos.com.ar\/2021\/author\/arnaldo\/"}]}},"_links":{"self":[{"href":"https:\/\/www.noticiasradioreflejos.com.ar\/2021\/wp-json\/wp\/v2\/posts\/75959","targetHints":{"allow":["GET"]}}],"collection":[{"href":"https:\/\/www.noticiasradioreflejos.com.ar\/2021\/wp-json\/wp\/v2\/posts"}],"about":[{"href":"https:\/\/www.noticiasradioreflejos.com.ar\/2021\/wp-json\/wp\/v2\/types\/post"}],"author":[{"embeddable":true,"href":"https:\/\/www.noticiasradioreflejos.com.ar\/2021\/wp-json\/wp\/v2\/users\/3"}],"replies":[{"embeddable":true,"href":"https:\/\/www.noticiasradioreflejos.com.ar\/2021\/wp-json\/wp\/v2\/comments?post=75959"}],"version-history":[{"count":2,"href":"https:\/\/www.noticiasradioreflejos.com.ar\/2021\/wp-json\/wp\/v2\/posts\/75959\/revisions"}],"predecessor-version":[{"id":75962,"href":"https:\/\/www.noticiasradioreflejos.com.ar\/2021\/wp-json\/wp\/v2\/posts\/75959\/revisions\/75962"}],"wp:attachment":[{"href":"https:\/\/www.noticiasradioreflejos.com.ar\/2021\/wp-json\/wp\/v2\/media?parent=75959"}],"wp:term":[{"taxonomy":"category","embeddable":true,"href":"https:\/\/www.noticiasradioreflejos.com.ar\/2021\/wp-json\/wp\/v2\/categories?post=75959"},{"taxonomy":"post_tag","embeddable":true,"href":"https:\/\/www.noticiasradioreflejos.com.ar\/2021\/wp-json\/wp\/v2\/tags?post=75959"}],"curies":[{"name":"wp","href":"https:\/\/api.w.org\/{rel}","templated":true}]}}