{"id":75881,"date":"2022-08-03T19:57:26","date_gmt":"2022-08-03T19:57:26","guid":{"rendered":"http:\/\/www.noticiasradioreflejos.com.ar\/2021\/?p=75881"},"modified":"2022-08-03T19:57:26","modified_gmt":"2022-08-03T19:57:26","slug":"la-ley-de-alquileres-ha-fracasado","status":"publish","type":"post","link":"https:\/\/www.noticiasradioreflejos.com.ar\/2021\/la-ley-de-alquileres-ha-fracasado\/","title":{"rendered":"\u201cLa Ley de Alquileres ha fracasado\u201d"},"content":{"rendered":"<p>La abogada Paula Goldin realiz\u00f3 un pantallazo de lo vivido hasta ac\u00e1, y c\u00f3mo la situaci\u00f3n ha empeorado desde que la normativa entr\u00f3 en vigencia.<!--more--><\/p>\n<p>Pese al esp\u00edritu de buena intenci\u00f3n que envolv\u00eda la modificaci\u00f3n en la ley de alquileres, no debi\u00f3 pasar mucho tiempo para que los ideales se golpearan de frente con la realidad, y como consecuencia, la poblaci\u00f3n en general se viera inmersa en un problema mayor.<\/p>\n<p>Al respecto, la Dra. Goldin asegur\u00f3 que \u201cesta ley ha fracasado. En las zonas que vivimos nosotros no tiene mucho sentido situaciones como la de expensas de los edificios, pero s\u00ed hay otros que son m\u00e1s interesantes\u201d.<\/p>\n<p>Siguiendo en su relato, coment\u00f3 que \u201cesta ley fue promulgada en 2020. Antes hab\u00eda algo muy an\u00e1rquico en ambas partes. Por lo general se daban muchos abusos por parte del propietario. No hab\u00eda mucho derecho por parte del inquilino a defenderse ante los desperfectos que no depend\u00eda de \u00e9l. Esta ley vino a tratar de solucionar estas situaciones\u201d.<\/p>\n<p>De igual forma remarc\u00f3 que \u201ca los pocos meses comenz\u00f3 a mostrar efectos no deseados, que llev\u00f3 a que diversos sectores comiencen a plantear cambios. Por ejemplo, para los inquilinos el \u00edndice de actualizaci\u00f3n es alt\u00edsimo. Claramente no est\u00e1 funcionando\u201d.<\/p>\n<p>Pasando a la problem\u00e1tica cotidiana en la comarca, la abogada sostuvo que \u201cen Sierra no hay casas para alquilar de manera permanente, y si alguien lo tiene, quiz\u00e1s lo ofrece de forma abusiva, porque la demanda es tan grande que se puede aprovechar. En Punta Alta ocurre lo mismo con la Base Naval. Cada vez que la base da viviendas, el costo de los alquileres baja. En Bah\u00eda Blanca en la zona estudiantil hay muchos abusos\u201d.<\/p>\n<p>Como alternativas, en otro pasaje de la entrevista, la doctora afirm\u00f3 que \u201cel gobierno lo que est\u00e1 planteando hoy es implementar una suerte de impuesto a la vivienda vac\u00eda. El problema es que el pago del alquiler hoy afecta entre un 36 y un 40 por ciento del salario. Estoy segura que el 70% de los propietarios, si no me quedo corta, no declara los alquileres; hacen contratos paralelos&#8230; buscan alternativas a esta ley\u201d.<\/p>\n<p>Por \u00faltimo y a modo de conclusi\u00f3n reafirm\u00f3 el hecho de que \u201cen Sierra siga sin solucionarse el tema de la vivienda para los que no tienen casa propia. Estar sin contrato, o con uno por fuera de la ley, es pr\u00e1cticamente lo mismo y estoy desprotegido ante esto. Por eso es tan dif\u00edcil tener estad\u00edsticas confiables en un pa\u00eds que siempre est\u00e1 buscando burlar la ley\u201d.<\/p>\n<p><iframe loading=\"lazy\" width=\"100%\" height=\"300\" scrolling=\"no\" frameborder=\"no\" allow=\"autoplay\" src=\"https:\/\/w.soundcloud.com\/player\/?url=https%3A\/\/api.soundcloud.com\/tracks\/1317196789&#038;color=%23ff5500&#038;auto_play=false&#038;hide_related=false&#038;show_comments=true&#038;show_user=true&#038;show_reposts=false&#038;show_teaser=true&#038;visual=true\"><\/iframe><\/p>\n<div style=\"font-size: 10px; color: #cccccc;line-break: anywhere;word-break: normal;overflow: hidden;white-space: nowrap;text-overflow: ellipsis; font-family: Interstate,Lucida Grande,Lucida Sans Unicode,Lucida Sans,Garuda,Verdana,Tahoma,sans-serif;font-weight: 100;\"><a href=\"https:\/\/soundcloud.com\/fmreflejos-103-7\" title=\"fmreflejos 103.7\" target=\"_blank\" style=\"color: #cccccc; text-decoration: none;\" rel=\"noopener\">fmreflejos 103.7<\/a> \u00b7 <a href=\"https:\/\/soundcloud.com\/fmreflejos-103-7\/paula-goldin-8\" title=\"Paula Goldin\" target=\"_blank\" style=\"color: #cccccc; text-decoration: none;\" rel=\"noopener\">Paula Goldin<\/a><\/div>\n","protected":false},"excerpt":{"rendered":"<p>La abogada Paula Goldin realiz\u00f3 un pantallazo de lo vivido hasta ac\u00e1, y c\u00f3mo la situaci\u00f3n ha empeorado desde que la normativa entr\u00f3 en vigencia.<\/p>\n","protected":false},"author":3,"featured_media":75898,"comment_status":"closed","ping_status":"closed","sticky":false,"template":"","format":"standard","meta":{"footnotes":""},"categories":[57,24,26],"tags":[48],"class_list":["post-75881","post","type-post","status-publish","format-standard","has-post-thumbnail","hentry","category-judiciales","category-politica","category-sociedad","tag-destacada"],"yoast_head":"<!-- This site is optimized with the Yoast SEO plugin v25.9 - https:\/\/yoast.com\/wordpress\/plugins\/seo\/ -->\n<title>\u201cLa Ley de Alquileres ha fracasado\u201d - Noticias Radio Reflejos<\/title>\n<meta name=\"robots\" content=\"index, follow, max-snippet:-1, max-image-preview:large, max-video-preview:-1\" \/>\n<link rel=\"canonical\" href=\"https:\/\/www.noticiasradioreflejos.com.ar\/2021\/la-ley-de-alquileres-ha-fracasado\/\" \/>\n<meta property=\"og:locale\" content=\"es_ES\" \/>\n<meta property=\"og:type\" content=\"article\" \/>\n<meta property=\"og:title\" content=\"\u201cLa Ley de Alquileres ha fracasado\u201d - Noticias Radio Reflejos\" \/>\n<meta property=\"og:description\" content=\"La abogada Paula Goldin realiz\u00f3 un pantallazo de lo vivido hasta ac\u00e1, y c\u00f3mo la situaci\u00f3n ha empeorado desde que la normativa entr\u00f3 en vigencia.\" \/>\n<meta property=\"og:url\" content=\"https:\/\/www.noticiasradioreflejos.com.ar\/2021\/la-ley-de-alquileres-ha-fracasado\/\" \/>\n<meta property=\"og:site_name\" content=\"Noticias Radio Reflejos\" \/>\n<meta property=\"article:published_time\" content=\"2022-08-03T19:57:26+00:00\" \/>\n<meta property=\"og:image\" content=\"https:\/\/www.noticiasradioreflejos.com.ar\/2021\/wp-content\/uploads\/2022\/08\/alquila.jpg\" \/>\n\t<meta property=\"og:image:width\" content=\"800\" \/>\n\t<meta property=\"og:image:height\" content=\"466\" \/>\n\t<meta property=\"og:image:type\" content=\"image\/jpeg\" \/>\n<meta name=\"author\" content=\"Arnaldo Botto\" \/>\n<meta name=\"twitter:card\" content=\"summary_large_image\" \/>\n<script type=\"application\/ld+json\" class=\"yoast-schema-graph\">{\"@context\":\"https:\/\/schema.org\",\"@graph\":[{\"@type\":\"WebPage\",\"@id\":\"https:\/\/www.noticiasradioreflejos.com.ar\/2021\/la-ley-de-alquileres-ha-fracasado\/\",\"url\":\"https:\/\/www.noticiasradioreflejos.com.ar\/2021\/la-ley-de-alquileres-ha-fracasado\/\",\"name\":\"\u201cLa Ley de Alquileres ha fracasado\u201d - Noticias Radio Reflejos\",\"isPartOf\":{\"@id\":\"https:\/\/www.noticiasradioreflejos.com.ar\/2021\/#website\"},\"primaryImageOfPage\":{\"@id\":\"https:\/\/www.noticiasradioreflejos.com.ar\/2021\/la-ley-de-alquileres-ha-fracasado\/#primaryimage\"},\"image\":{\"@id\":\"https:\/\/www.noticiasradioreflejos.com.ar\/2021\/la-ley-de-alquileres-ha-fracasado\/#primaryimage\"},\"thumbnailUrl\":\"https:\/\/www.noticiasradioreflejos.com.ar\/2021\/wp-content\/uploads\/2022\/08\/alquila.jpg\",\"datePublished\":\"2022-08-03T19:57:26+00:00\",\"author\":{\"@id\":\"https:\/\/www.noticiasradioreflejos.com.ar\/2021\/#\/schema\/person\/ad82545263dcc5ec0996818884fd5fb1\"},\"breadcrumb\":{\"@id\":\"https:\/\/www.noticiasradioreflejos.com.ar\/2021\/la-ley-de-alquileres-ha-fracasado\/#breadcrumb\"},\"inLanguage\":\"es\",\"potentialAction\":[{\"@type\":\"ReadAction\",\"target\":[\"https:\/\/www.noticiasradioreflejos.com.ar\/2021\/la-ley-de-alquileres-ha-fracasado\/\"]}]},{\"@type\":\"ImageObject\",\"inLanguage\":\"es\",\"@id\":\"https:\/\/www.noticiasradioreflejos.com.ar\/2021\/la-ley-de-alquileres-ha-fracasado\/#primaryimage\",\"url\":\"https:\/\/www.noticiasradioreflejos.com.ar\/2021\/wp-content\/uploads\/2022\/08\/alquila.jpg\",\"contentUrl\":\"https:\/\/www.noticiasradioreflejos.com.ar\/2021\/wp-content\/uploads\/2022\/08\/alquila.jpg\",\"width\":800,\"height\":466},{\"@type\":\"BreadcrumbList\",\"@id\":\"https:\/\/www.noticiasradioreflejos.com.ar\/2021\/la-ley-de-alquileres-ha-fracasado\/#breadcrumb\",\"itemListElement\":[{\"@type\":\"ListItem\",\"position\":1,\"name\":\"Portada\",\"item\":\"https:\/\/www.noticiasradioreflejos.com.ar\/2021\/\"},{\"@type\":\"ListItem\",\"position\":2,\"name\":\"\u201cLa Ley de Alquileres ha fracasado\u201d\"}]},{\"@type\":\"WebSite\",\"@id\":\"https:\/\/www.noticiasradioreflejos.com.ar\/2021\/#website\",\"url\":\"https:\/\/www.noticiasradioreflejos.com.ar\/2021\/\",\"name\":\"Noticias Radio Reflejos\",\"description\":\"Las noticias de mi comarca\",\"potentialAction\":[{\"@type\":\"SearchAction\",\"target\":{\"@type\":\"EntryPoint\",\"urlTemplate\":\"https:\/\/www.noticiasradioreflejos.com.ar\/2021\/?s={search_term_string}\"},\"query-input\":{\"@type\":\"PropertyValueSpecification\",\"valueRequired\":true,\"valueName\":\"search_term_string\"}}],\"inLanguage\":\"es\"},{\"@type\":\"Person\",\"@id\":\"https:\/\/www.noticiasradioreflejos.com.ar\/2021\/#\/schema\/person\/ad82545263dcc5ec0996818884fd5fb1\",\"name\":\"Arnaldo Botto\",\"image\":{\"@type\":\"ImageObject\",\"inLanguage\":\"es\",\"@id\":\"https:\/\/www.noticiasradioreflejos.com.ar\/2021\/#\/schema\/person\/image\/\",\"url\":\"https:\/\/secure.gravatar.com\/avatar\/55cb5e37c1efa326397366e6974cb338056df65cb50e7d64d1cf314e87504837?s=96&d=mm&r=g\",\"contentUrl\":\"https:\/\/secure.gravatar.com\/avatar\/55cb5e37c1efa326397366e6974cb338056df65cb50e7d64d1cf314e87504837?s=96&d=mm&r=g\",\"caption\":\"Arnaldo Botto\"},\"url\":\"https:\/\/www.noticiasradioreflejos.com.ar\/2021\/author\/arnaldo\/\"}]}<\/script>\n<!-- \/ Yoast SEO plugin. -->","yoast_head_json":{"title":"\u201cLa Ley de Alquileres ha fracasado\u201d - Noticias Radio Reflejos","robots":{"index":"index","follow":"follow","max-snippet":"max-snippet:-1","max-image-preview":"max-image-preview:large","max-video-preview":"max-video-preview:-1"},"canonical":"https:\/\/www.noticiasradioreflejos.com.ar\/2021\/la-ley-de-alquileres-ha-fracasado\/","og_locale":"es_ES","og_type":"article","og_title":"\u201cLa Ley de Alquileres ha fracasado\u201d - Noticias Radio Reflejos","og_description":"La abogada Paula Goldin realiz\u00f3 un pantallazo de lo vivido hasta ac\u00e1, y c\u00f3mo la situaci\u00f3n ha empeorado desde que la normativa entr\u00f3 en vigencia.","og_url":"https:\/\/www.noticiasradioreflejos.com.ar\/2021\/la-ley-de-alquileres-ha-fracasado\/","og_site_name":"Noticias Radio Reflejos","article_published_time":"2022-08-03T19:57:26+00:00","og_image":[{"width":800,"height":466,"url":"https:\/\/www.noticiasradioreflejos.com.ar\/2021\/wp-content\/uploads\/2022\/08\/alquila.jpg","type":"image\/jpeg"}],"author":"Arnaldo Botto","twitter_card":"summary_large_image","schema":{"@context":"https:\/\/schema.org","@graph":[{"@type":"WebPage","@id":"https:\/\/www.noticiasradioreflejos.com.ar\/2021\/la-ley-de-alquileres-ha-fracasado\/","url":"https:\/\/www.noticiasradioreflejos.com.ar\/2021\/la-ley-de-alquileres-ha-fracasado\/","name":"\u201cLa Ley de Alquileres ha fracasado\u201d - Noticias Radio Reflejos","isPartOf":{"@id":"https:\/\/www.noticiasradioreflejos.com.ar\/2021\/#website"},"primaryImageOfPage":{"@id":"https:\/\/www.noticiasradioreflejos.com.ar\/2021\/la-ley-de-alquileres-ha-fracasado\/#primaryimage"},"image":{"@id":"https:\/\/www.noticiasradioreflejos.com.ar\/2021\/la-ley-de-alquileres-ha-fracasado\/#primaryimage"},"thumbnailUrl":"https:\/\/www.noticiasradioreflejos.com.ar\/2021\/wp-content\/uploads\/2022\/08\/alquila.jpg","datePublished":"2022-08-03T19:57:26+00:00","author":{"@id":"https:\/\/www.noticiasradioreflejos.com.ar\/2021\/#\/schema\/person\/ad82545263dcc5ec0996818884fd5fb1"},"breadcrumb":{"@id":"https:\/\/www.noticiasradioreflejos.com.ar\/2021\/la-ley-de-alquileres-ha-fracasado\/#breadcrumb"},"inLanguage":"es","potentialAction":[{"@type":"ReadAction","target":["https:\/\/www.noticiasradioreflejos.com.ar\/2021\/la-ley-de-alquileres-ha-fracasado\/"]}]},{"@type":"ImageObject","inLanguage":"es","@id":"https:\/\/www.noticiasradioreflejos.com.ar\/2021\/la-ley-de-alquileres-ha-fracasado\/#primaryimage","url":"https:\/\/www.noticiasradioreflejos.com.ar\/2021\/wp-content\/uploads\/2022\/08\/alquila.jpg","contentUrl":"https:\/\/www.noticiasradioreflejos.com.ar\/2021\/wp-content\/uploads\/2022\/08\/alquila.jpg","width":800,"height":466},{"@type":"BreadcrumbList","@id":"https:\/\/www.noticiasradioreflejos.com.ar\/2021\/la-ley-de-alquileres-ha-fracasado\/#breadcrumb","itemListElement":[{"@type":"ListItem","position":1,"name":"Portada","item":"https:\/\/www.noticiasradioreflejos.com.ar\/2021\/"},{"@type":"ListItem","position":2,"name":"\u201cLa Ley de Alquileres ha fracasado\u201d"}]},{"@type":"WebSite","@id":"https:\/\/www.noticiasradioreflejos.com.ar\/2021\/#website","url":"https:\/\/www.noticiasradioreflejos.com.ar\/2021\/","name":"Noticias Radio Reflejos","description":"Las noticias de mi comarca","potentialAction":[{"@type":"SearchAction","target":{"@type":"EntryPoint","urlTemplate":"https:\/\/www.noticiasradioreflejos.com.ar\/2021\/?s={search_term_string}"},"query-input":{"@type":"PropertyValueSpecification","valueRequired":true,"valueName":"search_term_string"}}],"inLanguage":"es"},{"@type":"Person","@id":"https:\/\/www.noticiasradioreflejos.com.ar\/2021\/#\/schema\/person\/ad82545263dcc5ec0996818884fd5fb1","name":"Arnaldo Botto","image":{"@type":"ImageObject","inLanguage":"es","@id":"https:\/\/www.noticiasradioreflejos.com.ar\/2021\/#\/schema\/person\/image\/","url":"https:\/\/secure.gravatar.com\/avatar\/55cb5e37c1efa326397366e6974cb338056df65cb50e7d64d1cf314e87504837?s=96&d=mm&r=g","contentUrl":"https:\/\/secure.gravatar.com\/avatar\/55cb5e37c1efa326397366e6974cb338056df65cb50e7d64d1cf314e87504837?s=96&d=mm&r=g","caption":"Arnaldo Botto"},"url":"https:\/\/www.noticiasradioreflejos.com.ar\/2021\/author\/arnaldo\/"}]}},"_links":{"self":[{"href":"https:\/\/www.noticiasradioreflejos.com.ar\/2021\/wp-json\/wp\/v2\/posts\/75881","targetHints":{"allow":["GET"]}}],"collection":[{"href":"https:\/\/www.noticiasradioreflejos.com.ar\/2021\/wp-json\/wp\/v2\/posts"}],"about":[{"href":"https:\/\/www.noticiasradioreflejos.com.ar\/2021\/wp-json\/wp\/v2\/types\/post"}],"author":[{"embeddable":true,"href":"https:\/\/www.noticiasradioreflejos.com.ar\/2021\/wp-json\/wp\/v2\/users\/3"}],"replies":[{"embeddable":true,"href":"https:\/\/www.noticiasradioreflejos.com.ar\/2021\/wp-json\/wp\/v2\/comments?post=75881"}],"version-history":[{"count":2,"href":"https:\/\/www.noticiasradioreflejos.com.ar\/2021\/wp-json\/wp\/v2\/posts\/75881\/revisions"}],"predecessor-version":[{"id":75899,"href":"https:\/\/www.noticiasradioreflejos.com.ar\/2021\/wp-json\/wp\/v2\/posts\/75881\/revisions\/75899"}],"wp:featuredmedia":[{"embeddable":true,"href":"https:\/\/www.noticiasradioreflejos.com.ar\/2021\/wp-json\/wp\/v2\/media\/75898"}],"wp:attachment":[{"href":"https:\/\/www.noticiasradioreflejos.com.ar\/2021\/wp-json\/wp\/v2\/media?parent=75881"}],"wp:term":[{"taxonomy":"category","embeddable":true,"href":"https:\/\/www.noticiasradioreflejos.com.ar\/2021\/wp-json\/wp\/v2\/categories?post=75881"},{"taxonomy":"post_tag","embeddable":true,"href":"https:\/\/www.noticiasradioreflejos.com.ar\/2021\/wp-json\/wp\/v2\/tags?post=75881"}],"curies":[{"name":"wp","href":"https:\/\/api.w.org\/{rel}","templated":true}]}}