{"id":75732,"date":"2022-07-29T19:22:29","date_gmt":"2022-07-29T19:22:29","guid":{"rendered":"http:\/\/www.noticiasradioreflejos.com.ar\/2021\/?p=75732"},"modified":"2022-07-29T19:22:29","modified_gmt":"2022-07-29T19:22:29","slug":"los-chicos-de-envion-participaron-de-una-jornada-recreativa","status":"publish","type":"post","link":"https:\/\/www.noticiasradioreflejos.com.ar\/2021\/los-chicos-de-envion-participaron-de-una-jornada-recreativa\/","title":{"rendered":"Los chicos de Envi\u00f3n participaron de una jornada recreativa"},"content":{"rendered":"<p>Este jueves, los j\u00f3venes que asisten al Programa Envi\u00f3n de las sedes de Tornquist y Saldungaray junto a sus equipos t\u00e9cnicos, y la Subsecretaria de Juventudes, Pol\u00edticas de G\u00e9nero y Diversidades, Daniela Aguilar; participaron de una jornada recreativa en la ciudad cabecera para darle un cierre a las actividades que llevaron a cabo durante el receso invernal. <!--more--><\/p>\n<p>En primera instancia, participaron de un taller de cocina, dictado por Fabi\u00e1n Villar, donde los j\u00f3venes pudieron preparar brownies, que luego degustaron como merienda. Durante el encuentro, llevaron a cabo rondas de juegos, y los ganadores se llevaron sus respectivos premios que fueron donados por el Municipio. <\/p>\n<p><a data-flickr-embed=\"true\" href=\"https:\/\/www.flickr.com\/photos\/182279889@N02\/52250070039\/in\/dateposted-public\/\" title=\"ENVION1\"><img loading=\"lazy\" decoding=\"async\" src=\"https:\/\/live.staticflickr.com\/65535\/52250070039_acf097e0dd_w.jpg\" width=\"300\" height=\"400\" alt=\"ENVION1\"><\/a><script async src=\"\/\/embedr.flickr.com\/assets\/client-code.js\" charset=\"utf-8\"><\/script><\/p>\n<p>Como parte de la jornada, la Psicopedagoga, Lourdes Rossi; quien tiene a cargo el taller de Reflexi\u00f3n, realiz\u00f3 tres propuestas para que los j\u00f3venes pudieran trabajar en la integraci\u00f3n de los grupos. <\/p>\n<p>Para cerrar el d\u00eda, los ni\u00f1os y adolescentes se trasladaron al Teatro Rodolfo Funke, para disfrutar del espect\u00e1culo de \u201cRudy G\u00fcemes\u201d. Show que forma parte de la agenda cultura de vacaciones de invierno, planificada por la Subsecretaria de Cultura.<\/p>\n<p>Este tipo de encuentros favorecen la integraci\u00f3n social, permitiendo a los asistentes de Envi\u00f3n conocer diferentes espacios del distrito. <\/p>\n<p>Desde la Subsecretaria de Juventudes, Pol\u00edticas de Genero y Diversidades se agradece el acompa\u00f1amiento de cada una de las familias y concurrente; como as\u00ed tambi\u00e9n a la Subsecretaria de Cultura por la invitaci\u00f3n al teatro. <\/p>\n<p>Reforzando el compromiso de continuar acompa\u00f1ando y apoyando a cada uno de los ni\u00f1os del programa en sus pasos. <\/p>\n","protected":false},"excerpt":{"rendered":"<p>Este jueves, los j\u00f3venes que asisten al Programa Envi\u00f3n de las sedes de Tornquist y Saldungaray junto a sus equipos t\u00e9cnicos, y la Subsecretaria de Juventudes, Pol\u00edticas de G\u00e9nero y Diversidades, Daniela Aguilar; participaron de una jornada recreativa en la ciudad cabecera para darle un cierre a las actividades que llevaron a cabo durante el [&hellip;]<\/p>\n","protected":false},"author":3,"featured_media":0,"comment_status":"closed","ping_status":"closed","sticky":false,"template":"","format":"standard","meta":{"footnotes":""},"categories":[34],"tags":[],"class_list":["post-75732","post","type-post","status-publish","format-standard","hentry","category-educacion"],"yoast_head":"<!-- This site is optimized with the Yoast SEO plugin v25.9 - https:\/\/yoast.com\/wordpress\/plugins\/seo\/ -->\n<title>Los chicos de Envi\u00f3n participaron de una jornada recreativa - Noticias Radio Reflejos<\/title>\n<meta name=\"robots\" content=\"index, follow, max-snippet:-1, max-image-preview:large, max-video-preview:-1\" \/>\n<link rel=\"canonical\" href=\"https:\/\/www.noticiasradioreflejos.com.ar\/2021\/los-chicos-de-envion-participaron-de-una-jornada-recreativa\/\" \/>\n<meta property=\"og:locale\" content=\"es_ES\" \/>\n<meta property=\"og:type\" content=\"article\" \/>\n<meta property=\"og:title\" content=\"Los chicos de Envi\u00f3n participaron de una jornada recreativa - Noticias Radio Reflejos\" \/>\n<meta property=\"og:description\" content=\"Este jueves, los j\u00f3venes que asisten al Programa Envi\u00f3n de las sedes de Tornquist y Saldungaray junto a sus equipos t\u00e9cnicos, y la Subsecretaria de Juventudes, Pol\u00edticas de G\u00e9nero y Diversidades, Daniela Aguilar; participaron de una jornada recreativa en la ciudad cabecera para darle un cierre a las actividades que llevaron a cabo durante el [&hellip;]\" \/>\n<meta property=\"og:url\" content=\"https:\/\/www.noticiasradioreflejos.com.ar\/2021\/los-chicos-de-envion-participaron-de-una-jornada-recreativa\/\" \/>\n<meta property=\"og:site_name\" content=\"Noticias Radio Reflejos\" \/>\n<meta property=\"article:published_time\" content=\"2022-07-29T19:22:29+00:00\" \/>\n<meta property=\"og:image\" content=\"https:\/\/live.staticflickr.com\/65535\/52250070039_acf097e0dd_w.jpg\" \/>\n<meta name=\"author\" content=\"Arnaldo Botto\" \/>\n<meta name=\"twitter:card\" content=\"summary_large_image\" \/>\n<script type=\"application\/ld+json\" class=\"yoast-schema-graph\">{\"@context\":\"https:\/\/schema.org\",\"@graph\":[{\"@type\":\"WebPage\",\"@id\":\"https:\/\/www.noticiasradioreflejos.com.ar\/2021\/los-chicos-de-envion-participaron-de-una-jornada-recreativa\/\",\"url\":\"https:\/\/www.noticiasradioreflejos.com.ar\/2021\/los-chicos-de-envion-participaron-de-una-jornada-recreativa\/\",\"name\":\"Los chicos de Envi\u00f3n participaron de una jornada recreativa - Noticias Radio Reflejos\",\"isPartOf\":{\"@id\":\"https:\/\/www.noticiasradioreflejos.com.ar\/2021\/#website\"},\"primaryImageOfPage\":{\"@id\":\"https:\/\/www.noticiasradioreflejos.com.ar\/2021\/los-chicos-de-envion-participaron-de-una-jornada-recreativa\/#primaryimage\"},\"image\":{\"@id\":\"https:\/\/www.noticiasradioreflejos.com.ar\/2021\/los-chicos-de-envion-participaron-de-una-jornada-recreativa\/#primaryimage\"},\"thumbnailUrl\":\"https:\/\/live.staticflickr.com\/65535\/52250070039_acf097e0dd_w.jpg\",\"datePublished\":\"2022-07-29T19:22:29+00:00\",\"author\":{\"@id\":\"https:\/\/www.noticiasradioreflejos.com.ar\/2021\/#\/schema\/person\/ad82545263dcc5ec0996818884fd5fb1\"},\"breadcrumb\":{\"@id\":\"https:\/\/www.noticiasradioreflejos.com.ar\/2021\/los-chicos-de-envion-participaron-de-una-jornada-recreativa\/#breadcrumb\"},\"inLanguage\":\"es\",\"potentialAction\":[{\"@type\":\"ReadAction\",\"target\":[\"https:\/\/www.noticiasradioreflejos.com.ar\/2021\/los-chicos-de-envion-participaron-de-una-jornada-recreativa\/\"]}]},{\"@type\":\"ImageObject\",\"inLanguage\":\"es\",\"@id\":\"https:\/\/www.noticiasradioreflejos.com.ar\/2021\/los-chicos-de-envion-participaron-de-una-jornada-recreativa\/#primaryimage\",\"url\":\"https:\/\/live.staticflickr.com\/65535\/52250070039_acf097e0dd_w.jpg\",\"contentUrl\":\"https:\/\/live.staticflickr.com\/65535\/52250070039_acf097e0dd_w.jpg\"},{\"@type\":\"BreadcrumbList\",\"@id\":\"https:\/\/www.noticiasradioreflejos.com.ar\/2021\/los-chicos-de-envion-participaron-de-una-jornada-recreativa\/#breadcrumb\",\"itemListElement\":[{\"@type\":\"ListItem\",\"position\":1,\"name\":\"Portada\",\"item\":\"https:\/\/www.noticiasradioreflejos.com.ar\/2021\/\"},{\"@type\":\"ListItem\",\"position\":2,\"name\":\"Los chicos de Envi\u00f3n participaron de una jornada recreativa\"}]},{\"@type\":\"WebSite\",\"@id\":\"https:\/\/www.noticiasradioreflejos.com.ar\/2021\/#website\",\"url\":\"https:\/\/www.noticiasradioreflejos.com.ar\/2021\/\",\"name\":\"Noticias Radio Reflejos\",\"description\":\"Las noticias de mi comarca\",\"potentialAction\":[{\"@type\":\"SearchAction\",\"target\":{\"@type\":\"EntryPoint\",\"urlTemplate\":\"https:\/\/www.noticiasradioreflejos.com.ar\/2021\/?s={search_term_string}\"},\"query-input\":{\"@type\":\"PropertyValueSpecification\",\"valueRequired\":true,\"valueName\":\"search_term_string\"}}],\"inLanguage\":\"es\"},{\"@type\":\"Person\",\"@id\":\"https:\/\/www.noticiasradioreflejos.com.ar\/2021\/#\/schema\/person\/ad82545263dcc5ec0996818884fd5fb1\",\"name\":\"Arnaldo Botto\",\"image\":{\"@type\":\"ImageObject\",\"inLanguage\":\"es\",\"@id\":\"https:\/\/www.noticiasradioreflejos.com.ar\/2021\/#\/schema\/person\/image\/\",\"url\":\"https:\/\/secure.gravatar.com\/avatar\/55cb5e37c1efa326397366e6974cb338056df65cb50e7d64d1cf314e87504837?s=96&d=mm&r=g\",\"contentUrl\":\"https:\/\/secure.gravatar.com\/avatar\/55cb5e37c1efa326397366e6974cb338056df65cb50e7d64d1cf314e87504837?s=96&d=mm&r=g\",\"caption\":\"Arnaldo Botto\"},\"url\":\"https:\/\/www.noticiasradioreflejos.com.ar\/2021\/author\/arnaldo\/\"}]}<\/script>\n<!-- \/ Yoast SEO plugin. -->","yoast_head_json":{"title":"Los chicos de Envi\u00f3n participaron de una jornada recreativa - Noticias Radio Reflejos","robots":{"index":"index","follow":"follow","max-snippet":"max-snippet:-1","max-image-preview":"max-image-preview:large","max-video-preview":"max-video-preview:-1"},"canonical":"https:\/\/www.noticiasradioreflejos.com.ar\/2021\/los-chicos-de-envion-participaron-de-una-jornada-recreativa\/","og_locale":"es_ES","og_type":"article","og_title":"Los chicos de Envi\u00f3n participaron de una jornada recreativa - Noticias Radio Reflejos","og_description":"Este jueves, los j\u00f3venes que asisten al Programa Envi\u00f3n de las sedes de Tornquist y Saldungaray junto a sus equipos t\u00e9cnicos, y la Subsecretaria de Juventudes, Pol\u00edticas de G\u00e9nero y Diversidades, Daniela Aguilar; participaron de una jornada recreativa en la ciudad cabecera para darle un cierre a las actividades que llevaron a cabo durante el [&hellip;]","og_url":"https:\/\/www.noticiasradioreflejos.com.ar\/2021\/los-chicos-de-envion-participaron-de-una-jornada-recreativa\/","og_site_name":"Noticias Radio Reflejos","article_published_time":"2022-07-29T19:22:29+00:00","og_image":[{"url":"https:\/\/live.staticflickr.com\/65535\/52250070039_acf097e0dd_w.jpg","type":"","width":"","height":""}],"author":"Arnaldo Botto","twitter_card":"summary_large_image","schema":{"@context":"https:\/\/schema.org","@graph":[{"@type":"WebPage","@id":"https:\/\/www.noticiasradioreflejos.com.ar\/2021\/los-chicos-de-envion-participaron-de-una-jornada-recreativa\/","url":"https:\/\/www.noticiasradioreflejos.com.ar\/2021\/los-chicos-de-envion-participaron-de-una-jornada-recreativa\/","name":"Los chicos de Envi\u00f3n participaron de una jornada recreativa - Noticias Radio Reflejos","isPartOf":{"@id":"https:\/\/www.noticiasradioreflejos.com.ar\/2021\/#website"},"primaryImageOfPage":{"@id":"https:\/\/www.noticiasradioreflejos.com.ar\/2021\/los-chicos-de-envion-participaron-de-una-jornada-recreativa\/#primaryimage"},"image":{"@id":"https:\/\/www.noticiasradioreflejos.com.ar\/2021\/los-chicos-de-envion-participaron-de-una-jornada-recreativa\/#primaryimage"},"thumbnailUrl":"https:\/\/live.staticflickr.com\/65535\/52250070039_acf097e0dd_w.jpg","datePublished":"2022-07-29T19:22:29+00:00","author":{"@id":"https:\/\/www.noticiasradioreflejos.com.ar\/2021\/#\/schema\/person\/ad82545263dcc5ec0996818884fd5fb1"},"breadcrumb":{"@id":"https:\/\/www.noticiasradioreflejos.com.ar\/2021\/los-chicos-de-envion-participaron-de-una-jornada-recreativa\/#breadcrumb"},"inLanguage":"es","potentialAction":[{"@type":"ReadAction","target":["https:\/\/www.noticiasradioreflejos.com.ar\/2021\/los-chicos-de-envion-participaron-de-una-jornada-recreativa\/"]}]},{"@type":"ImageObject","inLanguage":"es","@id":"https:\/\/www.noticiasradioreflejos.com.ar\/2021\/los-chicos-de-envion-participaron-de-una-jornada-recreativa\/#primaryimage","url":"https:\/\/live.staticflickr.com\/65535\/52250070039_acf097e0dd_w.jpg","contentUrl":"https:\/\/live.staticflickr.com\/65535\/52250070039_acf097e0dd_w.jpg"},{"@type":"BreadcrumbList","@id":"https:\/\/www.noticiasradioreflejos.com.ar\/2021\/los-chicos-de-envion-participaron-de-una-jornada-recreativa\/#breadcrumb","itemListElement":[{"@type":"ListItem","position":1,"name":"Portada","item":"https:\/\/www.noticiasradioreflejos.com.ar\/2021\/"},{"@type":"ListItem","position":2,"name":"Los chicos de Envi\u00f3n participaron de una jornada recreativa"}]},{"@type":"WebSite","@id":"https:\/\/www.noticiasradioreflejos.com.ar\/2021\/#website","url":"https:\/\/www.noticiasradioreflejos.com.ar\/2021\/","name":"Noticias Radio Reflejos","description":"Las noticias de mi comarca","potentialAction":[{"@type":"SearchAction","target":{"@type":"EntryPoint","urlTemplate":"https:\/\/www.noticiasradioreflejos.com.ar\/2021\/?s={search_term_string}"},"query-input":{"@type":"PropertyValueSpecification","valueRequired":true,"valueName":"search_term_string"}}],"inLanguage":"es"},{"@type":"Person","@id":"https:\/\/www.noticiasradioreflejos.com.ar\/2021\/#\/schema\/person\/ad82545263dcc5ec0996818884fd5fb1","name":"Arnaldo Botto","image":{"@type":"ImageObject","inLanguage":"es","@id":"https:\/\/www.noticiasradioreflejos.com.ar\/2021\/#\/schema\/person\/image\/","url":"https:\/\/secure.gravatar.com\/avatar\/55cb5e37c1efa326397366e6974cb338056df65cb50e7d64d1cf314e87504837?s=96&d=mm&r=g","contentUrl":"https:\/\/secure.gravatar.com\/avatar\/55cb5e37c1efa326397366e6974cb338056df65cb50e7d64d1cf314e87504837?s=96&d=mm&r=g","caption":"Arnaldo Botto"},"url":"https:\/\/www.noticiasradioreflejos.com.ar\/2021\/author\/arnaldo\/"}]}},"_links":{"self":[{"href":"https:\/\/www.noticiasradioreflejos.com.ar\/2021\/wp-json\/wp\/v2\/posts\/75732","targetHints":{"allow":["GET"]}}],"collection":[{"href":"https:\/\/www.noticiasradioreflejos.com.ar\/2021\/wp-json\/wp\/v2\/posts"}],"about":[{"href":"https:\/\/www.noticiasradioreflejos.com.ar\/2021\/wp-json\/wp\/v2\/types\/post"}],"author":[{"embeddable":true,"href":"https:\/\/www.noticiasradioreflejos.com.ar\/2021\/wp-json\/wp\/v2\/users\/3"}],"replies":[{"embeddable":true,"href":"https:\/\/www.noticiasradioreflejos.com.ar\/2021\/wp-json\/wp\/v2\/comments?post=75732"}],"version-history":[{"count":1,"href":"https:\/\/www.noticiasradioreflejos.com.ar\/2021\/wp-json\/wp\/v2\/posts\/75732\/revisions"}],"predecessor-version":[{"id":75734,"href":"https:\/\/www.noticiasradioreflejos.com.ar\/2021\/wp-json\/wp\/v2\/posts\/75732\/revisions\/75734"}],"wp:attachment":[{"href":"https:\/\/www.noticiasradioreflejos.com.ar\/2021\/wp-json\/wp\/v2\/media?parent=75732"}],"wp:term":[{"taxonomy":"category","embeddable":true,"href":"https:\/\/www.noticiasradioreflejos.com.ar\/2021\/wp-json\/wp\/v2\/categories?post=75732"},{"taxonomy":"post_tag","embeddable":true,"href":"https:\/\/www.noticiasradioreflejos.com.ar\/2021\/wp-json\/wp\/v2\/tags?post=75732"}],"curies":[{"name":"wp","href":"https:\/\/api.w.org\/{rel}","templated":true}]}}