{"id":75723,"date":"2022-07-29T19:14:21","date_gmt":"2022-07-29T19:14:21","guid":{"rendered":"http:\/\/www.noticiasradioreflejos.com.ar\/2021\/?p=75723"},"modified":"2022-07-29T19:17:49","modified_gmt":"2022-07-29T19:17:49","slug":"consejo-escolar-obras-realizadas-durante-el-mes-de-julio","status":"publish","type":"post","link":"https:\/\/www.noticiasradioreflejos.com.ar\/2021\/consejo-escolar-obras-realizadas-durante-el-mes-de-julio\/","title":{"rendered":"Consejo Escolar: obras realizadas durante el mes de julio"},"content":{"rendered":"<p>El Consejo Escolar de Tornquist informa a la comunidad los trabajos realizados durante el mes de julio. Dichos trabajos son financiados con Fondos Presupuestario, Educativo, Compensador y PEED (Programa de Emergencia Educativa), en los siguientes establecimientos educativos:<!--more--><\/p>\n<p><a data-flickr-embed=\"true\" href=\"https:\/\/www.flickr.com\/photos\/182279889@N02\/52248793057\/in\/dateposted-public\/\" title=\"CATDI\"><img loading=\"lazy\" decoding=\"async\" src=\"https:\/\/live.staticflickr.com\/65535\/52248793057_f46e8d07b2_w.jpg\" width=\"301\" height=\"400\" alt=\"CATDI\"><\/a><script async src=\"\/\/embedr.flickr.com\/assets\/client-code.js\" charset=\"utf-8\"><\/script><br \/>\nCATDI N\u00b01 Tornquist: Se construy\u00f3 un alero en la entrada principal. (Fondo Educativo)<\/p>\n<p><a data-flickr-embed=\"true\" href=\"https:\/\/www.flickr.com\/photos\/182279889@N02\/52250272525\/in\/dateposted-public\/\" title=\"EP 2\"><img loading=\"lazy\" decoding=\"async\" src=\"https:\/\/live.staticflickr.com\/65535\/52250272525_46acd8c5f1_w.jpg\" width=\"225\" height=\"400\" alt=\"EP 2\"><\/a><script async src=\"\/\/embedr.flickr.com\/assets\/client-code.js\" charset=\"utf-8\"><\/script><br \/>\nEP N\u00b02 Saldungaray: Se compraron 21 ventanas para reemplazar las existentes. Pr\u00f3ximamente se har\u00e1 la colocaci\u00f3n. (Fondo educativo)<\/p>\n<p><a data-flickr-embed=\"true\" href=\"https:\/\/www.flickr.com\/photos\/182279889@N02\/52248793072\/in\/dateposted-public\/\" title=\"JI 906\"><img loading=\"lazy\" decoding=\"async\" src=\"https:\/\/live.staticflickr.com\/65535\/52248793072_5a43ae1443_w.jpg\" width=\"300\" height=\"400\" alt=\"JI 906\"><\/a><script async src=\"\/\/embedr.flickr.com\/assets\/client-code.js\" charset=\"utf-8\"><\/script><br \/>\nJI N\u00b0906 Villa Ventana: Finaliz\u00f3 la colocaci\u00f3n de revestimiento en ba\u00f1o y aberturas del aula. Se contin\u00faa con el cielorraso. (Fondo PEED)<\/p>\n<p>ES N\u00b02 Sierra de la Ventana: Se finaliz\u00f3 con la losa de hormig\u00f3n armado, se contin\u00faa con el armado de las cabreadas de madera para el techo. (Fondo PEED)<\/p>\n<p><a data-flickr-embed=\"true\" href=\"https:\/\/www.flickr.com\/photos\/182279889@N02\/52248793092\/in\/dateposted-public\/\" title=\"EST 1\"><img loading=\"lazy\" decoding=\"async\" src=\"https:\/\/live.staticflickr.com\/65535\/52248793092_a20b723175_w.jpg\" width=\"400\" height=\"400\" alt=\"EST 1\"><\/a><script async src=\"\/\/embedr.flickr.com\/assets\/client-code.js\" charset=\"utf-8\"><\/script><br \/>\nEST N\u00b01 Tornquist: Los alumnos acondicionaron y pintaron un aula. El Consejo Escolar provey\u00f3 de la pintura. (Fondo presupuestario)<\/p>\n<p>JI N\u00b0905 Tornquist: Se est\u00e1n reparando los marcos de las puertas de los ba\u00f1os de dos salas. (Fondo compensador)<\/p>\n<p><a data-flickr-embed=\"true\" href=\"https:\/\/www.flickr.com\/photos\/182279889@N02\/52248793117\/in\/dateposted-public\/\" title=\"SUM Tres Picos\"><img loading=\"lazy\" decoding=\"async\" src=\"https:\/\/live.staticflickr.com\/65535\/52248793117_f3896771a6_w.jpg\" width=\"300\" height=\"400\" alt=\"SUM Tres Picos\"><\/a><script async src=\"\/\/embedr.flickr.com\/assets\/client-code.js\" charset=\"utf-8\"><\/script><br \/>\nSUM Tres Picos: Se comenzar\u00e1 con el recambio de las dos puertas del SUM del JI N\u00b0909 y la EP N\u00b03 por puertas antip\u00e1nico. (Fondo educativo)<\/p>\n","protected":false},"excerpt":{"rendered":"<p>El Consejo Escolar de Tornquist informa a la comunidad los trabajos realizados durante el mes de julio. Dichos trabajos son financiados con Fondos Presupuestario, Educativo, Compensador y PEED (Programa de Emergencia Educativa), en los siguientes establecimientos educativos:<\/p>\n","protected":false},"author":3,"featured_media":0,"comment_status":"closed","ping_status":"closed","sticky":false,"template":"","format":"standard","meta":{"footnotes":""},"categories":[1],"tags":[],"class_list":["post-75723","post","type-post","status-publish","format-standard","hentry","category-sin-categoria"],"yoast_head":"<!-- This site is optimized with the Yoast SEO plugin v25.9 - https:\/\/yoast.com\/wordpress\/plugins\/seo\/ -->\n<title>Consejo Escolar: obras realizadas durante el mes de julio - Noticias Radio Reflejos<\/title>\n<meta name=\"robots\" content=\"index, follow, max-snippet:-1, max-image-preview:large, max-video-preview:-1\" \/>\n<link rel=\"canonical\" href=\"https:\/\/www.noticiasradioreflejos.com.ar\/2021\/consejo-escolar-obras-realizadas-durante-el-mes-de-julio\/\" \/>\n<meta property=\"og:locale\" content=\"es_ES\" \/>\n<meta property=\"og:type\" content=\"article\" \/>\n<meta property=\"og:title\" content=\"Consejo Escolar: obras realizadas durante el mes de julio - Noticias Radio Reflejos\" \/>\n<meta property=\"og:description\" content=\"El Consejo Escolar de Tornquist informa a la comunidad los trabajos realizados durante el mes de julio. Dichos trabajos son financiados con Fondos Presupuestario, Educativo, Compensador y PEED (Programa de Emergencia Educativa), en los siguientes establecimientos educativos:\" \/>\n<meta property=\"og:url\" content=\"https:\/\/www.noticiasradioreflejos.com.ar\/2021\/consejo-escolar-obras-realizadas-durante-el-mes-de-julio\/\" \/>\n<meta property=\"og:site_name\" content=\"Noticias Radio Reflejos\" \/>\n<meta property=\"article:published_time\" content=\"2022-07-29T19:14:21+00:00\" \/>\n<meta property=\"article:modified_time\" content=\"2022-07-29T19:17:49+00:00\" \/>\n<meta property=\"og:image\" content=\"https:\/\/www.noticiasradioreflejos.com.ar\/2021\/wp-content\/uploads\/2020\/04\/consejoescolar.png\" \/>\n\t<meta property=\"og:image:width\" content=\"512\" \/>\n\t<meta property=\"og:image:height\" content=\"230\" \/>\n\t<meta property=\"og:image:type\" content=\"image\/png\" \/>\n<meta name=\"author\" content=\"Arnaldo Botto\" \/>\n<meta name=\"twitter:card\" content=\"summary_large_image\" \/>\n<script type=\"application\/ld+json\" class=\"yoast-schema-graph\">{\"@context\":\"https:\/\/schema.org\",\"@graph\":[{\"@type\":\"WebPage\",\"@id\":\"https:\/\/www.noticiasradioreflejos.com.ar\/2021\/consejo-escolar-obras-realizadas-durante-el-mes-de-julio\/\",\"url\":\"https:\/\/www.noticiasradioreflejos.com.ar\/2021\/consejo-escolar-obras-realizadas-durante-el-mes-de-julio\/\",\"name\":\"Consejo Escolar: obras realizadas durante el mes de julio - Noticias Radio Reflejos\",\"isPartOf\":{\"@id\":\"https:\/\/www.noticiasradioreflejos.com.ar\/2021\/#website\"},\"primaryImageOfPage\":{\"@id\":\"https:\/\/www.noticiasradioreflejos.com.ar\/2021\/consejo-escolar-obras-realizadas-durante-el-mes-de-julio\/#primaryimage\"},\"image\":{\"@id\":\"https:\/\/www.noticiasradioreflejos.com.ar\/2021\/consejo-escolar-obras-realizadas-durante-el-mes-de-julio\/#primaryimage\"},\"thumbnailUrl\":\"https:\/\/live.staticflickr.com\/65535\/52248793057_f46e8d07b2_w.jpg\",\"datePublished\":\"2022-07-29T19:14:21+00:00\",\"dateModified\":\"2022-07-29T19:17:49+00:00\",\"author\":{\"@id\":\"https:\/\/www.noticiasradioreflejos.com.ar\/2021\/#\/schema\/person\/ad82545263dcc5ec0996818884fd5fb1\"},\"breadcrumb\":{\"@id\":\"https:\/\/www.noticiasradioreflejos.com.ar\/2021\/consejo-escolar-obras-realizadas-durante-el-mes-de-julio\/#breadcrumb\"},\"inLanguage\":\"es\",\"potentialAction\":[{\"@type\":\"ReadAction\",\"target\":[\"https:\/\/www.noticiasradioreflejos.com.ar\/2021\/consejo-escolar-obras-realizadas-durante-el-mes-de-julio\/\"]}]},{\"@type\":\"ImageObject\",\"inLanguage\":\"es\",\"@id\":\"https:\/\/www.noticiasradioreflejos.com.ar\/2021\/consejo-escolar-obras-realizadas-durante-el-mes-de-julio\/#primaryimage\",\"url\":\"https:\/\/live.staticflickr.com\/65535\/52248793057_f46e8d07b2_w.jpg\",\"contentUrl\":\"https:\/\/live.staticflickr.com\/65535\/52248793057_f46e8d07b2_w.jpg\"},{\"@type\":\"BreadcrumbList\",\"@id\":\"https:\/\/www.noticiasradioreflejos.com.ar\/2021\/consejo-escolar-obras-realizadas-durante-el-mes-de-julio\/#breadcrumb\",\"itemListElement\":[{\"@type\":\"ListItem\",\"position\":1,\"name\":\"Portada\",\"item\":\"https:\/\/www.noticiasradioreflejos.com.ar\/2021\/\"},{\"@type\":\"ListItem\",\"position\":2,\"name\":\"Consejo Escolar: obras realizadas durante el mes de julio\"}]},{\"@type\":\"WebSite\",\"@id\":\"https:\/\/www.noticiasradioreflejos.com.ar\/2021\/#website\",\"url\":\"https:\/\/www.noticiasradioreflejos.com.ar\/2021\/\",\"name\":\"Noticias Radio Reflejos\",\"description\":\"Las noticias de mi comarca\",\"potentialAction\":[{\"@type\":\"SearchAction\",\"target\":{\"@type\":\"EntryPoint\",\"urlTemplate\":\"https:\/\/www.noticiasradioreflejos.com.ar\/2021\/?s={search_term_string}\"},\"query-input\":{\"@type\":\"PropertyValueSpecification\",\"valueRequired\":true,\"valueName\":\"search_term_string\"}}],\"inLanguage\":\"es\"},{\"@type\":\"Person\",\"@id\":\"https:\/\/www.noticiasradioreflejos.com.ar\/2021\/#\/schema\/person\/ad82545263dcc5ec0996818884fd5fb1\",\"name\":\"Arnaldo Botto\",\"image\":{\"@type\":\"ImageObject\",\"inLanguage\":\"es\",\"@id\":\"https:\/\/www.noticiasradioreflejos.com.ar\/2021\/#\/schema\/person\/image\/\",\"url\":\"https:\/\/secure.gravatar.com\/avatar\/55cb5e37c1efa326397366e6974cb338056df65cb50e7d64d1cf314e87504837?s=96&d=mm&r=g\",\"contentUrl\":\"https:\/\/secure.gravatar.com\/avatar\/55cb5e37c1efa326397366e6974cb338056df65cb50e7d64d1cf314e87504837?s=96&d=mm&r=g\",\"caption\":\"Arnaldo Botto\"},\"url\":\"https:\/\/www.noticiasradioreflejos.com.ar\/2021\/author\/arnaldo\/\"}]}<\/script>\n<!-- \/ Yoast SEO plugin. -->","yoast_head_json":{"title":"Consejo Escolar: obras realizadas durante el mes de julio - Noticias Radio Reflejos","robots":{"index":"index","follow":"follow","max-snippet":"max-snippet:-1","max-image-preview":"max-image-preview:large","max-video-preview":"max-video-preview:-1"},"canonical":"https:\/\/www.noticiasradioreflejos.com.ar\/2021\/consejo-escolar-obras-realizadas-durante-el-mes-de-julio\/","og_locale":"es_ES","og_type":"article","og_title":"Consejo Escolar: obras realizadas durante el mes de julio - Noticias Radio Reflejos","og_description":"El Consejo Escolar de Tornquist informa a la comunidad los trabajos realizados durante el mes de julio. Dichos trabajos son financiados con Fondos Presupuestario, Educativo, Compensador y PEED (Programa de Emergencia Educativa), en los siguientes establecimientos educativos:","og_url":"https:\/\/www.noticiasradioreflejos.com.ar\/2021\/consejo-escolar-obras-realizadas-durante-el-mes-de-julio\/","og_site_name":"Noticias Radio Reflejos","article_published_time":"2022-07-29T19:14:21+00:00","article_modified_time":"2022-07-29T19:17:49+00:00","og_image":[{"width":512,"height":230,"url":"https:\/\/www.noticiasradioreflejos.com.ar\/2021\/wp-content\/uploads\/2020\/04\/consejoescolar.png","type":"image\/png"}],"author":"Arnaldo Botto","twitter_card":"summary_large_image","schema":{"@context":"https:\/\/schema.org","@graph":[{"@type":"WebPage","@id":"https:\/\/www.noticiasradioreflejos.com.ar\/2021\/consejo-escolar-obras-realizadas-durante-el-mes-de-julio\/","url":"https:\/\/www.noticiasradioreflejos.com.ar\/2021\/consejo-escolar-obras-realizadas-durante-el-mes-de-julio\/","name":"Consejo Escolar: obras realizadas durante el mes de julio - Noticias Radio Reflejos","isPartOf":{"@id":"https:\/\/www.noticiasradioreflejos.com.ar\/2021\/#website"},"primaryImageOfPage":{"@id":"https:\/\/www.noticiasradioreflejos.com.ar\/2021\/consejo-escolar-obras-realizadas-durante-el-mes-de-julio\/#primaryimage"},"image":{"@id":"https:\/\/www.noticiasradioreflejos.com.ar\/2021\/consejo-escolar-obras-realizadas-durante-el-mes-de-julio\/#primaryimage"},"thumbnailUrl":"https:\/\/live.staticflickr.com\/65535\/52248793057_f46e8d07b2_w.jpg","datePublished":"2022-07-29T19:14:21+00:00","dateModified":"2022-07-29T19:17:49+00:00","author":{"@id":"https:\/\/www.noticiasradioreflejos.com.ar\/2021\/#\/schema\/person\/ad82545263dcc5ec0996818884fd5fb1"},"breadcrumb":{"@id":"https:\/\/www.noticiasradioreflejos.com.ar\/2021\/consejo-escolar-obras-realizadas-durante-el-mes-de-julio\/#breadcrumb"},"inLanguage":"es","potentialAction":[{"@type":"ReadAction","target":["https:\/\/www.noticiasradioreflejos.com.ar\/2021\/consejo-escolar-obras-realizadas-durante-el-mes-de-julio\/"]}]},{"@type":"ImageObject","inLanguage":"es","@id":"https:\/\/www.noticiasradioreflejos.com.ar\/2021\/consejo-escolar-obras-realizadas-durante-el-mes-de-julio\/#primaryimage","url":"https:\/\/live.staticflickr.com\/65535\/52248793057_f46e8d07b2_w.jpg","contentUrl":"https:\/\/live.staticflickr.com\/65535\/52248793057_f46e8d07b2_w.jpg"},{"@type":"BreadcrumbList","@id":"https:\/\/www.noticiasradioreflejos.com.ar\/2021\/consejo-escolar-obras-realizadas-durante-el-mes-de-julio\/#breadcrumb","itemListElement":[{"@type":"ListItem","position":1,"name":"Portada","item":"https:\/\/www.noticiasradioreflejos.com.ar\/2021\/"},{"@type":"ListItem","position":2,"name":"Consejo Escolar: obras realizadas durante el mes de julio"}]},{"@type":"WebSite","@id":"https:\/\/www.noticiasradioreflejos.com.ar\/2021\/#website","url":"https:\/\/www.noticiasradioreflejos.com.ar\/2021\/","name":"Noticias Radio Reflejos","description":"Las noticias de mi comarca","potentialAction":[{"@type":"SearchAction","target":{"@type":"EntryPoint","urlTemplate":"https:\/\/www.noticiasradioreflejos.com.ar\/2021\/?s={search_term_string}"},"query-input":{"@type":"PropertyValueSpecification","valueRequired":true,"valueName":"search_term_string"}}],"inLanguage":"es"},{"@type":"Person","@id":"https:\/\/www.noticiasradioreflejos.com.ar\/2021\/#\/schema\/person\/ad82545263dcc5ec0996818884fd5fb1","name":"Arnaldo Botto","image":{"@type":"ImageObject","inLanguage":"es","@id":"https:\/\/www.noticiasradioreflejos.com.ar\/2021\/#\/schema\/person\/image\/","url":"https:\/\/secure.gravatar.com\/avatar\/55cb5e37c1efa326397366e6974cb338056df65cb50e7d64d1cf314e87504837?s=96&d=mm&r=g","contentUrl":"https:\/\/secure.gravatar.com\/avatar\/55cb5e37c1efa326397366e6974cb338056df65cb50e7d64d1cf314e87504837?s=96&d=mm&r=g","caption":"Arnaldo Botto"},"url":"https:\/\/www.noticiasradioreflejos.com.ar\/2021\/author\/arnaldo\/"}]}},"_links":{"self":[{"href":"https:\/\/www.noticiasradioreflejos.com.ar\/2021\/wp-json\/wp\/v2\/posts\/75723","targetHints":{"allow":["GET"]}}],"collection":[{"href":"https:\/\/www.noticiasradioreflejos.com.ar\/2021\/wp-json\/wp\/v2\/posts"}],"about":[{"href":"https:\/\/www.noticiasradioreflejos.com.ar\/2021\/wp-json\/wp\/v2\/types\/post"}],"author":[{"embeddable":true,"href":"https:\/\/www.noticiasradioreflejos.com.ar\/2021\/wp-json\/wp\/v2\/users\/3"}],"replies":[{"embeddable":true,"href":"https:\/\/www.noticiasradioreflejos.com.ar\/2021\/wp-json\/wp\/v2\/comments?post=75723"}],"version-history":[{"count":3,"href":"https:\/\/www.noticiasradioreflejos.com.ar\/2021\/wp-json\/wp\/v2\/posts\/75723\/revisions"}],"predecessor-version":[{"id":75727,"href":"https:\/\/www.noticiasradioreflejos.com.ar\/2021\/wp-json\/wp\/v2\/posts\/75723\/revisions\/75727"}],"wp:attachment":[{"href":"https:\/\/www.noticiasradioreflejos.com.ar\/2021\/wp-json\/wp\/v2\/media?parent=75723"}],"wp:term":[{"taxonomy":"category","embeddable":true,"href":"https:\/\/www.noticiasradioreflejos.com.ar\/2021\/wp-json\/wp\/v2\/categories?post=75723"},{"taxonomy":"post_tag","embeddable":true,"href":"https:\/\/www.noticiasradioreflejos.com.ar\/2021\/wp-json\/wp\/v2\/tags?post=75723"}],"curies":[{"name":"wp","href":"https:\/\/api.w.org\/{rel}","templated":true}]}}