{"id":75714,"date":"2022-07-29T20:10:07","date_gmt":"2022-07-29T20:10:07","guid":{"rendered":"http:\/\/www.noticiasradioreflejos.com.ar\/2021\/?p=75714"},"modified":"2022-08-01T10:38:09","modified_gmt":"2022-08-01T10:38:09","slug":"esta-noche-la-musica-popular-se-hara-presente-en-villa-ventana","status":"publish","type":"post","link":"https:\/\/www.noticiasradioreflejos.com.ar\/2021\/esta-noche-la-musica-popular-se-hara-presente-en-villa-ventana\/","title":{"rendered":"Esta noche la m\u00fasica popular se har\u00e1 presente en Villa Ventana"},"content":{"rendered":"<p>El experimentado artista Juan Alberto Espeleta llevar\u00e1 su M\u00fasica Popular Argentina a la Biblioteca Popular Macedonio Fern\u00e1ndez. El show iniciar\u00e1 a las 20 y tiene un valor de $500 pesos.<!--more--><\/p>\n<p><a title=\"70632119_230592254606012_1213259541693536788_n\" href=\"https:\/\/www.flickr.com\/photos\/182279889@N02\/52250153289\/in\/dateposted-public\/\" data-flickr-embed=\"true\"><img loading=\"lazy\" decoding=\"async\" src=\"https:\/\/live.staticflickr.com\/65535\/52250153289_47c4bb732f_z.jpg\" alt=\"70632119_230592254606012_1213259541693536788_n\" width=\"640\" height=\"640\" \/><\/a><script async src=\"\/\/embedr.flickr.com\/assets\/client-code.js\" charset=\"utf-8\"><\/script><\/p>\n<p>Una guitarra que enamora en una atm\u00f3sfera propicia para pasar un buen momento. Esa es la combinaci\u00f3n que se dar\u00e1 esta noche, desde las 20, en la Biblioteca Popular Macedonio Fern\u00e1ndez de Villa Ventana (Av. Pillahuinco, entre Cabecita Negra y Churrinche).<\/p>\n<p>El artista Juan Alberto Espeleta ser\u00e1 el maestro de ceremonias que har\u00e1 volar a los presentes por los distintos rincones de nuestro pa\u00eds, entre cl\u00e1sicos y versiones propias. Una invitaci\u00f3n m\u00e1s que tentadora por solo $500 pesos.<\/p>\n<p>Al respecto, el m\u00fasico cont\u00f3 que \u201cvengo de tocar en Necochea, en un local muy lindo frente a la plaza. Este verano anduve por la comarca y tambi\u00e9n en Monte Hermoso. Ah\u00ed en Monte es una fija, a veces cambiando los acompa\u00f1antes, pero siempre firme en el anfiteatro\u201d.<\/p>\n<p>En otro pasaje de la charla, mencion\u00f3 que \u201cpor lo general trato de hacer un muestreo general del pa\u00eds. No me encasillo \u00fanicamente en una regi\u00f3n. Al momento de llevar adelante los espect\u00e1culos me gusta separarlos por bloques. Resulta m\u00e1s armonioso\u201d.<\/p>\n<p>De igual forma reconoci\u00f3 que \u201chace varios a\u00f1os estuve en la biblioteca. Es mi segunda vez. Javier Martin me va a acompa\u00f1ar en percusi\u00f3n. Est\u00e1 radicado ac\u00e1 en la comarca aunque no naci\u00f3 ac\u00e1\u201d.<\/p>\n<p>Por \u00faltimo, y adelantando en parte el repertorio que har\u00e1 en Villa, reconoci\u00f3 que \u201caparte de hacer temas cl\u00e1sicos de int\u00e9rpretes muy conocidos, har\u00e9 temas propios, que tienen que ver con adaptaciones a poemas\u2026 que calza justo para el ambiente donde estaremos tocando\u201d.<\/p>\n<p>&nbsp;<\/p>\n<p><iframe loading=\"lazy\" src=\"https:\/\/w.soundcloud.com\/player\/?url=https%3A\/\/api.soundcloud.com\/tracks\/1314139306&amp;color=%23ff5500&amp;auto_play=false&amp;hide_related=false&amp;show_comments=true&amp;show_user=true&amp;show_reposts=false&amp;show_teaser=true&amp;visual=true\" width=\"100%\" height=\"300\" frameborder=\"no\" scrolling=\"no\"><\/iframe><\/p>\n<div style=\"font-size: 10px; color: #cccccc; line-break: anywhere; word-break: normal; overflow: hidden; white-space: nowrap; text-overflow: ellipsis; font-family: Interstate,Lucida Grande,Lucida Sans Unicode,Lucida Sans,Garuda,Verdana,Tahoma,sans-serif; font-weight: 100;\"><a style=\"color: #cccccc; text-decoration: none;\" title=\"fmreflejos 103.7\" href=\"https:\/\/soundcloud.com\/fmreflejos-103-7\" target=\"_blank\" rel=\"noopener\">fmreflejos 103.7<\/a> \u00b7 <a style=\"color: #cccccc; text-decoration: none;\" title=\"Juan Alberto Espeleta\" href=\"https:\/\/soundcloud.com\/fmreflejos-103-7\/juan-alberto-espeleta\" target=\"_blank\" rel=\"noopener\">Juan Alberto Espeleta<\/a><\/div>\n","protected":false},"excerpt":{"rendered":"<p>El experimentado artista Juan Alberto Espeleta llevar\u00e1 su M\u00fasica Popular Argentina a la Biblioteca Popular Macedonio Fern\u00e1ndez. El show iniciar\u00e1 a las 20 y tiene un valor de $500 pesos.<\/p>\n","protected":false},"author":3,"featured_media":0,"comment_status":"closed","ping_status":"closed","sticky":false,"template":"","format":"standard","meta":{"footnotes":""},"categories":[35,26,33],"tags":[],"class_list":["post-75714","post","type-post","status-publish","format-standard","hentry","category-cultura","category-sociedad","category-turismo"],"yoast_head":"<!-- This site is optimized with the Yoast SEO plugin v25.9 - https:\/\/yoast.com\/wordpress\/plugins\/seo\/ -->\n<title>Esta noche la m\u00fasica popular se har\u00e1 presente en Villa Ventana - Noticias Radio Reflejos<\/title>\n<meta name=\"robots\" content=\"index, follow, max-snippet:-1, max-image-preview:large, max-video-preview:-1\" \/>\n<link rel=\"canonical\" href=\"https:\/\/www.noticiasradioreflejos.com.ar\/2021\/esta-noche-la-musica-popular-se-hara-presente-en-villa-ventana\/\" \/>\n<meta property=\"og:locale\" content=\"es_ES\" \/>\n<meta property=\"og:type\" content=\"article\" \/>\n<meta property=\"og:title\" content=\"Esta noche la m\u00fasica popular se har\u00e1 presente en Villa Ventana - Noticias Radio Reflejos\" \/>\n<meta property=\"og:description\" content=\"El experimentado artista Juan Alberto Espeleta llevar\u00e1 su M\u00fasica Popular Argentina a la Biblioteca Popular Macedonio Fern\u00e1ndez. El show iniciar\u00e1 a las 20 y tiene un valor de $500 pesos.\" \/>\n<meta property=\"og:url\" content=\"https:\/\/www.noticiasradioreflejos.com.ar\/2021\/esta-noche-la-musica-popular-se-hara-presente-en-villa-ventana\/\" \/>\n<meta property=\"og:site_name\" content=\"Noticias Radio Reflejos\" \/>\n<meta property=\"article:published_time\" content=\"2022-07-29T20:10:07+00:00\" \/>\n<meta property=\"article:modified_time\" content=\"2022-08-01T10:38:09+00:00\" \/>\n<meta property=\"og:image\" content=\"https:\/\/live.staticflickr.com\/65535\/52250153289_47c4bb732f_z.jpg\" \/>\n<meta name=\"author\" content=\"Arnaldo Botto\" \/>\n<meta name=\"twitter:card\" content=\"summary_large_image\" \/>\n<script type=\"application\/ld+json\" class=\"yoast-schema-graph\">{\"@context\":\"https:\/\/schema.org\",\"@graph\":[{\"@type\":\"WebPage\",\"@id\":\"https:\/\/www.noticiasradioreflejos.com.ar\/2021\/esta-noche-la-musica-popular-se-hara-presente-en-villa-ventana\/\",\"url\":\"https:\/\/www.noticiasradioreflejos.com.ar\/2021\/esta-noche-la-musica-popular-se-hara-presente-en-villa-ventana\/\",\"name\":\"Esta noche la m\u00fasica popular se har\u00e1 presente en Villa Ventana - Noticias Radio Reflejos\",\"isPartOf\":{\"@id\":\"https:\/\/www.noticiasradioreflejos.com.ar\/2021\/#website\"},\"primaryImageOfPage\":{\"@id\":\"https:\/\/www.noticiasradioreflejos.com.ar\/2021\/esta-noche-la-musica-popular-se-hara-presente-en-villa-ventana\/#primaryimage\"},\"image\":{\"@id\":\"https:\/\/www.noticiasradioreflejos.com.ar\/2021\/esta-noche-la-musica-popular-se-hara-presente-en-villa-ventana\/#primaryimage\"},\"thumbnailUrl\":\"https:\/\/live.staticflickr.com\/65535\/52250153289_47c4bb732f_z.jpg\",\"datePublished\":\"2022-07-29T20:10:07+00:00\",\"dateModified\":\"2022-08-01T10:38:09+00:00\",\"author\":{\"@id\":\"https:\/\/www.noticiasradioreflejos.com.ar\/2021\/#\/schema\/person\/ad82545263dcc5ec0996818884fd5fb1\"},\"breadcrumb\":{\"@id\":\"https:\/\/www.noticiasradioreflejos.com.ar\/2021\/esta-noche-la-musica-popular-se-hara-presente-en-villa-ventana\/#breadcrumb\"},\"inLanguage\":\"es\",\"potentialAction\":[{\"@type\":\"ReadAction\",\"target\":[\"https:\/\/www.noticiasradioreflejos.com.ar\/2021\/esta-noche-la-musica-popular-se-hara-presente-en-villa-ventana\/\"]}]},{\"@type\":\"ImageObject\",\"inLanguage\":\"es\",\"@id\":\"https:\/\/www.noticiasradioreflejos.com.ar\/2021\/esta-noche-la-musica-popular-se-hara-presente-en-villa-ventana\/#primaryimage\",\"url\":\"https:\/\/live.staticflickr.com\/65535\/52250153289_47c4bb732f_z.jpg\",\"contentUrl\":\"https:\/\/live.staticflickr.com\/65535\/52250153289_47c4bb732f_z.jpg\"},{\"@type\":\"BreadcrumbList\",\"@id\":\"https:\/\/www.noticiasradioreflejos.com.ar\/2021\/esta-noche-la-musica-popular-se-hara-presente-en-villa-ventana\/#breadcrumb\",\"itemListElement\":[{\"@type\":\"ListItem\",\"position\":1,\"name\":\"Portada\",\"item\":\"https:\/\/www.noticiasradioreflejos.com.ar\/2021\/\"},{\"@type\":\"ListItem\",\"position\":2,\"name\":\"Esta noche la m\u00fasica popular se har\u00e1 presente en Villa Ventana\"}]},{\"@type\":\"WebSite\",\"@id\":\"https:\/\/www.noticiasradioreflejos.com.ar\/2021\/#website\",\"url\":\"https:\/\/www.noticiasradioreflejos.com.ar\/2021\/\",\"name\":\"Noticias Radio Reflejos\",\"description\":\"Las noticias de mi comarca\",\"potentialAction\":[{\"@type\":\"SearchAction\",\"target\":{\"@type\":\"EntryPoint\",\"urlTemplate\":\"https:\/\/www.noticiasradioreflejos.com.ar\/2021\/?s={search_term_string}\"},\"query-input\":{\"@type\":\"PropertyValueSpecification\",\"valueRequired\":true,\"valueName\":\"search_term_string\"}}],\"inLanguage\":\"es\"},{\"@type\":\"Person\",\"@id\":\"https:\/\/www.noticiasradioreflejos.com.ar\/2021\/#\/schema\/person\/ad82545263dcc5ec0996818884fd5fb1\",\"name\":\"Arnaldo Botto\",\"image\":{\"@type\":\"ImageObject\",\"inLanguage\":\"es\",\"@id\":\"https:\/\/www.noticiasradioreflejos.com.ar\/2021\/#\/schema\/person\/image\/\",\"url\":\"https:\/\/secure.gravatar.com\/avatar\/55cb5e37c1efa326397366e6974cb338056df65cb50e7d64d1cf314e87504837?s=96&d=mm&r=g\",\"contentUrl\":\"https:\/\/secure.gravatar.com\/avatar\/55cb5e37c1efa326397366e6974cb338056df65cb50e7d64d1cf314e87504837?s=96&d=mm&r=g\",\"caption\":\"Arnaldo Botto\"},\"url\":\"https:\/\/www.noticiasradioreflejos.com.ar\/2021\/author\/arnaldo\/\"}]}<\/script>\n<!-- \/ Yoast SEO plugin. -->","yoast_head_json":{"title":"Esta noche la m\u00fasica popular se har\u00e1 presente en Villa Ventana - Noticias Radio Reflejos","robots":{"index":"index","follow":"follow","max-snippet":"max-snippet:-1","max-image-preview":"max-image-preview:large","max-video-preview":"max-video-preview:-1"},"canonical":"https:\/\/www.noticiasradioreflejos.com.ar\/2021\/esta-noche-la-musica-popular-se-hara-presente-en-villa-ventana\/","og_locale":"es_ES","og_type":"article","og_title":"Esta noche la m\u00fasica popular se har\u00e1 presente en Villa Ventana - Noticias Radio Reflejos","og_description":"El experimentado artista Juan Alberto Espeleta llevar\u00e1 su M\u00fasica Popular Argentina a la Biblioteca Popular Macedonio Fern\u00e1ndez. El show iniciar\u00e1 a las 20 y tiene un valor de $500 pesos.","og_url":"https:\/\/www.noticiasradioreflejos.com.ar\/2021\/esta-noche-la-musica-popular-se-hara-presente-en-villa-ventana\/","og_site_name":"Noticias Radio Reflejos","article_published_time":"2022-07-29T20:10:07+00:00","article_modified_time":"2022-08-01T10:38:09+00:00","og_image":[{"url":"https:\/\/live.staticflickr.com\/65535\/52250153289_47c4bb732f_z.jpg","type":"","width":"","height":""}],"author":"Arnaldo Botto","twitter_card":"summary_large_image","schema":{"@context":"https:\/\/schema.org","@graph":[{"@type":"WebPage","@id":"https:\/\/www.noticiasradioreflejos.com.ar\/2021\/esta-noche-la-musica-popular-se-hara-presente-en-villa-ventana\/","url":"https:\/\/www.noticiasradioreflejos.com.ar\/2021\/esta-noche-la-musica-popular-se-hara-presente-en-villa-ventana\/","name":"Esta noche la m\u00fasica popular se har\u00e1 presente en Villa Ventana - Noticias Radio Reflejos","isPartOf":{"@id":"https:\/\/www.noticiasradioreflejos.com.ar\/2021\/#website"},"primaryImageOfPage":{"@id":"https:\/\/www.noticiasradioreflejos.com.ar\/2021\/esta-noche-la-musica-popular-se-hara-presente-en-villa-ventana\/#primaryimage"},"image":{"@id":"https:\/\/www.noticiasradioreflejos.com.ar\/2021\/esta-noche-la-musica-popular-se-hara-presente-en-villa-ventana\/#primaryimage"},"thumbnailUrl":"https:\/\/live.staticflickr.com\/65535\/52250153289_47c4bb732f_z.jpg","datePublished":"2022-07-29T20:10:07+00:00","dateModified":"2022-08-01T10:38:09+00:00","author":{"@id":"https:\/\/www.noticiasradioreflejos.com.ar\/2021\/#\/schema\/person\/ad82545263dcc5ec0996818884fd5fb1"},"breadcrumb":{"@id":"https:\/\/www.noticiasradioreflejos.com.ar\/2021\/esta-noche-la-musica-popular-se-hara-presente-en-villa-ventana\/#breadcrumb"},"inLanguage":"es","potentialAction":[{"@type":"ReadAction","target":["https:\/\/www.noticiasradioreflejos.com.ar\/2021\/esta-noche-la-musica-popular-se-hara-presente-en-villa-ventana\/"]}]},{"@type":"ImageObject","inLanguage":"es","@id":"https:\/\/www.noticiasradioreflejos.com.ar\/2021\/esta-noche-la-musica-popular-se-hara-presente-en-villa-ventana\/#primaryimage","url":"https:\/\/live.staticflickr.com\/65535\/52250153289_47c4bb732f_z.jpg","contentUrl":"https:\/\/live.staticflickr.com\/65535\/52250153289_47c4bb732f_z.jpg"},{"@type":"BreadcrumbList","@id":"https:\/\/www.noticiasradioreflejos.com.ar\/2021\/esta-noche-la-musica-popular-se-hara-presente-en-villa-ventana\/#breadcrumb","itemListElement":[{"@type":"ListItem","position":1,"name":"Portada","item":"https:\/\/www.noticiasradioreflejos.com.ar\/2021\/"},{"@type":"ListItem","position":2,"name":"Esta noche la m\u00fasica popular se har\u00e1 presente en Villa Ventana"}]},{"@type":"WebSite","@id":"https:\/\/www.noticiasradioreflejos.com.ar\/2021\/#website","url":"https:\/\/www.noticiasradioreflejos.com.ar\/2021\/","name":"Noticias Radio Reflejos","description":"Las noticias de mi comarca","potentialAction":[{"@type":"SearchAction","target":{"@type":"EntryPoint","urlTemplate":"https:\/\/www.noticiasradioreflejos.com.ar\/2021\/?s={search_term_string}"},"query-input":{"@type":"PropertyValueSpecification","valueRequired":true,"valueName":"search_term_string"}}],"inLanguage":"es"},{"@type":"Person","@id":"https:\/\/www.noticiasradioreflejos.com.ar\/2021\/#\/schema\/person\/ad82545263dcc5ec0996818884fd5fb1","name":"Arnaldo Botto","image":{"@type":"ImageObject","inLanguage":"es","@id":"https:\/\/www.noticiasradioreflejos.com.ar\/2021\/#\/schema\/person\/image\/","url":"https:\/\/secure.gravatar.com\/avatar\/55cb5e37c1efa326397366e6974cb338056df65cb50e7d64d1cf314e87504837?s=96&d=mm&r=g","contentUrl":"https:\/\/secure.gravatar.com\/avatar\/55cb5e37c1efa326397366e6974cb338056df65cb50e7d64d1cf314e87504837?s=96&d=mm&r=g","caption":"Arnaldo Botto"},"url":"https:\/\/www.noticiasradioreflejos.com.ar\/2021\/author\/arnaldo\/"}]}},"_links":{"self":[{"href":"https:\/\/www.noticiasradioreflejos.com.ar\/2021\/wp-json\/wp\/v2\/posts\/75714","targetHints":{"allow":["GET"]}}],"collection":[{"href":"https:\/\/www.noticiasradioreflejos.com.ar\/2021\/wp-json\/wp\/v2\/posts"}],"about":[{"href":"https:\/\/www.noticiasradioreflejos.com.ar\/2021\/wp-json\/wp\/v2\/types\/post"}],"author":[{"embeddable":true,"href":"https:\/\/www.noticiasradioreflejos.com.ar\/2021\/wp-json\/wp\/v2\/users\/3"}],"replies":[{"embeddable":true,"href":"https:\/\/www.noticiasradioreflejos.com.ar\/2021\/wp-json\/wp\/v2\/comments?post=75714"}],"version-history":[{"count":2,"href":"https:\/\/www.noticiasradioreflejos.com.ar\/2021\/wp-json\/wp\/v2\/posts\/75714\/revisions"}],"predecessor-version":[{"id":75736,"href":"https:\/\/www.noticiasradioreflejos.com.ar\/2021\/wp-json\/wp\/v2\/posts\/75714\/revisions\/75736"}],"wp:attachment":[{"href":"https:\/\/www.noticiasradioreflejos.com.ar\/2021\/wp-json\/wp\/v2\/media?parent=75714"}],"wp:term":[{"taxonomy":"category","embeddable":true,"href":"https:\/\/www.noticiasradioreflejos.com.ar\/2021\/wp-json\/wp\/v2\/categories?post=75714"},{"taxonomy":"post_tag","embeddable":true,"href":"https:\/\/www.noticiasradioreflejos.com.ar\/2021\/wp-json\/wp\/v2\/tags?post=75714"}],"curies":[{"name":"wp","href":"https:\/\/api.w.org\/{rel}","templated":true}]}}