{"id":757,"date":"2016-09-10T12:23:59","date_gmt":"2016-09-10T12:23:59","guid":{"rendered":"http:\/\/noticiasradioreflejos.com.ar\/noticias\/?p=757"},"modified":"2016-09-10T12:23:59","modified_gmt":"2016-09-10T12:23:59","slug":"convocatoria-de-la-cooperadora-de-la-u-s-de-sierra-de-la-ventana","status":"publish","type":"post","link":"https:\/\/www.noticiasradioreflejos.com.ar\/2021\/convocatoria-de-la-cooperadora-de-la-u-s-de-sierra-de-la-ventana\/","title":{"rendered":"Convocatoria de la Cooperadora U.S. de Sierra de la Ventana"},"content":{"rendered":"<p>La Asociaci\u00f3n Cooperadora de la Unidad Sanitaria de Sierra de la Ventana convoca a presentaci\u00f3n de Listas de candidatos para renovar la Comisi\u00f3n Directiva, la misma debe presentarse hasta el dia 15 de Septiembre de 2016 en la sede de la Unidad Sanitaria, Roca S\/N de Sierra de la Ventana. Mayor informes dirigirse mesa de entradas.<br \/>\nCONVOCATORIA A ASAMBLEA GENERAL ORDINARIA<!--more--><br \/>\nSierra de la Ventana, 27 de Agosto de 2.016<br \/>\nLa Comisi\u00f3n Directiva de la ASOCIACI\u00d3N COOPERADORA DE LA UNIDAD SANITARIA DR. EMILIO ALDAYA, con domicilio en calle Avda. \u00a0ROCA S\/N entre Malvinas y Avda. San Mart\u00edn de la Localidad de Sierra de la Ventana, partido de Tornquist, convoca a los Se\u00f1ores Socios a la Asamblea General Ordinaria a celebrarse en la sede de la Biblioteca Popular Mariano Moreno, Alberdi n* 70 de Sierra de la Ventana el d\u00eda martes 27 del mes de Septiembre del a\u00f1o 2016, a las 19 Hs. en primera convocatoria y una hora despu\u00e9s en segunda convocatoria, para considerar el siguiente:<br \/>\nOrden del D\u00eda<br \/>\n1. Elecci\u00f3n de dos socios para firmar el acta, juntamente con el Presidente y el Secretario.-<br \/>\n2. Lectura y aprobaci\u00f3n de la Memoria, Informe de la Comisi\u00f3n Revisora de Cuentas y Balance correspondientes al ejercicio finalizado el 30 de Junio de 2016<br \/>\n3. Renovaci\u00f3n de la Comisi\u00f3n Directiva por 2 (dos) a\u00f1os, debiendo elegirse: Presidente, Secretario, ProSecretario por un a\u00f1o para cubrir vacante, Tesorero, Vocal Titular 1*, Vocal Suplente 1* y Revisores de Cuentas Titulares 1* y 3* conforme al Art\u00edculo 17 del Estatuto Social.<br \/>\n4. Proclamaci\u00f3n de la lista ganadora y Designaci\u00f3n de Cargos.-<br \/>\n5. Consideraci\u00f3n de la Cuota Social.-<br \/>\n6. Consideraci\u00f3n de la Donaci\u00f3n de los bienes adquiridos a la Unidad Sanitaria.-<br \/>\nElena Jaime Cristina Zanatta<br \/>\nSecretaria Presidente<\/p>\n","protected":false},"excerpt":{"rendered":"<p>La Asociaci\u00f3n Cooperadora de la Unidad Sanitaria de Sierra de la Ventana convoca a presentaci\u00f3n de Listas de candidatos para renovar la Comisi\u00f3n Directiva, la misma debe presentarse hasta el dia 15 de Septiembre de 2016 en la sede de la Unidad Sanitaria, Roca S\/N de Sierra de la Ventana. Mayor informes dirigirse mesa de [&hellip;]<\/p>\n","protected":false},"author":3,"featured_media":0,"comment_status":"closed","ping_status":"open","sticky":false,"template":"","format":"standard","meta":{"footnotes":""},"categories":[26],"tags":[],"class_list":["post-757","post","type-post","status-publish","format-standard","hentry","category-sociedad"],"yoast_head":"<!-- This site is optimized with the Yoast SEO plugin v25.9 - https:\/\/yoast.com\/wordpress\/plugins\/seo\/ -->\n<title>Convocatoria de la Cooperadora U.S. de Sierra de la Ventana - Noticias Radio Reflejos<\/title>\n<meta name=\"robots\" content=\"index, follow, max-snippet:-1, max-image-preview:large, max-video-preview:-1\" \/>\n<link rel=\"canonical\" href=\"https:\/\/www.noticiasradioreflejos.com.ar\/2021\/convocatoria-de-la-cooperadora-de-la-u-s-de-sierra-de-la-ventana\/\" \/>\n<meta property=\"og:locale\" content=\"es_ES\" \/>\n<meta property=\"og:type\" content=\"article\" \/>\n<meta property=\"og:title\" content=\"Convocatoria de la Cooperadora U.S. de Sierra de la Ventana - Noticias Radio Reflejos\" \/>\n<meta property=\"og:description\" content=\"La Asociaci\u00f3n Cooperadora de la Unidad Sanitaria de Sierra de la Ventana convoca a presentaci\u00f3n de Listas de candidatos para renovar la Comisi\u00f3n Directiva, la misma debe presentarse hasta el dia 15 de Septiembre de 2016 en la sede de la Unidad Sanitaria, Roca S\/N de Sierra de la Ventana. Mayor informes dirigirse mesa de [&hellip;]\" \/>\n<meta property=\"og:url\" content=\"https:\/\/www.noticiasradioreflejos.com.ar\/2021\/convocatoria-de-la-cooperadora-de-la-u-s-de-sierra-de-la-ventana\/\" \/>\n<meta property=\"og:site_name\" content=\"Noticias Radio Reflejos\" \/>\n<meta property=\"article:published_time\" content=\"2016-09-10T12:23:59+00:00\" \/>\n<meta property=\"og:image\" content=\"https:\/\/www.noticiasradioreflejos.com.ar\/2021\/wp-content\/uploads\/2021\/07\/logosol300x200.png\" \/>\n\t<meta property=\"og:image:width\" content=\"300\" \/>\n\t<meta property=\"og:image:height\" content=\"200\" \/>\n\t<meta property=\"og:image:type\" content=\"image\/png\" \/>\n<meta name=\"author\" content=\"Arnaldo Botto\" \/>\n<meta name=\"twitter:card\" content=\"summary_large_image\" \/>\n<script type=\"application\/ld+json\" class=\"yoast-schema-graph\">{\"@context\":\"https:\/\/schema.org\",\"@graph\":[{\"@type\":\"WebPage\",\"@id\":\"https:\/\/www.noticiasradioreflejos.com.ar\/2021\/convocatoria-de-la-cooperadora-de-la-u-s-de-sierra-de-la-ventana\/\",\"url\":\"https:\/\/www.noticiasradioreflejos.com.ar\/2021\/convocatoria-de-la-cooperadora-de-la-u-s-de-sierra-de-la-ventana\/\",\"name\":\"Convocatoria de la Cooperadora U.S. de Sierra de la Ventana - Noticias Radio Reflejos\",\"isPartOf\":{\"@id\":\"https:\/\/www.noticiasradioreflejos.com.ar\/2021\/#website\"},\"datePublished\":\"2016-09-10T12:23:59+00:00\",\"author\":{\"@id\":\"https:\/\/www.noticiasradioreflejos.com.ar\/2021\/#\/schema\/person\/ad82545263dcc5ec0996818884fd5fb1\"},\"breadcrumb\":{\"@id\":\"https:\/\/www.noticiasradioreflejos.com.ar\/2021\/convocatoria-de-la-cooperadora-de-la-u-s-de-sierra-de-la-ventana\/#breadcrumb\"},\"inLanguage\":\"es\",\"potentialAction\":[{\"@type\":\"ReadAction\",\"target\":[\"https:\/\/www.noticiasradioreflejos.com.ar\/2021\/convocatoria-de-la-cooperadora-de-la-u-s-de-sierra-de-la-ventana\/\"]}]},{\"@type\":\"BreadcrumbList\",\"@id\":\"https:\/\/www.noticiasradioreflejos.com.ar\/2021\/convocatoria-de-la-cooperadora-de-la-u-s-de-sierra-de-la-ventana\/#breadcrumb\",\"itemListElement\":[{\"@type\":\"ListItem\",\"position\":1,\"name\":\"Portada\",\"item\":\"https:\/\/www.noticiasradioreflejos.com.ar\/2021\/\"},{\"@type\":\"ListItem\",\"position\":2,\"name\":\"Convocatoria de la Cooperadora U.S. de Sierra de la Ventana\"}]},{\"@type\":\"WebSite\",\"@id\":\"https:\/\/www.noticiasradioreflejos.com.ar\/2021\/#website\",\"url\":\"https:\/\/www.noticiasradioreflejos.com.ar\/2021\/\",\"name\":\"Noticias Radio Reflejos\",\"description\":\"Las noticias de mi comarca\",\"potentialAction\":[{\"@type\":\"SearchAction\",\"target\":{\"@type\":\"EntryPoint\",\"urlTemplate\":\"https:\/\/www.noticiasradioreflejos.com.ar\/2021\/?s={search_term_string}\"},\"query-input\":{\"@type\":\"PropertyValueSpecification\",\"valueRequired\":true,\"valueName\":\"search_term_string\"}}],\"inLanguage\":\"es\"},{\"@type\":\"Person\",\"@id\":\"https:\/\/www.noticiasradioreflejos.com.ar\/2021\/#\/schema\/person\/ad82545263dcc5ec0996818884fd5fb1\",\"name\":\"Arnaldo Botto\",\"image\":{\"@type\":\"ImageObject\",\"inLanguage\":\"es\",\"@id\":\"https:\/\/www.noticiasradioreflejos.com.ar\/2021\/#\/schema\/person\/image\/\",\"url\":\"https:\/\/secure.gravatar.com\/avatar\/55cb5e37c1efa326397366e6974cb338056df65cb50e7d64d1cf314e87504837?s=96&d=mm&r=g\",\"contentUrl\":\"https:\/\/secure.gravatar.com\/avatar\/55cb5e37c1efa326397366e6974cb338056df65cb50e7d64d1cf314e87504837?s=96&d=mm&r=g\",\"caption\":\"Arnaldo Botto\"},\"url\":\"https:\/\/www.noticiasradioreflejos.com.ar\/2021\/author\/arnaldo\/\"}]}<\/script>\n<!-- \/ Yoast SEO plugin. -->","yoast_head_json":{"title":"Convocatoria de la Cooperadora U.S. de Sierra de la Ventana - Noticias Radio Reflejos","robots":{"index":"index","follow":"follow","max-snippet":"max-snippet:-1","max-image-preview":"max-image-preview:large","max-video-preview":"max-video-preview:-1"},"canonical":"https:\/\/www.noticiasradioreflejos.com.ar\/2021\/convocatoria-de-la-cooperadora-de-la-u-s-de-sierra-de-la-ventana\/","og_locale":"es_ES","og_type":"article","og_title":"Convocatoria de la Cooperadora U.S. de Sierra de la Ventana - Noticias Radio Reflejos","og_description":"La Asociaci\u00f3n Cooperadora de la Unidad Sanitaria de Sierra de la Ventana convoca a presentaci\u00f3n de Listas de candidatos para renovar la Comisi\u00f3n Directiva, la misma debe presentarse hasta el dia 15 de Septiembre de 2016 en la sede de la Unidad Sanitaria, Roca S\/N de Sierra de la Ventana. Mayor informes dirigirse mesa de [&hellip;]","og_url":"https:\/\/www.noticiasradioreflejos.com.ar\/2021\/convocatoria-de-la-cooperadora-de-la-u-s-de-sierra-de-la-ventana\/","og_site_name":"Noticias Radio Reflejos","article_published_time":"2016-09-10T12:23:59+00:00","og_image":[{"width":300,"height":200,"url":"https:\/\/www.noticiasradioreflejos.com.ar\/2021\/wp-content\/uploads\/2021\/07\/logosol300x200.png","type":"image\/png"}],"author":"Arnaldo Botto","twitter_card":"summary_large_image","schema":{"@context":"https:\/\/schema.org","@graph":[{"@type":"WebPage","@id":"https:\/\/www.noticiasradioreflejos.com.ar\/2021\/convocatoria-de-la-cooperadora-de-la-u-s-de-sierra-de-la-ventana\/","url":"https:\/\/www.noticiasradioreflejos.com.ar\/2021\/convocatoria-de-la-cooperadora-de-la-u-s-de-sierra-de-la-ventana\/","name":"Convocatoria de la Cooperadora U.S. de Sierra de la Ventana - Noticias Radio Reflejos","isPartOf":{"@id":"https:\/\/www.noticiasradioreflejos.com.ar\/2021\/#website"},"datePublished":"2016-09-10T12:23:59+00:00","author":{"@id":"https:\/\/www.noticiasradioreflejos.com.ar\/2021\/#\/schema\/person\/ad82545263dcc5ec0996818884fd5fb1"},"breadcrumb":{"@id":"https:\/\/www.noticiasradioreflejos.com.ar\/2021\/convocatoria-de-la-cooperadora-de-la-u-s-de-sierra-de-la-ventana\/#breadcrumb"},"inLanguage":"es","potentialAction":[{"@type":"ReadAction","target":["https:\/\/www.noticiasradioreflejos.com.ar\/2021\/convocatoria-de-la-cooperadora-de-la-u-s-de-sierra-de-la-ventana\/"]}]},{"@type":"BreadcrumbList","@id":"https:\/\/www.noticiasradioreflejos.com.ar\/2021\/convocatoria-de-la-cooperadora-de-la-u-s-de-sierra-de-la-ventana\/#breadcrumb","itemListElement":[{"@type":"ListItem","position":1,"name":"Portada","item":"https:\/\/www.noticiasradioreflejos.com.ar\/2021\/"},{"@type":"ListItem","position":2,"name":"Convocatoria de la Cooperadora U.S. de Sierra de la Ventana"}]},{"@type":"WebSite","@id":"https:\/\/www.noticiasradioreflejos.com.ar\/2021\/#website","url":"https:\/\/www.noticiasradioreflejos.com.ar\/2021\/","name":"Noticias Radio Reflejos","description":"Las noticias de mi comarca","potentialAction":[{"@type":"SearchAction","target":{"@type":"EntryPoint","urlTemplate":"https:\/\/www.noticiasradioreflejos.com.ar\/2021\/?s={search_term_string}"},"query-input":{"@type":"PropertyValueSpecification","valueRequired":true,"valueName":"search_term_string"}}],"inLanguage":"es"},{"@type":"Person","@id":"https:\/\/www.noticiasradioreflejos.com.ar\/2021\/#\/schema\/person\/ad82545263dcc5ec0996818884fd5fb1","name":"Arnaldo Botto","image":{"@type":"ImageObject","inLanguage":"es","@id":"https:\/\/www.noticiasradioreflejos.com.ar\/2021\/#\/schema\/person\/image\/","url":"https:\/\/secure.gravatar.com\/avatar\/55cb5e37c1efa326397366e6974cb338056df65cb50e7d64d1cf314e87504837?s=96&d=mm&r=g","contentUrl":"https:\/\/secure.gravatar.com\/avatar\/55cb5e37c1efa326397366e6974cb338056df65cb50e7d64d1cf314e87504837?s=96&d=mm&r=g","caption":"Arnaldo Botto"},"url":"https:\/\/www.noticiasradioreflejos.com.ar\/2021\/author\/arnaldo\/"}]}},"_links":{"self":[{"href":"https:\/\/www.noticiasradioreflejos.com.ar\/2021\/wp-json\/wp\/v2\/posts\/757","targetHints":{"allow":["GET"]}}],"collection":[{"href":"https:\/\/www.noticiasradioreflejos.com.ar\/2021\/wp-json\/wp\/v2\/posts"}],"about":[{"href":"https:\/\/www.noticiasradioreflejos.com.ar\/2021\/wp-json\/wp\/v2\/types\/post"}],"author":[{"embeddable":true,"href":"https:\/\/www.noticiasradioreflejos.com.ar\/2021\/wp-json\/wp\/v2\/users\/3"}],"replies":[{"embeddable":true,"href":"https:\/\/www.noticiasradioreflejos.com.ar\/2021\/wp-json\/wp\/v2\/comments?post=757"}],"version-history":[{"count":0,"href":"https:\/\/www.noticiasradioreflejos.com.ar\/2021\/wp-json\/wp\/v2\/posts\/757\/revisions"}],"wp:attachment":[{"href":"https:\/\/www.noticiasradioreflejos.com.ar\/2021\/wp-json\/wp\/v2\/media?parent=757"}],"wp:term":[{"taxonomy":"category","embeddable":true,"href":"https:\/\/www.noticiasradioreflejos.com.ar\/2021\/wp-json\/wp\/v2\/categories?post=757"},{"taxonomy":"post_tag","embeddable":true,"href":"https:\/\/www.noticiasradioreflejos.com.ar\/2021\/wp-json\/wp\/v2\/tags?post=757"}],"curies":[{"name":"wp","href":"https:\/\/api.w.org\/{rel}","templated":true}]}}