{"id":75690,"date":"2022-07-29T10:11:33","date_gmt":"2022-07-29T10:11:33","guid":{"rendered":"http:\/\/www.noticiasradioreflejos.com.ar\/2021\/?p=75690"},"modified":"2022-07-29T10:11:33","modified_gmt":"2022-07-29T10:11:33","slug":"el-mundo-se-encamina-hacia-un-nuevo-ciclo-de-estanflacion-segun-un-estudio","status":"publish","type":"post","link":"https:\/\/www.noticiasradioreflejos.com.ar\/2021\/el-mundo-se-encamina-hacia-un-nuevo-ciclo-de-estanflacion-segun-un-estudio\/","title":{"rendered":"El mundo se encamina hacia un nuevo ciclo de estanflaci\u00f3n, seg\u00fan un estudio"},"content":{"rendered":"<p>El informe revela que el fen\u00f3meno inflacionario, provocado por el aumento del consumo tras el levantamiento de las restricciones por el Covid en 2021 y agravado por la guerra en Ucrania en 2022, se empareja a una baja en las tasa de crecimiento del PBI mundial al menos hasta 2023.<!--more--><\/p>\n<figure class=\"mb-3\"><img decoding=\"async\" src=\"https:\/\/www.telam.com.ar\/thumbs\/bluesteel\/advf\/imagenes\/2022\/07\/62dff391ee79b_900.jpg\" alt=\"Foto Archivo\" width=\"100%\" height=\"100%\" \/><\/p>\n<div class=\"media-icons\"><\/div><figcaption>Foto: Archivo.<\/figcaption><\/figure>\n<p>La econom\u00eda mundial se encuentra frente al reto un escenario complejo de bajo crecimiento y alta inflaci\u00f3n al menos hasta 2023, seg\u00fan revel\u00f3 un informe que destaca la incidencia que tuvo la salida de las restricciones por la pandemia de Covid-19 en 2021, que ocasion\u00f3 un fen\u00f3meno inflacionario con el aumento de la demanda del consumo, situaci\u00f3n que se vio exacerbada por los bloqueos ocasionados por el coronavirus en China y por la guerra en Ucrania.<\/p>\n<p>Si bien el crecimiento del\u00a0<strong>PIB mundial<\/strong>\u00a0se recuper\u00f3 al 5,9 % en 2021, las proyecciones se\u00f1alan que\u00a0<strong>disminuir\u00e1 al 3,1 % en 2022, ya que la inflaci\u00f3n est\u00e1 contrayendo el consumo y los problemas en las cadenas de suministro est\u00e1n limitando el comercio<\/strong>, revel\u00f3 el informe difundido por el Grupo Atradius, uno de los aseguradores de cr\u00e9dito m\u00e1s grandes del mundo y accionista de InSur.\u00a0<strong>Para 2023, se espera que la desaceleraci\u00f3n contin\u00fae y el crecimiento llegue hasta el 3,0%.<\/strong><\/p>\n<blockquote class=\"\"><p>El informe destaca que que la continuaci\u00f3n de la guerra en Ucrania podr\u00eda emporar el escenario:\u00a0todas las regiones se ver\u00edan afectadas por la escasez, el aumento de los precios de las materias primas y la inestabilidad pol\u00edtica, siendo Europa de las m\u00e1s afectadas<\/p><\/blockquote>\n<p>La\u00a0<strong>inflaci\u00f3n\u00a0<\/strong>global, seg\u00fan el informe, se espera alcance el<strong>\u00a07,6 % en 2022, aunque caer\u00e1 a 3,8 % en 2023<\/strong>. La inflaci\u00f3n se increment\u00f3 por un aumento en la demanda de suministros a medida que disminu\u00edan las restricciones por el coronavirus. Desde entonces, la guerra en Ucrania exacerb\u00f3 la inflaci\u00f3n ya que los productos b\u00e1sicos mundiales, en particular el combustible y el trigo, experimentaron escasez y nuevos aumentos de precios. Frente a esta situaci\u00f3n,<strong>\u00a0los bancos centrales est\u00e1n elevando agresivamente las tasas de inter\u00e9s para combatir la inflaci\u00f3n y normalizar la pol\u00edtica monetaria tras la pandemia<\/strong>.<\/p>\n<p>Aunque el comercio mundial mostraba signos de crecimiento a principios de 2022, la invasi\u00f3n de Rusia a Ucrania y las sanciones subsiguientes interrumpieron este incremento por completo.<\/p>\n<p>Adem\u00e1s,\u00a0<strong>China mantiene una pol\u00edtica de tolerancia cero que implica cierres a gran escala ante un n\u00famero reducido de casos, como el confinamiento ya vivido en Shangh\u00e1i durante dos meses que ha provocado una fuerte alteraci\u00f3n de la cadena de valor, contribuyeron a estancar el comercio a nivel mundial. En general, se espera que el crecimiento del PIB en las econom\u00edas avanzadas se desacelere a 2,7% en 2022 y 2,1% en 2023.<\/strong><\/p>\n<p>El informe pronostica que el crecimiento del PIB en los mercados emergentes se reducir\u00e1 casi a la mitad en 2022 a 3,5%, por debajo del 6,9% registrado en 2021. Estos mercados tambi\u00e9n est\u00e1n sintiendo la presi\u00f3n de los cuellos de botella en la cadena de suministro y la inflaci\u00f3n, pero debido a las tasas de vacunaci\u00f3n m\u00e1s bajas, tambi\u00e9n corren un mayor riesgo de nuevos brotes de coronavirus.<\/p>\n<p>La continuaci\u00f3n de la guerra en Ucrania implicar\u00eda un riesgo clave, ya que podr\u00eda conducir a una disminuci\u00f3n del 1,7 % del crecimiento del PIB para fines de 2022. Y\u00a0<strong>todas las regiones se ver\u00edan afectadas por la escasez, el aumento de los precios de las materias primas y la inestabilidad pol\u00edtica, siendo Europa de las m\u00e1s afectadas.<\/strong><\/p>\n","protected":false},"excerpt":{"rendered":"<p>El informe revela que el fen\u00f3meno inflacionario, provocado por el aumento del consumo tras el levantamiento de las restricciones por el Covid en 2021 y agravado por la guerra en Ucrania en 2022, se empareja a una baja en las tasa de crecimiento del PBI mundial al menos hasta 2023.<\/p>\n","protected":false},"author":3,"featured_media":0,"comment_status":"closed","ping_status":"closed","sticky":false,"template":"","format":"standard","meta":{"footnotes":""},"categories":[36,24,26],"tags":[],"class_list":["post-75690","post","type-post","status-publish","format-standard","hentry","category-economia","category-politica","category-sociedad"],"yoast_head":"<!-- This site is optimized with the Yoast SEO plugin v25.9 - https:\/\/yoast.com\/wordpress\/plugins\/seo\/ -->\n<title>El mundo se encamina hacia un nuevo ciclo de estanflaci\u00f3n, seg\u00fan un estudio - Noticias Radio Reflejos<\/title>\n<meta name=\"robots\" content=\"index, follow, max-snippet:-1, max-image-preview:large, max-video-preview:-1\" \/>\n<link rel=\"canonical\" href=\"https:\/\/www.noticiasradioreflejos.com.ar\/2021\/el-mundo-se-encamina-hacia-un-nuevo-ciclo-de-estanflacion-segun-un-estudio\/\" \/>\n<meta property=\"og:locale\" content=\"es_ES\" \/>\n<meta property=\"og:type\" content=\"article\" \/>\n<meta property=\"og:title\" content=\"El mundo se encamina hacia un nuevo ciclo de estanflaci\u00f3n, seg\u00fan un estudio - Noticias Radio Reflejos\" \/>\n<meta property=\"og:description\" content=\"El informe revela que el fen\u00f3meno inflacionario, provocado por el aumento del consumo tras el levantamiento de las restricciones por el Covid en 2021 y agravado por la guerra en Ucrania en 2022, se empareja a una baja en las tasa de crecimiento del PBI mundial al menos hasta 2023.\" \/>\n<meta property=\"og:url\" content=\"https:\/\/www.noticiasradioreflejos.com.ar\/2021\/el-mundo-se-encamina-hacia-un-nuevo-ciclo-de-estanflacion-segun-un-estudio\/\" \/>\n<meta property=\"og:site_name\" content=\"Noticias Radio Reflejos\" \/>\n<meta property=\"article:published_time\" content=\"2022-07-29T10:11:33+00:00\" \/>\n<meta property=\"og:image\" content=\"https:\/\/www.telam.com.ar\/thumbs\/bluesteel\/advf\/imagenes\/2022\/07\/62dff391ee79b_900.jpg\" \/>\n<meta name=\"author\" content=\"Arnaldo Botto\" \/>\n<meta name=\"twitter:card\" content=\"summary_large_image\" \/>\n<script type=\"application\/ld+json\" class=\"yoast-schema-graph\">{\"@context\":\"https:\/\/schema.org\",\"@graph\":[{\"@type\":\"WebPage\",\"@id\":\"https:\/\/www.noticiasradioreflejos.com.ar\/2021\/el-mundo-se-encamina-hacia-un-nuevo-ciclo-de-estanflacion-segun-un-estudio\/\",\"url\":\"https:\/\/www.noticiasradioreflejos.com.ar\/2021\/el-mundo-se-encamina-hacia-un-nuevo-ciclo-de-estanflacion-segun-un-estudio\/\",\"name\":\"El mundo se encamina hacia un nuevo ciclo de estanflaci\u00f3n, seg\u00fan un estudio - Noticias Radio Reflejos\",\"isPartOf\":{\"@id\":\"https:\/\/www.noticiasradioreflejos.com.ar\/2021\/#website\"},\"primaryImageOfPage\":{\"@id\":\"https:\/\/www.noticiasradioreflejos.com.ar\/2021\/el-mundo-se-encamina-hacia-un-nuevo-ciclo-de-estanflacion-segun-un-estudio\/#primaryimage\"},\"image\":{\"@id\":\"https:\/\/www.noticiasradioreflejos.com.ar\/2021\/el-mundo-se-encamina-hacia-un-nuevo-ciclo-de-estanflacion-segun-un-estudio\/#primaryimage\"},\"thumbnailUrl\":\"https:\/\/www.telam.com.ar\/thumbs\/bluesteel\/advf\/imagenes\/2022\/07\/62dff391ee79b_900.jpg\",\"datePublished\":\"2022-07-29T10:11:33+00:00\",\"author\":{\"@id\":\"https:\/\/www.noticiasradioreflejos.com.ar\/2021\/#\/schema\/person\/ad82545263dcc5ec0996818884fd5fb1\"},\"breadcrumb\":{\"@id\":\"https:\/\/www.noticiasradioreflejos.com.ar\/2021\/el-mundo-se-encamina-hacia-un-nuevo-ciclo-de-estanflacion-segun-un-estudio\/#breadcrumb\"},\"inLanguage\":\"es\",\"potentialAction\":[{\"@type\":\"ReadAction\",\"target\":[\"https:\/\/www.noticiasradioreflejos.com.ar\/2021\/el-mundo-se-encamina-hacia-un-nuevo-ciclo-de-estanflacion-segun-un-estudio\/\"]}]},{\"@type\":\"ImageObject\",\"inLanguage\":\"es\",\"@id\":\"https:\/\/www.noticiasradioreflejos.com.ar\/2021\/el-mundo-se-encamina-hacia-un-nuevo-ciclo-de-estanflacion-segun-un-estudio\/#primaryimage\",\"url\":\"https:\/\/www.telam.com.ar\/thumbs\/bluesteel\/advf\/imagenes\/2022\/07\/62dff391ee79b_900.jpg\",\"contentUrl\":\"https:\/\/www.telam.com.ar\/thumbs\/bluesteel\/advf\/imagenes\/2022\/07\/62dff391ee79b_900.jpg\"},{\"@type\":\"BreadcrumbList\",\"@id\":\"https:\/\/www.noticiasradioreflejos.com.ar\/2021\/el-mundo-se-encamina-hacia-un-nuevo-ciclo-de-estanflacion-segun-un-estudio\/#breadcrumb\",\"itemListElement\":[{\"@type\":\"ListItem\",\"position\":1,\"name\":\"Portada\",\"item\":\"https:\/\/www.noticiasradioreflejos.com.ar\/2021\/\"},{\"@type\":\"ListItem\",\"position\":2,\"name\":\"El mundo se encamina hacia un nuevo ciclo de estanflaci\u00f3n, seg\u00fan un estudio\"}]},{\"@type\":\"WebSite\",\"@id\":\"https:\/\/www.noticiasradioreflejos.com.ar\/2021\/#website\",\"url\":\"https:\/\/www.noticiasradioreflejos.com.ar\/2021\/\",\"name\":\"Noticias Radio Reflejos\",\"description\":\"Las noticias de mi comarca\",\"potentialAction\":[{\"@type\":\"SearchAction\",\"target\":{\"@type\":\"EntryPoint\",\"urlTemplate\":\"https:\/\/www.noticiasradioreflejos.com.ar\/2021\/?s={search_term_string}\"},\"query-input\":{\"@type\":\"PropertyValueSpecification\",\"valueRequired\":true,\"valueName\":\"search_term_string\"}}],\"inLanguage\":\"es\"},{\"@type\":\"Person\",\"@id\":\"https:\/\/www.noticiasradioreflejos.com.ar\/2021\/#\/schema\/person\/ad82545263dcc5ec0996818884fd5fb1\",\"name\":\"Arnaldo Botto\",\"image\":{\"@type\":\"ImageObject\",\"inLanguage\":\"es\",\"@id\":\"https:\/\/www.noticiasradioreflejos.com.ar\/2021\/#\/schema\/person\/image\/\",\"url\":\"https:\/\/secure.gravatar.com\/avatar\/55cb5e37c1efa326397366e6974cb338056df65cb50e7d64d1cf314e87504837?s=96&d=mm&r=g\",\"contentUrl\":\"https:\/\/secure.gravatar.com\/avatar\/55cb5e37c1efa326397366e6974cb338056df65cb50e7d64d1cf314e87504837?s=96&d=mm&r=g\",\"caption\":\"Arnaldo Botto\"},\"url\":\"https:\/\/www.noticiasradioreflejos.com.ar\/2021\/author\/arnaldo\/\"}]}<\/script>\n<!-- \/ Yoast SEO plugin. -->","yoast_head_json":{"title":"El mundo se encamina hacia un nuevo ciclo de estanflaci\u00f3n, seg\u00fan un estudio - Noticias Radio Reflejos","robots":{"index":"index","follow":"follow","max-snippet":"max-snippet:-1","max-image-preview":"max-image-preview:large","max-video-preview":"max-video-preview:-1"},"canonical":"https:\/\/www.noticiasradioreflejos.com.ar\/2021\/el-mundo-se-encamina-hacia-un-nuevo-ciclo-de-estanflacion-segun-un-estudio\/","og_locale":"es_ES","og_type":"article","og_title":"El mundo se encamina hacia un nuevo ciclo de estanflaci\u00f3n, seg\u00fan un estudio - Noticias Radio Reflejos","og_description":"El informe revela que el fen\u00f3meno inflacionario, provocado por el aumento del consumo tras el levantamiento de las restricciones por el Covid en 2021 y agravado por la guerra en Ucrania en 2022, se empareja a una baja en las tasa de crecimiento del PBI mundial al menos hasta 2023.","og_url":"https:\/\/www.noticiasradioreflejos.com.ar\/2021\/el-mundo-se-encamina-hacia-un-nuevo-ciclo-de-estanflacion-segun-un-estudio\/","og_site_name":"Noticias Radio Reflejos","article_published_time":"2022-07-29T10:11:33+00:00","og_image":[{"url":"https:\/\/www.telam.com.ar\/thumbs\/bluesteel\/advf\/imagenes\/2022\/07\/62dff391ee79b_900.jpg","type":"","width":"","height":""}],"author":"Arnaldo Botto","twitter_card":"summary_large_image","schema":{"@context":"https:\/\/schema.org","@graph":[{"@type":"WebPage","@id":"https:\/\/www.noticiasradioreflejos.com.ar\/2021\/el-mundo-se-encamina-hacia-un-nuevo-ciclo-de-estanflacion-segun-un-estudio\/","url":"https:\/\/www.noticiasradioreflejos.com.ar\/2021\/el-mundo-se-encamina-hacia-un-nuevo-ciclo-de-estanflacion-segun-un-estudio\/","name":"El mundo se encamina hacia un nuevo ciclo de estanflaci\u00f3n, seg\u00fan un estudio - Noticias Radio Reflejos","isPartOf":{"@id":"https:\/\/www.noticiasradioreflejos.com.ar\/2021\/#website"},"primaryImageOfPage":{"@id":"https:\/\/www.noticiasradioreflejos.com.ar\/2021\/el-mundo-se-encamina-hacia-un-nuevo-ciclo-de-estanflacion-segun-un-estudio\/#primaryimage"},"image":{"@id":"https:\/\/www.noticiasradioreflejos.com.ar\/2021\/el-mundo-se-encamina-hacia-un-nuevo-ciclo-de-estanflacion-segun-un-estudio\/#primaryimage"},"thumbnailUrl":"https:\/\/www.telam.com.ar\/thumbs\/bluesteel\/advf\/imagenes\/2022\/07\/62dff391ee79b_900.jpg","datePublished":"2022-07-29T10:11:33+00:00","author":{"@id":"https:\/\/www.noticiasradioreflejos.com.ar\/2021\/#\/schema\/person\/ad82545263dcc5ec0996818884fd5fb1"},"breadcrumb":{"@id":"https:\/\/www.noticiasradioreflejos.com.ar\/2021\/el-mundo-se-encamina-hacia-un-nuevo-ciclo-de-estanflacion-segun-un-estudio\/#breadcrumb"},"inLanguage":"es","potentialAction":[{"@type":"ReadAction","target":["https:\/\/www.noticiasradioreflejos.com.ar\/2021\/el-mundo-se-encamina-hacia-un-nuevo-ciclo-de-estanflacion-segun-un-estudio\/"]}]},{"@type":"ImageObject","inLanguage":"es","@id":"https:\/\/www.noticiasradioreflejos.com.ar\/2021\/el-mundo-se-encamina-hacia-un-nuevo-ciclo-de-estanflacion-segun-un-estudio\/#primaryimage","url":"https:\/\/www.telam.com.ar\/thumbs\/bluesteel\/advf\/imagenes\/2022\/07\/62dff391ee79b_900.jpg","contentUrl":"https:\/\/www.telam.com.ar\/thumbs\/bluesteel\/advf\/imagenes\/2022\/07\/62dff391ee79b_900.jpg"},{"@type":"BreadcrumbList","@id":"https:\/\/www.noticiasradioreflejos.com.ar\/2021\/el-mundo-se-encamina-hacia-un-nuevo-ciclo-de-estanflacion-segun-un-estudio\/#breadcrumb","itemListElement":[{"@type":"ListItem","position":1,"name":"Portada","item":"https:\/\/www.noticiasradioreflejos.com.ar\/2021\/"},{"@type":"ListItem","position":2,"name":"El mundo se encamina hacia un nuevo ciclo de estanflaci\u00f3n, seg\u00fan un estudio"}]},{"@type":"WebSite","@id":"https:\/\/www.noticiasradioreflejos.com.ar\/2021\/#website","url":"https:\/\/www.noticiasradioreflejos.com.ar\/2021\/","name":"Noticias Radio Reflejos","description":"Las noticias de mi comarca","potentialAction":[{"@type":"SearchAction","target":{"@type":"EntryPoint","urlTemplate":"https:\/\/www.noticiasradioreflejos.com.ar\/2021\/?s={search_term_string}"},"query-input":{"@type":"PropertyValueSpecification","valueRequired":true,"valueName":"search_term_string"}}],"inLanguage":"es"},{"@type":"Person","@id":"https:\/\/www.noticiasradioreflejos.com.ar\/2021\/#\/schema\/person\/ad82545263dcc5ec0996818884fd5fb1","name":"Arnaldo Botto","image":{"@type":"ImageObject","inLanguage":"es","@id":"https:\/\/www.noticiasradioreflejos.com.ar\/2021\/#\/schema\/person\/image\/","url":"https:\/\/secure.gravatar.com\/avatar\/55cb5e37c1efa326397366e6974cb338056df65cb50e7d64d1cf314e87504837?s=96&d=mm&r=g","contentUrl":"https:\/\/secure.gravatar.com\/avatar\/55cb5e37c1efa326397366e6974cb338056df65cb50e7d64d1cf314e87504837?s=96&d=mm&r=g","caption":"Arnaldo Botto"},"url":"https:\/\/www.noticiasradioreflejos.com.ar\/2021\/author\/arnaldo\/"}]}},"_links":{"self":[{"href":"https:\/\/www.noticiasradioreflejos.com.ar\/2021\/wp-json\/wp\/v2\/posts\/75690","targetHints":{"allow":["GET"]}}],"collection":[{"href":"https:\/\/www.noticiasradioreflejos.com.ar\/2021\/wp-json\/wp\/v2\/posts"}],"about":[{"href":"https:\/\/www.noticiasradioreflejos.com.ar\/2021\/wp-json\/wp\/v2\/types\/post"}],"author":[{"embeddable":true,"href":"https:\/\/www.noticiasradioreflejos.com.ar\/2021\/wp-json\/wp\/v2\/users\/3"}],"replies":[{"embeddable":true,"href":"https:\/\/www.noticiasradioreflejos.com.ar\/2021\/wp-json\/wp\/v2\/comments?post=75690"}],"version-history":[{"count":1,"href":"https:\/\/www.noticiasradioreflejos.com.ar\/2021\/wp-json\/wp\/v2\/posts\/75690\/revisions"}],"predecessor-version":[{"id":75692,"href":"https:\/\/www.noticiasradioreflejos.com.ar\/2021\/wp-json\/wp\/v2\/posts\/75690\/revisions\/75692"}],"wp:attachment":[{"href":"https:\/\/www.noticiasradioreflejos.com.ar\/2021\/wp-json\/wp\/v2\/media?parent=75690"}],"wp:term":[{"taxonomy":"category","embeddable":true,"href":"https:\/\/www.noticiasradioreflejos.com.ar\/2021\/wp-json\/wp\/v2\/categories?post=75690"},{"taxonomy":"post_tag","embeddable":true,"href":"https:\/\/www.noticiasradioreflejos.com.ar\/2021\/wp-json\/wp\/v2\/tags?post=75690"}],"curies":[{"name":"wp","href":"https:\/\/api.w.org\/{rel}","templated":true}]}}