{"id":75684,"date":"2022-07-29T10:03:45","date_gmt":"2022-07-29T10:03:45","guid":{"rendered":"http:\/\/www.noticiasradioreflejos.com.ar\/2021\/?p=75684"},"modified":"2022-07-29T10:03:45","modified_gmt":"2022-07-29T10:03:45","slug":"el-presidente-reorganizo-las-areas-economicas-y-designo-a-massa-en-un-ministerio-ampliado","status":"publish","type":"post","link":"https:\/\/www.noticiasradioreflejos.com.ar\/2021\/el-presidente-reorganizo-las-areas-economicas-y-designo-a-massa-en-un-ministerio-ampliado\/","title":{"rendered":"El Presidente reorganiz\u00f3 las \u00e1reas econ\u00f3micas y design\u00f3 a Massa en un ministerio ampliado"},"content":{"rendered":"<p>Alberto Fern\u00e1ndez decidi\u00f3 la unificaci\u00f3n de los ministerios de Econom\u00eda, Desarrollo Productivo y Agricultura, Ganader\u00eda y Pesca, que quedar\u00e1n bajo la \u00f3rbita del actual presidente de la C\u00e1mara de Diputados. Adem\u00e1s, hubo otras modificaciones en otras \u00e1reas de Gobierno.<!--more--><\/p>\n<figure class=\"mb-3\"><img decoding=\"async\" src=\"https:\/\/www.telam.com.ar\/thumbs\/bluesteel\/advf\/imagenes\/2022\/03\/6243529d100ad_900.jpg\" alt=\"Fernndez decidi unificar las reas econmicas y encomendarles su manejo a Massa Foto Presidencia\" width=\"100%\" height=\"100%\" \/><\/p>\n<div class=\"media-icons\"><\/div><figcaption>Fern\u00e1ndez decidi\u00f3 unificar las \u00e1reas econ\u00f3micas y encomendarles su manejo a Massa \/ Foto: Presidencia.<\/figcaption><\/figure>\n<p>El presidente Alberto Fern\u00e1ndez eligi\u00f3 este jueves al titular de la C\u00e1mara de Diputados, Sergio Massa, para encabezar un ministerio unificado de Econom\u00eda, Desarrollo Productivo y Agricultura, Ganader\u00eda y Pesca en una decisi\u00f3n que implica reorganizar todas las \u00e1reas econ\u00f3micas del Gabinete para afrontar desaf\u00edos complejos y que abre una nueva etapa en lo pol\u00edtico.<\/p>\n<p>Fern\u00e1ndez decidi\u00f3 reorganizar las \u00e1reas econ\u00f3micas de su Gabinete para un mejor funcionamiento, coordinaci\u00f3n y gesti\u00f3n, indicaron las fuentes.<\/p>\n<p>En ese sentido, se\u00a0<strong>unificar\u00e1n los ministerios de Econom\u00eda, Desarrollo Productivo y Agricultura, Ganader\u00eda y Pesca, incluyendo adem\u00e1s las relaciones con los organismos internacionales, bilaterales y multilaterales de cr\u00e9dito<\/strong>.<\/p>\n<p>Massa asumir\u00e1 a partir de que se resuelva el alejamiento de su banca en una\u00a0<a href=\"http:\/\/www.telam.com.ar\/notas\/202207\/599993-sergio-massa-gabinete-gobierno-nacional-camara-de-diputados.html\" target=\"_blank\" rel=\"noopener\">sesi\u00f3n especial convocada por el propio diputado para formalizar su dimisi\u00f3n y elegir al nuevo titular del cuerpo<\/a>\u00a0que lo reemplazar\u00e1 hasta diciembre de 2023.<\/p>\n<p>Al ser consultado sobre el nombre de su sucesor, Massa dijo que \u00abes una decisi\u00f3n que le corresponde al Frente de Todos\u00bb.<\/p>\n<figure class=\"mb-3\"><img decoding=\"async\" src=\"https:\/\/www.telam.com.ar\/thumbs\/bluesteel\/advf\/imagenes\/2022\/07\/62c1f2265eef7_900.jpg\" alt=\"Massa deber anunciar quienes sern los funcionarios que tomarn las riendas de las distintas reas a su cargo Foto Presidencia\" width=\"100%\" height=\"100%\" \/><\/p>\n<div class=\"media-icons\"><\/div><figcaption>Massa deber\u00e1 anunciar quienes ser\u00e1n los funcionarios que tomar\u00e1n las riendas de las distintas \u00e1reas a su cargo \/ Foto: Presidencia.<\/figcaption><\/figure>\n<p>De hecho, la bancada del oficialismo que conduce Germ\u00e1n Mart\u00ednez debe definir a qui\u00e9n ocupar\u00e1 el cargo que dejar\u00e1 Massa, cuyo nombre tendr\u00e1 que ser aprobado en la sesi\u00f3n especial del martes.<\/p>\n<h2 class=\"\">Batakis, al Banco Naci\u00f3n<\/h2>\n<p>El jefe de Estado design\u00f3 tambi\u00e9n a\u00a0<a href=\"https:\/\/www.telam.com.ar\/notas\/202207\/600002-batakis-designacion-banco-nacion.html\" target=\"_blank\" rel=\"noopener\">Silvina Batakis como presidenta del Banco Naci\u00f3n<\/a>, por lo que dejar\u00e1 el Ministerio de Econom\u00eda.<\/p>\n<p><strong>\u00abEl Presidente reconoce y agradece el compromiso que demostr\u00f3 al sumarse al Gabinete\u00bb<\/strong>, indic\u00f3 Presidencia en un comunicado.<\/p>\n<figure class=\"mb-3\"><img decoding=\"async\" src=\"https:\/\/www.telam.com.ar\/thumbs\/bluesteel\/advf\/imagenes\/2022\/07\/62e3191b1a393_900.jpg\" alt=\"Batakis asumir en el Banco Nacin Foto Archivo\" width=\"100%\" height=\"100%\" \/><\/p>\n<div class=\"media-icons\"><\/div><figcaption>Batakis asumir\u00e1 en el Banco Naci\u00f3n \/ Foto: Archivo.<\/figcaption><\/figure>\n<p>Fern\u00e1ndez y Batakis se hab\u00edan el mediod\u00eda de este jueves durante casi dos horas en el despacho presidencial de Casa Rosada.<\/p>\n<h2 class=\"\">Scioli vuelve a Brasil<\/h2>\n<p>Adem\u00e1s, a pedido del mandatario,\u00a0<a href=\"https:\/\/www.telam.com.ar\/notas\/202207\/599999-scioli-embaja-brasil.html\" target=\"_blank\" rel=\"noopener\">Daniel Scioli volver\u00e1 a la embajada argentina en Brasil<\/a>\u00a0y dejar\u00e1 el Ministerio de Desarrollo Productivo.<\/p>\n<p>En un comunicado oficial, \u00abel Presidente le agradece profundamente haber estado presente en el Gabinete cuando fue convocado\u00bb.<\/p>\n<p>Scioli retornar\u00e1 a la embajada, con sede en Brasilia,\u00a0<strong>\u00abdonde realiz\u00f3 un excelente trabajo\u00bb<\/strong>, valor\u00f3 su gesti\u00f3n el comunicado de Presidencia.<\/p>\n<p>Fern\u00e1ndez y Scioli tambi\u00e9n se reunieron esta tarde en el despacho presidencial, por alrededor de una hora y media.<\/p>\n<h2 class=\"\">Las renuncias de Dom\u00ednguez y Beliz<\/h2>\n<p>El mandatario\u00a0<a href=\"https:\/\/www.telam.com.ar\/notas\/202207\/600005-julian-dominguez-agricultura-ganaderia-pesca.html\" target=\"_blank\" rel=\"noopener\">acept\u00f3 adem\u00e1s la renuncia de Juli\u00e1n Dom\u00ednguez<\/a>\u00a0al Ministerio de Agricultura, Ganader\u00eda y Pesca, luego de la unificaci\u00f3n de las carteras.<\/p>\n<p>\u00abEl Presidente agradece el trabajo realizado durante su gesti\u00f3n\u00bb, se indic\u00f3 en otro comunicado.<\/p>\n<p>En una medida similar, el mandatario acept\u00f3 adem\u00e1s la\u00a0<a href=\"https:\/\/www.telam.com.ar\/notas\/202207\/599968-gustavo-beliz-renuncia.html\" target=\"_blank\" rel=\"noopener\">renuncia presentada por Gustavo Beliz<\/a>\u00a0a la Secretar\u00eda de Asuntos Estrat\u00e9gicos.<\/p>\n<h2 class=\"\">Marc\u00f3 del Pont y Castagneto<\/h2>\n<p>Fern\u00e1ndez\u00a0<a href=\"https:\/\/www.telam.com.ar\/notas\/202207\/599994-marco-del-pont-secretaria-asuntos-estrategicos.html\" target=\"_blank\" rel=\"noopener\">nombr\u00f3 en lugar de Beliz a Mercedes Marco del Pont<\/a>\u00a0en la Secretar\u00eda de Asuntos Estrat\u00e9gicos, informaron fuentes oficiales.\u00a0Del Pont se ven\u00eda desempe\u00f1ando como titular de la Administraci\u00f3n Federal de Ingresos P\u00fablicos (AFIP).<\/p>\n<p>En ese sentido,\u00a0<a href=\"https:\/\/www.telam.com.ar\/notas\/202207\/600001-alberto-fernandez-gabinete-carlos-castagneto-afip.html\" target=\"_blank\" rel=\"noopener\">Fern\u00e1ndez design\u00f3 al contador Carlos Castagneto como titular de la AFIP<\/a>, quien ven\u00eda trabajando como director general de Recursos de Seguridad Social en el organismo en el que ahora asumir\u00e1.<\/p>\n<figure class=\"mb-3\"><img decoding=\"async\" src=\"https:\/\/www.telam.com.ar\/thumbs\/bluesteel\/advf\/imagenes\/2022\/07\/62e30bbb7a8b8_900.jpg\" alt=\"Carlos Castagneto a la AFIP Foto Archivo\" width=\"100%\" height=\"100%\" \/><\/p>\n<div class=\"media-icons\"><\/div><figcaption>Carlos Castagneto, a la AFIP \/ Foto: Archivo.<\/figcaption><\/figure>\n<p>Durante el Gobierno de Cristina Fern\u00e1ndez de Kirchner, Castagneto fue viceministro de Desarrollo Social.<\/p>\n<h2 class=\"\">Desmentida<\/h2>\n<p>Por otra parte, la portavoz presidencial\u00a0<strong>Gabriela Cerruti desminti\u00f3 que el ministro de Trabajo, Claudio Moroni, haya presentado su renuncia y nunca estuvo en consideraci\u00f3n del Presidente pedirla<\/strong>.<\/p>\n<h2 class=\"\">Repercusiones<\/h2>\n<p>El canciller\u00a0<a href=\"https:\/\/www.telam.com.ar\/notas\/202207\/599951-dirigentes-fdt-massa-gobierno.html\" target=\"_blank\" rel=\"noopener\">Santiago Cafiero celebr\u00f3 la designaci\u00f3n de Massa<\/a>\u00a0y escribi\u00f3 en su cuenta de Twitter que que la medida \u00abfortalece al gobierno y al v\u00ednculo que une al Frente de Todos con las preocupaciones de los argentinos y las argentinas\u00bb, porque<strong>\u00a0\u00abel pa\u00eds necesita de la responsabilidad y el compromiso de todos\u00bb<\/strong>.<\/p>\n<p>La Confederaci\u00f3n General del Trabajo (CGT) se mostr\u00f3 en la misma l\u00ednea y en un\u00a0<a href=\"https:\/\/www.telam.com.ar\/notas\/202207\/599951-dirigentes-fdt-massa-gobierno.html\" target=\"_blank\" rel=\"noopener\">comunicado\u00a0<\/a>refiri\u00f3 que \u00abacompa\u00f1a el sentido positivo de los cambios en el gabinete impulsados por el Gobierno nacional\u00bb.<\/p>\n<p>\u00abHemos manifestado reiteradamente nuestra preocupaci\u00f3n en relaci\u00f3n a la inflaci\u00f3n creciente que erosiona de manera permanente el poder de compra de los salarios, las jubilaciones y los planes sociales\u00bb, expres\u00f3 el escrito.<\/p>\n<p>\u00abEn este sentido\u00a0<strong>conocemos y confiamos plenamente en la orientaci\u00f3n productivista y de desarrollo industrial que dar\u00e1 el compa\u00f1ero Sergio Massa a la econom\u00eda argentina<\/strong>\u00ab, complet\u00f3.<\/p>\n<h2 class=\"\">El comunicado de la designaci\u00f3n de Massa<\/h2>\n<p><a title=\"View COMUNICADO DE PRENSA on Scribd\" href=\"https:\/\/www.scribd.com\/document\/584604395\/COMUNICADO-DE-PRENSA#from_embed\">COMUNICADO DE PRENSA<\/a>\u00a0by\u00a0<a title=\"View T\u00e9lam Web's profile on Scribd\" href=\"https:\/\/es.scribd.com\/user\/497640512\/Telam-Web#from_embed\">T\u00e9lam Web<\/a>\u00a0on Scribd<\/p>\n<p><iframe loading=\"lazy\" id=\"doc_83007\" class=\"scribd_iframe_embed\" title=\"COMUNICADO DE PRENSA\" src=\"https:\/\/es.scribd.com\/embeds\/584604395\/content?start_page=1&amp;view_mode=scroll&amp;access_key=key-Otyq77UcKGq4Q6GlGFjr\" width=\"100%\" height=\"600\" frameborder=\"0\" scrolling=\"no\" data-auto-height=\"false\" data-aspect-ratio=\"0.7068965517241379\" data-mce-fragment=\"1\"><\/iframe><\/p>\n","protected":false},"excerpt":{"rendered":"<p>Alberto Fern\u00e1ndez decidi\u00f3 la unificaci\u00f3n de los ministerios de Econom\u00eda, Desarrollo Productivo y Agricultura, Ganader\u00eda y Pesca, que quedar\u00e1n bajo la \u00f3rbita del actual presidente de la C\u00e1mara de Diputados. Adem\u00e1s, hubo otras modificaciones en otras \u00e1reas de Gobierno.<\/p>\n","protected":false},"author":3,"featured_media":0,"comment_status":"closed","ping_status":"closed","sticky":false,"template":"","format":"standard","meta":{"footnotes":""},"categories":[36,58,24],"tags":[48],"class_list":["post-75684","post","type-post","status-publish","format-standard","hentry","category-economia","category-gobierno","category-politica","tag-destacada"],"yoast_head":"<!-- This site is optimized with the Yoast SEO plugin v25.9 - https:\/\/yoast.com\/wordpress\/plugins\/seo\/ -->\n<title>El Presidente reorganiz\u00f3 las \u00e1reas econ\u00f3micas y design\u00f3 a Massa en un ministerio ampliado - Noticias Radio Reflejos<\/title>\n<meta name=\"robots\" content=\"index, follow, max-snippet:-1, max-image-preview:large, max-video-preview:-1\" \/>\n<link rel=\"canonical\" href=\"https:\/\/www.noticiasradioreflejos.com.ar\/2021\/el-presidente-reorganizo-las-areas-economicas-y-designo-a-massa-en-un-ministerio-ampliado\/\" \/>\n<meta property=\"og:locale\" content=\"es_ES\" \/>\n<meta property=\"og:type\" content=\"article\" \/>\n<meta property=\"og:title\" content=\"El Presidente reorganiz\u00f3 las \u00e1reas econ\u00f3micas y design\u00f3 a Massa en un ministerio ampliado - Noticias Radio Reflejos\" \/>\n<meta property=\"og:description\" content=\"Alberto Fern\u00e1ndez decidi\u00f3 la unificaci\u00f3n de los ministerios de Econom\u00eda, Desarrollo Productivo y Agricultura, Ganader\u00eda y Pesca, que quedar\u00e1n bajo la \u00f3rbita del actual presidente de la C\u00e1mara de Diputados. Adem\u00e1s, hubo otras modificaciones en otras \u00e1reas de Gobierno.\" \/>\n<meta property=\"og:url\" content=\"https:\/\/www.noticiasradioreflejos.com.ar\/2021\/el-presidente-reorganizo-las-areas-economicas-y-designo-a-massa-en-un-ministerio-ampliado\/\" \/>\n<meta property=\"og:site_name\" content=\"Noticias Radio Reflejos\" \/>\n<meta property=\"article:published_time\" content=\"2022-07-29T10:03:45+00:00\" \/>\n<meta property=\"og:image\" content=\"https:\/\/www.telam.com.ar\/thumbs\/bluesteel\/advf\/imagenes\/2022\/03\/6243529d100ad_900.jpg\" \/>\n<meta name=\"author\" content=\"Arnaldo Botto\" \/>\n<meta name=\"twitter:card\" content=\"summary_large_image\" \/>\n<script type=\"application\/ld+json\" class=\"yoast-schema-graph\">{\"@context\":\"https:\/\/schema.org\",\"@graph\":[{\"@type\":\"WebPage\",\"@id\":\"https:\/\/www.noticiasradioreflejos.com.ar\/2021\/el-presidente-reorganizo-las-areas-economicas-y-designo-a-massa-en-un-ministerio-ampliado\/\",\"url\":\"https:\/\/www.noticiasradioreflejos.com.ar\/2021\/el-presidente-reorganizo-las-areas-economicas-y-designo-a-massa-en-un-ministerio-ampliado\/\",\"name\":\"El Presidente reorganiz\u00f3 las \u00e1reas econ\u00f3micas y design\u00f3 a Massa en un ministerio ampliado - Noticias Radio Reflejos\",\"isPartOf\":{\"@id\":\"https:\/\/www.noticiasradioreflejos.com.ar\/2021\/#website\"},\"primaryImageOfPage\":{\"@id\":\"https:\/\/www.noticiasradioreflejos.com.ar\/2021\/el-presidente-reorganizo-las-areas-economicas-y-designo-a-massa-en-un-ministerio-ampliado\/#primaryimage\"},\"image\":{\"@id\":\"https:\/\/www.noticiasradioreflejos.com.ar\/2021\/el-presidente-reorganizo-las-areas-economicas-y-designo-a-massa-en-un-ministerio-ampliado\/#primaryimage\"},\"thumbnailUrl\":\"https:\/\/www.telam.com.ar\/thumbs\/bluesteel\/advf\/imagenes\/2022\/03\/6243529d100ad_900.jpg\",\"datePublished\":\"2022-07-29T10:03:45+00:00\",\"author\":{\"@id\":\"https:\/\/www.noticiasradioreflejos.com.ar\/2021\/#\/schema\/person\/ad82545263dcc5ec0996818884fd5fb1\"},\"breadcrumb\":{\"@id\":\"https:\/\/www.noticiasradioreflejos.com.ar\/2021\/el-presidente-reorganizo-las-areas-economicas-y-designo-a-massa-en-un-ministerio-ampliado\/#breadcrumb\"},\"inLanguage\":\"es\",\"potentialAction\":[{\"@type\":\"ReadAction\",\"target\":[\"https:\/\/www.noticiasradioreflejos.com.ar\/2021\/el-presidente-reorganizo-las-areas-economicas-y-designo-a-massa-en-un-ministerio-ampliado\/\"]}]},{\"@type\":\"ImageObject\",\"inLanguage\":\"es\",\"@id\":\"https:\/\/www.noticiasradioreflejos.com.ar\/2021\/el-presidente-reorganizo-las-areas-economicas-y-designo-a-massa-en-un-ministerio-ampliado\/#primaryimage\",\"url\":\"https:\/\/www.telam.com.ar\/thumbs\/bluesteel\/advf\/imagenes\/2022\/03\/6243529d100ad_900.jpg\",\"contentUrl\":\"https:\/\/www.telam.com.ar\/thumbs\/bluesteel\/advf\/imagenes\/2022\/03\/6243529d100ad_900.jpg\"},{\"@type\":\"BreadcrumbList\",\"@id\":\"https:\/\/www.noticiasradioreflejos.com.ar\/2021\/el-presidente-reorganizo-las-areas-economicas-y-designo-a-massa-en-un-ministerio-ampliado\/#breadcrumb\",\"itemListElement\":[{\"@type\":\"ListItem\",\"position\":1,\"name\":\"Portada\",\"item\":\"https:\/\/www.noticiasradioreflejos.com.ar\/2021\/\"},{\"@type\":\"ListItem\",\"position\":2,\"name\":\"El Presidente reorganiz\u00f3 las \u00e1reas econ\u00f3micas y design\u00f3 a Massa en un ministerio ampliado\"}]},{\"@type\":\"WebSite\",\"@id\":\"https:\/\/www.noticiasradioreflejos.com.ar\/2021\/#website\",\"url\":\"https:\/\/www.noticiasradioreflejos.com.ar\/2021\/\",\"name\":\"Noticias Radio Reflejos\",\"description\":\"Las noticias de mi comarca\",\"potentialAction\":[{\"@type\":\"SearchAction\",\"target\":{\"@type\":\"EntryPoint\",\"urlTemplate\":\"https:\/\/www.noticiasradioreflejos.com.ar\/2021\/?s={search_term_string}\"},\"query-input\":{\"@type\":\"PropertyValueSpecification\",\"valueRequired\":true,\"valueName\":\"search_term_string\"}}],\"inLanguage\":\"es\"},{\"@type\":\"Person\",\"@id\":\"https:\/\/www.noticiasradioreflejos.com.ar\/2021\/#\/schema\/person\/ad82545263dcc5ec0996818884fd5fb1\",\"name\":\"Arnaldo Botto\",\"image\":{\"@type\":\"ImageObject\",\"inLanguage\":\"es\",\"@id\":\"https:\/\/www.noticiasradioreflejos.com.ar\/2021\/#\/schema\/person\/image\/\",\"url\":\"https:\/\/secure.gravatar.com\/avatar\/55cb5e37c1efa326397366e6974cb338056df65cb50e7d64d1cf314e87504837?s=96&d=mm&r=g\",\"contentUrl\":\"https:\/\/secure.gravatar.com\/avatar\/55cb5e37c1efa326397366e6974cb338056df65cb50e7d64d1cf314e87504837?s=96&d=mm&r=g\",\"caption\":\"Arnaldo Botto\"},\"url\":\"https:\/\/www.noticiasradioreflejos.com.ar\/2021\/author\/arnaldo\/\"}]}<\/script>\n<!-- \/ Yoast SEO plugin. -->","yoast_head_json":{"title":"El Presidente reorganiz\u00f3 las \u00e1reas econ\u00f3micas y design\u00f3 a Massa en un ministerio ampliado - Noticias Radio Reflejos","robots":{"index":"index","follow":"follow","max-snippet":"max-snippet:-1","max-image-preview":"max-image-preview:large","max-video-preview":"max-video-preview:-1"},"canonical":"https:\/\/www.noticiasradioreflejos.com.ar\/2021\/el-presidente-reorganizo-las-areas-economicas-y-designo-a-massa-en-un-ministerio-ampliado\/","og_locale":"es_ES","og_type":"article","og_title":"El Presidente reorganiz\u00f3 las \u00e1reas econ\u00f3micas y design\u00f3 a Massa en un ministerio ampliado - Noticias Radio Reflejos","og_description":"Alberto Fern\u00e1ndez decidi\u00f3 la unificaci\u00f3n de los ministerios de Econom\u00eda, Desarrollo Productivo y Agricultura, Ganader\u00eda y Pesca, que quedar\u00e1n bajo la \u00f3rbita del actual presidente de la C\u00e1mara de Diputados. Adem\u00e1s, hubo otras modificaciones en otras \u00e1reas de Gobierno.","og_url":"https:\/\/www.noticiasradioreflejos.com.ar\/2021\/el-presidente-reorganizo-las-areas-economicas-y-designo-a-massa-en-un-ministerio-ampliado\/","og_site_name":"Noticias Radio Reflejos","article_published_time":"2022-07-29T10:03:45+00:00","og_image":[{"url":"https:\/\/www.telam.com.ar\/thumbs\/bluesteel\/advf\/imagenes\/2022\/03\/6243529d100ad_900.jpg","type":"","width":"","height":""}],"author":"Arnaldo Botto","twitter_card":"summary_large_image","schema":{"@context":"https:\/\/schema.org","@graph":[{"@type":"WebPage","@id":"https:\/\/www.noticiasradioreflejos.com.ar\/2021\/el-presidente-reorganizo-las-areas-economicas-y-designo-a-massa-en-un-ministerio-ampliado\/","url":"https:\/\/www.noticiasradioreflejos.com.ar\/2021\/el-presidente-reorganizo-las-areas-economicas-y-designo-a-massa-en-un-ministerio-ampliado\/","name":"El Presidente reorganiz\u00f3 las \u00e1reas econ\u00f3micas y design\u00f3 a Massa en un ministerio ampliado - Noticias Radio Reflejos","isPartOf":{"@id":"https:\/\/www.noticiasradioreflejos.com.ar\/2021\/#website"},"primaryImageOfPage":{"@id":"https:\/\/www.noticiasradioreflejos.com.ar\/2021\/el-presidente-reorganizo-las-areas-economicas-y-designo-a-massa-en-un-ministerio-ampliado\/#primaryimage"},"image":{"@id":"https:\/\/www.noticiasradioreflejos.com.ar\/2021\/el-presidente-reorganizo-las-areas-economicas-y-designo-a-massa-en-un-ministerio-ampliado\/#primaryimage"},"thumbnailUrl":"https:\/\/www.telam.com.ar\/thumbs\/bluesteel\/advf\/imagenes\/2022\/03\/6243529d100ad_900.jpg","datePublished":"2022-07-29T10:03:45+00:00","author":{"@id":"https:\/\/www.noticiasradioreflejos.com.ar\/2021\/#\/schema\/person\/ad82545263dcc5ec0996818884fd5fb1"},"breadcrumb":{"@id":"https:\/\/www.noticiasradioreflejos.com.ar\/2021\/el-presidente-reorganizo-las-areas-economicas-y-designo-a-massa-en-un-ministerio-ampliado\/#breadcrumb"},"inLanguage":"es","potentialAction":[{"@type":"ReadAction","target":["https:\/\/www.noticiasradioreflejos.com.ar\/2021\/el-presidente-reorganizo-las-areas-economicas-y-designo-a-massa-en-un-ministerio-ampliado\/"]}]},{"@type":"ImageObject","inLanguage":"es","@id":"https:\/\/www.noticiasradioreflejos.com.ar\/2021\/el-presidente-reorganizo-las-areas-economicas-y-designo-a-massa-en-un-ministerio-ampliado\/#primaryimage","url":"https:\/\/www.telam.com.ar\/thumbs\/bluesteel\/advf\/imagenes\/2022\/03\/6243529d100ad_900.jpg","contentUrl":"https:\/\/www.telam.com.ar\/thumbs\/bluesteel\/advf\/imagenes\/2022\/03\/6243529d100ad_900.jpg"},{"@type":"BreadcrumbList","@id":"https:\/\/www.noticiasradioreflejos.com.ar\/2021\/el-presidente-reorganizo-las-areas-economicas-y-designo-a-massa-en-un-ministerio-ampliado\/#breadcrumb","itemListElement":[{"@type":"ListItem","position":1,"name":"Portada","item":"https:\/\/www.noticiasradioreflejos.com.ar\/2021\/"},{"@type":"ListItem","position":2,"name":"El Presidente reorganiz\u00f3 las \u00e1reas econ\u00f3micas y design\u00f3 a Massa en un ministerio ampliado"}]},{"@type":"WebSite","@id":"https:\/\/www.noticiasradioreflejos.com.ar\/2021\/#website","url":"https:\/\/www.noticiasradioreflejos.com.ar\/2021\/","name":"Noticias Radio Reflejos","description":"Las noticias de mi comarca","potentialAction":[{"@type":"SearchAction","target":{"@type":"EntryPoint","urlTemplate":"https:\/\/www.noticiasradioreflejos.com.ar\/2021\/?s={search_term_string}"},"query-input":{"@type":"PropertyValueSpecification","valueRequired":true,"valueName":"search_term_string"}}],"inLanguage":"es"},{"@type":"Person","@id":"https:\/\/www.noticiasradioreflejos.com.ar\/2021\/#\/schema\/person\/ad82545263dcc5ec0996818884fd5fb1","name":"Arnaldo Botto","image":{"@type":"ImageObject","inLanguage":"es","@id":"https:\/\/www.noticiasradioreflejos.com.ar\/2021\/#\/schema\/person\/image\/","url":"https:\/\/secure.gravatar.com\/avatar\/55cb5e37c1efa326397366e6974cb338056df65cb50e7d64d1cf314e87504837?s=96&d=mm&r=g","contentUrl":"https:\/\/secure.gravatar.com\/avatar\/55cb5e37c1efa326397366e6974cb338056df65cb50e7d64d1cf314e87504837?s=96&d=mm&r=g","caption":"Arnaldo Botto"},"url":"https:\/\/www.noticiasradioreflejos.com.ar\/2021\/author\/arnaldo\/"}]}},"_links":{"self":[{"href":"https:\/\/www.noticiasradioreflejos.com.ar\/2021\/wp-json\/wp\/v2\/posts\/75684","targetHints":{"allow":["GET"]}}],"collection":[{"href":"https:\/\/www.noticiasradioreflejos.com.ar\/2021\/wp-json\/wp\/v2\/posts"}],"about":[{"href":"https:\/\/www.noticiasradioreflejos.com.ar\/2021\/wp-json\/wp\/v2\/types\/post"}],"author":[{"embeddable":true,"href":"https:\/\/www.noticiasradioreflejos.com.ar\/2021\/wp-json\/wp\/v2\/users\/3"}],"replies":[{"embeddable":true,"href":"https:\/\/www.noticiasradioreflejos.com.ar\/2021\/wp-json\/wp\/v2\/comments?post=75684"}],"version-history":[{"count":1,"href":"https:\/\/www.noticiasradioreflejos.com.ar\/2021\/wp-json\/wp\/v2\/posts\/75684\/revisions"}],"predecessor-version":[{"id":75686,"href":"https:\/\/www.noticiasradioreflejos.com.ar\/2021\/wp-json\/wp\/v2\/posts\/75684\/revisions\/75686"}],"wp:attachment":[{"href":"https:\/\/www.noticiasradioreflejos.com.ar\/2021\/wp-json\/wp\/v2\/media?parent=75684"}],"wp:term":[{"taxonomy":"category","embeddable":true,"href":"https:\/\/www.noticiasradioreflejos.com.ar\/2021\/wp-json\/wp\/v2\/categories?post=75684"},{"taxonomy":"post_tag","embeddable":true,"href":"https:\/\/www.noticiasradioreflejos.com.ar\/2021\/wp-json\/wp\/v2\/tags?post=75684"}],"curies":[{"name":"wp","href":"https:\/\/api.w.org\/{rel}","templated":true}]}}