{"id":75681,"date":"2022-07-29T09:58:49","date_gmt":"2022-07-29T09:58:49","guid":{"rendered":"http:\/\/www.noticiasradioreflejos.com.ar\/2021\/?p=75681"},"modified":"2022-07-29T11:30:17","modified_gmt":"2022-07-29T11:30:17","slug":"se-ilumino-todo-el-cielo-como-si-fuera-de-dia","status":"publish","type":"post","link":"https:\/\/www.noticiasradioreflejos.com.ar\/2021\/se-ilumino-todo-el-cielo-como-si-fuera-de-dia\/","title":{"rendered":"\u201cSe ilumin\u00f3 todo el cielo como si fuera de d\u00eda\u201d"},"content":{"rendered":"<div id=\"tdi_65\" class=\"tdc-row stretch_row_1200 td-stretch-content\">\n<div class=\"vc_row tdi_66 wpb_row td-pb-row\">\n<div class=\"vc_column tdi_68 wpb_column vc_column_container tdc-column td-pb-span12\">\n<div class=\"wpb_wrapper\">\n<div class=\"td_block_wrap tdb_title tdi_72 tdb-single-title td-pb-border-top td_block_template_10\" data-td-block-uid=\"tdi_72\">\n<div class=\"tdb-block-inner td-fix-index\">\n<div>El fen\u00f3meno astron\u00f3mico ocurri\u00f3 este lunes pasadas las 22.00 y vecinos de La Buena Moza Pcia de Santa Fe, donde aseguran haberlo visto en todo su esplendor. Se trata de un b\u00f3lido o residuo de meteoro que ingres\u00f3 a la atm\u00f3sfera y se fundi\u00f3.<\/div>\n<\/div>\n<\/div>\n<\/div>\n<\/div>\n<\/div>\n<\/div>\n<p><!--more--><\/p>\n<div id=\"tdi_74\" class=\"tdc-row stretch_row_1200 td-stretch-content\">\n<div class=\"vc_row tdi_75 wpb_row td-pb-row\">\n<div class=\"vc_column tdi_77 wpb_column vc_column_container tdc-column td-pb-span9\">\n<div class=\"wpb_wrapper\">\n<div class=\"vc_row_inner tdi_80 vc_row vc_inner wpb_row td-pb-row\">\n<div class=\"vc_column_inner tdi_86 wpb_column vc_column_container tdc-inner-column td-pb-span5\">\n<div class=\"vc_column-inner\">\n<div class=\"wpb_wrapper\">\n<div class=\"td_block_wrap tdb_single_post_share tdi_87 td-pb-border-top td_block_template_10\" data-td-block-uid=\"tdi_87\">\n<div id=\"tdi_87\" class=\"td-post-sharing tdb-block td-ps-dark-bg td-ps-notext td-post-sharing-style14 \">\n<div class=\"td-post-sharing-visible\">\n<div class=\"td-social-but-icon\"><\/div>\n<\/div>\n<div class=\"vc_row_inner tdi_89 vc_row vc_inner wpb_row td-pb-row\">\n<div class=\"vc_column_inner tdi_91 wpb_column vc_column_container tdc-inner-column td-pb-span12\">\n<div class=\"vc_column-inner\">\n<div class=\"wpb_wrapper\">\n<div class=\"td_block_wrap tdb_single_featured_image tdi_92 tdb-content-horiz-left td-pb-border-top td_block_template_10\" data-td-block-uid=\"tdi_92\">\n<div class=\"tdb-block-inner td-fix-index\"><a class=\"td-modal-image\" href=\"https:\/\/www.laopinionsemanario.com.ar\/wp-content\/uploads\/2022\/07\/la-buena-moza.png\" data-caption=\"\"><img loading=\"lazy\" decoding=\"async\" class=\"entry-thumb\" title=\"la buena moza\" src=\"https:\/\/www.laopinionsemanario.com.ar\/wp-content\/uploads\/2022\/07\/la-buena-moza-741x486.png\" alt=\"\" width=\"741\" height=\"486\" \/><\/a><\/div>\n<\/div>\n<\/div>\n<\/div>\n<\/div>\n<\/div>\n<div class=\"tdm_block td_block_wrap tdm_block_inline_text tdi_93 tdm-inline-block tdm-content-horiz-left td-pb-border-top td_block_template_10\" data-td-block-uid=\"tdi_93\">\n<p class=\"tdm-descr\">\n<\/div>\n<div class=\"td_block_wrap tdb_single_content tdi_94 td-pb-border-top td_block_template_10 td-post-content tagdiv-type\" data-td-block-uid=\"tdi_94\">\n<div class=\"tdb-block-inner td-fix-index\">\n<p>El lunes por la noche, ocurri\u00f3 un fen\u00f3meno astron\u00f3mico que fue visible en varias ciudades del pa\u00eds, cuando un b\u00f3lido, es decir, un residuo de meteoro, se fundi\u00f3 al ingresar a la atm\u00f3sfera, creando una huella luminosa y un estruendo de importante intensidad.<\/p>\n<p>Eran cerca de las 22.15 cuando una vecina de La Buena Moza, desde la terraza, observaba el cielo. \u201cHab\u00eda rel\u00e1mpagos y parec\u00eda que en cualquier momento se largaba la tormenta. En eso, escuchamos un estruendo y todo el cielo se ilumin\u00f3, como si fuera de d\u00eda\u201d, cont\u00f3 Silvia a La Opini\u00f3n.<\/p>\n<p>En astronom\u00eda, denominan b\u00f3lido a este tipo de meteoro muy brillante, que crea una huella luminosa muy potente al entrar en la atm\u00f3sfera terrestre, y generalmente explota antes de llegar al suelo.<\/p>\n<p>Los vecinos del paraje sampedrino supieron de qu\u00e9 se trataba cuando leyeron las noticias que se difundieron a nivel nacional. \u201cAs\u00ed que nada, pas\u00f3 un meteorito por La Buena Moza, tal es as\u00ed que qued\u00f3 incandescente. \u00a1Una claridad! Sali\u00f3 en los medios nacionales lo que pas\u00f3, pensamos que hab\u00eda sido por la tormenta\u201d, aseguraron.<\/p>\n<\/div>\n<p><a title=\"B\u00f3lido en Santa Fe\" href=\"https:\/\/www.flickr.com\/photos\/182279889@N02\/52249225064\/in\/dateposted-public\/\" data-flickr-embed=\"true\"><img loading=\"lazy\" decoding=\"async\" src=\"https:\/\/live.staticflickr.com\/31337\/52249225064_0ed6a8ea28_c.jpg\" alt=\"B\u00f3lido en Santa Fe\" width=\"800\" height=\"450\" \/><\/a><script async src=\"\/\/embedr.flickr.com\/assets\/client-code.js\" charset=\"utf-8\"><\/script><\/p>\n<p><strong>Fuente La Opini\u00f3n.<\/strong><\/p>\n<\/div>\n<\/div>\n<\/div>\n<\/div>\n<\/div>\n<\/div>\n<\/div>\n<\/div>\n<\/div>\n<\/div>\n<\/div>\n","protected":false},"excerpt":{"rendered":"<p>El fen\u00f3meno astron\u00f3mico ocurri\u00f3 este lunes pasadas las 22.00 y vecinos de La Buena Moza Pcia de Santa Fe, donde aseguran haberlo visto en todo su esplendor. Se trata de un b\u00f3lido o residuo de meteoro que ingres\u00f3 a la atm\u00f3sfera y se fundi\u00f3.<\/p>\n","protected":false},"author":3,"featured_media":0,"comment_status":"closed","ping_status":"closed","sticky":false,"template":"","format":"standard","meta":{"footnotes":""},"categories":[46],"tags":[48],"class_list":["post-75681","post","type-post","status-publish","format-standard","hentry","category-ciencia-y-tecnologia","tag-destacada"],"yoast_head":"<!-- This site is optimized with the Yoast SEO plugin v25.9 - https:\/\/yoast.com\/wordpress\/plugins\/seo\/ -->\n<title>\u201cSe ilumin\u00f3 todo el cielo como si fuera de d\u00eda\u201d - Noticias Radio Reflejos<\/title>\n<meta name=\"robots\" content=\"index, follow, max-snippet:-1, max-image-preview:large, max-video-preview:-1\" \/>\n<link rel=\"canonical\" href=\"https:\/\/www.noticiasradioreflejos.com.ar\/2021\/se-ilumino-todo-el-cielo-como-si-fuera-de-dia\/\" \/>\n<meta property=\"og:locale\" content=\"es_ES\" \/>\n<meta property=\"og:type\" content=\"article\" \/>\n<meta property=\"og:title\" content=\"\u201cSe ilumin\u00f3 todo el cielo como si fuera de d\u00eda\u201d - Noticias Radio Reflejos\" \/>\n<meta property=\"og:description\" content=\"El fen\u00f3meno astron\u00f3mico ocurri\u00f3 este lunes pasadas las 22.00 y vecinos de La Buena Moza Pcia de Santa Fe, donde aseguran haberlo visto en todo su esplendor. Se trata de un b\u00f3lido o residuo de meteoro que ingres\u00f3 a la atm\u00f3sfera y se fundi\u00f3.\" \/>\n<meta property=\"og:url\" content=\"https:\/\/www.noticiasradioreflejos.com.ar\/2021\/se-ilumino-todo-el-cielo-como-si-fuera-de-dia\/\" \/>\n<meta property=\"og:site_name\" content=\"Noticias Radio Reflejos\" \/>\n<meta property=\"article:published_time\" content=\"2022-07-29T09:58:49+00:00\" \/>\n<meta property=\"article:modified_time\" content=\"2022-07-29T11:30:17+00:00\" \/>\n<meta property=\"og:image\" content=\"https:\/\/www.laopinionsemanario.com.ar\/wp-content\/uploads\/2022\/07\/la-buena-moza-741x486.png\" \/>\n<meta name=\"author\" content=\"Arnaldo Botto\" \/>\n<meta name=\"twitter:card\" content=\"summary_large_image\" \/>\n<script type=\"application\/ld+json\" class=\"yoast-schema-graph\">{\"@context\":\"https:\/\/schema.org\",\"@graph\":[{\"@type\":\"WebPage\",\"@id\":\"https:\/\/www.noticiasradioreflejos.com.ar\/2021\/se-ilumino-todo-el-cielo-como-si-fuera-de-dia\/\",\"url\":\"https:\/\/www.noticiasradioreflejos.com.ar\/2021\/se-ilumino-todo-el-cielo-como-si-fuera-de-dia\/\",\"name\":\"\u201cSe ilumin\u00f3 todo el cielo como si fuera de d\u00eda\u201d - Noticias Radio Reflejos\",\"isPartOf\":{\"@id\":\"https:\/\/www.noticiasradioreflejos.com.ar\/2021\/#website\"},\"primaryImageOfPage\":{\"@id\":\"https:\/\/www.noticiasradioreflejos.com.ar\/2021\/se-ilumino-todo-el-cielo-como-si-fuera-de-dia\/#primaryimage\"},\"image\":{\"@id\":\"https:\/\/www.noticiasradioreflejos.com.ar\/2021\/se-ilumino-todo-el-cielo-como-si-fuera-de-dia\/#primaryimage\"},\"thumbnailUrl\":\"https:\/\/www.laopinionsemanario.com.ar\/wp-content\/uploads\/2022\/07\/la-buena-moza-741x486.png\",\"datePublished\":\"2022-07-29T09:58:49+00:00\",\"dateModified\":\"2022-07-29T11:30:17+00:00\",\"author\":{\"@id\":\"https:\/\/www.noticiasradioreflejos.com.ar\/2021\/#\/schema\/person\/ad82545263dcc5ec0996818884fd5fb1\"},\"breadcrumb\":{\"@id\":\"https:\/\/www.noticiasradioreflejos.com.ar\/2021\/se-ilumino-todo-el-cielo-como-si-fuera-de-dia\/#breadcrumb\"},\"inLanguage\":\"es\",\"potentialAction\":[{\"@type\":\"ReadAction\",\"target\":[\"https:\/\/www.noticiasradioreflejos.com.ar\/2021\/se-ilumino-todo-el-cielo-como-si-fuera-de-dia\/\"]}]},{\"@type\":\"ImageObject\",\"inLanguage\":\"es\",\"@id\":\"https:\/\/www.noticiasradioreflejos.com.ar\/2021\/se-ilumino-todo-el-cielo-como-si-fuera-de-dia\/#primaryimage\",\"url\":\"https:\/\/www.laopinionsemanario.com.ar\/wp-content\/uploads\/2022\/07\/la-buena-moza-741x486.png\",\"contentUrl\":\"https:\/\/www.laopinionsemanario.com.ar\/wp-content\/uploads\/2022\/07\/la-buena-moza-741x486.png\"},{\"@type\":\"BreadcrumbList\",\"@id\":\"https:\/\/www.noticiasradioreflejos.com.ar\/2021\/se-ilumino-todo-el-cielo-como-si-fuera-de-dia\/#breadcrumb\",\"itemListElement\":[{\"@type\":\"ListItem\",\"position\":1,\"name\":\"Portada\",\"item\":\"https:\/\/www.noticiasradioreflejos.com.ar\/2021\/\"},{\"@type\":\"ListItem\",\"position\":2,\"name\":\"\u201cSe ilumin\u00f3 todo el cielo como si fuera de d\u00eda\u201d\"}]},{\"@type\":\"WebSite\",\"@id\":\"https:\/\/www.noticiasradioreflejos.com.ar\/2021\/#website\",\"url\":\"https:\/\/www.noticiasradioreflejos.com.ar\/2021\/\",\"name\":\"Noticias Radio Reflejos\",\"description\":\"Las noticias de mi comarca\",\"potentialAction\":[{\"@type\":\"SearchAction\",\"target\":{\"@type\":\"EntryPoint\",\"urlTemplate\":\"https:\/\/www.noticiasradioreflejos.com.ar\/2021\/?s={search_term_string}\"},\"query-input\":{\"@type\":\"PropertyValueSpecification\",\"valueRequired\":true,\"valueName\":\"search_term_string\"}}],\"inLanguage\":\"es\"},{\"@type\":\"Person\",\"@id\":\"https:\/\/www.noticiasradioreflejos.com.ar\/2021\/#\/schema\/person\/ad82545263dcc5ec0996818884fd5fb1\",\"name\":\"Arnaldo Botto\",\"image\":{\"@type\":\"ImageObject\",\"inLanguage\":\"es\",\"@id\":\"https:\/\/www.noticiasradioreflejos.com.ar\/2021\/#\/schema\/person\/image\/\",\"url\":\"https:\/\/secure.gravatar.com\/avatar\/55cb5e37c1efa326397366e6974cb338056df65cb50e7d64d1cf314e87504837?s=96&d=mm&r=g\",\"contentUrl\":\"https:\/\/secure.gravatar.com\/avatar\/55cb5e37c1efa326397366e6974cb338056df65cb50e7d64d1cf314e87504837?s=96&d=mm&r=g\",\"caption\":\"Arnaldo Botto\"},\"url\":\"https:\/\/www.noticiasradioreflejos.com.ar\/2021\/author\/arnaldo\/\"}]}<\/script>\n<!-- \/ Yoast SEO plugin. -->","yoast_head_json":{"title":"\u201cSe ilumin\u00f3 todo el cielo como si fuera de d\u00eda\u201d - Noticias Radio Reflejos","robots":{"index":"index","follow":"follow","max-snippet":"max-snippet:-1","max-image-preview":"max-image-preview:large","max-video-preview":"max-video-preview:-1"},"canonical":"https:\/\/www.noticiasradioreflejos.com.ar\/2021\/se-ilumino-todo-el-cielo-como-si-fuera-de-dia\/","og_locale":"es_ES","og_type":"article","og_title":"\u201cSe ilumin\u00f3 todo el cielo como si fuera de d\u00eda\u201d - Noticias Radio Reflejos","og_description":"El fen\u00f3meno astron\u00f3mico ocurri\u00f3 este lunes pasadas las 22.00 y vecinos de La Buena Moza Pcia de Santa Fe, donde aseguran haberlo visto en todo su esplendor. Se trata de un b\u00f3lido o residuo de meteoro que ingres\u00f3 a la atm\u00f3sfera y se fundi\u00f3.","og_url":"https:\/\/www.noticiasradioreflejos.com.ar\/2021\/se-ilumino-todo-el-cielo-como-si-fuera-de-dia\/","og_site_name":"Noticias Radio Reflejos","article_published_time":"2022-07-29T09:58:49+00:00","article_modified_time":"2022-07-29T11:30:17+00:00","og_image":[{"url":"https:\/\/www.laopinionsemanario.com.ar\/wp-content\/uploads\/2022\/07\/la-buena-moza-741x486.png","type":"","width":"","height":""}],"author":"Arnaldo Botto","twitter_card":"summary_large_image","schema":{"@context":"https:\/\/schema.org","@graph":[{"@type":"WebPage","@id":"https:\/\/www.noticiasradioreflejos.com.ar\/2021\/se-ilumino-todo-el-cielo-como-si-fuera-de-dia\/","url":"https:\/\/www.noticiasradioreflejos.com.ar\/2021\/se-ilumino-todo-el-cielo-como-si-fuera-de-dia\/","name":"\u201cSe ilumin\u00f3 todo el cielo como si fuera de d\u00eda\u201d - Noticias Radio Reflejos","isPartOf":{"@id":"https:\/\/www.noticiasradioreflejos.com.ar\/2021\/#website"},"primaryImageOfPage":{"@id":"https:\/\/www.noticiasradioreflejos.com.ar\/2021\/se-ilumino-todo-el-cielo-como-si-fuera-de-dia\/#primaryimage"},"image":{"@id":"https:\/\/www.noticiasradioreflejos.com.ar\/2021\/se-ilumino-todo-el-cielo-como-si-fuera-de-dia\/#primaryimage"},"thumbnailUrl":"https:\/\/www.laopinionsemanario.com.ar\/wp-content\/uploads\/2022\/07\/la-buena-moza-741x486.png","datePublished":"2022-07-29T09:58:49+00:00","dateModified":"2022-07-29T11:30:17+00:00","author":{"@id":"https:\/\/www.noticiasradioreflejos.com.ar\/2021\/#\/schema\/person\/ad82545263dcc5ec0996818884fd5fb1"},"breadcrumb":{"@id":"https:\/\/www.noticiasradioreflejos.com.ar\/2021\/se-ilumino-todo-el-cielo-como-si-fuera-de-dia\/#breadcrumb"},"inLanguage":"es","potentialAction":[{"@type":"ReadAction","target":["https:\/\/www.noticiasradioreflejos.com.ar\/2021\/se-ilumino-todo-el-cielo-como-si-fuera-de-dia\/"]}]},{"@type":"ImageObject","inLanguage":"es","@id":"https:\/\/www.noticiasradioreflejos.com.ar\/2021\/se-ilumino-todo-el-cielo-como-si-fuera-de-dia\/#primaryimage","url":"https:\/\/www.laopinionsemanario.com.ar\/wp-content\/uploads\/2022\/07\/la-buena-moza-741x486.png","contentUrl":"https:\/\/www.laopinionsemanario.com.ar\/wp-content\/uploads\/2022\/07\/la-buena-moza-741x486.png"},{"@type":"BreadcrumbList","@id":"https:\/\/www.noticiasradioreflejos.com.ar\/2021\/se-ilumino-todo-el-cielo-como-si-fuera-de-dia\/#breadcrumb","itemListElement":[{"@type":"ListItem","position":1,"name":"Portada","item":"https:\/\/www.noticiasradioreflejos.com.ar\/2021\/"},{"@type":"ListItem","position":2,"name":"\u201cSe ilumin\u00f3 todo el cielo como si fuera de d\u00eda\u201d"}]},{"@type":"WebSite","@id":"https:\/\/www.noticiasradioreflejos.com.ar\/2021\/#website","url":"https:\/\/www.noticiasradioreflejos.com.ar\/2021\/","name":"Noticias Radio Reflejos","description":"Las noticias de mi comarca","potentialAction":[{"@type":"SearchAction","target":{"@type":"EntryPoint","urlTemplate":"https:\/\/www.noticiasradioreflejos.com.ar\/2021\/?s={search_term_string}"},"query-input":{"@type":"PropertyValueSpecification","valueRequired":true,"valueName":"search_term_string"}}],"inLanguage":"es"},{"@type":"Person","@id":"https:\/\/www.noticiasradioreflejos.com.ar\/2021\/#\/schema\/person\/ad82545263dcc5ec0996818884fd5fb1","name":"Arnaldo Botto","image":{"@type":"ImageObject","inLanguage":"es","@id":"https:\/\/www.noticiasradioreflejos.com.ar\/2021\/#\/schema\/person\/image\/","url":"https:\/\/secure.gravatar.com\/avatar\/55cb5e37c1efa326397366e6974cb338056df65cb50e7d64d1cf314e87504837?s=96&d=mm&r=g","contentUrl":"https:\/\/secure.gravatar.com\/avatar\/55cb5e37c1efa326397366e6974cb338056df65cb50e7d64d1cf314e87504837?s=96&d=mm&r=g","caption":"Arnaldo Botto"},"url":"https:\/\/www.noticiasradioreflejos.com.ar\/2021\/author\/arnaldo\/"}]}},"_links":{"self":[{"href":"https:\/\/www.noticiasradioreflejos.com.ar\/2021\/wp-json\/wp\/v2\/posts\/75681","targetHints":{"allow":["GET"]}}],"collection":[{"href":"https:\/\/www.noticiasradioreflejos.com.ar\/2021\/wp-json\/wp\/v2\/posts"}],"about":[{"href":"https:\/\/www.noticiasradioreflejos.com.ar\/2021\/wp-json\/wp\/v2\/types\/post"}],"author":[{"embeddable":true,"href":"https:\/\/www.noticiasradioreflejos.com.ar\/2021\/wp-json\/wp\/v2\/users\/3"}],"replies":[{"embeddable":true,"href":"https:\/\/www.noticiasradioreflejos.com.ar\/2021\/wp-json\/wp\/v2\/comments?post=75681"}],"version-history":[{"count":4,"href":"https:\/\/www.noticiasradioreflejos.com.ar\/2021\/wp-json\/wp\/v2\/posts\/75681\/revisions"}],"predecessor-version":[{"id":75698,"href":"https:\/\/www.noticiasradioreflejos.com.ar\/2021\/wp-json\/wp\/v2\/posts\/75681\/revisions\/75698"}],"wp:attachment":[{"href":"https:\/\/www.noticiasradioreflejos.com.ar\/2021\/wp-json\/wp\/v2\/media?parent=75681"}],"wp:term":[{"taxonomy":"category","embeddable":true,"href":"https:\/\/www.noticiasradioreflejos.com.ar\/2021\/wp-json\/wp\/v2\/categories?post=75681"},{"taxonomy":"post_tag","embeddable":true,"href":"https:\/\/www.noticiasradioreflejos.com.ar\/2021\/wp-json\/wp\/v2\/tags?post=75681"}],"curies":[{"name":"wp","href":"https:\/\/api.w.org\/{rel}","templated":true}]}}