{"id":75669,"date":"2022-07-28T20:48:25","date_gmt":"2022-07-28T20:48:25","guid":{"rendered":"http:\/\/www.noticiasradioreflejos.com.ar\/2021\/?p=75669"},"modified":"2022-07-28T20:49:28","modified_gmt":"2022-07-28T20:49:28","slug":"expertos-advirtieron-que-la-ola-de-calor-marina-en-el-mediterraneo-amenaza-los-ecosistemas","status":"publish","type":"post","link":"https:\/\/www.noticiasradioreflejos.com.ar\/2021\/expertos-advirtieron-que-la-ola-de-calor-marina-en-el-mediterraneo-amenaza-los-ecosistemas\/","title":{"rendered":"Expertos advirtieron que la ola de calor marina en el Mediterr\u00e1neo amenaza los ecosistemas"},"content":{"rendered":"<p>La gran ola de calor marina empez\u00f3 a finales de mayo en el mar de Liguria, entre Italia y el sur de Francia, y continu\u00f3 en julio en el golfo de Tarento. El aumento de la temperatura del mar puede modificar la flora y la fauna, provocar la \u00abmigraci\u00f3n de especies\u00bb hacia aguas menos c\u00e1lidas, la \u00abdisminuci\u00f3n\u00bb de algunas y la \u00abaparici\u00f3n de nuevas\u00bb, aseguraron especialistas.<!--more--><\/p>\n<p>&nbsp;<\/p>\n<div class=\"social mt-3\"><img decoding=\"async\" src=\"https:\/\/www.telam.com.ar\/thumbs\/bluesteel\/advf\/imagenes\/2022\/07\/62e29a673f9bd_900.jpg\" alt=\"El aumento de la temperatura del mar puede modificar la fauna\" width=\"100%\" height=\"100%\" \/><\/div>\n<div class=\"wrapper-editable-content\">\n<div>\n<div class=\"wrapper-editable-content\">\n<div>\n<div class=\"container-md\">\n<div class=\"row\">\n<div class=\"col-md-12 speak\">\n<div class=\"paragraph\">\n<figure class=\"mb-3\">\n<div class=\"media-icons\"><\/div><figcaption>El aumento de la temperatura del mar puede modificar la fauna.<\/figcaption><\/figure>\n<p>El Mediterr\u00e1neo occidental registra desde finales de mayo una gran ola de calor marina con temperaturas \u00abexcepcionales\u00bb que superan en unos 4 o 5 grados a las habituales, lo que amenaza los ecosistemas marinos, seg\u00fan los expertos.<\/p>\n<p>La ocean\u00f3grafa alemana Karina Von Schuckmann, quien integra la organizaci\u00f3n Mercator Oc\u00e9an International con sede en Toulouse (sur de Francia), indic\u00f3 que la gran ola de calor marina empez\u00f3 a finales de mayo en el mar de Liguria, entre Italia y el sur de Francia, y continu\u00f3 en julio en el golfo de Tarento.<\/p>\n<p>Dicha organizaci\u00f3n advirti\u00f3 que\u00a0<strong>en julio \u00abdel mar Balear (Espa\u00f1a) a Cerde\u00f1a (Italia), pasando por el este de C\u00f3rcega y el conjunto del mar Tirreno (entre Sicilia y C\u00f3rcega), se observaron en la superficie valores excepcionales de temperaturas comprendidas entre 28 y 30 grados\u00bb.<\/strong><\/p>\n<p>Estos \u201cniveles preocupan a los cient\u00edficos y los defensores del medio ambiente\u201d, se indic\u00f3.<\/p>\n<blockquote class=\"\"><p>El aumento de la temperatura del mar puede modificar la flora y la fauna, provocar la \u00abmigraci\u00f3n de especies\u00bb\u00a0hacia aguas menos c\u00e1lidas, la \u00abdisminuci\u00f3n\u00bb de algunas y la \u00abaparici\u00f3n de nuevas\u00bb.<\/p><\/blockquote>\n<p><strong>El aumento de la temperatura del mar puede modificar la flora y la fauna, provocar la \u00abmigraci\u00f3n de especies\u00bb\u00a0<\/strong>hacia aguas menos c\u00e1lidas, la \u00abdisminuci\u00f3n\u00bb de algunas y la \u00abaparici\u00f3n de nuevas\u00bb, precis\u00f3 Von Schuckmann y advirti\u00f3 sobre los posibles impactos econ\u00f3micos, sobre todo en la pesca.<\/p>\n<p>En tanto, un informe del centro de investigaci\u00f3n franc\u00e9s CNRS de octubre de 2020, report\u00f3 que \u00aben el Mediterr\u00e1neo, tras los episodios de olas de calor oce\u00e1nicas de 1999, 2003 y 2006, se observaron muchos casos de mortalidad masiva de especies, como gorgonias o posidonias\u00bb.<\/p>\n<p>Charles-Fran\u00e7ois Boudouresque, profesor de Ecolog\u00eda Marina de la universidad francesa Aix-Marseille, estim\u00f3 que la actual \u00abola de calor\u00bb podr\u00eda tener un impacto \u00aben los organismos fijos como las gorgonias y el coral rojo\u00bb, con una mortalidad \u00abtotal o parcial\u00bb, seg\u00fan inform\u00f3 la agencia de noticias AFP.<\/p>\n<div class=\"twitter-tweet twitter-tweet-rendered\"><iframe id=\"twitter-widget-0\" class=\"\" title=\"Twitter Tweet\" src=\"https:\/\/platform.twitter.com\/embed\/Tweet.html?creatorScreenName=agenciatelam&amp;dnt=false&amp;embedId=twitter-widget-0&amp;features=eyJ0ZndfdHdlZXRfZWRpdF9iYWNrZW5kIjp7ImJ1Y2tldCI6Im9mZiIsInZlcnNpb24iOm51bGx9LCJ0ZndfcmVmc3JjX3Nlc3Npb24iOnsiYnVja2V0Ijoib2ZmIiwidmVyc2lvbiI6bnVsbH0sInRmd190d2VldF9yZXN1bHRfbWlncmF0aW9uXzEzOTc5Ijp7ImJ1Y2tldCI6InR3ZWV0X3Jlc3VsdCIsInZlcnNpb24iOm51bGx9LCJ0Zndfc2Vuc2l0aXZlX21lZGlhX2ludGVyc3RpdGlhbF8xMzk2MyI6eyJidWNrZXQiOiJpbnRlcnN0aXRpYWwiLCJ2ZXJzaW9uIjpudWxsfSwidGZ3X2V4cGVyaW1lbnRzX2Nvb2tpZV9leHBpcmF0aW9uIjp7ImJ1Y2tldCI6MTIwOTYwMCwidmVyc2lvbiI6bnVsbH0sInRmd19kdXBsaWNhdGVfc2NyaWJlc190b19zZXR0aW5ncyI6eyJidWNrZXQiOiJvZmYiLCJ2ZXJzaW9uIjpudWxsfSwidGZ3X3VzZXJfZm9sbG93X2ludGVudF8xNDQwNiI6eyJidWNrZXQiOiJmb2xsb3ciLCJ2ZXJzaW9uIjpudWxsfSwidGZ3X3R3ZWV0X2VkaXRfZnJvbnRlbmQiOnsiYnVja2V0Ijoib2ZmIiwidmVyc2lvbiI6bnVsbH19&amp;frame=false&amp;hideCard=false&amp;hideThread=false&amp;id=1552261181708066816&amp;lang=es&amp;origin=https%3A%2F%2Fwww.telam.com.ar%2Fnotas%2F202207%2F599926-cambio-climatico-mediterraneo-amenaza-ecosistemas.html&amp;sessionId=d2b465a43dddd49edc7f3fab2582596888537e26&amp;siteScreenName=agenciatelam&amp;theme=light&amp;widgetsVersion=6da0b7085cc99%3A1658260301864&amp;width=550px\" frameborder=\"0\" scrolling=\"no\" allowfullscreen=\"allowfullscreen\" data-tweet-id=\"1552261181708066816\" data-mce-fragment=\"1\"><\/iframe><\/div>\n<p>Adem\u00e1s, se\u00f1al\u00f3 que especies como el colorido \u00abpez verde o la barracuda, que empezaron a desplazarse hacia el norte desde el sur del Mediterr\u00e1neo, es probable que tambi\u00e9n sean m\u00e1s abundantes\u00bb.<\/p>\n<p>Debido a este fen\u00f3meno,\u00a0<strong>especies procedentes del mar Rojo que llegaron al Mediterr\u00e1neo oriental por el canal de Suez, se acercan a las costas francesas y \u201cdos de ellas podr\u00edan ser problem\u00e1ticas en los pr\u00f3ximos \u00ab5 a 10 a\u00f1os\u00bb, sostuvo Boudouresque.<\/strong><\/p>\n<p>Como el pez &#8216;Lagocephalus sceleratus&#8217; , que es un \u00abherb\u00edvoro extraordinariamente voraz\u00bb que \u00abcorre el riesgo de cortocircuitar las cadenas alimentarias normales\u00bb y la medusa gigante Rhopilema que provoca por su parte picaduras graves que requieren la hospitalizaci\u00f3n y el cierre de playas cuando est\u00e1 presente.<\/p>\n<p>Para luchar contra estas olas de calor marinas,\u00a0<strong>\u00abhay que reducir las emisiones de gases de efecto invernadero\u00bb, aunque incluso deteniendo de inmediato esas emisiones \u00ablos oc\u00e9anos, que almacenan el 90% del calor del sistema Tierra, seguir\u00edan calent\u00e1ndose\u00bb, explic\u00f3 Von Schuckmann.<\/strong><\/p>\n<p>Seg\u00fan el informe del Grupo Intergubernamental de Expertos sobre el Cambio Clim\u00e1tico (IPCC) publicado en agosto de 2021, estas olas de calor marina duplicaron su frecuencia desde la d\u00e9cada del 80; y entre 2015 y 2019 \u00abel Mediterr\u00e1neo registr\u00f3 cinco a\u00f1os consecutivos de mortalidad masiva de especies\u00bb, indic\u00f3 un art\u00edculo reciente de la revista cient\u00edfica Global Change Biology.<\/p>\n<\/div>\n<\/div>\n<\/div>\n<\/div>\n<\/div>\n<\/div>\n<\/div>\n<\/div>\n","protected":false},"excerpt":{"rendered":"<p>La gran ola de calor marina empez\u00f3 a finales de mayo en el mar de Liguria, entre Italia y el sur de Francia, y continu\u00f3 en julio en el golfo de Tarento. El aumento de la temperatura del mar puede modificar la flora y la fauna, provocar la \u00abmigraci\u00f3n de especies\u00bb hacia aguas menos c\u00e1lidas, [&hellip;]<\/p>\n","protected":false},"author":3,"featured_media":0,"comment_status":"closed","ping_status":"closed","sticky":false,"template":"","format":"standard","meta":{"footnotes":""},"categories":[46],"tags":[48],"class_list":["post-75669","post","type-post","status-publish","format-standard","hentry","category-ciencia-y-tecnologia","tag-destacada"],"yoast_head":"<!-- This site is optimized with the Yoast SEO plugin v25.9 - https:\/\/yoast.com\/wordpress\/plugins\/seo\/ -->\n<title>Expertos advirtieron que la ola de calor marina en el Mediterr\u00e1neo amenaza los ecosistemas - Noticias Radio Reflejos<\/title>\n<meta name=\"robots\" content=\"index, follow, max-snippet:-1, max-image-preview:large, max-video-preview:-1\" \/>\n<link rel=\"canonical\" href=\"https:\/\/www.noticiasradioreflejos.com.ar\/2021\/expertos-advirtieron-que-la-ola-de-calor-marina-en-el-mediterraneo-amenaza-los-ecosistemas\/\" \/>\n<meta property=\"og:locale\" content=\"es_ES\" \/>\n<meta property=\"og:type\" content=\"article\" \/>\n<meta property=\"og:title\" content=\"Expertos advirtieron que la ola de calor marina en el Mediterr\u00e1neo amenaza los ecosistemas - Noticias Radio Reflejos\" \/>\n<meta property=\"og:description\" content=\"La gran ola de calor marina empez\u00f3 a finales de mayo en el mar de Liguria, entre Italia y el sur de Francia, y continu\u00f3 en julio en el golfo de Tarento. El aumento de la temperatura del mar puede modificar la flora y la fauna, provocar la \u00abmigraci\u00f3n de especies\u00bb hacia aguas menos c\u00e1lidas, [&hellip;]\" \/>\n<meta property=\"og:url\" content=\"https:\/\/www.noticiasradioreflejos.com.ar\/2021\/expertos-advirtieron-que-la-ola-de-calor-marina-en-el-mediterraneo-amenaza-los-ecosistemas\/\" \/>\n<meta property=\"og:site_name\" content=\"Noticias Radio Reflejos\" \/>\n<meta property=\"article:published_time\" content=\"2022-07-28T20:48:25+00:00\" \/>\n<meta property=\"article:modified_time\" content=\"2022-07-28T20:49:28+00:00\" \/>\n<meta property=\"og:image\" content=\"https:\/\/www.telam.com.ar\/thumbs\/bluesteel\/advf\/imagenes\/2022\/07\/62e29a673f9bd_900.jpg\" \/>\n<meta name=\"author\" content=\"Arnaldo Botto\" \/>\n<meta name=\"twitter:card\" content=\"summary_large_image\" \/>\n<script type=\"application\/ld+json\" class=\"yoast-schema-graph\">{\"@context\":\"https:\/\/schema.org\",\"@graph\":[{\"@type\":\"WebPage\",\"@id\":\"https:\/\/www.noticiasradioreflejos.com.ar\/2021\/expertos-advirtieron-que-la-ola-de-calor-marina-en-el-mediterraneo-amenaza-los-ecosistemas\/\",\"url\":\"https:\/\/www.noticiasradioreflejos.com.ar\/2021\/expertos-advirtieron-que-la-ola-de-calor-marina-en-el-mediterraneo-amenaza-los-ecosistemas\/\",\"name\":\"Expertos advirtieron que la ola de calor marina en el Mediterr\u00e1neo amenaza los ecosistemas - Noticias Radio Reflejos\",\"isPartOf\":{\"@id\":\"https:\/\/www.noticiasradioreflejos.com.ar\/2021\/#website\"},\"primaryImageOfPage\":{\"@id\":\"https:\/\/www.noticiasradioreflejos.com.ar\/2021\/expertos-advirtieron-que-la-ola-de-calor-marina-en-el-mediterraneo-amenaza-los-ecosistemas\/#primaryimage\"},\"image\":{\"@id\":\"https:\/\/www.noticiasradioreflejos.com.ar\/2021\/expertos-advirtieron-que-la-ola-de-calor-marina-en-el-mediterraneo-amenaza-los-ecosistemas\/#primaryimage\"},\"thumbnailUrl\":\"https:\/\/www.telam.com.ar\/thumbs\/bluesteel\/advf\/imagenes\/2022\/07\/62e29a673f9bd_900.jpg\",\"datePublished\":\"2022-07-28T20:48:25+00:00\",\"dateModified\":\"2022-07-28T20:49:28+00:00\",\"author\":{\"@id\":\"https:\/\/www.noticiasradioreflejos.com.ar\/2021\/#\/schema\/person\/ad82545263dcc5ec0996818884fd5fb1\"},\"breadcrumb\":{\"@id\":\"https:\/\/www.noticiasradioreflejos.com.ar\/2021\/expertos-advirtieron-que-la-ola-de-calor-marina-en-el-mediterraneo-amenaza-los-ecosistemas\/#breadcrumb\"},\"inLanguage\":\"es\",\"potentialAction\":[{\"@type\":\"ReadAction\",\"target\":[\"https:\/\/www.noticiasradioreflejos.com.ar\/2021\/expertos-advirtieron-que-la-ola-de-calor-marina-en-el-mediterraneo-amenaza-los-ecosistemas\/\"]}]},{\"@type\":\"ImageObject\",\"inLanguage\":\"es\",\"@id\":\"https:\/\/www.noticiasradioreflejos.com.ar\/2021\/expertos-advirtieron-que-la-ola-de-calor-marina-en-el-mediterraneo-amenaza-los-ecosistemas\/#primaryimage\",\"url\":\"https:\/\/www.telam.com.ar\/thumbs\/bluesteel\/advf\/imagenes\/2022\/07\/62e29a673f9bd_900.jpg\",\"contentUrl\":\"https:\/\/www.telam.com.ar\/thumbs\/bluesteel\/advf\/imagenes\/2022\/07\/62e29a673f9bd_900.jpg\"},{\"@type\":\"BreadcrumbList\",\"@id\":\"https:\/\/www.noticiasradioreflejos.com.ar\/2021\/expertos-advirtieron-que-la-ola-de-calor-marina-en-el-mediterraneo-amenaza-los-ecosistemas\/#breadcrumb\",\"itemListElement\":[{\"@type\":\"ListItem\",\"position\":1,\"name\":\"Portada\",\"item\":\"https:\/\/www.noticiasradioreflejos.com.ar\/2021\/\"},{\"@type\":\"ListItem\",\"position\":2,\"name\":\"Expertos advirtieron que la ola de calor marina en el Mediterr\u00e1neo amenaza los ecosistemas\"}]},{\"@type\":\"WebSite\",\"@id\":\"https:\/\/www.noticiasradioreflejos.com.ar\/2021\/#website\",\"url\":\"https:\/\/www.noticiasradioreflejos.com.ar\/2021\/\",\"name\":\"Noticias Radio Reflejos\",\"description\":\"Las noticias de mi comarca\",\"potentialAction\":[{\"@type\":\"SearchAction\",\"target\":{\"@type\":\"EntryPoint\",\"urlTemplate\":\"https:\/\/www.noticiasradioreflejos.com.ar\/2021\/?s={search_term_string}\"},\"query-input\":{\"@type\":\"PropertyValueSpecification\",\"valueRequired\":true,\"valueName\":\"search_term_string\"}}],\"inLanguage\":\"es\"},{\"@type\":\"Person\",\"@id\":\"https:\/\/www.noticiasradioreflejos.com.ar\/2021\/#\/schema\/person\/ad82545263dcc5ec0996818884fd5fb1\",\"name\":\"Arnaldo Botto\",\"image\":{\"@type\":\"ImageObject\",\"inLanguage\":\"es\",\"@id\":\"https:\/\/www.noticiasradioreflejos.com.ar\/2021\/#\/schema\/person\/image\/\",\"url\":\"https:\/\/secure.gravatar.com\/avatar\/55cb5e37c1efa326397366e6974cb338056df65cb50e7d64d1cf314e87504837?s=96&d=mm&r=g\",\"contentUrl\":\"https:\/\/secure.gravatar.com\/avatar\/55cb5e37c1efa326397366e6974cb338056df65cb50e7d64d1cf314e87504837?s=96&d=mm&r=g\",\"caption\":\"Arnaldo Botto\"},\"url\":\"https:\/\/www.noticiasradioreflejos.com.ar\/2021\/author\/arnaldo\/\"}]}<\/script>\n<!-- \/ Yoast SEO plugin. -->","yoast_head_json":{"title":"Expertos advirtieron que la ola de calor marina en el Mediterr\u00e1neo amenaza los ecosistemas - Noticias Radio Reflejos","robots":{"index":"index","follow":"follow","max-snippet":"max-snippet:-1","max-image-preview":"max-image-preview:large","max-video-preview":"max-video-preview:-1"},"canonical":"https:\/\/www.noticiasradioreflejos.com.ar\/2021\/expertos-advirtieron-que-la-ola-de-calor-marina-en-el-mediterraneo-amenaza-los-ecosistemas\/","og_locale":"es_ES","og_type":"article","og_title":"Expertos advirtieron que la ola de calor marina en el Mediterr\u00e1neo amenaza los ecosistemas - Noticias Radio Reflejos","og_description":"La gran ola de calor marina empez\u00f3 a finales de mayo en el mar de Liguria, entre Italia y el sur de Francia, y continu\u00f3 en julio en el golfo de Tarento. El aumento de la temperatura del mar puede modificar la flora y la fauna, provocar la \u00abmigraci\u00f3n de especies\u00bb hacia aguas menos c\u00e1lidas, [&hellip;]","og_url":"https:\/\/www.noticiasradioreflejos.com.ar\/2021\/expertos-advirtieron-que-la-ola-de-calor-marina-en-el-mediterraneo-amenaza-los-ecosistemas\/","og_site_name":"Noticias Radio Reflejos","article_published_time":"2022-07-28T20:48:25+00:00","article_modified_time":"2022-07-28T20:49:28+00:00","og_image":[{"url":"https:\/\/www.telam.com.ar\/thumbs\/bluesteel\/advf\/imagenes\/2022\/07\/62e29a673f9bd_900.jpg","type":"","width":"","height":""}],"author":"Arnaldo Botto","twitter_card":"summary_large_image","schema":{"@context":"https:\/\/schema.org","@graph":[{"@type":"WebPage","@id":"https:\/\/www.noticiasradioreflejos.com.ar\/2021\/expertos-advirtieron-que-la-ola-de-calor-marina-en-el-mediterraneo-amenaza-los-ecosistemas\/","url":"https:\/\/www.noticiasradioreflejos.com.ar\/2021\/expertos-advirtieron-que-la-ola-de-calor-marina-en-el-mediterraneo-amenaza-los-ecosistemas\/","name":"Expertos advirtieron que la ola de calor marina en el Mediterr\u00e1neo amenaza los ecosistemas - Noticias Radio Reflejos","isPartOf":{"@id":"https:\/\/www.noticiasradioreflejos.com.ar\/2021\/#website"},"primaryImageOfPage":{"@id":"https:\/\/www.noticiasradioreflejos.com.ar\/2021\/expertos-advirtieron-que-la-ola-de-calor-marina-en-el-mediterraneo-amenaza-los-ecosistemas\/#primaryimage"},"image":{"@id":"https:\/\/www.noticiasradioreflejos.com.ar\/2021\/expertos-advirtieron-que-la-ola-de-calor-marina-en-el-mediterraneo-amenaza-los-ecosistemas\/#primaryimage"},"thumbnailUrl":"https:\/\/www.telam.com.ar\/thumbs\/bluesteel\/advf\/imagenes\/2022\/07\/62e29a673f9bd_900.jpg","datePublished":"2022-07-28T20:48:25+00:00","dateModified":"2022-07-28T20:49:28+00:00","author":{"@id":"https:\/\/www.noticiasradioreflejos.com.ar\/2021\/#\/schema\/person\/ad82545263dcc5ec0996818884fd5fb1"},"breadcrumb":{"@id":"https:\/\/www.noticiasradioreflejos.com.ar\/2021\/expertos-advirtieron-que-la-ola-de-calor-marina-en-el-mediterraneo-amenaza-los-ecosistemas\/#breadcrumb"},"inLanguage":"es","potentialAction":[{"@type":"ReadAction","target":["https:\/\/www.noticiasradioreflejos.com.ar\/2021\/expertos-advirtieron-que-la-ola-de-calor-marina-en-el-mediterraneo-amenaza-los-ecosistemas\/"]}]},{"@type":"ImageObject","inLanguage":"es","@id":"https:\/\/www.noticiasradioreflejos.com.ar\/2021\/expertos-advirtieron-que-la-ola-de-calor-marina-en-el-mediterraneo-amenaza-los-ecosistemas\/#primaryimage","url":"https:\/\/www.telam.com.ar\/thumbs\/bluesteel\/advf\/imagenes\/2022\/07\/62e29a673f9bd_900.jpg","contentUrl":"https:\/\/www.telam.com.ar\/thumbs\/bluesteel\/advf\/imagenes\/2022\/07\/62e29a673f9bd_900.jpg"},{"@type":"BreadcrumbList","@id":"https:\/\/www.noticiasradioreflejos.com.ar\/2021\/expertos-advirtieron-que-la-ola-de-calor-marina-en-el-mediterraneo-amenaza-los-ecosistemas\/#breadcrumb","itemListElement":[{"@type":"ListItem","position":1,"name":"Portada","item":"https:\/\/www.noticiasradioreflejos.com.ar\/2021\/"},{"@type":"ListItem","position":2,"name":"Expertos advirtieron que la ola de calor marina en el Mediterr\u00e1neo amenaza los ecosistemas"}]},{"@type":"WebSite","@id":"https:\/\/www.noticiasradioreflejos.com.ar\/2021\/#website","url":"https:\/\/www.noticiasradioreflejos.com.ar\/2021\/","name":"Noticias Radio Reflejos","description":"Las noticias de mi comarca","potentialAction":[{"@type":"SearchAction","target":{"@type":"EntryPoint","urlTemplate":"https:\/\/www.noticiasradioreflejos.com.ar\/2021\/?s={search_term_string}"},"query-input":{"@type":"PropertyValueSpecification","valueRequired":true,"valueName":"search_term_string"}}],"inLanguage":"es"},{"@type":"Person","@id":"https:\/\/www.noticiasradioreflejos.com.ar\/2021\/#\/schema\/person\/ad82545263dcc5ec0996818884fd5fb1","name":"Arnaldo Botto","image":{"@type":"ImageObject","inLanguage":"es","@id":"https:\/\/www.noticiasradioreflejos.com.ar\/2021\/#\/schema\/person\/image\/","url":"https:\/\/secure.gravatar.com\/avatar\/55cb5e37c1efa326397366e6974cb338056df65cb50e7d64d1cf314e87504837?s=96&d=mm&r=g","contentUrl":"https:\/\/secure.gravatar.com\/avatar\/55cb5e37c1efa326397366e6974cb338056df65cb50e7d64d1cf314e87504837?s=96&d=mm&r=g","caption":"Arnaldo Botto"},"url":"https:\/\/www.noticiasradioreflejos.com.ar\/2021\/author\/arnaldo\/"}]}},"_links":{"self":[{"href":"https:\/\/www.noticiasradioreflejos.com.ar\/2021\/wp-json\/wp\/v2\/posts\/75669","targetHints":{"allow":["GET"]}}],"collection":[{"href":"https:\/\/www.noticiasradioreflejos.com.ar\/2021\/wp-json\/wp\/v2\/posts"}],"about":[{"href":"https:\/\/www.noticiasradioreflejos.com.ar\/2021\/wp-json\/wp\/v2\/types\/post"}],"author":[{"embeddable":true,"href":"https:\/\/www.noticiasradioreflejos.com.ar\/2021\/wp-json\/wp\/v2\/users\/3"}],"replies":[{"embeddable":true,"href":"https:\/\/www.noticiasradioreflejos.com.ar\/2021\/wp-json\/wp\/v2\/comments?post=75669"}],"version-history":[{"count":2,"href":"https:\/\/www.noticiasradioreflejos.com.ar\/2021\/wp-json\/wp\/v2\/posts\/75669\/revisions"}],"predecessor-version":[{"id":75672,"href":"https:\/\/www.noticiasradioreflejos.com.ar\/2021\/wp-json\/wp\/v2\/posts\/75669\/revisions\/75672"}],"wp:attachment":[{"href":"https:\/\/www.noticiasradioreflejos.com.ar\/2021\/wp-json\/wp\/v2\/media?parent=75669"}],"wp:term":[{"taxonomy":"category","embeddable":true,"href":"https:\/\/www.noticiasradioreflejos.com.ar\/2021\/wp-json\/wp\/v2\/categories?post=75669"},{"taxonomy":"post_tag","embeddable":true,"href":"https:\/\/www.noticiasradioreflejos.com.ar\/2021\/wp-json\/wp\/v2\/tags?post=75669"}],"curies":[{"name":"wp","href":"https:\/\/api.w.org\/{rel}","templated":true}]}}