{"id":75662,"date":"2022-07-28T20:39:01","date_gmt":"2022-07-28T20:39:01","guid":{"rendered":"http:\/\/www.noticiasradioreflejos.com.ar\/2021\/?p=75662"},"modified":"2022-07-28T20:39:01","modified_gmt":"2022-07-28T20:39:01","slug":"micro-con-futbolistas-de-union-choco-en-viaje-a-cordoba-varios-heridos","status":"publish","type":"post","link":"https:\/\/www.noticiasradioreflejos.com.ar\/2021\/micro-con-futbolistas-de-union-choco-en-viaje-a-cordoba-varios-heridos\/","title":{"rendered":"Micro con futbolistas de Uni\u00f3n choc\u00f3 en viaje a C\u00f3rdoba: varios heridos"},"content":{"rendered":"<header id=\"mvp-post-head\" class=\"left relative\">El veh\u00edculo que trasladaba a parte de la delegaci\u00f3n del Tatengue fue embestido por un cami\u00f3n en la ruta 19.<\/p>\n<\/header>\n<p><!--more--><\/p>\n<div class=\"mvp-post-main-out left relative\">\n<div class=\"mvp-post-main-in\">\n<div id=\"mvp-post-content\" class=\"left relative\">\n<div id=\"mvp-post-feat-img\" class=\"left relative mvp-post-feat-img-wide2\"><picture><source srcset=\"https:\/\/www.labrujula24.com\/wp-content\/webp-express\/webp-images\/uploads\/2022\/07\/micro.jpg.webp 1200w, https:\/\/www.labrujula24.com\/wp-content\/webp-express\/webp-images\/uploads\/2022\/07\/micro-768x670.jpg.webp 768w\" type=\"image\/webp\" sizes=\"(max-width: 1200px) 100vw, 1200px\" \/><img loading=\"lazy\" decoding=\"async\" class=\"attachment- size- wp-post-image webpexpress-processed\" src=\"https:\/\/www.labrujula24.com\/wp-content\/uploads\/2022\/07\/micro.jpg\" sizes=\"auto, (max-width: 1200px) 100vw, 1200px\" srcset=\"https:\/\/www.labrujula24.com\/wp-content\/uploads\/2022\/07\/micro.jpg 1200w, https:\/\/www.labrujula24.com\/wp-content\/uploads\/2022\/07\/micro-768x670.jpg 768w\" alt=\"\" width=\"1200\" height=\"1047\" \/><\/picture><\/div>\n<div id=\"mvp-content-wrap\" class=\"left relative\">\n<div class=\"mvp-post-soc-out right relative\">\n<div class=\"mvp-post-soc-in\">\n<div id=\"mvp-content-body\" class=\"left relative\">\n<div id=\"mvp-content-body-top\" class=\"left relative\">\n<div id=\"mvp-content-main\" class=\"left relative\">\n<div id=\"textbody\">\n<div class=\"at-above-post addthis_tool\" data-url=\"https:\/\/www.labrujula24.com\/notas\/2022\/07\/28\/micro-con-futbolistas-de-union-choco-en-viaje-a-cordoba-varios-heridos-n231083\/\"><\/div>\n<p>Uno de los micros que trasladaba al plantel de Uni\u00f3n de Santa Fe hacia la provincia de C\u00f3rdoba protagoniz\u00f3 un choque este jueves en la ruta 19, a la altura de Santo Tom\u00e9. El veh\u00edculo en el que viajaba parte de la delegaci\u00f3n Tatengue fue embestido por detr\u00e1s por un cami\u00f3n y un total de ocho personas debieron ser hospitalizadas, entre ellas tres futbolistas.<\/p>\n<p>El accidente ocurri\u00f3 cuando el micro que llevaba la utiler\u00eda de Uni\u00f3n parti\u00f3 desde el predio Casasol y tom\u00f3 la ruta 19 para ir hacia C\u00f3rdoba, donde el conjunto Tatengue enfrentar\u00e1 el viernes desde las 20 a Talleres, por la fecha 11 de la Liga Profesional.<\/p>\n<figure class=\"wp-block-image size-full\"><picture><source srcset=\"https:\/\/www.labrujula24.com\/wp-content\/webp-express\/webp-images\/uploads\/2022\/07\/ZHKRCWYTPNHFNAICS5BJFRKMU4.jpg.webp 1440w, https:\/\/www.labrujula24.com\/wp-content\/webp-express\/webp-images\/uploads\/2022\/07\/ZHKRCWYTPNHFNAICS5BJFRKMU4-768x430.jpg.webp 768w\" type=\"image\/webp\" sizes=\"(max-width: 1440px) 100vw, 1440px\" \/><img loading=\"lazy\" decoding=\"async\" class=\"wp-image-231085 webpexpress-processed\" src=\"https:\/\/www.labrujula24.com\/wp-content\/uploads\/2022\/07\/ZHKRCWYTPNHFNAICS5BJFRKMU4.jpg\" sizes=\"auto, (max-width: 1440px) 100vw, 1440px\" srcset=\"https:\/\/www.labrujula24.com\/wp-content\/uploads\/2022\/07\/ZHKRCWYTPNHFNAICS5BJFRKMU4.jpg 1440w, https:\/\/www.labrujula24.com\/wp-content\/uploads\/2022\/07\/ZHKRCWYTPNHFNAICS5BJFRKMU4-768x430.jpg 768w\" alt=\"\" width=\"1440\" height=\"806\" \/><\/picture><\/figure>\n<p>Un cami\u00f3n de gran porte que trasladaba tanques de agua embisti\u00f3 desde atr\u00e1s al micro y, producto del choque, ocho personas terminaron con golpes y heridas leves, aunque fuera de peligro. Todo ellos fueron trasladados al hospital Jos\u00e9 Mar\u00eda Cullen por precauci\u00f3n.<\/p>\n<p>Enzo Rold\u00e1n, Leonel Bucca y Mateo Del Blanco, todos ellos futbolistas del equipo profesional del Tatengue, junto a cuatro auxiliares del club y al chofer del cami\u00f3n fueron atendidos y luego dados de alta al constatar que sus heridas no eran de gravedad.<\/p>\n<div class=\"code-block code-block-1\"><\/div>\n<p>Uni\u00f3n elev\u00f3 un pedido para, al menos, postergar el partido ante Talleres al s\u00e1bado. La Liga Profesional evaluar\u00e1 esta solicitud a la que se le presenta una traba: el conjunto cordob\u00e9s debe jugar el mi\u00e9rcoles ante V\u00e9lez por la ida de los cuartos de final de la Copa Libertadores.<\/p>\n<p>Mientras se espera una resoluci\u00f3n, el resto del plantel de Uni\u00f3n, bajo las \u00f3rdenes del entrenador Gustavo Mun\u00faa, se quedar\u00e1 en la concentraci\u00f3n.<\/p>\n<p>En prinicipio, Uni\u00f3n de Santa Fe visitar\u00e1 ma\u00f1ana a Talleres de C\u00f3rdoba, en busca de un triunfo que lo deje transitoriamente como \u00fanico escolta de Atl\u00e9tico Tucum\u00e1n, l\u00edder del torneo local.<\/p>\n<p>El partido, que dar\u00e1 comienzo a la und\u00e9cima jornada de la Liga Profesional de F\u00fatbol (LPF), se jugar\u00e1 desde la 20 en el estadio Mario Alberto Kempes, contar\u00e1 con el arbitraje de Fernando Rapallini y TV a cargo de la se\u00f1al de cable TNT Sports.<\/p>\n<div class=\"code-block code-block-6\"><\/div>\n<p>Fuente: TN<\/p>\n<\/div>\n<\/div>\n<\/div>\n<\/div>\n<\/div>\n<\/div>\n<\/div>\n<\/div>\n<\/div>\n<\/div>\n","protected":false},"excerpt":{"rendered":"<p>El veh\u00edculo que trasladaba a parte de la delegaci\u00f3n del Tatengue fue embestido por un cami\u00f3n en la ruta 19.<\/p>\n","protected":false},"author":3,"featured_media":0,"comment_status":"closed","ping_status":"closed","sticky":false,"template":"","format":"standard","meta":{"footnotes":""},"categories":[29],"tags":[],"class_list":["post-75662","post","type-post","status-publish","format-standard","hentry","category-policiales"],"yoast_head":"<!-- This site is optimized with the Yoast SEO plugin v25.9 - https:\/\/yoast.com\/wordpress\/plugins\/seo\/ -->\n<title>Micro con futbolistas de Uni\u00f3n choc\u00f3 en viaje a C\u00f3rdoba: varios heridos - Noticias Radio Reflejos<\/title>\n<meta name=\"robots\" content=\"index, follow, max-snippet:-1, max-image-preview:large, max-video-preview:-1\" \/>\n<link rel=\"canonical\" href=\"https:\/\/www.noticiasradioreflejos.com.ar\/2021\/micro-con-futbolistas-de-union-choco-en-viaje-a-cordoba-varios-heridos\/\" \/>\n<meta property=\"og:locale\" content=\"es_ES\" \/>\n<meta property=\"og:type\" content=\"article\" \/>\n<meta property=\"og:title\" content=\"Micro con futbolistas de Uni\u00f3n choc\u00f3 en viaje a C\u00f3rdoba: varios heridos - Noticias Radio Reflejos\" \/>\n<meta property=\"og:description\" content=\"El veh\u00edculo que trasladaba a parte de la delegaci\u00f3n del Tatengue fue embestido por un cami\u00f3n en la ruta 19.\" \/>\n<meta property=\"og:url\" content=\"https:\/\/www.noticiasradioreflejos.com.ar\/2021\/micro-con-futbolistas-de-union-choco-en-viaje-a-cordoba-varios-heridos\/\" \/>\n<meta property=\"og:site_name\" content=\"Noticias Radio Reflejos\" \/>\n<meta property=\"article:published_time\" content=\"2022-07-28T20:39:01+00:00\" \/>\n<meta property=\"og:image\" content=\"https:\/\/www.labrujula24.com\/wp-content\/uploads\/2022\/07\/micro.jpg\" \/>\n<meta name=\"author\" content=\"Arnaldo Botto\" \/>\n<meta name=\"twitter:card\" content=\"summary_large_image\" \/>\n<script type=\"application\/ld+json\" class=\"yoast-schema-graph\">{\"@context\":\"https:\/\/schema.org\",\"@graph\":[{\"@type\":\"WebPage\",\"@id\":\"https:\/\/www.noticiasradioreflejos.com.ar\/2021\/micro-con-futbolistas-de-union-choco-en-viaje-a-cordoba-varios-heridos\/\",\"url\":\"https:\/\/www.noticiasradioreflejos.com.ar\/2021\/micro-con-futbolistas-de-union-choco-en-viaje-a-cordoba-varios-heridos\/\",\"name\":\"Micro con futbolistas de Uni\u00f3n choc\u00f3 en viaje a C\u00f3rdoba: varios heridos - Noticias Radio Reflejos\",\"isPartOf\":{\"@id\":\"https:\/\/www.noticiasradioreflejos.com.ar\/2021\/#website\"},\"primaryImageOfPage\":{\"@id\":\"https:\/\/www.noticiasradioreflejos.com.ar\/2021\/micro-con-futbolistas-de-union-choco-en-viaje-a-cordoba-varios-heridos\/#primaryimage\"},\"image\":{\"@id\":\"https:\/\/www.noticiasradioreflejos.com.ar\/2021\/micro-con-futbolistas-de-union-choco-en-viaje-a-cordoba-varios-heridos\/#primaryimage\"},\"thumbnailUrl\":\"https:\/\/www.labrujula24.com\/wp-content\/uploads\/2022\/07\/micro.jpg\",\"datePublished\":\"2022-07-28T20:39:01+00:00\",\"author\":{\"@id\":\"https:\/\/www.noticiasradioreflejos.com.ar\/2021\/#\/schema\/person\/ad82545263dcc5ec0996818884fd5fb1\"},\"breadcrumb\":{\"@id\":\"https:\/\/www.noticiasradioreflejos.com.ar\/2021\/micro-con-futbolistas-de-union-choco-en-viaje-a-cordoba-varios-heridos\/#breadcrumb\"},\"inLanguage\":\"es\",\"potentialAction\":[{\"@type\":\"ReadAction\",\"target\":[\"https:\/\/www.noticiasradioreflejos.com.ar\/2021\/micro-con-futbolistas-de-union-choco-en-viaje-a-cordoba-varios-heridos\/\"]}]},{\"@type\":\"ImageObject\",\"inLanguage\":\"es\",\"@id\":\"https:\/\/www.noticiasradioreflejos.com.ar\/2021\/micro-con-futbolistas-de-union-choco-en-viaje-a-cordoba-varios-heridos\/#primaryimage\",\"url\":\"https:\/\/www.labrujula24.com\/wp-content\/uploads\/2022\/07\/micro.jpg\",\"contentUrl\":\"https:\/\/www.labrujula24.com\/wp-content\/uploads\/2022\/07\/micro.jpg\"},{\"@type\":\"BreadcrumbList\",\"@id\":\"https:\/\/www.noticiasradioreflejos.com.ar\/2021\/micro-con-futbolistas-de-union-choco-en-viaje-a-cordoba-varios-heridos\/#breadcrumb\",\"itemListElement\":[{\"@type\":\"ListItem\",\"position\":1,\"name\":\"Portada\",\"item\":\"https:\/\/www.noticiasradioreflejos.com.ar\/2021\/\"},{\"@type\":\"ListItem\",\"position\":2,\"name\":\"Micro con futbolistas de Uni\u00f3n choc\u00f3 en viaje a C\u00f3rdoba: varios heridos\"}]},{\"@type\":\"WebSite\",\"@id\":\"https:\/\/www.noticiasradioreflejos.com.ar\/2021\/#website\",\"url\":\"https:\/\/www.noticiasradioreflejos.com.ar\/2021\/\",\"name\":\"Noticias Radio Reflejos\",\"description\":\"Las noticias de mi comarca\",\"potentialAction\":[{\"@type\":\"SearchAction\",\"target\":{\"@type\":\"EntryPoint\",\"urlTemplate\":\"https:\/\/www.noticiasradioreflejos.com.ar\/2021\/?s={search_term_string}\"},\"query-input\":{\"@type\":\"PropertyValueSpecification\",\"valueRequired\":true,\"valueName\":\"search_term_string\"}}],\"inLanguage\":\"es\"},{\"@type\":\"Person\",\"@id\":\"https:\/\/www.noticiasradioreflejos.com.ar\/2021\/#\/schema\/person\/ad82545263dcc5ec0996818884fd5fb1\",\"name\":\"Arnaldo Botto\",\"image\":{\"@type\":\"ImageObject\",\"inLanguage\":\"es\",\"@id\":\"https:\/\/www.noticiasradioreflejos.com.ar\/2021\/#\/schema\/person\/image\/\",\"url\":\"https:\/\/secure.gravatar.com\/avatar\/55cb5e37c1efa326397366e6974cb338056df65cb50e7d64d1cf314e87504837?s=96&d=mm&r=g\",\"contentUrl\":\"https:\/\/secure.gravatar.com\/avatar\/55cb5e37c1efa326397366e6974cb338056df65cb50e7d64d1cf314e87504837?s=96&d=mm&r=g\",\"caption\":\"Arnaldo Botto\"},\"url\":\"https:\/\/www.noticiasradioreflejos.com.ar\/2021\/author\/arnaldo\/\"}]}<\/script>\n<!-- \/ Yoast SEO plugin. -->","yoast_head_json":{"title":"Micro con futbolistas de Uni\u00f3n choc\u00f3 en viaje a C\u00f3rdoba: varios heridos - Noticias Radio Reflejos","robots":{"index":"index","follow":"follow","max-snippet":"max-snippet:-1","max-image-preview":"max-image-preview:large","max-video-preview":"max-video-preview:-1"},"canonical":"https:\/\/www.noticiasradioreflejos.com.ar\/2021\/micro-con-futbolistas-de-union-choco-en-viaje-a-cordoba-varios-heridos\/","og_locale":"es_ES","og_type":"article","og_title":"Micro con futbolistas de Uni\u00f3n choc\u00f3 en viaje a C\u00f3rdoba: varios heridos - Noticias Radio Reflejos","og_description":"El veh\u00edculo que trasladaba a parte de la delegaci\u00f3n del Tatengue fue embestido por un cami\u00f3n en la ruta 19.","og_url":"https:\/\/www.noticiasradioreflejos.com.ar\/2021\/micro-con-futbolistas-de-union-choco-en-viaje-a-cordoba-varios-heridos\/","og_site_name":"Noticias Radio Reflejos","article_published_time":"2022-07-28T20:39:01+00:00","og_image":[{"url":"https:\/\/www.labrujula24.com\/wp-content\/uploads\/2022\/07\/micro.jpg","type":"","width":"","height":""}],"author":"Arnaldo Botto","twitter_card":"summary_large_image","schema":{"@context":"https:\/\/schema.org","@graph":[{"@type":"WebPage","@id":"https:\/\/www.noticiasradioreflejos.com.ar\/2021\/micro-con-futbolistas-de-union-choco-en-viaje-a-cordoba-varios-heridos\/","url":"https:\/\/www.noticiasradioreflejos.com.ar\/2021\/micro-con-futbolistas-de-union-choco-en-viaje-a-cordoba-varios-heridos\/","name":"Micro con futbolistas de Uni\u00f3n choc\u00f3 en viaje a C\u00f3rdoba: varios heridos - Noticias Radio Reflejos","isPartOf":{"@id":"https:\/\/www.noticiasradioreflejos.com.ar\/2021\/#website"},"primaryImageOfPage":{"@id":"https:\/\/www.noticiasradioreflejos.com.ar\/2021\/micro-con-futbolistas-de-union-choco-en-viaje-a-cordoba-varios-heridos\/#primaryimage"},"image":{"@id":"https:\/\/www.noticiasradioreflejos.com.ar\/2021\/micro-con-futbolistas-de-union-choco-en-viaje-a-cordoba-varios-heridos\/#primaryimage"},"thumbnailUrl":"https:\/\/www.labrujula24.com\/wp-content\/uploads\/2022\/07\/micro.jpg","datePublished":"2022-07-28T20:39:01+00:00","author":{"@id":"https:\/\/www.noticiasradioreflejos.com.ar\/2021\/#\/schema\/person\/ad82545263dcc5ec0996818884fd5fb1"},"breadcrumb":{"@id":"https:\/\/www.noticiasradioreflejos.com.ar\/2021\/micro-con-futbolistas-de-union-choco-en-viaje-a-cordoba-varios-heridos\/#breadcrumb"},"inLanguage":"es","potentialAction":[{"@type":"ReadAction","target":["https:\/\/www.noticiasradioreflejos.com.ar\/2021\/micro-con-futbolistas-de-union-choco-en-viaje-a-cordoba-varios-heridos\/"]}]},{"@type":"ImageObject","inLanguage":"es","@id":"https:\/\/www.noticiasradioreflejos.com.ar\/2021\/micro-con-futbolistas-de-union-choco-en-viaje-a-cordoba-varios-heridos\/#primaryimage","url":"https:\/\/www.labrujula24.com\/wp-content\/uploads\/2022\/07\/micro.jpg","contentUrl":"https:\/\/www.labrujula24.com\/wp-content\/uploads\/2022\/07\/micro.jpg"},{"@type":"BreadcrumbList","@id":"https:\/\/www.noticiasradioreflejos.com.ar\/2021\/micro-con-futbolistas-de-union-choco-en-viaje-a-cordoba-varios-heridos\/#breadcrumb","itemListElement":[{"@type":"ListItem","position":1,"name":"Portada","item":"https:\/\/www.noticiasradioreflejos.com.ar\/2021\/"},{"@type":"ListItem","position":2,"name":"Micro con futbolistas de Uni\u00f3n choc\u00f3 en viaje a C\u00f3rdoba: varios heridos"}]},{"@type":"WebSite","@id":"https:\/\/www.noticiasradioreflejos.com.ar\/2021\/#website","url":"https:\/\/www.noticiasradioreflejos.com.ar\/2021\/","name":"Noticias Radio Reflejos","description":"Las noticias de mi comarca","potentialAction":[{"@type":"SearchAction","target":{"@type":"EntryPoint","urlTemplate":"https:\/\/www.noticiasradioreflejos.com.ar\/2021\/?s={search_term_string}"},"query-input":{"@type":"PropertyValueSpecification","valueRequired":true,"valueName":"search_term_string"}}],"inLanguage":"es"},{"@type":"Person","@id":"https:\/\/www.noticiasradioreflejos.com.ar\/2021\/#\/schema\/person\/ad82545263dcc5ec0996818884fd5fb1","name":"Arnaldo Botto","image":{"@type":"ImageObject","inLanguage":"es","@id":"https:\/\/www.noticiasradioreflejos.com.ar\/2021\/#\/schema\/person\/image\/","url":"https:\/\/secure.gravatar.com\/avatar\/55cb5e37c1efa326397366e6974cb338056df65cb50e7d64d1cf314e87504837?s=96&d=mm&r=g","contentUrl":"https:\/\/secure.gravatar.com\/avatar\/55cb5e37c1efa326397366e6974cb338056df65cb50e7d64d1cf314e87504837?s=96&d=mm&r=g","caption":"Arnaldo Botto"},"url":"https:\/\/www.noticiasradioreflejos.com.ar\/2021\/author\/arnaldo\/"}]}},"_links":{"self":[{"href":"https:\/\/www.noticiasradioreflejos.com.ar\/2021\/wp-json\/wp\/v2\/posts\/75662","targetHints":{"allow":["GET"]}}],"collection":[{"href":"https:\/\/www.noticiasradioreflejos.com.ar\/2021\/wp-json\/wp\/v2\/posts"}],"about":[{"href":"https:\/\/www.noticiasradioreflejos.com.ar\/2021\/wp-json\/wp\/v2\/types\/post"}],"author":[{"embeddable":true,"href":"https:\/\/www.noticiasradioreflejos.com.ar\/2021\/wp-json\/wp\/v2\/users\/3"}],"replies":[{"embeddable":true,"href":"https:\/\/www.noticiasradioreflejos.com.ar\/2021\/wp-json\/wp\/v2\/comments?post=75662"}],"version-history":[{"count":2,"href":"https:\/\/www.noticiasradioreflejos.com.ar\/2021\/wp-json\/wp\/v2\/posts\/75662\/revisions"}],"predecessor-version":[{"id":75665,"href":"https:\/\/www.noticiasradioreflejos.com.ar\/2021\/wp-json\/wp\/v2\/posts\/75662\/revisions\/75665"}],"wp:attachment":[{"href":"https:\/\/www.noticiasradioreflejos.com.ar\/2021\/wp-json\/wp\/v2\/media?parent=75662"}],"wp:term":[{"taxonomy":"category","embeddable":true,"href":"https:\/\/www.noticiasradioreflejos.com.ar\/2021\/wp-json\/wp\/v2\/categories?post=75662"},{"taxonomy":"post_tag","embeddable":true,"href":"https:\/\/www.noticiasradioreflejos.com.ar\/2021\/wp-json\/wp\/v2\/tags?post=75662"}],"curies":[{"name":"wp","href":"https:\/\/api.w.org\/{rel}","templated":true}]}}