{"id":75656,"date":"2022-07-28T18:43:54","date_gmt":"2022-07-28T18:43:54","guid":{"rendered":"http:\/\/www.noticiasradioreflejos.com.ar\/2021\/?p=75656"},"modified":"2022-07-28T18:43:54","modified_gmt":"2022-07-28T18:43:54","slug":"la-directora-regional-del-ministerio-de-las-mujeres-politicas-de-genero-y-diversidad-sexual-de-la-provincia-visito-carmen-de-patagones","status":"publish","type":"post","link":"https:\/\/www.noticiasradioreflejos.com.ar\/2021\/la-directora-regional-del-ministerio-de-las-mujeres-politicas-de-genero-y-diversidad-sexual-de-la-provincia-visito-carmen-de-patagones\/","title":{"rendered":"La Directora regional del Ministerio de las Mujeres, Pol\u00ecticas de G\u00e9nero y Diversidad Sexual de la Provincia visit\u00f3 Carmen de Patagones"},"content":{"rendered":"<p>La Directora Regional, Silvia Zaballa viaj\u00f3 a Carmen de Patagones y fue recibida por Nicolas Garcia y Fabiola Acosta, miembros de la comisi\u00f3n de g\u00e9nero del HCD. M\u00e1s tarde se sumaron tambi\u00e9n los concejales Santiago Dalmau y Marcelo Honcharuk y la concejala Noelia Sepulveda. <!--more--><\/p>\n<p><a data-flickr-embed=\"true\" href=\"https:\/\/www.flickr.com\/photos\/182279889@N02\/52247603736\/in\/dateposted-public\/\" title=\"Ptagones3\"><img loading=\"lazy\" decoding=\"async\" src=\"https:\/\/live.staticflickr.com\/65535\/52247603736_1a8c44f2d8_w.jpg\" width=\"400\" height=\"300\" alt=\"Ptagones3\"><\/a><script async src=\"\/\/embedr.flickr.com\/assets\/client-code.js\" charset=\"utf-8\"><\/script><\/p>\n<p>Durante el encuentro abordaron la supresi\u00f3n de la denominaci\u00f3n de la escuela municipal de canotaje, y solicitaron al Ministerio, a trav\u00e9s de la Directora Regional, asesoramiento para la creaci\u00f3n de un protocolo de violencia laboral.<br \/>\nCuando el estado incumple con sus deberes de cuidado debe responder por ello, a\u00fan trat\u00e1ndose de una reparaci\u00f3n simb\u00f3lica como el cambio de nombre de una instituci\u00f3n si \u00e9sta es solicitada por las v\u00edctimas. Cabe destacar que el acto de supresi\u00f3n fue acompa\u00f1ado por un informe efectuado por la Subsecretar\u00eda de Pol\u00edticas contra las Violencias de G\u00e9nero.<br \/>\nM\u00e1s tarde, la Directora regional visit\u00f3 la Direcci\u00f3n de Ni\u00f1ez, Adolescencia, Juventud y G\u00e9nero de Patagones, a cargo de Jorgelina Castronovo, haciendo entrega de material de nuestro ministerio y poniendo a disposici\u00f3n las pol\u00edticas p\u00fablicas para la detecci\u00f3n, abordaje y salidas de las violencias por razones de g\u00e9nero as\u00ed como los dispositivos de abordaje para varones que ejercen o ejercieron violencia.<br \/>\nSumado a ello, la reciente reorganizaci\u00f3n de la Direcci\u00f3n municipal producto de su incorporaci\u00f3n al programa comunidades sin violencias permitir\u00e1 dar respuesta a las demandas de las mujeres y diversidades en las distintas localidades del distrito. <\/p>\n","protected":false},"excerpt":{"rendered":"<p>La Directora Regional, Silvia Zaballa viaj\u00f3 a Carmen de Patagones y fue recibida por Nicolas Garcia y Fabiola Acosta, miembros de la comisi\u00f3n de g\u00e9nero del HCD. M\u00e1s tarde se sumaron tambi\u00e9n los concejales Santiago Dalmau y Marcelo Honcharuk y la concejala Noelia Sepulveda.<\/p>\n","protected":false},"author":3,"featured_media":0,"comment_status":"closed","ping_status":"closed","sticky":false,"template":"","format":"standard","meta":{"footnotes":""},"categories":[24],"tags":[],"class_list":["post-75656","post","type-post","status-publish","format-standard","hentry","category-politica"],"yoast_head":"<!-- This site is optimized with the Yoast SEO plugin v25.9 - https:\/\/yoast.com\/wordpress\/plugins\/seo\/ -->\n<title>La Directora regional del Ministerio de las Mujeres, Pol\u00ecticas de G\u00e9nero y Diversidad Sexual de la Provincia visit\u00f3 Carmen de Patagones - Noticias Radio Reflejos<\/title>\n<meta name=\"robots\" content=\"index, follow, max-snippet:-1, max-image-preview:large, max-video-preview:-1\" \/>\n<link rel=\"canonical\" href=\"https:\/\/www.noticiasradioreflejos.com.ar\/2021\/la-directora-regional-del-ministerio-de-las-mujeres-politicas-de-genero-y-diversidad-sexual-de-la-provincia-visito-carmen-de-patagones\/\" \/>\n<meta property=\"og:locale\" content=\"es_ES\" \/>\n<meta property=\"og:type\" content=\"article\" \/>\n<meta property=\"og:title\" content=\"La Directora regional del Ministerio de las Mujeres, Pol\u00ecticas de G\u00e9nero y Diversidad Sexual de la Provincia visit\u00f3 Carmen de Patagones - Noticias Radio Reflejos\" \/>\n<meta property=\"og:description\" content=\"La Directora Regional, Silvia Zaballa viaj\u00f3 a Carmen de Patagones y fue recibida por Nicolas Garcia y Fabiola Acosta, miembros de la comisi\u00f3n de g\u00e9nero del HCD. M\u00e1s tarde se sumaron tambi\u00e9n los concejales Santiago Dalmau y Marcelo Honcharuk y la concejala Noelia Sepulveda.\" \/>\n<meta property=\"og:url\" content=\"https:\/\/www.noticiasradioreflejos.com.ar\/2021\/la-directora-regional-del-ministerio-de-las-mujeres-politicas-de-genero-y-diversidad-sexual-de-la-provincia-visito-carmen-de-patagones\/\" \/>\n<meta property=\"og:site_name\" content=\"Noticias Radio Reflejos\" \/>\n<meta property=\"article:published_time\" content=\"2022-07-28T18:43:54+00:00\" \/>\n<meta property=\"og:image\" content=\"https:\/\/live.staticflickr.com\/65535\/52247603736_1a8c44f2d8_w.jpg\" \/>\n<meta name=\"author\" content=\"Arnaldo Botto\" \/>\n<meta name=\"twitter:card\" content=\"summary_large_image\" \/>\n<script type=\"application\/ld+json\" class=\"yoast-schema-graph\">{\"@context\":\"https:\/\/schema.org\",\"@graph\":[{\"@type\":\"WebPage\",\"@id\":\"https:\/\/www.noticiasradioreflejos.com.ar\/2021\/la-directora-regional-del-ministerio-de-las-mujeres-politicas-de-genero-y-diversidad-sexual-de-la-provincia-visito-carmen-de-patagones\/\",\"url\":\"https:\/\/www.noticiasradioreflejos.com.ar\/2021\/la-directora-regional-del-ministerio-de-las-mujeres-politicas-de-genero-y-diversidad-sexual-de-la-provincia-visito-carmen-de-patagones\/\",\"name\":\"La Directora regional del Ministerio de las Mujeres, Pol\u00ecticas de G\u00e9nero y Diversidad Sexual de la Provincia visit\u00f3 Carmen de Patagones - Noticias Radio Reflejos\",\"isPartOf\":{\"@id\":\"https:\/\/www.noticiasradioreflejos.com.ar\/2021\/#website\"},\"primaryImageOfPage\":{\"@id\":\"https:\/\/www.noticiasradioreflejos.com.ar\/2021\/la-directora-regional-del-ministerio-de-las-mujeres-politicas-de-genero-y-diversidad-sexual-de-la-provincia-visito-carmen-de-patagones\/#primaryimage\"},\"image\":{\"@id\":\"https:\/\/www.noticiasradioreflejos.com.ar\/2021\/la-directora-regional-del-ministerio-de-las-mujeres-politicas-de-genero-y-diversidad-sexual-de-la-provincia-visito-carmen-de-patagones\/#primaryimage\"},\"thumbnailUrl\":\"https:\/\/live.staticflickr.com\/65535\/52247603736_1a8c44f2d8_w.jpg\",\"datePublished\":\"2022-07-28T18:43:54+00:00\",\"author\":{\"@id\":\"https:\/\/www.noticiasradioreflejos.com.ar\/2021\/#\/schema\/person\/ad82545263dcc5ec0996818884fd5fb1\"},\"breadcrumb\":{\"@id\":\"https:\/\/www.noticiasradioreflejos.com.ar\/2021\/la-directora-regional-del-ministerio-de-las-mujeres-politicas-de-genero-y-diversidad-sexual-de-la-provincia-visito-carmen-de-patagones\/#breadcrumb\"},\"inLanguage\":\"es\",\"potentialAction\":[{\"@type\":\"ReadAction\",\"target\":[\"https:\/\/www.noticiasradioreflejos.com.ar\/2021\/la-directora-regional-del-ministerio-de-las-mujeres-politicas-de-genero-y-diversidad-sexual-de-la-provincia-visito-carmen-de-patagones\/\"]}]},{\"@type\":\"ImageObject\",\"inLanguage\":\"es\",\"@id\":\"https:\/\/www.noticiasradioreflejos.com.ar\/2021\/la-directora-regional-del-ministerio-de-las-mujeres-politicas-de-genero-y-diversidad-sexual-de-la-provincia-visito-carmen-de-patagones\/#primaryimage\",\"url\":\"https:\/\/live.staticflickr.com\/65535\/52247603736_1a8c44f2d8_w.jpg\",\"contentUrl\":\"https:\/\/live.staticflickr.com\/65535\/52247603736_1a8c44f2d8_w.jpg\"},{\"@type\":\"BreadcrumbList\",\"@id\":\"https:\/\/www.noticiasradioreflejos.com.ar\/2021\/la-directora-regional-del-ministerio-de-las-mujeres-politicas-de-genero-y-diversidad-sexual-de-la-provincia-visito-carmen-de-patagones\/#breadcrumb\",\"itemListElement\":[{\"@type\":\"ListItem\",\"position\":1,\"name\":\"Portada\",\"item\":\"https:\/\/www.noticiasradioreflejos.com.ar\/2021\/\"},{\"@type\":\"ListItem\",\"position\":2,\"name\":\"La Directora regional del Ministerio de las Mujeres, Pol\u00ecticas de G\u00e9nero y Diversidad Sexual de la Provincia visit\u00f3 Carmen de Patagones\"}]},{\"@type\":\"WebSite\",\"@id\":\"https:\/\/www.noticiasradioreflejos.com.ar\/2021\/#website\",\"url\":\"https:\/\/www.noticiasradioreflejos.com.ar\/2021\/\",\"name\":\"Noticias Radio Reflejos\",\"description\":\"Las noticias de mi comarca\",\"potentialAction\":[{\"@type\":\"SearchAction\",\"target\":{\"@type\":\"EntryPoint\",\"urlTemplate\":\"https:\/\/www.noticiasradioreflejos.com.ar\/2021\/?s={search_term_string}\"},\"query-input\":{\"@type\":\"PropertyValueSpecification\",\"valueRequired\":true,\"valueName\":\"search_term_string\"}}],\"inLanguage\":\"es\"},{\"@type\":\"Person\",\"@id\":\"https:\/\/www.noticiasradioreflejos.com.ar\/2021\/#\/schema\/person\/ad82545263dcc5ec0996818884fd5fb1\",\"name\":\"Arnaldo Botto\",\"image\":{\"@type\":\"ImageObject\",\"inLanguage\":\"es\",\"@id\":\"https:\/\/www.noticiasradioreflejos.com.ar\/2021\/#\/schema\/person\/image\/\",\"url\":\"https:\/\/secure.gravatar.com\/avatar\/55cb5e37c1efa326397366e6974cb338056df65cb50e7d64d1cf314e87504837?s=96&d=mm&r=g\",\"contentUrl\":\"https:\/\/secure.gravatar.com\/avatar\/55cb5e37c1efa326397366e6974cb338056df65cb50e7d64d1cf314e87504837?s=96&d=mm&r=g\",\"caption\":\"Arnaldo Botto\"},\"url\":\"https:\/\/www.noticiasradioreflejos.com.ar\/2021\/author\/arnaldo\/\"}]}<\/script>\n<!-- \/ Yoast SEO plugin. -->","yoast_head_json":{"title":"La Directora regional del Ministerio de las Mujeres, Pol\u00ecticas de G\u00e9nero y Diversidad Sexual de la Provincia visit\u00f3 Carmen de Patagones - Noticias Radio Reflejos","robots":{"index":"index","follow":"follow","max-snippet":"max-snippet:-1","max-image-preview":"max-image-preview:large","max-video-preview":"max-video-preview:-1"},"canonical":"https:\/\/www.noticiasradioreflejos.com.ar\/2021\/la-directora-regional-del-ministerio-de-las-mujeres-politicas-de-genero-y-diversidad-sexual-de-la-provincia-visito-carmen-de-patagones\/","og_locale":"es_ES","og_type":"article","og_title":"La Directora regional del Ministerio de las Mujeres, Pol\u00ecticas de G\u00e9nero y Diversidad Sexual de la Provincia visit\u00f3 Carmen de Patagones - Noticias Radio Reflejos","og_description":"La Directora Regional, Silvia Zaballa viaj\u00f3 a Carmen de Patagones y fue recibida por Nicolas Garcia y Fabiola Acosta, miembros de la comisi\u00f3n de g\u00e9nero del HCD. M\u00e1s tarde se sumaron tambi\u00e9n los concejales Santiago Dalmau y Marcelo Honcharuk y la concejala Noelia Sepulveda.","og_url":"https:\/\/www.noticiasradioreflejos.com.ar\/2021\/la-directora-regional-del-ministerio-de-las-mujeres-politicas-de-genero-y-diversidad-sexual-de-la-provincia-visito-carmen-de-patagones\/","og_site_name":"Noticias Radio Reflejos","article_published_time":"2022-07-28T18:43:54+00:00","og_image":[{"url":"https:\/\/live.staticflickr.com\/65535\/52247603736_1a8c44f2d8_w.jpg","type":"","width":"","height":""}],"author":"Arnaldo Botto","twitter_card":"summary_large_image","schema":{"@context":"https:\/\/schema.org","@graph":[{"@type":"WebPage","@id":"https:\/\/www.noticiasradioreflejos.com.ar\/2021\/la-directora-regional-del-ministerio-de-las-mujeres-politicas-de-genero-y-diversidad-sexual-de-la-provincia-visito-carmen-de-patagones\/","url":"https:\/\/www.noticiasradioreflejos.com.ar\/2021\/la-directora-regional-del-ministerio-de-las-mujeres-politicas-de-genero-y-diversidad-sexual-de-la-provincia-visito-carmen-de-patagones\/","name":"La Directora regional del Ministerio de las Mujeres, Pol\u00ecticas de G\u00e9nero y Diversidad Sexual de la Provincia visit\u00f3 Carmen de Patagones - Noticias Radio Reflejos","isPartOf":{"@id":"https:\/\/www.noticiasradioreflejos.com.ar\/2021\/#website"},"primaryImageOfPage":{"@id":"https:\/\/www.noticiasradioreflejos.com.ar\/2021\/la-directora-regional-del-ministerio-de-las-mujeres-politicas-de-genero-y-diversidad-sexual-de-la-provincia-visito-carmen-de-patagones\/#primaryimage"},"image":{"@id":"https:\/\/www.noticiasradioreflejos.com.ar\/2021\/la-directora-regional-del-ministerio-de-las-mujeres-politicas-de-genero-y-diversidad-sexual-de-la-provincia-visito-carmen-de-patagones\/#primaryimage"},"thumbnailUrl":"https:\/\/live.staticflickr.com\/65535\/52247603736_1a8c44f2d8_w.jpg","datePublished":"2022-07-28T18:43:54+00:00","author":{"@id":"https:\/\/www.noticiasradioreflejos.com.ar\/2021\/#\/schema\/person\/ad82545263dcc5ec0996818884fd5fb1"},"breadcrumb":{"@id":"https:\/\/www.noticiasradioreflejos.com.ar\/2021\/la-directora-regional-del-ministerio-de-las-mujeres-politicas-de-genero-y-diversidad-sexual-de-la-provincia-visito-carmen-de-patagones\/#breadcrumb"},"inLanguage":"es","potentialAction":[{"@type":"ReadAction","target":["https:\/\/www.noticiasradioreflejos.com.ar\/2021\/la-directora-regional-del-ministerio-de-las-mujeres-politicas-de-genero-y-diversidad-sexual-de-la-provincia-visito-carmen-de-patagones\/"]}]},{"@type":"ImageObject","inLanguage":"es","@id":"https:\/\/www.noticiasradioreflejos.com.ar\/2021\/la-directora-regional-del-ministerio-de-las-mujeres-politicas-de-genero-y-diversidad-sexual-de-la-provincia-visito-carmen-de-patagones\/#primaryimage","url":"https:\/\/live.staticflickr.com\/65535\/52247603736_1a8c44f2d8_w.jpg","contentUrl":"https:\/\/live.staticflickr.com\/65535\/52247603736_1a8c44f2d8_w.jpg"},{"@type":"BreadcrumbList","@id":"https:\/\/www.noticiasradioreflejos.com.ar\/2021\/la-directora-regional-del-ministerio-de-las-mujeres-politicas-de-genero-y-diversidad-sexual-de-la-provincia-visito-carmen-de-patagones\/#breadcrumb","itemListElement":[{"@type":"ListItem","position":1,"name":"Portada","item":"https:\/\/www.noticiasradioreflejos.com.ar\/2021\/"},{"@type":"ListItem","position":2,"name":"La Directora regional del Ministerio de las Mujeres, Pol\u00ecticas de G\u00e9nero y Diversidad Sexual de la Provincia visit\u00f3 Carmen de Patagones"}]},{"@type":"WebSite","@id":"https:\/\/www.noticiasradioreflejos.com.ar\/2021\/#website","url":"https:\/\/www.noticiasradioreflejos.com.ar\/2021\/","name":"Noticias Radio Reflejos","description":"Las noticias de mi comarca","potentialAction":[{"@type":"SearchAction","target":{"@type":"EntryPoint","urlTemplate":"https:\/\/www.noticiasradioreflejos.com.ar\/2021\/?s={search_term_string}"},"query-input":{"@type":"PropertyValueSpecification","valueRequired":true,"valueName":"search_term_string"}}],"inLanguage":"es"},{"@type":"Person","@id":"https:\/\/www.noticiasradioreflejos.com.ar\/2021\/#\/schema\/person\/ad82545263dcc5ec0996818884fd5fb1","name":"Arnaldo Botto","image":{"@type":"ImageObject","inLanguage":"es","@id":"https:\/\/www.noticiasradioreflejos.com.ar\/2021\/#\/schema\/person\/image\/","url":"https:\/\/secure.gravatar.com\/avatar\/55cb5e37c1efa326397366e6974cb338056df65cb50e7d64d1cf314e87504837?s=96&d=mm&r=g","contentUrl":"https:\/\/secure.gravatar.com\/avatar\/55cb5e37c1efa326397366e6974cb338056df65cb50e7d64d1cf314e87504837?s=96&d=mm&r=g","caption":"Arnaldo Botto"},"url":"https:\/\/www.noticiasradioreflejos.com.ar\/2021\/author\/arnaldo\/"}]}},"_links":{"self":[{"href":"https:\/\/www.noticiasradioreflejos.com.ar\/2021\/wp-json\/wp\/v2\/posts\/75656","targetHints":{"allow":["GET"]}}],"collection":[{"href":"https:\/\/www.noticiasradioreflejos.com.ar\/2021\/wp-json\/wp\/v2\/posts"}],"about":[{"href":"https:\/\/www.noticiasradioreflejos.com.ar\/2021\/wp-json\/wp\/v2\/types\/post"}],"author":[{"embeddable":true,"href":"https:\/\/www.noticiasradioreflejos.com.ar\/2021\/wp-json\/wp\/v2\/users\/3"}],"replies":[{"embeddable":true,"href":"https:\/\/www.noticiasradioreflejos.com.ar\/2021\/wp-json\/wp\/v2\/comments?post=75656"}],"version-history":[{"count":1,"href":"https:\/\/www.noticiasradioreflejos.com.ar\/2021\/wp-json\/wp\/v2\/posts\/75656\/revisions"}],"predecessor-version":[{"id":75658,"href":"https:\/\/www.noticiasradioreflejos.com.ar\/2021\/wp-json\/wp\/v2\/posts\/75656\/revisions\/75658"}],"wp:attachment":[{"href":"https:\/\/www.noticiasradioreflejos.com.ar\/2021\/wp-json\/wp\/v2\/media?parent=75656"}],"wp:term":[{"taxonomy":"category","embeddable":true,"href":"https:\/\/www.noticiasradioreflejos.com.ar\/2021\/wp-json\/wp\/v2\/categories?post=75656"},{"taxonomy":"post_tag","embeddable":true,"href":"https:\/\/www.noticiasradioreflejos.com.ar\/2021\/wp-json\/wp\/v2\/tags?post=75656"}],"curies":[{"name":"wp","href":"https:\/\/api.w.org\/{rel}","templated":true}]}}