{"id":75649,"date":"2022-07-28T18:32:44","date_gmt":"2022-07-28T18:32:44","guid":{"rendered":"http:\/\/www.noticiasradioreflejos.com.ar\/2021\/?p=75649"},"modified":"2022-07-28T18:32:44","modified_gmt":"2022-07-28T18:32:44","slug":"juntos-ultimos-proyectos-presentados","status":"publish","type":"post","link":"https:\/\/www.noticiasradioreflejos.com.ar\/2021\/juntos-ultimos-proyectos-presentados\/","title":{"rendered":"JUNTOS: \u00daltimos proyectos presentados"},"content":{"rendered":"<p>El bloque de Juntos comparte con la comunidad los proyectos presentados en el Honorable Concejo Deliberante.<!--more--><\/p>\n<p><a title=\"ORDENANZA PAPEL RECICLADO\" href=\"https:\/\/www.flickr.com\/photos\/182279889@N02\/52247583768\/in\/dateposted-public\/\" data-flickr-embed=\"true\"><img loading=\"lazy\" decoding=\"async\" src=\"https:\/\/live.staticflickr.com\/65535\/52247583768_19768473d0_w.jpg\" alt=\"ORDENANZA PAPEL RECICLADO\" width=\"400\" height=\"335\" \/><\/a><\/p>\n<p><a href=\"https:\/\/docs.google.com\/document\/d\/1TJHilrMI9YT-f_uDO-_4sLhItIn-5G6RqCYvyNrBMv8\/edit?usp=sharing\" target=\"_blank\" rel=\"noopener\">Proyecto de Ordenanza: Papel Reciclado<\/a><\/p>\n<p><a title=\"ORDENANZA INCENTIVO FISCALES ALQUILERES\" href=\"https:\/\/www.flickr.com\/photos\/182279889@N02\/52248065810\/in\/dateposted-public\/\" data-flickr-embed=\"true\"><img loading=\"lazy\" decoding=\"async\" src=\"https:\/\/live.staticflickr.com\/65535\/52248065810_4cdb607a51_w.jpg\" alt=\"ORDENANZA INCENTIVO FISCALES ALQUILERES\" width=\"400\" height=\"335\" \/><\/a><\/p>\n<p><a href=\"https:\/\/docs.google.com\/document\/d\/1QhNk0Y-zj_WpYQmOpNOktMvoVjshyVlC\/edit\" target=\"_blank\" rel=\"noopener\">Proyecto de Ordenanza: Incentivos Fiscales Alquileres<\/a><\/p>\n<p><a title=\"MINUTA DE COMUNICACI\u00d3N INGRESOS Y EGRESOS ALTERNATIVOS VILLA SERRANA LA GRUTA\" href=\"https:\/\/www.flickr.com\/photos\/182279889@N02\/52248065710\/in\/dateposted-public\/\" data-flickr-embed=\"true\"><img loading=\"lazy\" decoding=\"async\" src=\"https:\/\/live.staticflickr.com\/65535\/52248065710_40305c08a1_w.jpg\" alt=\"MINUTA DE COMUNICACI\u00d3N INGRESOS Y EGRESOS ALTERNATIVOS VILLA SERRANA LA GRUTA\" width=\"400\" height=\"335\" \/><\/a><\/p>\n<p><a href=\"https:\/\/docs.google.com\/document\/d\/1f9ZPX4H0oWgfwXBCGUtYWNNkqaein45e\/edit?usp=sharing&amp;ouid=110351765112605496143&amp;rtpof=true&amp;sd=true\" target=\"_blank\" rel=\"noopener\">Ingresos Alternativos en Villa Serrana La Gruta<\/a><\/p>\n<p><a title=\"RESOLUCION DISMINUCI\u00d3N USO DE PAPEL ADMINISTRACI\u00d3N P\u00daBLICA\" href=\"https:\/\/www.flickr.com\/photos\/182279889@N02\/52246594187\/in\/dateposted-public\/\" data-flickr-embed=\"true\"><img loading=\"lazy\" decoding=\"async\" src=\"https:\/\/live.staticflickr.com\/65535\/52246594187_6a7f3374a2_w.jpg\" alt=\"RESOLUCION DISMINUCI\u00d3N USO DE PAPEL ADMINISTRACI\u00d3N P\u00daBLICA\" width=\"400\" height=\"335\" \/><\/a><\/p>\n<p><a data-flickr-embed=\"true\" href=\"https:\/\/www.flickr.com\/photos\/182279889@N02\/52247854454\/in\/dateposted-public\/\" title=\"ORDENANZA CENTRO DE ESTADISTICAS Y DATOS MUNICIPAL BIEN\"><img loading=\"lazy\" decoding=\"async\" src=\"https:\/\/live.staticflickr.com\/65535\/52247854454_e1a7fbd69d_w.jpg\" width=\"400\" height=\"335\" alt=\"ORDENANZA CENTRO DE ESTADISTICAS Y DATOS MUNICIPAL BIEN\"><\/a><script async src=\"\/\/embedr.flickr.com\/assets\/client-code.js\" charset=\"utf-8\"><\/script><\/p>\n<p><a href=\"https:\/\/docs.google.com\/document\/d\/1quAWM1Ks6i2HIty_ET8161hXp4VR_6ap\/edit?usp=sharing&#038;ouid=110351765112605496143&#038;rtpof=true&#038;sd=true\" rel=\"noopener\" target=\"_blank\">Proyecto de Ordenanza: Centro de Estad\u00edsticas y Datos Municipales<\/a><\/p>\n<p><a href=\"https:\/\/docs.google.com\/document\/d\/1nbJlDHervjj72RFzgYOuS9Qk0YEEC9rj\/edit?usp=sharing&#038;ouid=110351765112605496143&#038;rtpof=true&#038;sd=true\" rel=\"noopener\" target=\"_blank\">Proyecto de Resoluci\u00f3n: Decretos<\/a><\/p>\n","protected":false},"excerpt":{"rendered":"<p>El bloque de Juntos comparte con la comunidad los proyectos presentados en el Honorable Concejo Deliberante.<\/p>\n","protected":false},"author":3,"featured_media":66840,"comment_status":"closed","ping_status":"closed","sticky":false,"template":"","format":"standard","meta":{"footnotes":""},"categories":[24],"tags":[],"class_list":["post-75649","post","type-post","status-publish","format-standard","has-post-thumbnail","hentry","category-politica"],"yoast_head":"<!-- This site is optimized with the Yoast SEO plugin v25.9 - https:\/\/yoast.com\/wordpress\/plugins\/seo\/ -->\n<title>JUNTOS: \u00daltimos proyectos presentados - Noticias Radio Reflejos<\/title>\n<meta name=\"robots\" content=\"index, follow, max-snippet:-1, max-image-preview:large, max-video-preview:-1\" \/>\n<link rel=\"canonical\" href=\"https:\/\/www.noticiasradioreflejos.com.ar\/2021\/juntos-ultimos-proyectos-presentados\/\" \/>\n<meta property=\"og:locale\" content=\"es_ES\" \/>\n<meta property=\"og:type\" content=\"article\" \/>\n<meta property=\"og:title\" content=\"JUNTOS: \u00daltimos proyectos presentados - Noticias Radio Reflejos\" \/>\n<meta property=\"og:description\" content=\"El bloque de Juntos comparte con la comunidad los proyectos presentados en el Honorable Concejo Deliberante.\" \/>\n<meta property=\"og:url\" content=\"https:\/\/www.noticiasradioreflejos.com.ar\/2021\/juntos-ultimos-proyectos-presentados\/\" \/>\n<meta property=\"og:site_name\" content=\"Noticias Radio Reflejos\" \/>\n<meta property=\"article:published_time\" content=\"2022-07-28T18:32:44+00:00\" \/>\n<meta property=\"og:image\" content=\"https:\/\/www.noticiasradioreflejos.com.ar\/2021\/wp-content\/uploads\/2022\/01\/Juntos-por-Tornquit.png\" \/>\n\t<meta property=\"og:image:width\" content=\"575\" \/>\n\t<meta property=\"og:image:height\" content=\"300\" \/>\n\t<meta property=\"og:image:type\" content=\"image\/png\" \/>\n<meta name=\"author\" content=\"Arnaldo Botto\" \/>\n<meta name=\"twitter:card\" content=\"summary_large_image\" \/>\n<script type=\"application\/ld+json\" class=\"yoast-schema-graph\">{\"@context\":\"https:\/\/schema.org\",\"@graph\":[{\"@type\":\"WebPage\",\"@id\":\"https:\/\/www.noticiasradioreflejos.com.ar\/2021\/juntos-ultimos-proyectos-presentados\/\",\"url\":\"https:\/\/www.noticiasradioreflejos.com.ar\/2021\/juntos-ultimos-proyectos-presentados\/\",\"name\":\"JUNTOS: \u00daltimos proyectos presentados - Noticias Radio Reflejos\",\"isPartOf\":{\"@id\":\"https:\/\/www.noticiasradioreflejos.com.ar\/2021\/#website\"},\"primaryImageOfPage\":{\"@id\":\"https:\/\/www.noticiasradioreflejos.com.ar\/2021\/juntos-ultimos-proyectos-presentados\/#primaryimage\"},\"image\":{\"@id\":\"https:\/\/www.noticiasradioreflejos.com.ar\/2021\/juntos-ultimos-proyectos-presentados\/#primaryimage\"},\"thumbnailUrl\":\"https:\/\/www.noticiasradioreflejos.com.ar\/2021\/wp-content\/uploads\/2022\/01\/Juntos-por-Tornquit.png\",\"datePublished\":\"2022-07-28T18:32:44+00:00\",\"author\":{\"@id\":\"https:\/\/www.noticiasradioreflejos.com.ar\/2021\/#\/schema\/person\/ad82545263dcc5ec0996818884fd5fb1\"},\"breadcrumb\":{\"@id\":\"https:\/\/www.noticiasradioreflejos.com.ar\/2021\/juntos-ultimos-proyectos-presentados\/#breadcrumb\"},\"inLanguage\":\"es\",\"potentialAction\":[{\"@type\":\"ReadAction\",\"target\":[\"https:\/\/www.noticiasradioreflejos.com.ar\/2021\/juntos-ultimos-proyectos-presentados\/\"]}]},{\"@type\":\"ImageObject\",\"inLanguage\":\"es\",\"@id\":\"https:\/\/www.noticiasradioreflejos.com.ar\/2021\/juntos-ultimos-proyectos-presentados\/#primaryimage\",\"url\":\"https:\/\/www.noticiasradioreflejos.com.ar\/2021\/wp-content\/uploads\/2022\/01\/Juntos-por-Tornquit.png\",\"contentUrl\":\"https:\/\/www.noticiasradioreflejos.com.ar\/2021\/wp-content\/uploads\/2022\/01\/Juntos-por-Tornquit.png\",\"width\":575,\"height\":300},{\"@type\":\"BreadcrumbList\",\"@id\":\"https:\/\/www.noticiasradioreflejos.com.ar\/2021\/juntos-ultimos-proyectos-presentados\/#breadcrumb\",\"itemListElement\":[{\"@type\":\"ListItem\",\"position\":1,\"name\":\"Portada\",\"item\":\"https:\/\/www.noticiasradioreflejos.com.ar\/2021\/\"},{\"@type\":\"ListItem\",\"position\":2,\"name\":\"JUNTOS: \u00daltimos proyectos presentados\"}]},{\"@type\":\"WebSite\",\"@id\":\"https:\/\/www.noticiasradioreflejos.com.ar\/2021\/#website\",\"url\":\"https:\/\/www.noticiasradioreflejos.com.ar\/2021\/\",\"name\":\"Noticias Radio Reflejos\",\"description\":\"Las noticias de mi comarca\",\"potentialAction\":[{\"@type\":\"SearchAction\",\"target\":{\"@type\":\"EntryPoint\",\"urlTemplate\":\"https:\/\/www.noticiasradioreflejos.com.ar\/2021\/?s={search_term_string}\"},\"query-input\":{\"@type\":\"PropertyValueSpecification\",\"valueRequired\":true,\"valueName\":\"search_term_string\"}}],\"inLanguage\":\"es\"},{\"@type\":\"Person\",\"@id\":\"https:\/\/www.noticiasradioreflejos.com.ar\/2021\/#\/schema\/person\/ad82545263dcc5ec0996818884fd5fb1\",\"name\":\"Arnaldo Botto\",\"image\":{\"@type\":\"ImageObject\",\"inLanguage\":\"es\",\"@id\":\"https:\/\/www.noticiasradioreflejos.com.ar\/2021\/#\/schema\/person\/image\/\",\"url\":\"https:\/\/secure.gravatar.com\/avatar\/55cb5e37c1efa326397366e6974cb338056df65cb50e7d64d1cf314e87504837?s=96&d=mm&r=g\",\"contentUrl\":\"https:\/\/secure.gravatar.com\/avatar\/55cb5e37c1efa326397366e6974cb338056df65cb50e7d64d1cf314e87504837?s=96&d=mm&r=g\",\"caption\":\"Arnaldo Botto\"},\"url\":\"https:\/\/www.noticiasradioreflejos.com.ar\/2021\/author\/arnaldo\/\"}]}<\/script>\n<!-- \/ Yoast SEO plugin. -->","yoast_head_json":{"title":"JUNTOS: \u00daltimos proyectos presentados - Noticias Radio Reflejos","robots":{"index":"index","follow":"follow","max-snippet":"max-snippet:-1","max-image-preview":"max-image-preview:large","max-video-preview":"max-video-preview:-1"},"canonical":"https:\/\/www.noticiasradioreflejos.com.ar\/2021\/juntos-ultimos-proyectos-presentados\/","og_locale":"es_ES","og_type":"article","og_title":"JUNTOS: \u00daltimos proyectos presentados - Noticias Radio Reflejos","og_description":"El bloque de Juntos comparte con la comunidad los proyectos presentados en el Honorable Concejo Deliberante.","og_url":"https:\/\/www.noticiasradioreflejos.com.ar\/2021\/juntos-ultimos-proyectos-presentados\/","og_site_name":"Noticias Radio Reflejos","article_published_time":"2022-07-28T18:32:44+00:00","og_image":[{"width":575,"height":300,"url":"https:\/\/www.noticiasradioreflejos.com.ar\/2021\/wp-content\/uploads\/2022\/01\/Juntos-por-Tornquit.png","type":"image\/png"}],"author":"Arnaldo Botto","twitter_card":"summary_large_image","schema":{"@context":"https:\/\/schema.org","@graph":[{"@type":"WebPage","@id":"https:\/\/www.noticiasradioreflejos.com.ar\/2021\/juntos-ultimos-proyectos-presentados\/","url":"https:\/\/www.noticiasradioreflejos.com.ar\/2021\/juntos-ultimos-proyectos-presentados\/","name":"JUNTOS: \u00daltimos proyectos presentados - Noticias Radio Reflejos","isPartOf":{"@id":"https:\/\/www.noticiasradioreflejos.com.ar\/2021\/#website"},"primaryImageOfPage":{"@id":"https:\/\/www.noticiasradioreflejos.com.ar\/2021\/juntos-ultimos-proyectos-presentados\/#primaryimage"},"image":{"@id":"https:\/\/www.noticiasradioreflejos.com.ar\/2021\/juntos-ultimos-proyectos-presentados\/#primaryimage"},"thumbnailUrl":"https:\/\/www.noticiasradioreflejos.com.ar\/2021\/wp-content\/uploads\/2022\/01\/Juntos-por-Tornquit.png","datePublished":"2022-07-28T18:32:44+00:00","author":{"@id":"https:\/\/www.noticiasradioreflejos.com.ar\/2021\/#\/schema\/person\/ad82545263dcc5ec0996818884fd5fb1"},"breadcrumb":{"@id":"https:\/\/www.noticiasradioreflejos.com.ar\/2021\/juntos-ultimos-proyectos-presentados\/#breadcrumb"},"inLanguage":"es","potentialAction":[{"@type":"ReadAction","target":["https:\/\/www.noticiasradioreflejos.com.ar\/2021\/juntos-ultimos-proyectos-presentados\/"]}]},{"@type":"ImageObject","inLanguage":"es","@id":"https:\/\/www.noticiasradioreflejos.com.ar\/2021\/juntos-ultimos-proyectos-presentados\/#primaryimage","url":"https:\/\/www.noticiasradioreflejos.com.ar\/2021\/wp-content\/uploads\/2022\/01\/Juntos-por-Tornquit.png","contentUrl":"https:\/\/www.noticiasradioreflejos.com.ar\/2021\/wp-content\/uploads\/2022\/01\/Juntos-por-Tornquit.png","width":575,"height":300},{"@type":"BreadcrumbList","@id":"https:\/\/www.noticiasradioreflejos.com.ar\/2021\/juntos-ultimos-proyectos-presentados\/#breadcrumb","itemListElement":[{"@type":"ListItem","position":1,"name":"Portada","item":"https:\/\/www.noticiasradioreflejos.com.ar\/2021\/"},{"@type":"ListItem","position":2,"name":"JUNTOS: \u00daltimos proyectos presentados"}]},{"@type":"WebSite","@id":"https:\/\/www.noticiasradioreflejos.com.ar\/2021\/#website","url":"https:\/\/www.noticiasradioreflejos.com.ar\/2021\/","name":"Noticias Radio Reflejos","description":"Las noticias de mi comarca","potentialAction":[{"@type":"SearchAction","target":{"@type":"EntryPoint","urlTemplate":"https:\/\/www.noticiasradioreflejos.com.ar\/2021\/?s={search_term_string}"},"query-input":{"@type":"PropertyValueSpecification","valueRequired":true,"valueName":"search_term_string"}}],"inLanguage":"es"},{"@type":"Person","@id":"https:\/\/www.noticiasradioreflejos.com.ar\/2021\/#\/schema\/person\/ad82545263dcc5ec0996818884fd5fb1","name":"Arnaldo Botto","image":{"@type":"ImageObject","inLanguage":"es","@id":"https:\/\/www.noticiasradioreflejos.com.ar\/2021\/#\/schema\/person\/image\/","url":"https:\/\/secure.gravatar.com\/avatar\/55cb5e37c1efa326397366e6974cb338056df65cb50e7d64d1cf314e87504837?s=96&d=mm&r=g","contentUrl":"https:\/\/secure.gravatar.com\/avatar\/55cb5e37c1efa326397366e6974cb338056df65cb50e7d64d1cf314e87504837?s=96&d=mm&r=g","caption":"Arnaldo Botto"},"url":"https:\/\/www.noticiasradioreflejos.com.ar\/2021\/author\/arnaldo\/"}]}},"_links":{"self":[{"href":"https:\/\/www.noticiasradioreflejos.com.ar\/2021\/wp-json\/wp\/v2\/posts\/75649","targetHints":{"allow":["GET"]}}],"collection":[{"href":"https:\/\/www.noticiasradioreflejos.com.ar\/2021\/wp-json\/wp\/v2\/posts"}],"about":[{"href":"https:\/\/www.noticiasradioreflejos.com.ar\/2021\/wp-json\/wp\/v2\/types\/post"}],"author":[{"embeddable":true,"href":"https:\/\/www.noticiasradioreflejos.com.ar\/2021\/wp-json\/wp\/v2\/users\/3"}],"replies":[{"embeddable":true,"href":"https:\/\/www.noticiasradioreflejos.com.ar\/2021\/wp-json\/wp\/v2\/comments?post=75649"}],"version-history":[{"count":1,"href":"https:\/\/www.noticiasradioreflejos.com.ar\/2021\/wp-json\/wp\/v2\/posts\/75649\/revisions"}],"predecessor-version":[{"id":75653,"href":"https:\/\/www.noticiasradioreflejos.com.ar\/2021\/wp-json\/wp\/v2\/posts\/75649\/revisions\/75653"}],"wp:featuredmedia":[{"embeddable":true,"href":"https:\/\/www.noticiasradioreflejos.com.ar\/2021\/wp-json\/wp\/v2\/media\/66840"}],"wp:attachment":[{"href":"https:\/\/www.noticiasradioreflejos.com.ar\/2021\/wp-json\/wp\/v2\/media?parent=75649"}],"wp:term":[{"taxonomy":"category","embeddable":true,"href":"https:\/\/www.noticiasradioreflejos.com.ar\/2021\/wp-json\/wp\/v2\/categories?post=75649"},{"taxonomy":"post_tag","embeddable":true,"href":"https:\/\/www.noticiasradioreflejos.com.ar\/2021\/wp-json\/wp\/v2\/tags?post=75649"}],"curies":[{"name":"wp","href":"https:\/\/api.w.org\/{rel}","templated":true}]}}