{"id":75642,"date":"2022-07-28T14:46:22","date_gmt":"2022-07-28T14:46:22","guid":{"rendered":"http:\/\/www.noticiasradioreflejos.com.ar\/2021\/?p=75642"},"modified":"2022-07-28T14:46:22","modified_gmt":"2022-07-28T14:46:22","slug":"crecieron-secundarias-tecnicas-en-el-pais-menos-en-caba-san-luis-y-santiago-del-estero","status":"publish","type":"post","link":"https:\/\/www.noticiasradioreflejos.com.ar\/2021\/crecieron-secundarias-tecnicas-en-el-pais-menos-en-caba-san-luis-y-santiago-del-estero\/","title":{"rendered":"Crecieron secundarias t\u00e9cnicas en el pa\u00eds, menos en CABA, San Luis y Santiago del Estero"},"content":{"rendered":"<p>De acuerdo a un informe del Ministerio de Educaci\u00f3n, mientras en todo el pa\u00eds la cantidad de escuelas secundarias t\u00e9cnicas creci\u00f3 m\u00e1s del 15%, las tres jurisdicciones con mayor disminuci\u00f3n en esta proporci\u00f3n fueron CABA (-5,4 pp), San Luis (-1,9 pp) y Santiago del Estero (-0,5 pp).<!--more--><\/p>\n<figure class=\"mb-3\"><img decoding=\"async\" src=\"https:\/\/www.telam.com.ar\/thumbs\/bluesteel\/advf\/imagenes\/2022\/07\/62e26c3101525_900.jpg\" alt=\"La proporcin de alumnos en escuelas tcnicas se encuentra debajo del 35\" width=\"100%\" height=\"100%\" \/><\/p>\n<div class=\"media-icons\"><\/div><figcaption>La proporci\u00f3n de alumnos en escuelas t\u00e9cnicas se encuentra debajo del 35%.<\/figcaption><\/figure>\n<p><strong>Las cantidad de escuelas secundarias t\u00e9cnicas creci\u00f3 de 1.454 a 1.675 en la Argentina entre 2011 y 2020,<\/strong>\u00a0lo que representa un incremento del 15,2%, en tanto la suma de aulas subi\u00f3 un 25%, y la participaci\u00f3n de mujeres en la matr\u00edcula aument\u00f3 de 33,1% a 34,2%.<\/p>\n<p>Estos datos surgen del informe \u00abSecundaria t\u00e9cnica: crece la matr\u00edcula con participaci\u00f3n femenina estable\u00bb, elaborado por el Observatorio de Argentinos por la Educaci\u00f3n, que detalla, en base al Relevamiento Anual del Ministerio de Educaci\u00f3n, que la cantidad de secciones (aulas) pasaron de 24.101 a 30.134.<\/p>\n<p>El estudio menciona que la proporci\u00f3n de alumnos en escuelas t\u00e9cnicas se encuentra debajo del 35% en todas las provincias y que de las 1.675 escuelas t\u00e9cnicas en el pa\u00eds en 2020, el 88,5% est\u00e1n bajo la \u00f3rbita estatal y el 11,5% bajo la \u00f3rbita privada.<\/p>\n<p>El an\u00e1lisis remarc\u00f3 que, pese a que la evoluci\u00f3n de la matr\u00edcula muestra una mayor participaci\u00f3n de mujeres,\u00a0<strong>\u00abuna de las limitaciones de la secundaria t\u00e9cnica\u00bb es que la proporci\u00f3n es baja<\/strong>, lo que constituye \u00abuna deuda pendiente\u00bb.<\/p>\n<p>En 2011, hab\u00eda 591.918 estudiantes en escuelas t\u00e9cnicas, de los cuales el 90,1% asist\u00eda a instituciones del sector estatal, mientras que en 2020 la cifra subi\u00f3 a 710.081, lo que representa el 91,1%.<\/p>\n<figure class=\"mb-3\"><img decoding=\"async\" src=\"https:\/\/www.telam.com.ar\/thumbs\/bluesteel\/advf\/imagenes\/2022\/07\/62e26c30e72bc_900.jpg\" alt=\"Las cantidad de escuelas secundarias tcnicas creci de 1454 a 1675\" width=\"100%\" height=\"100%\" \/><\/p>\n<div class=\"media-icons\"><\/div><figcaption>Las cantidad de escuelas secundarias t\u00e9cnicas creci\u00f3 de 1.454 a 1.675.<\/figcaption><\/figure>\n<p>Asimismo,\u00a0<strong>hab\u00eda en 2011 un total de 3.549.087 estudiantes en las escuelas secundarias de modalidad com\u00fan, de los cuales el 71,3% asist\u00eda a instituciones del sector estatal.<\/strong><\/p>\n<p>Casi diez a\u00f1os m\u00e1s tarde, se observaron 3.953.568 de alumnos, \u00abde los cuales el 70,7% asist\u00eda a escuelas\u00bb, por lo que mientras \u00abla matr\u00edcula de la escuela secundaria com\u00fan creci\u00f3 un 11,4% en cantidad de alumnos entre 2011 y 2020, la de las escuelas t\u00e9cnicas lo hizo en un 20,0% en el mismo per\u00edodo\u00bb.<\/p>\n<p>En las escuelas t\u00e9cnicas la proporci\u00f3n de mujeres aument\u00f3 de 33,1% a 34,2% entre 2011 y 2020, mientras que las estudiantes mujeres en el total de los establecimientos secundarios pas\u00f3 de 51,4% en 2011 a 50,1% en 2020.<\/p>\n<p>Las provincias con mayor proporci\u00f3n de mujeres en escuelas t\u00e9cnicas en 2020 eran: San Luis (42,4%), La Rioja (42,3%) y Santiago del Estero (41,9%); mientras que hab\u00eda menos cantidad de mujeres en Buenos Aires (29,4%), La Pampa (29,5%) y la Ciudad Aut\u00f3noma de Buenos Aires (CABA) (29,7%).<\/p>\n<p>En Argentina, la proporci\u00f3n de alumnos en la escuela secundaria t\u00e9cnica sobre el total de alumnos en la escuela secundaria mostr\u00f3 un crecimiento de 1,3 puntos porcentuales (pp) y pas\u00f3 de 16,7% en 2011 a 18% en 2020.<\/p>\n<figure class=\"mb-3\"><img decoding=\"async\" src=\"https:\/\/www.telam.com.ar\/thumbs\/bluesteel\/advf\/imagenes\/2022\/07\/62e26c30d2cc9_900.jpg\" alt=\"Telam SE\" width=\"100%\" height=\"100%\" \/><\/p>\n<div class=\"media-icons\"><\/div><figcaption><\/figcaption><\/figure>\n<p>Respecto a la participaci\u00f3n de las mujeres en las escuelas t\u00e9cnicas \u00abR\u00edo Negro es la provincia con mayor crecimiento (5,9 pp), seguido de Santa Cruz (5,7 pp) y Neuqu\u00e9n (4,5 pp). Contrariamente, San Luis muestra el mayor retroceso con 5,6 pp seguido por La Pampa (5,0 pp) y Catamarca (4,2 pp)\u00bb.<\/p>\n<p>Sin embargo, se encuentran diferencias al interior del pa\u00eds: las provincias con mayor crecimiento en la cantidad de escuelas t\u00e9cnicas fueron Santa Cruz (13,8 pp), La Rioja (8,2 pp) y Tierra del Fuego (6,5 pp), precisa el estudio. En el otro extremo,\u00a0<strong>las tres jurisdicciones con mayor disminuci\u00f3n en esta proporci\u00f3n fueron CABA (-5,4 pp), San Luis (-1,9 pp) y Santiago del Estero (-0,5 pp).<\/strong><\/p>\n<p>Entre las provincias con mayor proporci\u00f3n de alumnos, se encuentran Neuqu\u00e9n (32,8%), C\u00f3rdoba (28,2%) y Mendoza (26,4%), y las que tienen menor proporci\u00f3n son Santiago del Estero (13,3%), La Pampa (13,1%) y Formosa (12,5%).<\/p>\n<p>En Argentina, la Educaci\u00f3n T\u00e9cnico Profesional (ETP) \u00abes una modalidad del sistema educativo que comprende distintos \u00e1mbitos de formaci\u00f3n: profesional, secundaria t\u00e9cnica y tecnicaturas superiores no universitarias\u00bb, precis\u00f3 al an\u00e1lisis.<\/p>\n<blockquote class=\"\"><p>\u00abEl crecimiento de la oferta educativa de escuelas t\u00e9cnicas no necesariamente tiene que venir acompa\u00f1ado de un incremento en la matr\u00edcula\u00bb<\/p><\/blockquote>\n<p>Del total de instituciones de ETP del pa\u00eds en el a\u00f1o 2020, 1.675 (49,6%) corresponden a secundarias t\u00e9cnicas, 594 (17,6%) a instituciones de Educaci\u00f3n Superior T\u00e9cnica y 1.107 (32,8%) a instituciones de formaci\u00f3n profesional.<\/p>\n<p><strong>En cuanto a las secciones, el 91,8% corresponde al \u00e1mbito estatal y 8,2% al \u00e1mbito privado.<\/strong><\/p>\n<p>A su vez, el Instituto Nacional de Educaci\u00f3n Tecnol\u00f3gica (INET) -creado en 1995- clasifica a las escuelas secundarias t\u00e9cnicas por orientaci\u00f3n de estudio en Industrial (60,4%), Agropecuaria (30,8%) y de Servicios (8,8%).<\/p>\n<p>Respecto al crecimiento entre 2014 y 2021, la mayor apertura de escuelas se llev\u00f3 a cabo en la orientaci\u00f3n Industrial -con un incremento del 9,2%-, seguidas por la de Servicios (7,9%) y la Agropecuaria (7,1%).<\/p>\n<p>Por otra parte,\u00a0<strong>entre 2011 y 2020, la cantidad de secciones en las escuelas t\u00e9cnicas pasaron de 24.101 a 30.134<\/strong>, donde m\u00e1s del 55% de ellas se concentran en cinco jurisdicciones: Buenos Aires (29,9%), C\u00f3rdoba (12,9%), Santa Fe (9,1%) y CABA (5,3%).<\/p>\n<blockquote class=\"\"><p>Respecto al crecimiento entre 2014 y 2021, la mayor apertura de escuelas se llev\u00f3 a cabo en la orientaci\u00f3n Industrial<\/p><\/blockquote>\n<p>Con excepci\u00f3n de CABA, donde cay\u00f3 la oferta de aulas en ese per\u00edodo, en todas las dem\u00e1s jurisdicciones aument\u00f3, subray\u00f3 la investigaci\u00f3n y resalt\u00f3 que las provincias con mayor crecimiento fueron Santa Cruz (114,9%), La Rioja (79,2%), Tierra del Fuego (75,6%).<\/p>\n<p><strong>\u00abEl crecimiento de la oferta educativa de escuelas t\u00e9cnicas no necesariamente tiene que venir acompa\u00f1ado de un incremento en la matr\u00edcula\u00bb<\/strong>, aclara el estudio.<\/p>\n<p>Al respecto, explica que \u00abesto se puede deber principalmente a dos razones: si los estudiantes optaran por la educaci\u00f3n com\u00fan aun habiendo oferta disponible, entonces la matriculaci\u00f3n no crecer\u00eda\u00bb y \u00absi las escuelas redujeran la cantidad de alumnos por secci\u00f3n o disminuyeran la cantidad de repitentes entonces no incrementar\u00eda la matriculaci\u00f3n cuando la oferta crece\u00bb.<\/p>\n<p>Entre las conclusiones, el informe destaca que \u00ablas posibles hip\u00f3tesis del crecimiento de la demanda de la escuela secundaria t\u00e9cnica, se destaca la vinculaci\u00f3n que expl\u00edcitamente proponen con el campo del trabajo y su rol formador de perfiles t\u00e9cnicos mediante la formaci\u00f3n en saberes tecnol\u00f3gicos, cient\u00edficos y productivos\u00bb.<\/p>\n","protected":false},"excerpt":{"rendered":"<p>De acuerdo a un informe del Ministerio de Educaci\u00f3n, mientras en todo el pa\u00eds la cantidad de escuelas secundarias t\u00e9cnicas creci\u00f3 m\u00e1s del 15%, las tres jurisdicciones con mayor disminuci\u00f3n en esta proporci\u00f3n fueron CABA (-5,4 pp), San Luis (-1,9 pp) y Santiago del Estero (-0,5 pp).<\/p>\n","protected":false},"author":3,"featured_media":0,"comment_status":"closed","ping_status":"closed","sticky":false,"template":"","format":"standard","meta":{"footnotes":""},"categories":[34],"tags":[],"class_list":["post-75642","post","type-post","status-publish","format-standard","hentry","category-educacion"],"yoast_head":"<!-- This site is optimized with the Yoast SEO plugin v25.9 - https:\/\/yoast.com\/wordpress\/plugins\/seo\/ -->\n<title>Crecieron secundarias t\u00e9cnicas en el pa\u00eds, menos en CABA, San Luis y Santiago del Estero - Noticias Radio Reflejos<\/title>\n<meta name=\"robots\" content=\"index, follow, max-snippet:-1, max-image-preview:large, max-video-preview:-1\" \/>\n<link rel=\"canonical\" href=\"https:\/\/www.noticiasradioreflejos.com.ar\/2021\/crecieron-secundarias-tecnicas-en-el-pais-menos-en-caba-san-luis-y-santiago-del-estero\/\" \/>\n<meta property=\"og:locale\" content=\"es_ES\" \/>\n<meta property=\"og:type\" content=\"article\" \/>\n<meta property=\"og:title\" content=\"Crecieron secundarias t\u00e9cnicas en el pa\u00eds, menos en CABA, San Luis y Santiago del Estero - Noticias Radio Reflejos\" \/>\n<meta property=\"og:description\" content=\"De acuerdo a un informe del Ministerio de Educaci\u00f3n, mientras en todo el pa\u00eds la cantidad de escuelas secundarias t\u00e9cnicas creci\u00f3 m\u00e1s del 15%, las tres jurisdicciones con mayor disminuci\u00f3n en esta proporci\u00f3n fueron CABA (-5,4 pp), San Luis (-1,9 pp) y Santiago del Estero (-0,5 pp).\" \/>\n<meta property=\"og:url\" content=\"https:\/\/www.noticiasradioreflejos.com.ar\/2021\/crecieron-secundarias-tecnicas-en-el-pais-menos-en-caba-san-luis-y-santiago-del-estero\/\" \/>\n<meta property=\"og:site_name\" content=\"Noticias Radio Reflejos\" \/>\n<meta property=\"article:published_time\" content=\"2022-07-28T14:46:22+00:00\" \/>\n<meta property=\"og:image\" content=\"https:\/\/www.telam.com.ar\/thumbs\/bluesteel\/advf\/imagenes\/2022\/07\/62e26c3101525_900.jpg\" \/>\n<meta name=\"author\" content=\"Arnaldo Botto\" \/>\n<meta name=\"twitter:card\" content=\"summary_large_image\" \/>\n<script type=\"application\/ld+json\" class=\"yoast-schema-graph\">{\"@context\":\"https:\/\/schema.org\",\"@graph\":[{\"@type\":\"WebPage\",\"@id\":\"https:\/\/www.noticiasradioreflejos.com.ar\/2021\/crecieron-secundarias-tecnicas-en-el-pais-menos-en-caba-san-luis-y-santiago-del-estero\/\",\"url\":\"https:\/\/www.noticiasradioreflejos.com.ar\/2021\/crecieron-secundarias-tecnicas-en-el-pais-menos-en-caba-san-luis-y-santiago-del-estero\/\",\"name\":\"Crecieron secundarias t\u00e9cnicas en el pa\u00eds, menos en CABA, San Luis y Santiago del Estero - Noticias Radio Reflejos\",\"isPartOf\":{\"@id\":\"https:\/\/www.noticiasradioreflejos.com.ar\/2021\/#website\"},\"primaryImageOfPage\":{\"@id\":\"https:\/\/www.noticiasradioreflejos.com.ar\/2021\/crecieron-secundarias-tecnicas-en-el-pais-menos-en-caba-san-luis-y-santiago-del-estero\/#primaryimage\"},\"image\":{\"@id\":\"https:\/\/www.noticiasradioreflejos.com.ar\/2021\/crecieron-secundarias-tecnicas-en-el-pais-menos-en-caba-san-luis-y-santiago-del-estero\/#primaryimage\"},\"thumbnailUrl\":\"https:\/\/www.telam.com.ar\/thumbs\/bluesteel\/advf\/imagenes\/2022\/07\/62e26c3101525_900.jpg\",\"datePublished\":\"2022-07-28T14:46:22+00:00\",\"author\":{\"@id\":\"https:\/\/www.noticiasradioreflejos.com.ar\/2021\/#\/schema\/person\/ad82545263dcc5ec0996818884fd5fb1\"},\"breadcrumb\":{\"@id\":\"https:\/\/www.noticiasradioreflejos.com.ar\/2021\/crecieron-secundarias-tecnicas-en-el-pais-menos-en-caba-san-luis-y-santiago-del-estero\/#breadcrumb\"},\"inLanguage\":\"es\",\"potentialAction\":[{\"@type\":\"ReadAction\",\"target\":[\"https:\/\/www.noticiasradioreflejos.com.ar\/2021\/crecieron-secundarias-tecnicas-en-el-pais-menos-en-caba-san-luis-y-santiago-del-estero\/\"]}]},{\"@type\":\"ImageObject\",\"inLanguage\":\"es\",\"@id\":\"https:\/\/www.noticiasradioreflejos.com.ar\/2021\/crecieron-secundarias-tecnicas-en-el-pais-menos-en-caba-san-luis-y-santiago-del-estero\/#primaryimage\",\"url\":\"https:\/\/www.telam.com.ar\/thumbs\/bluesteel\/advf\/imagenes\/2022\/07\/62e26c3101525_900.jpg\",\"contentUrl\":\"https:\/\/www.telam.com.ar\/thumbs\/bluesteel\/advf\/imagenes\/2022\/07\/62e26c3101525_900.jpg\"},{\"@type\":\"BreadcrumbList\",\"@id\":\"https:\/\/www.noticiasradioreflejos.com.ar\/2021\/crecieron-secundarias-tecnicas-en-el-pais-menos-en-caba-san-luis-y-santiago-del-estero\/#breadcrumb\",\"itemListElement\":[{\"@type\":\"ListItem\",\"position\":1,\"name\":\"Portada\",\"item\":\"https:\/\/www.noticiasradioreflejos.com.ar\/2021\/\"},{\"@type\":\"ListItem\",\"position\":2,\"name\":\"Crecieron secundarias t\u00e9cnicas en el pa\u00eds, menos en CABA, San Luis y Santiago del Estero\"}]},{\"@type\":\"WebSite\",\"@id\":\"https:\/\/www.noticiasradioreflejos.com.ar\/2021\/#website\",\"url\":\"https:\/\/www.noticiasradioreflejos.com.ar\/2021\/\",\"name\":\"Noticias Radio Reflejos\",\"description\":\"Las noticias de mi comarca\",\"potentialAction\":[{\"@type\":\"SearchAction\",\"target\":{\"@type\":\"EntryPoint\",\"urlTemplate\":\"https:\/\/www.noticiasradioreflejos.com.ar\/2021\/?s={search_term_string}\"},\"query-input\":{\"@type\":\"PropertyValueSpecification\",\"valueRequired\":true,\"valueName\":\"search_term_string\"}}],\"inLanguage\":\"es\"},{\"@type\":\"Person\",\"@id\":\"https:\/\/www.noticiasradioreflejos.com.ar\/2021\/#\/schema\/person\/ad82545263dcc5ec0996818884fd5fb1\",\"name\":\"Arnaldo Botto\",\"image\":{\"@type\":\"ImageObject\",\"inLanguage\":\"es\",\"@id\":\"https:\/\/www.noticiasradioreflejos.com.ar\/2021\/#\/schema\/person\/image\/\",\"url\":\"https:\/\/secure.gravatar.com\/avatar\/55cb5e37c1efa326397366e6974cb338056df65cb50e7d64d1cf314e87504837?s=96&d=mm&r=g\",\"contentUrl\":\"https:\/\/secure.gravatar.com\/avatar\/55cb5e37c1efa326397366e6974cb338056df65cb50e7d64d1cf314e87504837?s=96&d=mm&r=g\",\"caption\":\"Arnaldo Botto\"},\"url\":\"https:\/\/www.noticiasradioreflejos.com.ar\/2021\/author\/arnaldo\/\"}]}<\/script>\n<!-- \/ Yoast SEO plugin. -->","yoast_head_json":{"title":"Crecieron secundarias t\u00e9cnicas en el pa\u00eds, menos en CABA, San Luis y Santiago del Estero - Noticias Radio Reflejos","robots":{"index":"index","follow":"follow","max-snippet":"max-snippet:-1","max-image-preview":"max-image-preview:large","max-video-preview":"max-video-preview:-1"},"canonical":"https:\/\/www.noticiasradioreflejos.com.ar\/2021\/crecieron-secundarias-tecnicas-en-el-pais-menos-en-caba-san-luis-y-santiago-del-estero\/","og_locale":"es_ES","og_type":"article","og_title":"Crecieron secundarias t\u00e9cnicas en el pa\u00eds, menos en CABA, San Luis y Santiago del Estero - Noticias Radio Reflejos","og_description":"De acuerdo a un informe del Ministerio de Educaci\u00f3n, mientras en todo el pa\u00eds la cantidad de escuelas secundarias t\u00e9cnicas creci\u00f3 m\u00e1s del 15%, las tres jurisdicciones con mayor disminuci\u00f3n en esta proporci\u00f3n fueron CABA (-5,4 pp), San Luis (-1,9 pp) y Santiago del Estero (-0,5 pp).","og_url":"https:\/\/www.noticiasradioreflejos.com.ar\/2021\/crecieron-secundarias-tecnicas-en-el-pais-menos-en-caba-san-luis-y-santiago-del-estero\/","og_site_name":"Noticias Radio Reflejos","article_published_time":"2022-07-28T14:46:22+00:00","og_image":[{"url":"https:\/\/www.telam.com.ar\/thumbs\/bluesteel\/advf\/imagenes\/2022\/07\/62e26c3101525_900.jpg","type":"","width":"","height":""}],"author":"Arnaldo Botto","twitter_card":"summary_large_image","schema":{"@context":"https:\/\/schema.org","@graph":[{"@type":"WebPage","@id":"https:\/\/www.noticiasradioreflejos.com.ar\/2021\/crecieron-secundarias-tecnicas-en-el-pais-menos-en-caba-san-luis-y-santiago-del-estero\/","url":"https:\/\/www.noticiasradioreflejos.com.ar\/2021\/crecieron-secundarias-tecnicas-en-el-pais-menos-en-caba-san-luis-y-santiago-del-estero\/","name":"Crecieron secundarias t\u00e9cnicas en el pa\u00eds, menos en CABA, San Luis y Santiago del Estero - Noticias Radio Reflejos","isPartOf":{"@id":"https:\/\/www.noticiasradioreflejos.com.ar\/2021\/#website"},"primaryImageOfPage":{"@id":"https:\/\/www.noticiasradioreflejos.com.ar\/2021\/crecieron-secundarias-tecnicas-en-el-pais-menos-en-caba-san-luis-y-santiago-del-estero\/#primaryimage"},"image":{"@id":"https:\/\/www.noticiasradioreflejos.com.ar\/2021\/crecieron-secundarias-tecnicas-en-el-pais-menos-en-caba-san-luis-y-santiago-del-estero\/#primaryimage"},"thumbnailUrl":"https:\/\/www.telam.com.ar\/thumbs\/bluesteel\/advf\/imagenes\/2022\/07\/62e26c3101525_900.jpg","datePublished":"2022-07-28T14:46:22+00:00","author":{"@id":"https:\/\/www.noticiasradioreflejos.com.ar\/2021\/#\/schema\/person\/ad82545263dcc5ec0996818884fd5fb1"},"breadcrumb":{"@id":"https:\/\/www.noticiasradioreflejos.com.ar\/2021\/crecieron-secundarias-tecnicas-en-el-pais-menos-en-caba-san-luis-y-santiago-del-estero\/#breadcrumb"},"inLanguage":"es","potentialAction":[{"@type":"ReadAction","target":["https:\/\/www.noticiasradioreflejos.com.ar\/2021\/crecieron-secundarias-tecnicas-en-el-pais-menos-en-caba-san-luis-y-santiago-del-estero\/"]}]},{"@type":"ImageObject","inLanguage":"es","@id":"https:\/\/www.noticiasradioreflejos.com.ar\/2021\/crecieron-secundarias-tecnicas-en-el-pais-menos-en-caba-san-luis-y-santiago-del-estero\/#primaryimage","url":"https:\/\/www.telam.com.ar\/thumbs\/bluesteel\/advf\/imagenes\/2022\/07\/62e26c3101525_900.jpg","contentUrl":"https:\/\/www.telam.com.ar\/thumbs\/bluesteel\/advf\/imagenes\/2022\/07\/62e26c3101525_900.jpg"},{"@type":"BreadcrumbList","@id":"https:\/\/www.noticiasradioreflejos.com.ar\/2021\/crecieron-secundarias-tecnicas-en-el-pais-menos-en-caba-san-luis-y-santiago-del-estero\/#breadcrumb","itemListElement":[{"@type":"ListItem","position":1,"name":"Portada","item":"https:\/\/www.noticiasradioreflejos.com.ar\/2021\/"},{"@type":"ListItem","position":2,"name":"Crecieron secundarias t\u00e9cnicas en el pa\u00eds, menos en CABA, San Luis y Santiago del Estero"}]},{"@type":"WebSite","@id":"https:\/\/www.noticiasradioreflejos.com.ar\/2021\/#website","url":"https:\/\/www.noticiasradioreflejos.com.ar\/2021\/","name":"Noticias Radio Reflejos","description":"Las noticias de mi comarca","potentialAction":[{"@type":"SearchAction","target":{"@type":"EntryPoint","urlTemplate":"https:\/\/www.noticiasradioreflejos.com.ar\/2021\/?s={search_term_string}"},"query-input":{"@type":"PropertyValueSpecification","valueRequired":true,"valueName":"search_term_string"}}],"inLanguage":"es"},{"@type":"Person","@id":"https:\/\/www.noticiasradioreflejos.com.ar\/2021\/#\/schema\/person\/ad82545263dcc5ec0996818884fd5fb1","name":"Arnaldo Botto","image":{"@type":"ImageObject","inLanguage":"es","@id":"https:\/\/www.noticiasradioreflejos.com.ar\/2021\/#\/schema\/person\/image\/","url":"https:\/\/secure.gravatar.com\/avatar\/55cb5e37c1efa326397366e6974cb338056df65cb50e7d64d1cf314e87504837?s=96&d=mm&r=g","contentUrl":"https:\/\/secure.gravatar.com\/avatar\/55cb5e37c1efa326397366e6974cb338056df65cb50e7d64d1cf314e87504837?s=96&d=mm&r=g","caption":"Arnaldo Botto"},"url":"https:\/\/www.noticiasradioreflejos.com.ar\/2021\/author\/arnaldo\/"}]}},"_links":{"self":[{"href":"https:\/\/www.noticiasradioreflejos.com.ar\/2021\/wp-json\/wp\/v2\/posts\/75642","targetHints":{"allow":["GET"]}}],"collection":[{"href":"https:\/\/www.noticiasradioreflejos.com.ar\/2021\/wp-json\/wp\/v2\/posts"}],"about":[{"href":"https:\/\/www.noticiasradioreflejos.com.ar\/2021\/wp-json\/wp\/v2\/types\/post"}],"author":[{"embeddable":true,"href":"https:\/\/www.noticiasradioreflejos.com.ar\/2021\/wp-json\/wp\/v2\/users\/3"}],"replies":[{"embeddable":true,"href":"https:\/\/www.noticiasradioreflejos.com.ar\/2021\/wp-json\/wp\/v2\/comments?post=75642"}],"version-history":[{"count":1,"href":"https:\/\/www.noticiasradioreflejos.com.ar\/2021\/wp-json\/wp\/v2\/posts\/75642\/revisions"}],"predecessor-version":[{"id":75644,"href":"https:\/\/www.noticiasradioreflejos.com.ar\/2021\/wp-json\/wp\/v2\/posts\/75642\/revisions\/75644"}],"wp:attachment":[{"href":"https:\/\/www.noticiasradioreflejos.com.ar\/2021\/wp-json\/wp\/v2\/media?parent=75642"}],"wp:term":[{"taxonomy":"category","embeddable":true,"href":"https:\/\/www.noticiasradioreflejos.com.ar\/2021\/wp-json\/wp\/v2\/categories?post=75642"},{"taxonomy":"post_tag","embeddable":true,"href":"https:\/\/www.noticiasradioreflejos.com.ar\/2021\/wp-json\/wp\/v2\/tags?post=75642"}],"curies":[{"name":"wp","href":"https:\/\/api.w.org\/{rel}","templated":true}]}}