{"id":75633,"date":"2022-07-28T11:50:43","date_gmt":"2022-07-28T11:50:43","guid":{"rendered":"http:\/\/www.noticiasradioreflejos.com.ar\/2021\/?p=75633"},"modified":"2022-07-28T11:50:43","modified_gmt":"2022-07-28T11:50:43","slug":"tener-una-sudamerica-libre-de-esclavitud-postulo-gustavo-vera-por-el-dia-mundial-contra-la-trata","status":"publish","type":"post","link":"https:\/\/www.noticiasradioreflejos.com.ar\/2021\/tener-una-sudamerica-libre-de-esclavitud-postulo-gustavo-vera-por-el-dia-mundial-contra-la-trata\/","title":{"rendered":"\u201cTener una Sudam\u00e9rica libre de esclavitud\u201d, postul\u00f3 Gustavo Vera por el D\u00eda Mundial contra la Trata"},"content":{"rendered":"<p>El Director del Comit\u00e9 Ejecutivo de Lucha contra la trata y explotaci\u00f3n de Personas y para la Protecci\u00f3n y Asistencia a las Victimas, Gustavo Vera, destac\u00f3 la necesidad de profundizar las redes de cooperaci\u00f3n entre todos los pa\u00edses hermanos \u201cde manera tal que podamos tener una Sudam\u00e9rica libre de esclavitud\u201d.<!--more--><br \/>\nVera, quien formul\u00f3 declaraciones a T\u00e9lam Radio en el marco del D\u00eda Mundial contra la Trata de Personas, que se conmemora desde 2013 cada 30 de julio por decisi\u00f3n de la Asamblea General de Naciones Unidas, inform\u00f3 que habr\u00e1 \u201cm\u00e1s de 100 actividades a lo largo y a lo ancho del pa\u00eds\u201d durante la Semana Mundial.<\/p>\n<p>Los eventos programados por el Comit\u00e9 Ejecutivo se realizar\u00e1n en cooperaci\u00f3n con las mesas interinstitucionales que hay en cada provincia y en cooperaci\u00f3n con todos los ministerios que conforman el Comit\u00e9.<br \/>\nLa actividad m\u00e1s importante es la que se va a desarrollar el viernes 29 y el s\u00e1bado 30 de julio en el Palacio de San Mart\u00edn, en la Canciller\u00eda Argentina, \u201cque es un encuentro regional de las m\u00e1ximas autoridades en materia de trata de todos los pa\u00edses sudamericanos y tambi\u00e9n los titulares de la Fiscal\u00edas especializadas en materia de trata de los pa\u00edses sudamericanos y los puntos focales de Migraciones\u201d, indic\u00f3 Vera.<\/p>\n<p>\u201cDurante ese encuentro se buscar\u00e1 generar una agenda para coordinar m\u00e1s eficazmente los esfuerzos para combatir este delito en red\u201d, ampli\u00f3 el funcionario al se\u00f1alar que todos los pa\u00edses sudamericanos est\u00e1n trabajando bajo los mismos prop\u00f3sitos \u201cque son b\u00e1sicamente evitar la revictimizaci\u00f3n de las v\u00edctimas y generar programas de acceso al trabajo y a la vivienda, al acompa\u00f1amiento terap\u00e9utico, a la reparaci\u00f3n, investigar el delito a fondo, vinculando la trata con el lavado de activos, siguiendo la ruta del dinero decomisando los bienes y utilizando esos bienes para reparar concretamente a las v\u00edctimas\u201d.<\/p>\n<p>Vera remarc\u00f3 la importancia de actualizarse respecto a la \u201cmutaci\u00f3n creciente\u201d del delito de trata en el \u00e1mbito virtual, \u201ca trav\u00e9s de las agencias que se especializan en ciberdelito, el cibercrimen, en cuestiones de prevenci\u00f3n, en normas que sean necesarias ajustar para combatir m\u00e1s eficazmente el delito\u201d.<\/p>\n<p>Sobre la gesti\u00f3n en la materia que se lleva a cabo en el pa\u00eds, record\u00f3 que la Argentina \u201cha sido calificada recientemente en un informe anual, como uno de los 30 pa\u00edses sobre 188 que m\u00e1s esfuerzos realizan en la lucha por la prevenci\u00f3n, en la persecuci\u00f3n al delito y la asistencia y protecci\u00f3n a las v\u00edctimas\u201d.<br \/>\nLa agenda completa de actividades que se desarrollaran en todas las provincias durante los pr\u00f3ximos d\u00edas, se podr\u00e1 ver en la p\u00e1gina del Comit\u00e9: <a href=\"https:\/\/www.argentina.gob.ar\/noticias\/30-de-julio-dia-mundial-contra-la-trata-de-personas-0\">https:\/\/www.argentina.gob.ar\/noticias\/30-de-julio-dia-mundial-contra-la-trata-de-personas-0<\/a><\/p>\n<p>\u201cHay una agenda de 111 actividades en todas las provincias que tienen que ver con capacitaci\u00f3n, concientizaci\u00f3n, prevenci\u00f3n, vinculadas a esta semana tan importante para tomar conciencia de que la trata es un delito aberrante que ofende la dignidad, la vida y la libertad de las personas\u201d, puntualiz\u00f3 Vera.<br \/>\nY resalt\u00f3 que es necesario un \u201cesfuerzo mancomunado de los Estados y de la sociedad civil para combatirlo en com\u00fan\u201d.<\/p>\n<p><iframe loading=\"lazy\" src=\"https:\/\/w.soundcloud.com\/player\/?url=https%3A\/\/api.soundcloud.com\/tracks\/1313381797&amp;color=%23ff5500&amp;auto_play=false&amp;hide_related=false&amp;show_comments=true&amp;show_user=true&amp;show_reposts=false&amp;show_teaser=true\" width=\"100%\" height=\"166\" frameborder=\"no\" scrolling=\"no\"><\/iframe><\/p>\n<div style=\"font-size: 10px; color: #cccccc; line-break: anywhere; word-break: normal; overflow: hidden; white-space: nowrap; text-overflow: ellipsis; font-family: Interstate,Lucida Grande,Lucida Sans Unicode,Lucida Sans,Garuda,Verdana,Tahoma,sans-serif; font-weight: 100;\"><a style=\"color: #cccccc; text-decoration: none;\" title=\"fmreflejos 103.7\" href=\"https:\/\/soundcloud.com\/fmreflejos-103-7\" target=\"_blank\" rel=\"noopener\">fmreflejos 103.7<\/a> \u00b7 <a style=\"color: #cccccc; text-decoration: none;\" title=\"Gustavo Vera Dia Mundial Contra La Trata\" href=\"https:\/\/soundcloud.com\/fmreflejos-103-7\/gustavo-vera-dia-mundial-contra-la-trata\" target=\"_blank\" rel=\"noopener\">Gustavo Vera Dia Mundial Contra La Trata<\/a><\/div>\n","protected":false},"excerpt":{"rendered":"<p>El Director del Comit\u00e9 Ejecutivo de Lucha contra la trata y explotaci\u00f3n de Personas y para la Protecci\u00f3n y Asistencia a las Victimas, Gustavo Vera, destac\u00f3 la necesidad de profundizar las redes de cooperaci\u00f3n entre todos los pa\u00edses hermanos \u201cde manera tal que podamos tener una Sudam\u00e9rica libre de esclavitud\u201d.<\/p>\n","protected":false},"author":3,"featured_media":0,"comment_status":"closed","ping_status":"closed","sticky":false,"template":"","format":"standard","meta":{"footnotes":""},"categories":[58,24,26],"tags":[],"class_list":["post-75633","post","type-post","status-publish","format-standard","hentry","category-gobierno","category-politica","category-sociedad"],"yoast_head":"<!-- This site is optimized with the Yoast SEO plugin v25.9 - https:\/\/yoast.com\/wordpress\/plugins\/seo\/ -->\n<title>\u201cTener una Sudam\u00e9rica libre de esclavitud\u201d, postul\u00f3 Gustavo Vera por el D\u00eda Mundial contra la Trata - Noticias Radio Reflejos<\/title>\n<meta name=\"robots\" content=\"index, follow, max-snippet:-1, max-image-preview:large, max-video-preview:-1\" \/>\n<link rel=\"canonical\" href=\"https:\/\/www.noticiasradioreflejos.com.ar\/2021\/tener-una-sudamerica-libre-de-esclavitud-postulo-gustavo-vera-por-el-dia-mundial-contra-la-trata\/\" \/>\n<meta property=\"og:locale\" content=\"es_ES\" \/>\n<meta property=\"og:type\" content=\"article\" \/>\n<meta property=\"og:title\" content=\"\u201cTener una Sudam\u00e9rica libre de esclavitud\u201d, postul\u00f3 Gustavo Vera por el D\u00eda Mundial contra la Trata - Noticias Radio Reflejos\" \/>\n<meta property=\"og:description\" content=\"El Director del Comit\u00e9 Ejecutivo de Lucha contra la trata y explotaci\u00f3n de Personas y para la Protecci\u00f3n y Asistencia a las Victimas, Gustavo Vera, destac\u00f3 la necesidad de profundizar las redes de cooperaci\u00f3n entre todos los pa\u00edses hermanos \u201cde manera tal que podamos tener una Sudam\u00e9rica libre de esclavitud\u201d.\" \/>\n<meta property=\"og:url\" content=\"https:\/\/www.noticiasradioreflejos.com.ar\/2021\/tener-una-sudamerica-libre-de-esclavitud-postulo-gustavo-vera-por-el-dia-mundial-contra-la-trata\/\" \/>\n<meta property=\"og:site_name\" content=\"Noticias Radio Reflejos\" \/>\n<meta property=\"article:published_time\" content=\"2022-07-28T11:50:43+00:00\" \/>\n<meta property=\"og:image\" content=\"https:\/\/www.noticiasradioreflejos.com.ar\/2021\/wp-content\/uploads\/2021\/07\/logosol300x200.png\" \/>\n\t<meta property=\"og:image:width\" content=\"300\" \/>\n\t<meta property=\"og:image:height\" content=\"200\" \/>\n\t<meta property=\"og:image:type\" content=\"image\/png\" \/>\n<meta name=\"author\" content=\"Arnaldo Botto\" \/>\n<meta name=\"twitter:card\" content=\"summary_large_image\" \/>\n<script type=\"application\/ld+json\" class=\"yoast-schema-graph\">{\"@context\":\"https:\/\/schema.org\",\"@graph\":[{\"@type\":\"WebPage\",\"@id\":\"https:\/\/www.noticiasradioreflejos.com.ar\/2021\/tener-una-sudamerica-libre-de-esclavitud-postulo-gustavo-vera-por-el-dia-mundial-contra-la-trata\/\",\"url\":\"https:\/\/www.noticiasradioreflejos.com.ar\/2021\/tener-una-sudamerica-libre-de-esclavitud-postulo-gustavo-vera-por-el-dia-mundial-contra-la-trata\/\",\"name\":\"\u201cTener una Sudam\u00e9rica libre de esclavitud\u201d, postul\u00f3 Gustavo Vera por el D\u00eda Mundial contra la Trata - Noticias Radio Reflejos\",\"isPartOf\":{\"@id\":\"https:\/\/www.noticiasradioreflejos.com.ar\/2021\/#website\"},\"datePublished\":\"2022-07-28T11:50:43+00:00\",\"author\":{\"@id\":\"https:\/\/www.noticiasradioreflejos.com.ar\/2021\/#\/schema\/person\/ad82545263dcc5ec0996818884fd5fb1\"},\"breadcrumb\":{\"@id\":\"https:\/\/www.noticiasradioreflejos.com.ar\/2021\/tener-una-sudamerica-libre-de-esclavitud-postulo-gustavo-vera-por-el-dia-mundial-contra-la-trata\/#breadcrumb\"},\"inLanguage\":\"es\",\"potentialAction\":[{\"@type\":\"ReadAction\",\"target\":[\"https:\/\/www.noticiasradioreflejos.com.ar\/2021\/tener-una-sudamerica-libre-de-esclavitud-postulo-gustavo-vera-por-el-dia-mundial-contra-la-trata\/\"]}]},{\"@type\":\"BreadcrumbList\",\"@id\":\"https:\/\/www.noticiasradioreflejos.com.ar\/2021\/tener-una-sudamerica-libre-de-esclavitud-postulo-gustavo-vera-por-el-dia-mundial-contra-la-trata\/#breadcrumb\",\"itemListElement\":[{\"@type\":\"ListItem\",\"position\":1,\"name\":\"Portada\",\"item\":\"https:\/\/www.noticiasradioreflejos.com.ar\/2021\/\"},{\"@type\":\"ListItem\",\"position\":2,\"name\":\"\u201cTener una Sudam\u00e9rica libre de esclavitud\u201d, postul\u00f3 Gustavo Vera por el D\u00eda Mundial contra la Trata\"}]},{\"@type\":\"WebSite\",\"@id\":\"https:\/\/www.noticiasradioreflejos.com.ar\/2021\/#website\",\"url\":\"https:\/\/www.noticiasradioreflejos.com.ar\/2021\/\",\"name\":\"Noticias Radio Reflejos\",\"description\":\"Las noticias de mi comarca\",\"potentialAction\":[{\"@type\":\"SearchAction\",\"target\":{\"@type\":\"EntryPoint\",\"urlTemplate\":\"https:\/\/www.noticiasradioreflejos.com.ar\/2021\/?s={search_term_string}\"},\"query-input\":{\"@type\":\"PropertyValueSpecification\",\"valueRequired\":true,\"valueName\":\"search_term_string\"}}],\"inLanguage\":\"es\"},{\"@type\":\"Person\",\"@id\":\"https:\/\/www.noticiasradioreflejos.com.ar\/2021\/#\/schema\/person\/ad82545263dcc5ec0996818884fd5fb1\",\"name\":\"Arnaldo Botto\",\"image\":{\"@type\":\"ImageObject\",\"inLanguage\":\"es\",\"@id\":\"https:\/\/www.noticiasradioreflejos.com.ar\/2021\/#\/schema\/person\/image\/\",\"url\":\"https:\/\/secure.gravatar.com\/avatar\/55cb5e37c1efa326397366e6974cb338056df65cb50e7d64d1cf314e87504837?s=96&d=mm&r=g\",\"contentUrl\":\"https:\/\/secure.gravatar.com\/avatar\/55cb5e37c1efa326397366e6974cb338056df65cb50e7d64d1cf314e87504837?s=96&d=mm&r=g\",\"caption\":\"Arnaldo Botto\"},\"url\":\"https:\/\/www.noticiasradioreflejos.com.ar\/2021\/author\/arnaldo\/\"}]}<\/script>\n<!-- \/ Yoast SEO plugin. -->","yoast_head_json":{"title":"\u201cTener una Sudam\u00e9rica libre de esclavitud\u201d, postul\u00f3 Gustavo Vera por el D\u00eda Mundial contra la Trata - Noticias Radio Reflejos","robots":{"index":"index","follow":"follow","max-snippet":"max-snippet:-1","max-image-preview":"max-image-preview:large","max-video-preview":"max-video-preview:-1"},"canonical":"https:\/\/www.noticiasradioreflejos.com.ar\/2021\/tener-una-sudamerica-libre-de-esclavitud-postulo-gustavo-vera-por-el-dia-mundial-contra-la-trata\/","og_locale":"es_ES","og_type":"article","og_title":"\u201cTener una Sudam\u00e9rica libre de esclavitud\u201d, postul\u00f3 Gustavo Vera por el D\u00eda Mundial contra la Trata - Noticias Radio Reflejos","og_description":"El Director del Comit\u00e9 Ejecutivo de Lucha contra la trata y explotaci\u00f3n de Personas y para la Protecci\u00f3n y Asistencia a las Victimas, Gustavo Vera, destac\u00f3 la necesidad de profundizar las redes de cooperaci\u00f3n entre todos los pa\u00edses hermanos \u201cde manera tal que podamos tener una Sudam\u00e9rica libre de esclavitud\u201d.","og_url":"https:\/\/www.noticiasradioreflejos.com.ar\/2021\/tener-una-sudamerica-libre-de-esclavitud-postulo-gustavo-vera-por-el-dia-mundial-contra-la-trata\/","og_site_name":"Noticias Radio Reflejos","article_published_time":"2022-07-28T11:50:43+00:00","og_image":[{"width":300,"height":200,"url":"https:\/\/www.noticiasradioreflejos.com.ar\/2021\/wp-content\/uploads\/2021\/07\/logosol300x200.png","type":"image\/png"}],"author":"Arnaldo Botto","twitter_card":"summary_large_image","schema":{"@context":"https:\/\/schema.org","@graph":[{"@type":"WebPage","@id":"https:\/\/www.noticiasradioreflejos.com.ar\/2021\/tener-una-sudamerica-libre-de-esclavitud-postulo-gustavo-vera-por-el-dia-mundial-contra-la-trata\/","url":"https:\/\/www.noticiasradioreflejos.com.ar\/2021\/tener-una-sudamerica-libre-de-esclavitud-postulo-gustavo-vera-por-el-dia-mundial-contra-la-trata\/","name":"\u201cTener una Sudam\u00e9rica libre de esclavitud\u201d, postul\u00f3 Gustavo Vera por el D\u00eda Mundial contra la Trata - Noticias Radio Reflejos","isPartOf":{"@id":"https:\/\/www.noticiasradioreflejos.com.ar\/2021\/#website"},"datePublished":"2022-07-28T11:50:43+00:00","author":{"@id":"https:\/\/www.noticiasradioreflejos.com.ar\/2021\/#\/schema\/person\/ad82545263dcc5ec0996818884fd5fb1"},"breadcrumb":{"@id":"https:\/\/www.noticiasradioreflejos.com.ar\/2021\/tener-una-sudamerica-libre-de-esclavitud-postulo-gustavo-vera-por-el-dia-mundial-contra-la-trata\/#breadcrumb"},"inLanguage":"es","potentialAction":[{"@type":"ReadAction","target":["https:\/\/www.noticiasradioreflejos.com.ar\/2021\/tener-una-sudamerica-libre-de-esclavitud-postulo-gustavo-vera-por-el-dia-mundial-contra-la-trata\/"]}]},{"@type":"BreadcrumbList","@id":"https:\/\/www.noticiasradioreflejos.com.ar\/2021\/tener-una-sudamerica-libre-de-esclavitud-postulo-gustavo-vera-por-el-dia-mundial-contra-la-trata\/#breadcrumb","itemListElement":[{"@type":"ListItem","position":1,"name":"Portada","item":"https:\/\/www.noticiasradioreflejos.com.ar\/2021\/"},{"@type":"ListItem","position":2,"name":"\u201cTener una Sudam\u00e9rica libre de esclavitud\u201d, postul\u00f3 Gustavo Vera por el D\u00eda Mundial contra la Trata"}]},{"@type":"WebSite","@id":"https:\/\/www.noticiasradioreflejos.com.ar\/2021\/#website","url":"https:\/\/www.noticiasradioreflejos.com.ar\/2021\/","name":"Noticias Radio Reflejos","description":"Las noticias de mi comarca","potentialAction":[{"@type":"SearchAction","target":{"@type":"EntryPoint","urlTemplate":"https:\/\/www.noticiasradioreflejos.com.ar\/2021\/?s={search_term_string}"},"query-input":{"@type":"PropertyValueSpecification","valueRequired":true,"valueName":"search_term_string"}}],"inLanguage":"es"},{"@type":"Person","@id":"https:\/\/www.noticiasradioreflejos.com.ar\/2021\/#\/schema\/person\/ad82545263dcc5ec0996818884fd5fb1","name":"Arnaldo Botto","image":{"@type":"ImageObject","inLanguage":"es","@id":"https:\/\/www.noticiasradioreflejos.com.ar\/2021\/#\/schema\/person\/image\/","url":"https:\/\/secure.gravatar.com\/avatar\/55cb5e37c1efa326397366e6974cb338056df65cb50e7d64d1cf314e87504837?s=96&d=mm&r=g","contentUrl":"https:\/\/secure.gravatar.com\/avatar\/55cb5e37c1efa326397366e6974cb338056df65cb50e7d64d1cf314e87504837?s=96&d=mm&r=g","caption":"Arnaldo Botto"},"url":"https:\/\/www.noticiasradioreflejos.com.ar\/2021\/author\/arnaldo\/"}]}},"_links":{"self":[{"href":"https:\/\/www.noticiasradioreflejos.com.ar\/2021\/wp-json\/wp\/v2\/posts\/75633","targetHints":{"allow":["GET"]}}],"collection":[{"href":"https:\/\/www.noticiasradioreflejos.com.ar\/2021\/wp-json\/wp\/v2\/posts"}],"about":[{"href":"https:\/\/www.noticiasradioreflejos.com.ar\/2021\/wp-json\/wp\/v2\/types\/post"}],"author":[{"embeddable":true,"href":"https:\/\/www.noticiasradioreflejos.com.ar\/2021\/wp-json\/wp\/v2\/users\/3"}],"replies":[{"embeddable":true,"href":"https:\/\/www.noticiasradioreflejos.com.ar\/2021\/wp-json\/wp\/v2\/comments?post=75633"}],"version-history":[{"count":1,"href":"https:\/\/www.noticiasradioreflejos.com.ar\/2021\/wp-json\/wp\/v2\/posts\/75633\/revisions"}],"predecessor-version":[{"id":75635,"href":"https:\/\/www.noticiasradioreflejos.com.ar\/2021\/wp-json\/wp\/v2\/posts\/75633\/revisions\/75635"}],"wp:attachment":[{"href":"https:\/\/www.noticiasradioreflejos.com.ar\/2021\/wp-json\/wp\/v2\/media?parent=75633"}],"wp:term":[{"taxonomy":"category","embeddable":true,"href":"https:\/\/www.noticiasradioreflejos.com.ar\/2021\/wp-json\/wp\/v2\/categories?post=75633"},{"taxonomy":"post_tag","embeddable":true,"href":"https:\/\/www.noticiasradioreflejos.com.ar\/2021\/wp-json\/wp\/v2\/tags?post=75633"}],"curies":[{"name":"wp","href":"https:\/\/api.w.org\/{rel}","templated":true}]}}