{"id":75623,"date":"2022-07-28T11:34:45","date_gmt":"2022-07-28T11:34:45","guid":{"rendered":"http:\/\/www.noticiasradioreflejos.com.ar\/2021\/?p=75623"},"modified":"2022-07-28T14:28:27","modified_gmt":"2022-07-28T14:28:27","slug":"luego-de-3-dias-de-lluvias-regresa-el-sol-a-las-sierras","status":"publish","type":"post","link":"https:\/\/www.noticiasradioreflejos.com.ar\/2021\/luego-de-3-dias-de-lluvias-regresa-el-sol-a-las-sierras\/","title":{"rendered":"Luego de 3 d\u00edas de lluvias regresa el sol a las sierras."},"content":{"rendered":"<p>El viento del sector sudoeste que comenz\u00f3 a soplar cerca de la medianoche despej\u00f3 el cielo de la comarca donde las lluvias acumularon variados registros.<!--more--><\/p>\n<p>Tres d\u00edas de inestabilidad marcaron el comienzo de esta semana donde se registraron precipitaciones en forma de lloviznas y chaparrones con eventuales tormentas el\u00e9ctricas. Durante el mediod\u00eda de ayer, el SMN puso en alerta a la regi\u00f3n por lluvias intensas y eventual ca\u00edda de granizo, cosa que en la zona serrana no se vivi\u00f3.<\/p>\n<p>En Sierra de la Ventana se acumularon un total de 28,5 mm, en tanto Villa Ventana tuvo 12.3 mm y Saldungaray 7 mm.<\/p>\n<p>El pron\u00f3stico anticipa para hoy y ma\u00f1ana viernes cielos despejados, vientos moderados a suaves y temperaturas m\u00e1ximas de hasta 17\u00b0, en tanto que las m\u00ednimas se ubicar\u00edan entre los 3 y 5 grados.<\/p>\n<p>&nbsp;<\/p>\n<p><strong>Datos de lluvias en la regi\u00f3n:<\/strong><\/p>\n<p>28.5 mm en Sierra de la Ventana<br \/>\n12.3 mm en Villa Ventana<br \/>\n6 mm en Cumbre del Cerro Napost\u00e1<br \/>\n7 mm en Saldungaray<br \/>\n23.5 mm en Calqu\u00edn<br \/>\n21 mm en Las Acacias<br \/>\n34 mm en Tornquist<br \/>\n20 mm en Tres Picos<br \/>\n6.3 mm en Frapal<br \/>\n33 mm en el Pantanoso<br \/>\n24 mm en Cnel Pringles<br \/>\n65 mm en San Eloy<br \/>\n38.6 mm en Funke<br \/>\n69 mm en Monte Hermoso<br \/>\n38 mm en Bajo Hondo<br \/>\n10 mm en Dufaur<br \/>\n67 mm en Pig\u00fce<br \/>\n108 mm en Cura Malal<br \/>\n71 mm en Puan<br \/>\n66.2 mm en Cnel Suarez<br \/>\n109 mm en Pasman<\/p>\n","protected":false},"excerpt":{"rendered":"<p>El viento del sector sudoeste que comenz\u00f3 a soplar cerca de la medianoche despej\u00f3 el cielo de la comarca donde las lluvias acumularon variados registros.<\/p>\n","protected":false},"author":3,"featured_media":75626,"comment_status":"closed","ping_status":"closed","sticky":false,"template":"","format":"standard","meta":{"footnotes":""},"categories":[46],"tags":[48],"class_list":["post-75623","post","type-post","status-publish","format-standard","has-post-thumbnail","hentry","category-ciencia-y-tecnologia","tag-destacada"],"yoast_head":"<!-- This site is optimized with the Yoast SEO plugin v25.9 - https:\/\/yoast.com\/wordpress\/plugins\/seo\/ -->\n<title>Luego de 3 d\u00edas de lluvias regresa el sol a las sierras. - Noticias Radio Reflejos<\/title>\n<meta name=\"robots\" content=\"index, follow, max-snippet:-1, max-image-preview:large, max-video-preview:-1\" \/>\n<link rel=\"canonical\" href=\"https:\/\/www.noticiasradioreflejos.com.ar\/2021\/luego-de-3-dias-de-lluvias-regresa-el-sol-a-las-sierras\/\" \/>\n<meta property=\"og:locale\" content=\"es_ES\" \/>\n<meta property=\"og:type\" content=\"article\" \/>\n<meta property=\"og:title\" content=\"Luego de 3 d\u00edas de lluvias regresa el sol a las sierras. - Noticias Radio Reflejos\" \/>\n<meta property=\"og:description\" content=\"El viento del sector sudoeste que comenz\u00f3 a soplar cerca de la medianoche despej\u00f3 el cielo de la comarca donde las lluvias acumularon variados registros.\" \/>\n<meta property=\"og:url\" content=\"https:\/\/www.noticiasradioreflejos.com.ar\/2021\/luego-de-3-dias-de-lluvias-regresa-el-sol-a-las-sierras\/\" \/>\n<meta property=\"og:site_name\" content=\"Noticias Radio Reflejos\" \/>\n<meta property=\"article:published_time\" content=\"2022-07-28T11:34:45+00:00\" \/>\n<meta property=\"article:modified_time\" content=\"2022-07-28T14:28:27+00:00\" \/>\n<meta property=\"og:image\" content=\"https:\/\/www.noticiasradioreflejos.com.ar\/2021\/wp-content\/uploads\/2022\/07\/Amanece-en-sierra.jpeg\" \/>\n\t<meta property=\"og:image:width\" content=\"1600\" \/>\n\t<meta property=\"og:image:height\" content=\"720\" \/>\n\t<meta property=\"og:image:type\" content=\"image\/jpeg\" \/>\n<meta name=\"author\" content=\"Arnaldo Botto\" \/>\n<meta name=\"twitter:card\" content=\"summary_large_image\" \/>\n<script type=\"application\/ld+json\" class=\"yoast-schema-graph\">{\"@context\":\"https:\/\/schema.org\",\"@graph\":[{\"@type\":\"WebPage\",\"@id\":\"https:\/\/www.noticiasradioreflejos.com.ar\/2021\/luego-de-3-dias-de-lluvias-regresa-el-sol-a-las-sierras\/\",\"url\":\"https:\/\/www.noticiasradioreflejos.com.ar\/2021\/luego-de-3-dias-de-lluvias-regresa-el-sol-a-las-sierras\/\",\"name\":\"Luego de 3 d\u00edas de lluvias regresa el sol a las sierras. - Noticias Radio Reflejos\",\"isPartOf\":{\"@id\":\"https:\/\/www.noticiasradioreflejos.com.ar\/2021\/#website\"},\"primaryImageOfPage\":{\"@id\":\"https:\/\/www.noticiasradioreflejos.com.ar\/2021\/luego-de-3-dias-de-lluvias-regresa-el-sol-a-las-sierras\/#primaryimage\"},\"image\":{\"@id\":\"https:\/\/www.noticiasradioreflejos.com.ar\/2021\/luego-de-3-dias-de-lluvias-regresa-el-sol-a-las-sierras\/#primaryimage\"},\"thumbnailUrl\":\"https:\/\/www.noticiasradioreflejos.com.ar\/2021\/wp-content\/uploads\/2022\/07\/Amanece-en-sierra.jpeg\",\"datePublished\":\"2022-07-28T11:34:45+00:00\",\"dateModified\":\"2022-07-28T14:28:27+00:00\",\"author\":{\"@id\":\"https:\/\/www.noticiasradioreflejos.com.ar\/2021\/#\/schema\/person\/ad82545263dcc5ec0996818884fd5fb1\"},\"breadcrumb\":{\"@id\":\"https:\/\/www.noticiasradioreflejos.com.ar\/2021\/luego-de-3-dias-de-lluvias-regresa-el-sol-a-las-sierras\/#breadcrumb\"},\"inLanguage\":\"es\",\"potentialAction\":[{\"@type\":\"ReadAction\",\"target\":[\"https:\/\/www.noticiasradioreflejos.com.ar\/2021\/luego-de-3-dias-de-lluvias-regresa-el-sol-a-las-sierras\/\"]}]},{\"@type\":\"ImageObject\",\"inLanguage\":\"es\",\"@id\":\"https:\/\/www.noticiasradioreflejos.com.ar\/2021\/luego-de-3-dias-de-lluvias-regresa-el-sol-a-las-sierras\/#primaryimage\",\"url\":\"https:\/\/www.noticiasradioreflejos.com.ar\/2021\/wp-content\/uploads\/2022\/07\/Amanece-en-sierra.jpeg\",\"contentUrl\":\"https:\/\/www.noticiasradioreflejos.com.ar\/2021\/wp-content\/uploads\/2022\/07\/Amanece-en-sierra.jpeg\",\"width\":1600,\"height\":720},{\"@type\":\"BreadcrumbList\",\"@id\":\"https:\/\/www.noticiasradioreflejos.com.ar\/2021\/luego-de-3-dias-de-lluvias-regresa-el-sol-a-las-sierras\/#breadcrumb\",\"itemListElement\":[{\"@type\":\"ListItem\",\"position\":1,\"name\":\"Portada\",\"item\":\"https:\/\/www.noticiasradioreflejos.com.ar\/2021\/\"},{\"@type\":\"ListItem\",\"position\":2,\"name\":\"Luego de 3 d\u00edas de lluvias regresa el sol a las sierras.\"}]},{\"@type\":\"WebSite\",\"@id\":\"https:\/\/www.noticiasradioreflejos.com.ar\/2021\/#website\",\"url\":\"https:\/\/www.noticiasradioreflejos.com.ar\/2021\/\",\"name\":\"Noticias Radio Reflejos\",\"description\":\"Las noticias de mi comarca\",\"potentialAction\":[{\"@type\":\"SearchAction\",\"target\":{\"@type\":\"EntryPoint\",\"urlTemplate\":\"https:\/\/www.noticiasradioreflejos.com.ar\/2021\/?s={search_term_string}\"},\"query-input\":{\"@type\":\"PropertyValueSpecification\",\"valueRequired\":true,\"valueName\":\"search_term_string\"}}],\"inLanguage\":\"es\"},{\"@type\":\"Person\",\"@id\":\"https:\/\/www.noticiasradioreflejos.com.ar\/2021\/#\/schema\/person\/ad82545263dcc5ec0996818884fd5fb1\",\"name\":\"Arnaldo Botto\",\"image\":{\"@type\":\"ImageObject\",\"inLanguage\":\"es\",\"@id\":\"https:\/\/www.noticiasradioreflejos.com.ar\/2021\/#\/schema\/person\/image\/\",\"url\":\"https:\/\/secure.gravatar.com\/avatar\/55cb5e37c1efa326397366e6974cb338056df65cb50e7d64d1cf314e87504837?s=96&d=mm&r=g\",\"contentUrl\":\"https:\/\/secure.gravatar.com\/avatar\/55cb5e37c1efa326397366e6974cb338056df65cb50e7d64d1cf314e87504837?s=96&d=mm&r=g\",\"caption\":\"Arnaldo Botto\"},\"url\":\"https:\/\/www.noticiasradioreflejos.com.ar\/2021\/author\/arnaldo\/\"}]}<\/script>\n<!-- \/ Yoast SEO plugin. -->","yoast_head_json":{"title":"Luego de 3 d\u00edas de lluvias regresa el sol a las sierras. - Noticias Radio Reflejos","robots":{"index":"index","follow":"follow","max-snippet":"max-snippet:-1","max-image-preview":"max-image-preview:large","max-video-preview":"max-video-preview:-1"},"canonical":"https:\/\/www.noticiasradioreflejos.com.ar\/2021\/luego-de-3-dias-de-lluvias-regresa-el-sol-a-las-sierras\/","og_locale":"es_ES","og_type":"article","og_title":"Luego de 3 d\u00edas de lluvias regresa el sol a las sierras. - Noticias Radio Reflejos","og_description":"El viento del sector sudoeste que comenz\u00f3 a soplar cerca de la medianoche despej\u00f3 el cielo de la comarca donde las lluvias acumularon variados registros.","og_url":"https:\/\/www.noticiasradioreflejos.com.ar\/2021\/luego-de-3-dias-de-lluvias-regresa-el-sol-a-las-sierras\/","og_site_name":"Noticias Radio Reflejos","article_published_time":"2022-07-28T11:34:45+00:00","article_modified_time":"2022-07-28T14:28:27+00:00","og_image":[{"width":1600,"height":720,"url":"https:\/\/www.noticiasradioreflejos.com.ar\/2021\/wp-content\/uploads\/2022\/07\/Amanece-en-sierra.jpeg","type":"image\/jpeg"}],"author":"Arnaldo Botto","twitter_card":"summary_large_image","schema":{"@context":"https:\/\/schema.org","@graph":[{"@type":"WebPage","@id":"https:\/\/www.noticiasradioreflejos.com.ar\/2021\/luego-de-3-dias-de-lluvias-regresa-el-sol-a-las-sierras\/","url":"https:\/\/www.noticiasradioreflejos.com.ar\/2021\/luego-de-3-dias-de-lluvias-regresa-el-sol-a-las-sierras\/","name":"Luego de 3 d\u00edas de lluvias regresa el sol a las sierras. - Noticias Radio Reflejos","isPartOf":{"@id":"https:\/\/www.noticiasradioreflejos.com.ar\/2021\/#website"},"primaryImageOfPage":{"@id":"https:\/\/www.noticiasradioreflejos.com.ar\/2021\/luego-de-3-dias-de-lluvias-regresa-el-sol-a-las-sierras\/#primaryimage"},"image":{"@id":"https:\/\/www.noticiasradioreflejos.com.ar\/2021\/luego-de-3-dias-de-lluvias-regresa-el-sol-a-las-sierras\/#primaryimage"},"thumbnailUrl":"https:\/\/www.noticiasradioreflejos.com.ar\/2021\/wp-content\/uploads\/2022\/07\/Amanece-en-sierra.jpeg","datePublished":"2022-07-28T11:34:45+00:00","dateModified":"2022-07-28T14:28:27+00:00","author":{"@id":"https:\/\/www.noticiasradioreflejos.com.ar\/2021\/#\/schema\/person\/ad82545263dcc5ec0996818884fd5fb1"},"breadcrumb":{"@id":"https:\/\/www.noticiasradioreflejos.com.ar\/2021\/luego-de-3-dias-de-lluvias-regresa-el-sol-a-las-sierras\/#breadcrumb"},"inLanguage":"es","potentialAction":[{"@type":"ReadAction","target":["https:\/\/www.noticiasradioreflejos.com.ar\/2021\/luego-de-3-dias-de-lluvias-regresa-el-sol-a-las-sierras\/"]}]},{"@type":"ImageObject","inLanguage":"es","@id":"https:\/\/www.noticiasradioreflejos.com.ar\/2021\/luego-de-3-dias-de-lluvias-regresa-el-sol-a-las-sierras\/#primaryimage","url":"https:\/\/www.noticiasradioreflejos.com.ar\/2021\/wp-content\/uploads\/2022\/07\/Amanece-en-sierra.jpeg","contentUrl":"https:\/\/www.noticiasradioreflejos.com.ar\/2021\/wp-content\/uploads\/2022\/07\/Amanece-en-sierra.jpeg","width":1600,"height":720},{"@type":"BreadcrumbList","@id":"https:\/\/www.noticiasradioreflejos.com.ar\/2021\/luego-de-3-dias-de-lluvias-regresa-el-sol-a-las-sierras\/#breadcrumb","itemListElement":[{"@type":"ListItem","position":1,"name":"Portada","item":"https:\/\/www.noticiasradioreflejos.com.ar\/2021\/"},{"@type":"ListItem","position":2,"name":"Luego de 3 d\u00edas de lluvias regresa el sol a las sierras."}]},{"@type":"WebSite","@id":"https:\/\/www.noticiasradioreflejos.com.ar\/2021\/#website","url":"https:\/\/www.noticiasradioreflejos.com.ar\/2021\/","name":"Noticias Radio Reflejos","description":"Las noticias de mi comarca","potentialAction":[{"@type":"SearchAction","target":{"@type":"EntryPoint","urlTemplate":"https:\/\/www.noticiasradioreflejos.com.ar\/2021\/?s={search_term_string}"},"query-input":{"@type":"PropertyValueSpecification","valueRequired":true,"valueName":"search_term_string"}}],"inLanguage":"es"},{"@type":"Person","@id":"https:\/\/www.noticiasradioreflejos.com.ar\/2021\/#\/schema\/person\/ad82545263dcc5ec0996818884fd5fb1","name":"Arnaldo Botto","image":{"@type":"ImageObject","inLanguage":"es","@id":"https:\/\/www.noticiasradioreflejos.com.ar\/2021\/#\/schema\/person\/image\/","url":"https:\/\/secure.gravatar.com\/avatar\/55cb5e37c1efa326397366e6974cb338056df65cb50e7d64d1cf314e87504837?s=96&d=mm&r=g","contentUrl":"https:\/\/secure.gravatar.com\/avatar\/55cb5e37c1efa326397366e6974cb338056df65cb50e7d64d1cf314e87504837?s=96&d=mm&r=g","caption":"Arnaldo Botto"},"url":"https:\/\/www.noticiasradioreflejos.com.ar\/2021\/author\/arnaldo\/"}]}},"_links":{"self":[{"href":"https:\/\/www.noticiasradioreflejos.com.ar\/2021\/wp-json\/wp\/v2\/posts\/75623","targetHints":{"allow":["GET"]}}],"collection":[{"href":"https:\/\/www.noticiasradioreflejos.com.ar\/2021\/wp-json\/wp\/v2\/posts"}],"about":[{"href":"https:\/\/www.noticiasradioreflejos.com.ar\/2021\/wp-json\/wp\/v2\/types\/post"}],"author":[{"embeddable":true,"href":"https:\/\/www.noticiasradioreflejos.com.ar\/2021\/wp-json\/wp\/v2\/users\/3"}],"replies":[{"embeddable":true,"href":"https:\/\/www.noticiasradioreflejos.com.ar\/2021\/wp-json\/wp\/v2\/comments?post=75623"}],"version-history":[{"count":4,"href":"https:\/\/www.noticiasradioreflejos.com.ar\/2021\/wp-json\/wp\/v2\/posts\/75623\/revisions"}],"predecessor-version":[{"id":75641,"href":"https:\/\/www.noticiasradioreflejos.com.ar\/2021\/wp-json\/wp\/v2\/posts\/75623\/revisions\/75641"}],"wp:featuredmedia":[{"embeddable":true,"href":"https:\/\/www.noticiasradioreflejos.com.ar\/2021\/wp-json\/wp\/v2\/media\/75626"}],"wp:attachment":[{"href":"https:\/\/www.noticiasradioreflejos.com.ar\/2021\/wp-json\/wp\/v2\/media?parent=75623"}],"wp:term":[{"taxonomy":"category","embeddable":true,"href":"https:\/\/www.noticiasradioreflejos.com.ar\/2021\/wp-json\/wp\/v2\/categories?post=75623"},{"taxonomy":"post_tag","embeddable":true,"href":"https:\/\/www.noticiasradioreflejos.com.ar\/2021\/wp-json\/wp\/v2\/tags?post=75623"}],"curies":[{"name":"wp","href":"https:\/\/api.w.org\/{rel}","templated":true}]}}