{"id":75582,"date":"2022-07-27T16:47:44","date_gmt":"2022-07-27T16:47:44","guid":{"rendered":"http:\/\/www.noticiasradioreflejos.com.ar\/2021\/?p=75582"},"modified":"2022-07-27T16:47:44","modified_gmt":"2022-07-27T16:47:44","slug":"espana-aprobo-incorporar-extranjeros-sin-papeles-al-mercado-laboral","status":"publish","type":"post","link":"https:\/\/www.noticiasradioreflejos.com.ar\/2021\/espana-aprobo-incorporar-extranjeros-sin-papeles-al-mercado-laboral\/","title":{"rendered":"Espa\u00f1a aprob\u00f3 incorporar extranjeros sin papeles al mercado laboral"},"content":{"rendered":"<p>La medida flexibiliza los requerimientos para regularizar la situaci\u00f3n de miles de inmigrantes y tambi\u00e9n la contrataci\u00f3n de extranjeros en otros pa\u00edses.<!--more--><\/p>\n<p>El Consejo de Ministros de Espa\u00f1a aprob\u00f3 este martes la reforma del reglamento de la Ley de Extranjer\u00eda que hab\u00eda sido anunciada hace tres semanas y que permitir\u00e1 incorporar miles de extranjeros al mercado laboral.<\/p>\n<p>La iniciativa pretende facilitar a los empresarios la contrataci\u00f3n de extranjeros en sus pa\u00edses de origen y abre nuevas v\u00edas para que los inmigrantes que ya vivan en Espa\u00f1a puedan regularizarse y trabajar. Entre los argumentos para llevar a cabo esta medida est\u00e1 la idea de aflorar la econom\u00eda sumergida y paliar la falta de mano de obra en sectores clave, desde el transporte y la construcci\u00f3n, pasando por la hosteler\u00eda o la digitalizaci\u00f3n. El Real Decreto que recoger\u00e1 la reforma, se publicar\u00e1 este mi\u00e9rcoles en el Bolet\u00edn Oficial del Estado y entrar\u00e1 en vigor en 20 d\u00edas.<\/p>\n<p>Su impacto puede alcanzar a decenas de miles de personas, entre ellos muchos argentinos. Fuentes del Ministerio de Inclusi\u00f3n, Seguridad Social y Migraciones celebraron la aprobaci\u00f3n de la reforma como una forma de mejorar el modelo migratorio espa\u00f1ol que incentiva la econom\u00eda sumergida y que manten\u00eda modelos de contrataci\u00f3n y de regularizaci\u00f3n r\u00edgidos e infrautilizados.<\/p>\n<p>La medida contempla un abanico de peque\u00f1as modificaciones t\u00e9cnicas que har\u00e1n algo m\u00e1s f\u00e1cil emprender, reagrupar a familiares o regularizarse cuando se est\u00e1 trabajando en la clandestinidad, pero trae, sobre todo, novedades importantes en tres \u00e1mbitos clave para avanzar en un cambio de la pol\u00edtica migratoria.<\/p>\n<p>A partir de la aprobaci\u00f3n del texto, se ofrecer\u00e1 a estos trabajadores una autorizaci\u00f3n de trabajo de cuatro a\u00f1os que les permitir\u00e1 emplearse nueve meses por cada ejercicio. Si los trabajadores vuelven a sus pa\u00edses en cada final de temporada, se los premiar\u00e1 con una autorizaci\u00f3n de residencia y trabajo de dos a\u00f1os, prorrogables, con la que podr\u00e1n vivir y trabajar en Espa\u00f1a por cuenta ajena y propia.<\/p>\n<p>Cambia tambi\u00e9n el modelo de contrataci\u00f3n de profesionales desde sus pa\u00edses que en Espa\u00f1a est\u00e1 determinado por un cat\u00e1logo de ocupaciones de dif\u00edcil cobertura que no responde a la realidad. Seg\u00fan esta lista, el pa\u00eds, b\u00e1sicamente, solo necesita personal de buque y entrenadores y deportistas de \u00e9lite. El nuevo reglamento implica cambiar la manera en la que se elabora este cat\u00e1logo, actualizarlo cada tres meses, reducir plazos y flexibilizar la contrataci\u00f3n en sectores que determinar\u00e1, seg\u00fan la coyuntura, el Ministerio de Asuntos Econ\u00f3micos.<\/p>\n<p>Fuente: El Pa\u00eds.<\/p>\n","protected":false},"excerpt":{"rendered":"<p>La medida flexibiliza los requerimientos para regularizar la situaci\u00f3n de miles de inmigrantes y tambi\u00e9n la contrataci\u00f3n de extranjeros en otros pa\u00edses.<\/p>\n","protected":false},"author":3,"featured_media":0,"comment_status":"closed","ping_status":"closed","sticky":false,"template":"","format":"standard","meta":{"footnotes":""},"categories":[24,26],"tags":[],"class_list":["post-75582","post","type-post","status-publish","format-standard","hentry","category-politica","category-sociedad"],"yoast_head":"<!-- This site is optimized with the Yoast SEO plugin v25.9 - https:\/\/yoast.com\/wordpress\/plugins\/seo\/ -->\n<title>Espa\u00f1a aprob\u00f3 incorporar extranjeros sin papeles al mercado laboral - Noticias Radio Reflejos<\/title>\n<meta name=\"robots\" content=\"index, follow, max-snippet:-1, max-image-preview:large, max-video-preview:-1\" \/>\n<link rel=\"canonical\" href=\"https:\/\/www.noticiasradioreflejos.com.ar\/2021\/espana-aprobo-incorporar-extranjeros-sin-papeles-al-mercado-laboral\/\" \/>\n<meta property=\"og:locale\" content=\"es_ES\" \/>\n<meta property=\"og:type\" content=\"article\" \/>\n<meta property=\"og:title\" content=\"Espa\u00f1a aprob\u00f3 incorporar extranjeros sin papeles al mercado laboral - Noticias Radio Reflejos\" \/>\n<meta property=\"og:description\" content=\"La medida flexibiliza los requerimientos para regularizar la situaci\u00f3n de miles de inmigrantes y tambi\u00e9n la contrataci\u00f3n de extranjeros en otros pa\u00edses.\" \/>\n<meta property=\"og:url\" content=\"https:\/\/www.noticiasradioreflejos.com.ar\/2021\/espana-aprobo-incorporar-extranjeros-sin-papeles-al-mercado-laboral\/\" \/>\n<meta property=\"og:site_name\" content=\"Noticias Radio Reflejos\" \/>\n<meta property=\"article:published_time\" content=\"2022-07-27T16:47:44+00:00\" \/>\n<meta property=\"og:image\" content=\"https:\/\/www.noticiasradioreflejos.com.ar\/2021\/wp-content\/uploads\/2021\/07\/logosol300x200.png\" \/>\n\t<meta property=\"og:image:width\" content=\"300\" \/>\n\t<meta property=\"og:image:height\" content=\"200\" \/>\n\t<meta property=\"og:image:type\" content=\"image\/png\" \/>\n<meta name=\"author\" content=\"Arnaldo Botto\" \/>\n<meta name=\"twitter:card\" content=\"summary_large_image\" \/>\n<script type=\"application\/ld+json\" class=\"yoast-schema-graph\">{\"@context\":\"https:\/\/schema.org\",\"@graph\":[{\"@type\":\"WebPage\",\"@id\":\"https:\/\/www.noticiasradioreflejos.com.ar\/2021\/espana-aprobo-incorporar-extranjeros-sin-papeles-al-mercado-laboral\/\",\"url\":\"https:\/\/www.noticiasradioreflejos.com.ar\/2021\/espana-aprobo-incorporar-extranjeros-sin-papeles-al-mercado-laboral\/\",\"name\":\"Espa\u00f1a aprob\u00f3 incorporar extranjeros sin papeles al mercado laboral - Noticias Radio Reflejos\",\"isPartOf\":{\"@id\":\"https:\/\/www.noticiasradioreflejos.com.ar\/2021\/#website\"},\"datePublished\":\"2022-07-27T16:47:44+00:00\",\"author\":{\"@id\":\"https:\/\/www.noticiasradioreflejos.com.ar\/2021\/#\/schema\/person\/ad82545263dcc5ec0996818884fd5fb1\"},\"breadcrumb\":{\"@id\":\"https:\/\/www.noticiasradioreflejos.com.ar\/2021\/espana-aprobo-incorporar-extranjeros-sin-papeles-al-mercado-laboral\/#breadcrumb\"},\"inLanguage\":\"es\",\"potentialAction\":[{\"@type\":\"ReadAction\",\"target\":[\"https:\/\/www.noticiasradioreflejos.com.ar\/2021\/espana-aprobo-incorporar-extranjeros-sin-papeles-al-mercado-laboral\/\"]}]},{\"@type\":\"BreadcrumbList\",\"@id\":\"https:\/\/www.noticiasradioreflejos.com.ar\/2021\/espana-aprobo-incorporar-extranjeros-sin-papeles-al-mercado-laboral\/#breadcrumb\",\"itemListElement\":[{\"@type\":\"ListItem\",\"position\":1,\"name\":\"Portada\",\"item\":\"https:\/\/www.noticiasradioreflejos.com.ar\/2021\/\"},{\"@type\":\"ListItem\",\"position\":2,\"name\":\"Espa\u00f1a aprob\u00f3 incorporar extranjeros sin papeles al mercado laboral\"}]},{\"@type\":\"WebSite\",\"@id\":\"https:\/\/www.noticiasradioreflejos.com.ar\/2021\/#website\",\"url\":\"https:\/\/www.noticiasradioreflejos.com.ar\/2021\/\",\"name\":\"Noticias Radio Reflejos\",\"description\":\"Las noticias de mi comarca\",\"potentialAction\":[{\"@type\":\"SearchAction\",\"target\":{\"@type\":\"EntryPoint\",\"urlTemplate\":\"https:\/\/www.noticiasradioreflejos.com.ar\/2021\/?s={search_term_string}\"},\"query-input\":{\"@type\":\"PropertyValueSpecification\",\"valueRequired\":true,\"valueName\":\"search_term_string\"}}],\"inLanguage\":\"es\"},{\"@type\":\"Person\",\"@id\":\"https:\/\/www.noticiasradioreflejos.com.ar\/2021\/#\/schema\/person\/ad82545263dcc5ec0996818884fd5fb1\",\"name\":\"Arnaldo Botto\",\"image\":{\"@type\":\"ImageObject\",\"inLanguage\":\"es\",\"@id\":\"https:\/\/www.noticiasradioreflejos.com.ar\/2021\/#\/schema\/person\/image\/\",\"url\":\"https:\/\/secure.gravatar.com\/avatar\/55cb5e37c1efa326397366e6974cb338056df65cb50e7d64d1cf314e87504837?s=96&d=mm&r=g\",\"contentUrl\":\"https:\/\/secure.gravatar.com\/avatar\/55cb5e37c1efa326397366e6974cb338056df65cb50e7d64d1cf314e87504837?s=96&d=mm&r=g\",\"caption\":\"Arnaldo Botto\"},\"url\":\"https:\/\/www.noticiasradioreflejos.com.ar\/2021\/author\/arnaldo\/\"}]}<\/script>\n<!-- \/ Yoast SEO plugin. -->","yoast_head_json":{"title":"Espa\u00f1a aprob\u00f3 incorporar extranjeros sin papeles al mercado laboral - Noticias Radio Reflejos","robots":{"index":"index","follow":"follow","max-snippet":"max-snippet:-1","max-image-preview":"max-image-preview:large","max-video-preview":"max-video-preview:-1"},"canonical":"https:\/\/www.noticiasradioreflejos.com.ar\/2021\/espana-aprobo-incorporar-extranjeros-sin-papeles-al-mercado-laboral\/","og_locale":"es_ES","og_type":"article","og_title":"Espa\u00f1a aprob\u00f3 incorporar extranjeros sin papeles al mercado laboral - Noticias Radio Reflejos","og_description":"La medida flexibiliza los requerimientos para regularizar la situaci\u00f3n de miles de inmigrantes y tambi\u00e9n la contrataci\u00f3n de extranjeros en otros pa\u00edses.","og_url":"https:\/\/www.noticiasradioreflejos.com.ar\/2021\/espana-aprobo-incorporar-extranjeros-sin-papeles-al-mercado-laboral\/","og_site_name":"Noticias Radio Reflejos","article_published_time":"2022-07-27T16:47:44+00:00","og_image":[{"width":300,"height":200,"url":"https:\/\/www.noticiasradioreflejos.com.ar\/2021\/wp-content\/uploads\/2021\/07\/logosol300x200.png","type":"image\/png"}],"author":"Arnaldo Botto","twitter_card":"summary_large_image","schema":{"@context":"https:\/\/schema.org","@graph":[{"@type":"WebPage","@id":"https:\/\/www.noticiasradioreflejos.com.ar\/2021\/espana-aprobo-incorporar-extranjeros-sin-papeles-al-mercado-laboral\/","url":"https:\/\/www.noticiasradioreflejos.com.ar\/2021\/espana-aprobo-incorporar-extranjeros-sin-papeles-al-mercado-laboral\/","name":"Espa\u00f1a aprob\u00f3 incorporar extranjeros sin papeles al mercado laboral - Noticias Radio Reflejos","isPartOf":{"@id":"https:\/\/www.noticiasradioreflejos.com.ar\/2021\/#website"},"datePublished":"2022-07-27T16:47:44+00:00","author":{"@id":"https:\/\/www.noticiasradioreflejos.com.ar\/2021\/#\/schema\/person\/ad82545263dcc5ec0996818884fd5fb1"},"breadcrumb":{"@id":"https:\/\/www.noticiasradioreflejos.com.ar\/2021\/espana-aprobo-incorporar-extranjeros-sin-papeles-al-mercado-laboral\/#breadcrumb"},"inLanguage":"es","potentialAction":[{"@type":"ReadAction","target":["https:\/\/www.noticiasradioreflejos.com.ar\/2021\/espana-aprobo-incorporar-extranjeros-sin-papeles-al-mercado-laboral\/"]}]},{"@type":"BreadcrumbList","@id":"https:\/\/www.noticiasradioreflejos.com.ar\/2021\/espana-aprobo-incorporar-extranjeros-sin-papeles-al-mercado-laboral\/#breadcrumb","itemListElement":[{"@type":"ListItem","position":1,"name":"Portada","item":"https:\/\/www.noticiasradioreflejos.com.ar\/2021\/"},{"@type":"ListItem","position":2,"name":"Espa\u00f1a aprob\u00f3 incorporar extranjeros sin papeles al mercado laboral"}]},{"@type":"WebSite","@id":"https:\/\/www.noticiasradioreflejos.com.ar\/2021\/#website","url":"https:\/\/www.noticiasradioreflejos.com.ar\/2021\/","name":"Noticias Radio Reflejos","description":"Las noticias de mi comarca","potentialAction":[{"@type":"SearchAction","target":{"@type":"EntryPoint","urlTemplate":"https:\/\/www.noticiasradioreflejos.com.ar\/2021\/?s={search_term_string}"},"query-input":{"@type":"PropertyValueSpecification","valueRequired":true,"valueName":"search_term_string"}}],"inLanguage":"es"},{"@type":"Person","@id":"https:\/\/www.noticiasradioreflejos.com.ar\/2021\/#\/schema\/person\/ad82545263dcc5ec0996818884fd5fb1","name":"Arnaldo Botto","image":{"@type":"ImageObject","inLanguage":"es","@id":"https:\/\/www.noticiasradioreflejos.com.ar\/2021\/#\/schema\/person\/image\/","url":"https:\/\/secure.gravatar.com\/avatar\/55cb5e37c1efa326397366e6974cb338056df65cb50e7d64d1cf314e87504837?s=96&d=mm&r=g","contentUrl":"https:\/\/secure.gravatar.com\/avatar\/55cb5e37c1efa326397366e6974cb338056df65cb50e7d64d1cf314e87504837?s=96&d=mm&r=g","caption":"Arnaldo Botto"},"url":"https:\/\/www.noticiasradioreflejos.com.ar\/2021\/author\/arnaldo\/"}]}},"_links":{"self":[{"href":"https:\/\/www.noticiasradioreflejos.com.ar\/2021\/wp-json\/wp\/v2\/posts\/75582","targetHints":{"allow":["GET"]}}],"collection":[{"href":"https:\/\/www.noticiasradioreflejos.com.ar\/2021\/wp-json\/wp\/v2\/posts"}],"about":[{"href":"https:\/\/www.noticiasradioreflejos.com.ar\/2021\/wp-json\/wp\/v2\/types\/post"}],"author":[{"embeddable":true,"href":"https:\/\/www.noticiasradioreflejos.com.ar\/2021\/wp-json\/wp\/v2\/users\/3"}],"replies":[{"embeddable":true,"href":"https:\/\/www.noticiasradioreflejos.com.ar\/2021\/wp-json\/wp\/v2\/comments?post=75582"}],"version-history":[{"count":2,"href":"https:\/\/www.noticiasradioreflejos.com.ar\/2021\/wp-json\/wp\/v2\/posts\/75582\/revisions"}],"predecessor-version":[{"id":75591,"href":"https:\/\/www.noticiasradioreflejos.com.ar\/2021\/wp-json\/wp\/v2\/posts\/75582\/revisions\/75591"}],"wp:attachment":[{"href":"https:\/\/www.noticiasradioreflejos.com.ar\/2021\/wp-json\/wp\/v2\/media?parent=75582"}],"wp:term":[{"taxonomy":"category","embeddable":true,"href":"https:\/\/www.noticiasradioreflejos.com.ar\/2021\/wp-json\/wp\/v2\/categories?post=75582"},{"taxonomy":"post_tag","embeddable":true,"href":"https:\/\/www.noticiasradioreflejos.com.ar\/2021\/wp-json\/wp\/v2\/tags?post=75582"}],"curies":[{"name":"wp","href":"https:\/\/api.w.org\/{rel}","templated":true}]}}