{"id":75575,"date":"2022-07-27T12:10:18","date_gmt":"2022-07-27T12:10:18","guid":{"rendered":"http:\/\/www.noticiasradioreflejos.com.ar\/2021\/?p=75575"},"modified":"2022-07-27T12:10:18","modified_gmt":"2022-07-27T12:10:18","slug":"chubut-declaro-la-emergencia-climatica-en-las-zonas-afectadas-por-el-temporal-de-nieve","status":"publish","type":"post","link":"https:\/\/www.noticiasradioreflejos.com.ar\/2021\/chubut-declaro-la-emergencia-climatica-en-las-zonas-afectadas-por-el-temporal-de-nieve\/","title":{"rendered":"Chubut declar\u00f3 la emergencia clim\u00e1tica en las zonas afectadas por el temporal de nieve"},"content":{"rendered":"<p>As\u00ed lo anunci\u00f3 el gobernador Mariano Arcioni y precis\u00f3 que \u00abse afectar\u00e1 una partida de recursos provinciales por 70 millones de pesos que se est\u00e1n depositando en las cuentas de los municipios y comunas rurales\u00bb.<!--more--><\/p>\n<p>El Gobierno de Chubut declar\u00f3 la \u00abemergencia clim\u00e1tica\u00bb por 30 d\u00edas para localidades de la comarca andina y de la meseta central que se vieron afectadas por intensas lluvias y nevadas, en tanto contin\u00faa la suspensi\u00f3n de las clases en gran parte de la provincia.<\/p>\n<p>\u00abHemos decidido declarar la emergencia clim\u00e1tica por 30 d\u00edas en las zonas de la provincia afectadas por intensas precipitaciones y nevadas\u00bb, inform\u00f3 el gobernador Mariano Arcioni y anunci\u00f3 que \u00abse afectar\u00e1 una partida de recursos provinciales por 70 millones de pesos que se est\u00e1n depositando en las cuentas de los municipios y comunas rurales\u00bb.<\/p>\n<p>Seg\u00fan precis\u00f3 la Subsecretar\u00eda de Informaci\u00f3n P\u00fablica chubutense,\u00a0<strong>\u00abla emergencia abarca una vasta zona que va desde R\u00edo Pico hacia Lago Puelo, en la comarca andina, y varias localidades de la meseta central, incluyendo a Paso de Indios y Tecka\u201d.<\/strong><\/p>\n<p>El gobernador\u00a0<strong>no descart\u00f3 solicitar ayuda al Gobierno nacional\u00a0<\/strong>para asistir a las zonas afectadas para completar la ayuda con recursos propios de la provincia.<\/p>\n<p>Por su parte, el ministro de Seguridad provincial, H\u00e9ctor Miguel Castro, quien coordina la labor de los distintos organismos para contener los efectos de la ola de fr\u00edo, indic\u00f3 a T\u00e9lam que \u00abpor suerte no tenemos evacuados ni casos graves\u00bb.<\/p>\n<p>\u00abEl temporal ha sido muy fuerte y de eso doy fe porque hace 25 a\u00f1os que vivo en Cholila (comarca andina) y\u00a0<strong>pocas veces en mi vida vi tanta nieve acumulada<\/strong>, pero todo se va solucionando gracias al compromiso de los trabajadores estatales, sobre todo del \u00e1rea de servicios p\u00fablicos\u00bb, afirm\u00f3.<\/p>\n<figure class=\"mb-3\"><img decoding=\"async\" src=\"https:\/\/www.telam.com.ar\/thumbs\/bluesteel\/advf\/imagenes\/2022\/07\/62dc79ec863d4_900.jpg\" alt=\"En la zona afectada por la ola de fro operan efectivos de Vialidad Nacional y provincial con maquinaria pesada Foto Lago Puelo Gentileza Gioia Claro\" width=\"100%\" height=\"100%\" \/><\/p>\n<div class=\"media-icons\"><\/div><figcaption>En la zona afectada por la ola de fr\u00edo operan efectivos de Vialidad Nacional y provincial con maquinaria pesada. Foto: Lago Puelo Gentileza Gioia Claro.<\/figcaption><\/figure>\n<p>Castro explic\u00f3 que \u00ablas cuadrillas debieron abocarse a la tarea de energizar varias localidades que se hab\u00edan quedado sin luz y consecuentemente dejaron de potabilizar agua y quedaron incomunicados con la telefon\u00eda m\u00f3vil, pero todo se va recuperando de a poco\u00bb.<\/p>\n<p><strong>En la zona afectada por la ola de fr\u00edo operan efectivos de Vialidad Nacional y provincial con maquinaria pesada<\/strong>\u00a0para el despeje de las rutas bloqueadas por la nieve, con apoyo de la Subsecretar\u00eda de Protecci\u00f3n Civil y la Direcci\u00f3n de Bosques que aportan recursos humanos y material para extraer los \u00e1rboles ca\u00eddos sobre la traza vial.<\/p>\n<p>Por su parte, la ministra de Desarrollo Social y Familia del Chubut, Mirta Simone, indic\u00f3 a T\u00e9lam que su \u00e1rea intervendr\u00e1 \u00aben la segunda fase, que es la de llegar a las familias vulnerables ni bien disminuyan los efectos clim\u00e1ticos\u00bb, pero destac\u00f3 que ya se dio \u00abel primer paso reforzando las partidas para el llamado Plan Calor\u00bb.<\/p>\n<p>La funcionaria reconoci\u00f3 que \u00aba veces no alcanza solo con enviar recursos porque en muchos casos en el territorio no hay elementos para comprar, como por ejemplo velas, que a uno le parece un elemento menor en la vida cotidiana pero es vital en situaciones de lejan\u00eda, falta de combustible o cortes de energ\u00eda\u00bb.<\/p>\n<p>Adem\u00e1s, el Ministerio de Educaci\u00f3n del Chubut inform\u00f3 que<strong>\u00a0se extiende la suspensi\u00f3n de clases tambi\u00e9n este mi\u00e9rcoles para todas las escuelas de la Regi\u00f3n I y III, y parcialmente para establecimientos de la Regi\u00f3n IV y V.<\/strong><\/p>\n<p>Las vacaciones de invierno en el sistema educativo del Chubut terminaron el viernes, por lo que el lunes de esta semana debi\u00f3 darse el regreso a clases, lo que no ocurri\u00f3 hasta el momento en las escuelas afectadas.<\/p>\n","protected":false},"excerpt":{"rendered":"<p>As\u00ed lo anunci\u00f3 el gobernador Mariano Arcioni y precis\u00f3 que \u00abse afectar\u00e1 una partida de recursos provinciales por 70 millones de pesos que se est\u00e1n depositando en las cuentas de los municipios y comunas rurales\u00bb.<\/p>\n","protected":false},"author":3,"featured_media":0,"comment_status":"closed","ping_status":"closed","sticky":false,"template":"","format":"standard","meta":{"footnotes":""},"categories":[26],"tags":[48],"class_list":["post-75575","post","type-post","status-publish","format-standard","hentry","category-sociedad","tag-destacada"],"yoast_head":"<!-- This site is optimized with the Yoast SEO plugin v25.9 - https:\/\/yoast.com\/wordpress\/plugins\/seo\/ -->\n<title>Chubut declar\u00f3 la emergencia clim\u00e1tica en las zonas afectadas por el temporal de nieve - Noticias Radio Reflejos<\/title>\n<meta name=\"robots\" content=\"index, follow, max-snippet:-1, max-image-preview:large, max-video-preview:-1\" \/>\n<link rel=\"canonical\" href=\"https:\/\/www.noticiasradioreflejos.com.ar\/2021\/chubut-declaro-la-emergencia-climatica-en-las-zonas-afectadas-por-el-temporal-de-nieve\/\" \/>\n<meta property=\"og:locale\" content=\"es_ES\" \/>\n<meta property=\"og:type\" content=\"article\" \/>\n<meta property=\"og:title\" content=\"Chubut declar\u00f3 la emergencia clim\u00e1tica en las zonas afectadas por el temporal de nieve - Noticias Radio Reflejos\" \/>\n<meta property=\"og:description\" content=\"As\u00ed lo anunci\u00f3 el gobernador Mariano Arcioni y precis\u00f3 que \u00abse afectar\u00e1 una partida de recursos provinciales por 70 millones de pesos que se est\u00e1n depositando en las cuentas de los municipios y comunas rurales\u00bb.\" \/>\n<meta property=\"og:url\" content=\"https:\/\/www.noticiasradioreflejos.com.ar\/2021\/chubut-declaro-la-emergencia-climatica-en-las-zonas-afectadas-por-el-temporal-de-nieve\/\" \/>\n<meta property=\"og:site_name\" content=\"Noticias Radio Reflejos\" \/>\n<meta property=\"article:published_time\" content=\"2022-07-27T12:10:18+00:00\" \/>\n<meta property=\"og:image\" content=\"https:\/\/www.telam.com.ar\/thumbs\/bluesteel\/advf\/imagenes\/2022\/07\/62dc79ec863d4_900.jpg\" \/>\n<meta name=\"author\" content=\"Arnaldo Botto\" \/>\n<meta name=\"twitter:card\" content=\"summary_large_image\" \/>\n<script type=\"application\/ld+json\" class=\"yoast-schema-graph\">{\"@context\":\"https:\/\/schema.org\",\"@graph\":[{\"@type\":\"WebPage\",\"@id\":\"https:\/\/www.noticiasradioreflejos.com.ar\/2021\/chubut-declaro-la-emergencia-climatica-en-las-zonas-afectadas-por-el-temporal-de-nieve\/\",\"url\":\"https:\/\/www.noticiasradioreflejos.com.ar\/2021\/chubut-declaro-la-emergencia-climatica-en-las-zonas-afectadas-por-el-temporal-de-nieve\/\",\"name\":\"Chubut declar\u00f3 la emergencia clim\u00e1tica en las zonas afectadas por el temporal de nieve - Noticias Radio Reflejos\",\"isPartOf\":{\"@id\":\"https:\/\/www.noticiasradioreflejos.com.ar\/2021\/#website\"},\"primaryImageOfPage\":{\"@id\":\"https:\/\/www.noticiasradioreflejos.com.ar\/2021\/chubut-declaro-la-emergencia-climatica-en-las-zonas-afectadas-por-el-temporal-de-nieve\/#primaryimage\"},\"image\":{\"@id\":\"https:\/\/www.noticiasradioreflejos.com.ar\/2021\/chubut-declaro-la-emergencia-climatica-en-las-zonas-afectadas-por-el-temporal-de-nieve\/#primaryimage\"},\"thumbnailUrl\":\"https:\/\/www.telam.com.ar\/thumbs\/bluesteel\/advf\/imagenes\/2022\/07\/62dc79ec863d4_900.jpg\",\"datePublished\":\"2022-07-27T12:10:18+00:00\",\"author\":{\"@id\":\"https:\/\/www.noticiasradioreflejos.com.ar\/2021\/#\/schema\/person\/ad82545263dcc5ec0996818884fd5fb1\"},\"breadcrumb\":{\"@id\":\"https:\/\/www.noticiasradioreflejos.com.ar\/2021\/chubut-declaro-la-emergencia-climatica-en-las-zonas-afectadas-por-el-temporal-de-nieve\/#breadcrumb\"},\"inLanguage\":\"es\",\"potentialAction\":[{\"@type\":\"ReadAction\",\"target\":[\"https:\/\/www.noticiasradioreflejos.com.ar\/2021\/chubut-declaro-la-emergencia-climatica-en-las-zonas-afectadas-por-el-temporal-de-nieve\/\"]}]},{\"@type\":\"ImageObject\",\"inLanguage\":\"es\",\"@id\":\"https:\/\/www.noticiasradioreflejos.com.ar\/2021\/chubut-declaro-la-emergencia-climatica-en-las-zonas-afectadas-por-el-temporal-de-nieve\/#primaryimage\",\"url\":\"https:\/\/www.telam.com.ar\/thumbs\/bluesteel\/advf\/imagenes\/2022\/07\/62dc79ec863d4_900.jpg\",\"contentUrl\":\"https:\/\/www.telam.com.ar\/thumbs\/bluesteel\/advf\/imagenes\/2022\/07\/62dc79ec863d4_900.jpg\"},{\"@type\":\"BreadcrumbList\",\"@id\":\"https:\/\/www.noticiasradioreflejos.com.ar\/2021\/chubut-declaro-la-emergencia-climatica-en-las-zonas-afectadas-por-el-temporal-de-nieve\/#breadcrumb\",\"itemListElement\":[{\"@type\":\"ListItem\",\"position\":1,\"name\":\"Portada\",\"item\":\"https:\/\/www.noticiasradioreflejos.com.ar\/2021\/\"},{\"@type\":\"ListItem\",\"position\":2,\"name\":\"Chubut declar\u00f3 la emergencia clim\u00e1tica en las zonas afectadas por el temporal de nieve\"}]},{\"@type\":\"WebSite\",\"@id\":\"https:\/\/www.noticiasradioreflejos.com.ar\/2021\/#website\",\"url\":\"https:\/\/www.noticiasradioreflejos.com.ar\/2021\/\",\"name\":\"Noticias Radio Reflejos\",\"description\":\"Las noticias de mi comarca\",\"potentialAction\":[{\"@type\":\"SearchAction\",\"target\":{\"@type\":\"EntryPoint\",\"urlTemplate\":\"https:\/\/www.noticiasradioreflejos.com.ar\/2021\/?s={search_term_string}\"},\"query-input\":{\"@type\":\"PropertyValueSpecification\",\"valueRequired\":true,\"valueName\":\"search_term_string\"}}],\"inLanguage\":\"es\"},{\"@type\":\"Person\",\"@id\":\"https:\/\/www.noticiasradioreflejos.com.ar\/2021\/#\/schema\/person\/ad82545263dcc5ec0996818884fd5fb1\",\"name\":\"Arnaldo Botto\",\"image\":{\"@type\":\"ImageObject\",\"inLanguage\":\"es\",\"@id\":\"https:\/\/www.noticiasradioreflejos.com.ar\/2021\/#\/schema\/person\/image\/\",\"url\":\"https:\/\/secure.gravatar.com\/avatar\/55cb5e37c1efa326397366e6974cb338056df65cb50e7d64d1cf314e87504837?s=96&d=mm&r=g\",\"contentUrl\":\"https:\/\/secure.gravatar.com\/avatar\/55cb5e37c1efa326397366e6974cb338056df65cb50e7d64d1cf314e87504837?s=96&d=mm&r=g\",\"caption\":\"Arnaldo Botto\"},\"url\":\"https:\/\/www.noticiasradioreflejos.com.ar\/2021\/author\/arnaldo\/\"}]}<\/script>\n<!-- \/ Yoast SEO plugin. -->","yoast_head_json":{"title":"Chubut declar\u00f3 la emergencia clim\u00e1tica en las zonas afectadas por el temporal de nieve - Noticias Radio Reflejos","robots":{"index":"index","follow":"follow","max-snippet":"max-snippet:-1","max-image-preview":"max-image-preview:large","max-video-preview":"max-video-preview:-1"},"canonical":"https:\/\/www.noticiasradioreflejos.com.ar\/2021\/chubut-declaro-la-emergencia-climatica-en-las-zonas-afectadas-por-el-temporal-de-nieve\/","og_locale":"es_ES","og_type":"article","og_title":"Chubut declar\u00f3 la emergencia clim\u00e1tica en las zonas afectadas por el temporal de nieve - Noticias Radio Reflejos","og_description":"As\u00ed lo anunci\u00f3 el gobernador Mariano Arcioni y precis\u00f3 que \u00abse afectar\u00e1 una partida de recursos provinciales por 70 millones de pesos que se est\u00e1n depositando en las cuentas de los municipios y comunas rurales\u00bb.","og_url":"https:\/\/www.noticiasradioreflejos.com.ar\/2021\/chubut-declaro-la-emergencia-climatica-en-las-zonas-afectadas-por-el-temporal-de-nieve\/","og_site_name":"Noticias Radio Reflejos","article_published_time":"2022-07-27T12:10:18+00:00","og_image":[{"url":"https:\/\/www.telam.com.ar\/thumbs\/bluesteel\/advf\/imagenes\/2022\/07\/62dc79ec863d4_900.jpg","type":"","width":"","height":""}],"author":"Arnaldo Botto","twitter_card":"summary_large_image","schema":{"@context":"https:\/\/schema.org","@graph":[{"@type":"WebPage","@id":"https:\/\/www.noticiasradioreflejos.com.ar\/2021\/chubut-declaro-la-emergencia-climatica-en-las-zonas-afectadas-por-el-temporal-de-nieve\/","url":"https:\/\/www.noticiasradioreflejos.com.ar\/2021\/chubut-declaro-la-emergencia-climatica-en-las-zonas-afectadas-por-el-temporal-de-nieve\/","name":"Chubut declar\u00f3 la emergencia clim\u00e1tica en las zonas afectadas por el temporal de nieve - Noticias Radio Reflejos","isPartOf":{"@id":"https:\/\/www.noticiasradioreflejos.com.ar\/2021\/#website"},"primaryImageOfPage":{"@id":"https:\/\/www.noticiasradioreflejos.com.ar\/2021\/chubut-declaro-la-emergencia-climatica-en-las-zonas-afectadas-por-el-temporal-de-nieve\/#primaryimage"},"image":{"@id":"https:\/\/www.noticiasradioreflejos.com.ar\/2021\/chubut-declaro-la-emergencia-climatica-en-las-zonas-afectadas-por-el-temporal-de-nieve\/#primaryimage"},"thumbnailUrl":"https:\/\/www.telam.com.ar\/thumbs\/bluesteel\/advf\/imagenes\/2022\/07\/62dc79ec863d4_900.jpg","datePublished":"2022-07-27T12:10:18+00:00","author":{"@id":"https:\/\/www.noticiasradioreflejos.com.ar\/2021\/#\/schema\/person\/ad82545263dcc5ec0996818884fd5fb1"},"breadcrumb":{"@id":"https:\/\/www.noticiasradioreflejos.com.ar\/2021\/chubut-declaro-la-emergencia-climatica-en-las-zonas-afectadas-por-el-temporal-de-nieve\/#breadcrumb"},"inLanguage":"es","potentialAction":[{"@type":"ReadAction","target":["https:\/\/www.noticiasradioreflejos.com.ar\/2021\/chubut-declaro-la-emergencia-climatica-en-las-zonas-afectadas-por-el-temporal-de-nieve\/"]}]},{"@type":"ImageObject","inLanguage":"es","@id":"https:\/\/www.noticiasradioreflejos.com.ar\/2021\/chubut-declaro-la-emergencia-climatica-en-las-zonas-afectadas-por-el-temporal-de-nieve\/#primaryimage","url":"https:\/\/www.telam.com.ar\/thumbs\/bluesteel\/advf\/imagenes\/2022\/07\/62dc79ec863d4_900.jpg","contentUrl":"https:\/\/www.telam.com.ar\/thumbs\/bluesteel\/advf\/imagenes\/2022\/07\/62dc79ec863d4_900.jpg"},{"@type":"BreadcrumbList","@id":"https:\/\/www.noticiasradioreflejos.com.ar\/2021\/chubut-declaro-la-emergencia-climatica-en-las-zonas-afectadas-por-el-temporal-de-nieve\/#breadcrumb","itemListElement":[{"@type":"ListItem","position":1,"name":"Portada","item":"https:\/\/www.noticiasradioreflejos.com.ar\/2021\/"},{"@type":"ListItem","position":2,"name":"Chubut declar\u00f3 la emergencia clim\u00e1tica en las zonas afectadas por el temporal de nieve"}]},{"@type":"WebSite","@id":"https:\/\/www.noticiasradioreflejos.com.ar\/2021\/#website","url":"https:\/\/www.noticiasradioreflejos.com.ar\/2021\/","name":"Noticias Radio Reflejos","description":"Las noticias de mi comarca","potentialAction":[{"@type":"SearchAction","target":{"@type":"EntryPoint","urlTemplate":"https:\/\/www.noticiasradioreflejos.com.ar\/2021\/?s={search_term_string}"},"query-input":{"@type":"PropertyValueSpecification","valueRequired":true,"valueName":"search_term_string"}}],"inLanguage":"es"},{"@type":"Person","@id":"https:\/\/www.noticiasradioreflejos.com.ar\/2021\/#\/schema\/person\/ad82545263dcc5ec0996818884fd5fb1","name":"Arnaldo Botto","image":{"@type":"ImageObject","inLanguage":"es","@id":"https:\/\/www.noticiasradioreflejos.com.ar\/2021\/#\/schema\/person\/image\/","url":"https:\/\/secure.gravatar.com\/avatar\/55cb5e37c1efa326397366e6974cb338056df65cb50e7d64d1cf314e87504837?s=96&d=mm&r=g","contentUrl":"https:\/\/secure.gravatar.com\/avatar\/55cb5e37c1efa326397366e6974cb338056df65cb50e7d64d1cf314e87504837?s=96&d=mm&r=g","caption":"Arnaldo Botto"},"url":"https:\/\/www.noticiasradioreflejos.com.ar\/2021\/author\/arnaldo\/"}]}},"_links":{"self":[{"href":"https:\/\/www.noticiasradioreflejos.com.ar\/2021\/wp-json\/wp\/v2\/posts\/75575","targetHints":{"allow":["GET"]}}],"collection":[{"href":"https:\/\/www.noticiasradioreflejos.com.ar\/2021\/wp-json\/wp\/v2\/posts"}],"about":[{"href":"https:\/\/www.noticiasradioreflejos.com.ar\/2021\/wp-json\/wp\/v2\/types\/post"}],"author":[{"embeddable":true,"href":"https:\/\/www.noticiasradioreflejos.com.ar\/2021\/wp-json\/wp\/v2\/users\/3"}],"replies":[{"embeddable":true,"href":"https:\/\/www.noticiasradioreflejos.com.ar\/2021\/wp-json\/wp\/v2\/comments?post=75575"}],"version-history":[{"count":1,"href":"https:\/\/www.noticiasradioreflejos.com.ar\/2021\/wp-json\/wp\/v2\/posts\/75575\/revisions"}],"predecessor-version":[{"id":75577,"href":"https:\/\/www.noticiasradioreflejos.com.ar\/2021\/wp-json\/wp\/v2\/posts\/75575\/revisions\/75577"}],"wp:attachment":[{"href":"https:\/\/www.noticiasradioreflejos.com.ar\/2021\/wp-json\/wp\/v2\/media?parent=75575"}],"wp:term":[{"taxonomy":"category","embeddable":true,"href":"https:\/\/www.noticiasradioreflejos.com.ar\/2021\/wp-json\/wp\/v2\/categories?post=75575"},{"taxonomy":"post_tag","embeddable":true,"href":"https:\/\/www.noticiasradioreflejos.com.ar\/2021\/wp-json\/wp\/v2\/tags?post=75575"}],"curies":[{"name":"wp","href":"https:\/\/api.w.org\/{rel}","templated":true}]}}