{"id":75572,"date":"2022-07-27T11:56:48","date_gmt":"2022-07-27T11:56:48","guid":{"rendered":"http:\/\/www.noticiasradioreflejos.com.ar\/2021\/?p=75572"},"modified":"2022-07-27T11:56:48","modified_gmt":"2022-07-27T11:56:48","slug":"se-realizara-la-primera-feria-argentina-en-la-que-buscaran-el-mejor-alfajor-del-mundo","status":"publish","type":"post","link":"https:\/\/www.noticiasradioreflejos.com.ar\/2021\/se-realizara-la-primera-feria-argentina-en-la-que-buscaran-el-mejor-alfajor-del-mundo\/","title":{"rendered":"Se realizar\u00e1 la primera feria argentina en la que buscar\u00e1n \u00abel mejor alfajor del mundo\u00bb"},"content":{"rendered":"<p>En este evento se entregar\u00e1n m\u00e1s de 45 reconocimientos a productores de distintos puntos del pa\u00eds, al mismo tiempo que un jurado especializado elegir\u00e1 con una cata a ciegas entre cientos de muestras al mejor alfajor.<!--more--><\/p>\n<figure class=\"mb-3\"><img decoding=\"async\" src=\"https:\/\/www.telam.com.ar\/thumbs\/bluesteel\/advf\/imagenes\/2022\/05\/628d10b28ac8f_900.jpg\" alt=\"La entrada ser gratuita y para todo pblico Foto 123RF\" width=\"100%\" height=\"100%\" \/><\/p>\n<div class=\"media-icons\"><\/div><figcaption>La entrada ser\u00e1 gratuita y para todo p\u00fablico (Foto: 123RF).<\/figcaption><\/figure>\n<p>La primera Feria Argentina del Alfajor se realizar\u00e1 del 1 al 5 de agosto en el microcentro porte\u00f1o, entregar\u00e1 m\u00e1s de 45 reconocimientos a productores de distintos puntos del pa\u00eds y un jurado especializado seleccionar\u00e1 con una cata a ciegas entre \u00abcientos de muestras\u00bb el \u00abmejor alfajor del mundo\u00bb, informaron los organizadores.<\/p>\n<p>La feria tendr\u00e1 lugar de 10 a 18\u00a0<strong>en el sal\u00f3n del 1er piso de la Galer\u00eda Central ubicada en avenida Corrientes y Florida<\/strong>\u00a0en Ciudad de Buenos Aires, con ingreso por Corrientes.<\/p>\n<p>Durante los \u00faltimos dos d\u00edas de la feria, el 4 y 5 de agosto, llevar\u00e1n adelante el campeonato mundial, donde un jurado especializado seleccionar\u00e1 el \u00abmejor alfajor del mundo\u00bb bajo un \u00abestricto procedimiento\u00bb de cata a ciegas entre las muestras enviadas por productores de todas las provincias argentinas que \u00abse miden en igualdad de condiciones\u00bb.<\/p>\n<p><iframe id=\"instagram-embed-0\" class=\"instagram-media instagram-media-rendered\" src=\"https:\/\/www.instagram.com\/reel\/CgNOMnfA3OG\/embed\/captioned\/?cr=1&amp;v=14&amp;wp=540&amp;rd=https%3A%2F%2Fwww.telam.com.ar&amp;rp=%2Fnotas%2F202207%2F599733-feria-argentina-alfajor-competencia-seleccion-el-mejor.html#%7B%22ci%22%3A0%2C%22os%22%3A3340.5999999940395%2C%22ls%22%3A515.6999999955297%2C%22le%22%3A3337.2999999970198%7D\" height=\"1114\" frameborder=\"0\" scrolling=\"no\" allowfullscreen=\"allowfullscreen\" data-instgrm-payload-id=\"instagram-media-payload-0\"><\/iframe><\/p>\n<p>Sus productos ser\u00e1n sometidos a una<strong>\u00a0\u00abevaluaci\u00f3n sensorial\u00bb\u00a0<\/strong>del jurado, detallaron.<\/p>\n<p>El\u00a0<strong>jurado\u00a0<\/strong>estar\u00e1 conformado por el chef y presidente del Consejo Profesional Gastron\u00f3mico de las Am\u00e9ricas, Cristian Ponce de Le\u00f3n; la periodista gastron\u00f3mica Carolina Balverdi; y los influencers de alfajores Hern\u00e1n Montes, Juan Manuel Logiacco, Mariano Lopez y Facundo Calabr\u00f3.<\/p>\n<p>Tambi\u00e9n lo integrar\u00e1n la directora de Cielos Pampeanos quien particip\u00f3 de la formulaci\u00f3n del Protocolo de Calidad del Alfajor (en el Ministerio de Agroindustria), Silvia Chus; los chef Lucas Fuente, Pablo Remaggi; y la emprendedora pastelera Agustina Laporte.<\/p>\n<h2 class=\"\">Categor\u00edas<\/h2>\n<p>A su vez, durante la feria premiar\u00e1n a distintas categor\u00edas de alfajores con m\u00e1s de 45 premios y medallas.<\/p>\n<p>Entre las categor\u00edas, enumeraron: Mejor Chocolate Negro, Mejor Chocolate Blanco, Mejor Dulce de Leche, Mejor Relleno de Fruta, Mejor Alfajor Simple, Mejor Alfajor Triple, Mejor Galleta, Mejor Alfajor de Confiter\u00eda, Mejor Sabor Tradicional, Mejor Sabor Ex\u00f3tico, Mejor Textura, Mejor Aroma a Alfajor, Mejor Packaging, Mejor Alfajor Saludable y Mejor Alfajor de Maicena.<\/p>\n<p>Los ganadores de cada categor\u00eda participar\u00e1n por el \u00abMejor Alfajor del Mundo 2022\u00bb.<\/p>\n<p>Seg\u00fan los organizadores de la feria\u00a0<strong>\u00aben Argentina se consumen 70 alfajores por segundo, aproximadamente 6.048.000 alfajores por d\u00eda\u00bb.<\/strong><\/p>\n<p>\u00abEl enfoque en la Calidad de los Alfajores es una preocupaci\u00f3n de todos los aficionados de esta noble e hist\u00f3rica pieza pastelera que est\u00e1 presente en la vida diaria de millones de personas\u00bb, agregaron.<\/p>\n<p>El evento es apoyado por el programa del Gobierno de la Ciudad BA Capital Gastron\u00f3mica, la Asociaci\u00f3n Argentina Cocina Regional y el Consejo Profesional Gastron\u00f3mico de las Am\u00e9ricas.<\/p>\n<p>La\u00a0<strong>entrada ser\u00e1 gratuita para todo p\u00fablico<\/strong>\u00a0y se debe solicitar previamente a trav\u00e9s de la plataforma\u00a0<a href=\"https:\/\/www.eventbrite.com\/e\/1-feria-argentina-del-alfajor-campeonato-mundial-del-alfajor-tickets-370813431957\" target=\"_blank\" rel=\"noopener\">Eventbrite<\/a>.<\/p>\n","protected":false},"excerpt":{"rendered":"<p>En este evento se entregar\u00e1n m\u00e1s de 45 reconocimientos a productores de distintos puntos del pa\u00eds, al mismo tiempo que un jurado especializado elegir\u00e1 con una cata a ciegas entre cientos de muestras al mejor alfajor.<\/p>\n","protected":false},"author":3,"featured_media":0,"comment_status":"closed","ping_status":"closed","sticky":false,"template":"","format":"standard","meta":{"footnotes":""},"categories":[26],"tags":[],"class_list":["post-75572","post","type-post","status-publish","format-standard","hentry","category-sociedad"],"yoast_head":"<!-- This site is optimized with the Yoast SEO plugin v25.9 - https:\/\/yoast.com\/wordpress\/plugins\/seo\/ -->\n<title>Se realizar\u00e1 la primera feria argentina en la que buscar\u00e1n &quot;el mejor alfajor del mundo&quot; - Noticias Radio Reflejos<\/title>\n<meta name=\"robots\" content=\"index, follow, max-snippet:-1, max-image-preview:large, max-video-preview:-1\" \/>\n<link rel=\"canonical\" href=\"https:\/\/www.noticiasradioreflejos.com.ar\/2021\/se-realizara-la-primera-feria-argentina-en-la-que-buscaran-el-mejor-alfajor-del-mundo\/\" \/>\n<meta property=\"og:locale\" content=\"es_ES\" \/>\n<meta property=\"og:type\" content=\"article\" \/>\n<meta property=\"og:title\" content=\"Se realizar\u00e1 la primera feria argentina en la que buscar\u00e1n &quot;el mejor alfajor del mundo&quot; - Noticias Radio Reflejos\" \/>\n<meta property=\"og:description\" content=\"En este evento se entregar\u00e1n m\u00e1s de 45 reconocimientos a productores de distintos puntos del pa\u00eds, al mismo tiempo que un jurado especializado elegir\u00e1 con una cata a ciegas entre cientos de muestras al mejor alfajor.\" \/>\n<meta property=\"og:url\" content=\"https:\/\/www.noticiasradioreflejos.com.ar\/2021\/se-realizara-la-primera-feria-argentina-en-la-que-buscaran-el-mejor-alfajor-del-mundo\/\" \/>\n<meta property=\"og:site_name\" content=\"Noticias Radio Reflejos\" \/>\n<meta property=\"article:published_time\" content=\"2022-07-27T11:56:48+00:00\" \/>\n<meta property=\"og:image\" content=\"https:\/\/www.telam.com.ar\/thumbs\/bluesteel\/advf\/imagenes\/2022\/05\/628d10b28ac8f_900.jpg\" \/>\n<meta name=\"author\" content=\"Arnaldo Botto\" \/>\n<meta name=\"twitter:card\" content=\"summary_large_image\" \/>\n<script type=\"application\/ld+json\" class=\"yoast-schema-graph\">{\"@context\":\"https:\/\/schema.org\",\"@graph\":[{\"@type\":\"WebPage\",\"@id\":\"https:\/\/www.noticiasradioreflejos.com.ar\/2021\/se-realizara-la-primera-feria-argentina-en-la-que-buscaran-el-mejor-alfajor-del-mundo\/\",\"url\":\"https:\/\/www.noticiasradioreflejos.com.ar\/2021\/se-realizara-la-primera-feria-argentina-en-la-que-buscaran-el-mejor-alfajor-del-mundo\/\",\"name\":\"Se realizar\u00e1 la primera feria argentina en la que buscar\u00e1n \\\"el mejor alfajor del mundo\\\" - Noticias Radio Reflejos\",\"isPartOf\":{\"@id\":\"https:\/\/www.noticiasradioreflejos.com.ar\/2021\/#website\"},\"primaryImageOfPage\":{\"@id\":\"https:\/\/www.noticiasradioreflejos.com.ar\/2021\/se-realizara-la-primera-feria-argentina-en-la-que-buscaran-el-mejor-alfajor-del-mundo\/#primaryimage\"},\"image\":{\"@id\":\"https:\/\/www.noticiasradioreflejos.com.ar\/2021\/se-realizara-la-primera-feria-argentina-en-la-que-buscaran-el-mejor-alfajor-del-mundo\/#primaryimage\"},\"thumbnailUrl\":\"https:\/\/www.telam.com.ar\/thumbs\/bluesteel\/advf\/imagenes\/2022\/05\/628d10b28ac8f_900.jpg\",\"datePublished\":\"2022-07-27T11:56:48+00:00\",\"author\":{\"@id\":\"https:\/\/www.noticiasradioreflejos.com.ar\/2021\/#\/schema\/person\/ad82545263dcc5ec0996818884fd5fb1\"},\"breadcrumb\":{\"@id\":\"https:\/\/www.noticiasradioreflejos.com.ar\/2021\/se-realizara-la-primera-feria-argentina-en-la-que-buscaran-el-mejor-alfajor-del-mundo\/#breadcrumb\"},\"inLanguage\":\"es\",\"potentialAction\":[{\"@type\":\"ReadAction\",\"target\":[\"https:\/\/www.noticiasradioreflejos.com.ar\/2021\/se-realizara-la-primera-feria-argentina-en-la-que-buscaran-el-mejor-alfajor-del-mundo\/\"]}]},{\"@type\":\"ImageObject\",\"inLanguage\":\"es\",\"@id\":\"https:\/\/www.noticiasradioreflejos.com.ar\/2021\/se-realizara-la-primera-feria-argentina-en-la-que-buscaran-el-mejor-alfajor-del-mundo\/#primaryimage\",\"url\":\"https:\/\/www.telam.com.ar\/thumbs\/bluesteel\/advf\/imagenes\/2022\/05\/628d10b28ac8f_900.jpg\",\"contentUrl\":\"https:\/\/www.telam.com.ar\/thumbs\/bluesteel\/advf\/imagenes\/2022\/05\/628d10b28ac8f_900.jpg\"},{\"@type\":\"BreadcrumbList\",\"@id\":\"https:\/\/www.noticiasradioreflejos.com.ar\/2021\/se-realizara-la-primera-feria-argentina-en-la-que-buscaran-el-mejor-alfajor-del-mundo\/#breadcrumb\",\"itemListElement\":[{\"@type\":\"ListItem\",\"position\":1,\"name\":\"Portada\",\"item\":\"https:\/\/www.noticiasradioreflejos.com.ar\/2021\/\"},{\"@type\":\"ListItem\",\"position\":2,\"name\":\"Se realizar\u00e1 la primera feria argentina en la que buscar\u00e1n \u00abel mejor alfajor del mundo\u00bb\"}]},{\"@type\":\"WebSite\",\"@id\":\"https:\/\/www.noticiasradioreflejos.com.ar\/2021\/#website\",\"url\":\"https:\/\/www.noticiasradioreflejos.com.ar\/2021\/\",\"name\":\"Noticias Radio Reflejos\",\"description\":\"Las noticias de mi comarca\",\"potentialAction\":[{\"@type\":\"SearchAction\",\"target\":{\"@type\":\"EntryPoint\",\"urlTemplate\":\"https:\/\/www.noticiasradioreflejos.com.ar\/2021\/?s={search_term_string}\"},\"query-input\":{\"@type\":\"PropertyValueSpecification\",\"valueRequired\":true,\"valueName\":\"search_term_string\"}}],\"inLanguage\":\"es\"},{\"@type\":\"Person\",\"@id\":\"https:\/\/www.noticiasradioreflejos.com.ar\/2021\/#\/schema\/person\/ad82545263dcc5ec0996818884fd5fb1\",\"name\":\"Arnaldo Botto\",\"image\":{\"@type\":\"ImageObject\",\"inLanguage\":\"es\",\"@id\":\"https:\/\/www.noticiasradioreflejos.com.ar\/2021\/#\/schema\/person\/image\/\",\"url\":\"https:\/\/secure.gravatar.com\/avatar\/55cb5e37c1efa326397366e6974cb338056df65cb50e7d64d1cf314e87504837?s=96&d=mm&r=g\",\"contentUrl\":\"https:\/\/secure.gravatar.com\/avatar\/55cb5e37c1efa326397366e6974cb338056df65cb50e7d64d1cf314e87504837?s=96&d=mm&r=g\",\"caption\":\"Arnaldo Botto\"},\"url\":\"https:\/\/www.noticiasradioreflejos.com.ar\/2021\/author\/arnaldo\/\"}]}<\/script>\n<!-- \/ Yoast SEO plugin. -->","yoast_head_json":{"title":"Se realizar\u00e1 la primera feria argentina en la que buscar\u00e1n \"el mejor alfajor del mundo\" - Noticias Radio Reflejos","robots":{"index":"index","follow":"follow","max-snippet":"max-snippet:-1","max-image-preview":"max-image-preview:large","max-video-preview":"max-video-preview:-1"},"canonical":"https:\/\/www.noticiasradioreflejos.com.ar\/2021\/se-realizara-la-primera-feria-argentina-en-la-que-buscaran-el-mejor-alfajor-del-mundo\/","og_locale":"es_ES","og_type":"article","og_title":"Se realizar\u00e1 la primera feria argentina en la que buscar\u00e1n \"el mejor alfajor del mundo\" - Noticias Radio Reflejos","og_description":"En este evento se entregar\u00e1n m\u00e1s de 45 reconocimientos a productores de distintos puntos del pa\u00eds, al mismo tiempo que un jurado especializado elegir\u00e1 con una cata a ciegas entre cientos de muestras al mejor alfajor.","og_url":"https:\/\/www.noticiasradioreflejos.com.ar\/2021\/se-realizara-la-primera-feria-argentina-en-la-que-buscaran-el-mejor-alfajor-del-mundo\/","og_site_name":"Noticias Radio Reflejos","article_published_time":"2022-07-27T11:56:48+00:00","og_image":[{"url":"https:\/\/www.telam.com.ar\/thumbs\/bluesteel\/advf\/imagenes\/2022\/05\/628d10b28ac8f_900.jpg","type":"","width":"","height":""}],"author":"Arnaldo Botto","twitter_card":"summary_large_image","schema":{"@context":"https:\/\/schema.org","@graph":[{"@type":"WebPage","@id":"https:\/\/www.noticiasradioreflejos.com.ar\/2021\/se-realizara-la-primera-feria-argentina-en-la-que-buscaran-el-mejor-alfajor-del-mundo\/","url":"https:\/\/www.noticiasradioreflejos.com.ar\/2021\/se-realizara-la-primera-feria-argentina-en-la-que-buscaran-el-mejor-alfajor-del-mundo\/","name":"Se realizar\u00e1 la primera feria argentina en la que buscar\u00e1n \"el mejor alfajor del mundo\" - Noticias Radio Reflejos","isPartOf":{"@id":"https:\/\/www.noticiasradioreflejos.com.ar\/2021\/#website"},"primaryImageOfPage":{"@id":"https:\/\/www.noticiasradioreflejos.com.ar\/2021\/se-realizara-la-primera-feria-argentina-en-la-que-buscaran-el-mejor-alfajor-del-mundo\/#primaryimage"},"image":{"@id":"https:\/\/www.noticiasradioreflejos.com.ar\/2021\/se-realizara-la-primera-feria-argentina-en-la-que-buscaran-el-mejor-alfajor-del-mundo\/#primaryimage"},"thumbnailUrl":"https:\/\/www.telam.com.ar\/thumbs\/bluesteel\/advf\/imagenes\/2022\/05\/628d10b28ac8f_900.jpg","datePublished":"2022-07-27T11:56:48+00:00","author":{"@id":"https:\/\/www.noticiasradioreflejos.com.ar\/2021\/#\/schema\/person\/ad82545263dcc5ec0996818884fd5fb1"},"breadcrumb":{"@id":"https:\/\/www.noticiasradioreflejos.com.ar\/2021\/se-realizara-la-primera-feria-argentina-en-la-que-buscaran-el-mejor-alfajor-del-mundo\/#breadcrumb"},"inLanguage":"es","potentialAction":[{"@type":"ReadAction","target":["https:\/\/www.noticiasradioreflejos.com.ar\/2021\/se-realizara-la-primera-feria-argentina-en-la-que-buscaran-el-mejor-alfajor-del-mundo\/"]}]},{"@type":"ImageObject","inLanguage":"es","@id":"https:\/\/www.noticiasradioreflejos.com.ar\/2021\/se-realizara-la-primera-feria-argentina-en-la-que-buscaran-el-mejor-alfajor-del-mundo\/#primaryimage","url":"https:\/\/www.telam.com.ar\/thumbs\/bluesteel\/advf\/imagenes\/2022\/05\/628d10b28ac8f_900.jpg","contentUrl":"https:\/\/www.telam.com.ar\/thumbs\/bluesteel\/advf\/imagenes\/2022\/05\/628d10b28ac8f_900.jpg"},{"@type":"BreadcrumbList","@id":"https:\/\/www.noticiasradioreflejos.com.ar\/2021\/se-realizara-la-primera-feria-argentina-en-la-que-buscaran-el-mejor-alfajor-del-mundo\/#breadcrumb","itemListElement":[{"@type":"ListItem","position":1,"name":"Portada","item":"https:\/\/www.noticiasradioreflejos.com.ar\/2021\/"},{"@type":"ListItem","position":2,"name":"Se realizar\u00e1 la primera feria argentina en la que buscar\u00e1n \u00abel mejor alfajor del mundo\u00bb"}]},{"@type":"WebSite","@id":"https:\/\/www.noticiasradioreflejos.com.ar\/2021\/#website","url":"https:\/\/www.noticiasradioreflejos.com.ar\/2021\/","name":"Noticias Radio Reflejos","description":"Las noticias de mi comarca","potentialAction":[{"@type":"SearchAction","target":{"@type":"EntryPoint","urlTemplate":"https:\/\/www.noticiasradioreflejos.com.ar\/2021\/?s={search_term_string}"},"query-input":{"@type":"PropertyValueSpecification","valueRequired":true,"valueName":"search_term_string"}}],"inLanguage":"es"},{"@type":"Person","@id":"https:\/\/www.noticiasradioreflejos.com.ar\/2021\/#\/schema\/person\/ad82545263dcc5ec0996818884fd5fb1","name":"Arnaldo Botto","image":{"@type":"ImageObject","inLanguage":"es","@id":"https:\/\/www.noticiasradioreflejos.com.ar\/2021\/#\/schema\/person\/image\/","url":"https:\/\/secure.gravatar.com\/avatar\/55cb5e37c1efa326397366e6974cb338056df65cb50e7d64d1cf314e87504837?s=96&d=mm&r=g","contentUrl":"https:\/\/secure.gravatar.com\/avatar\/55cb5e37c1efa326397366e6974cb338056df65cb50e7d64d1cf314e87504837?s=96&d=mm&r=g","caption":"Arnaldo Botto"},"url":"https:\/\/www.noticiasradioreflejos.com.ar\/2021\/author\/arnaldo\/"}]}},"_links":{"self":[{"href":"https:\/\/www.noticiasradioreflejos.com.ar\/2021\/wp-json\/wp\/v2\/posts\/75572","targetHints":{"allow":["GET"]}}],"collection":[{"href":"https:\/\/www.noticiasradioreflejos.com.ar\/2021\/wp-json\/wp\/v2\/posts"}],"about":[{"href":"https:\/\/www.noticiasradioreflejos.com.ar\/2021\/wp-json\/wp\/v2\/types\/post"}],"author":[{"embeddable":true,"href":"https:\/\/www.noticiasradioreflejos.com.ar\/2021\/wp-json\/wp\/v2\/users\/3"}],"replies":[{"embeddable":true,"href":"https:\/\/www.noticiasradioreflejos.com.ar\/2021\/wp-json\/wp\/v2\/comments?post=75572"}],"version-history":[{"count":1,"href":"https:\/\/www.noticiasradioreflejos.com.ar\/2021\/wp-json\/wp\/v2\/posts\/75572\/revisions"}],"predecessor-version":[{"id":75574,"href":"https:\/\/www.noticiasradioreflejos.com.ar\/2021\/wp-json\/wp\/v2\/posts\/75572\/revisions\/75574"}],"wp:attachment":[{"href":"https:\/\/www.noticiasradioreflejos.com.ar\/2021\/wp-json\/wp\/v2\/media?parent=75572"}],"wp:term":[{"taxonomy":"category","embeddable":true,"href":"https:\/\/www.noticiasradioreflejos.com.ar\/2021\/wp-json\/wp\/v2\/categories?post=75572"},{"taxonomy":"post_tag","embeddable":true,"href":"https:\/\/www.noticiasradioreflejos.com.ar\/2021\/wp-json\/wp\/v2\/tags?post=75572"}],"curies":[{"name":"wp","href":"https:\/\/api.w.org\/{rel}","templated":true}]}}