{"id":75541,"date":"2022-07-27T10:48:26","date_gmt":"2022-07-27T10:48:26","guid":{"rendered":"http:\/\/www.noticiasradioreflejos.com.ar\/2021\/?p=75541"},"modified":"2022-07-27T12:36:12","modified_gmt":"2022-07-27T12:36:12","slug":"vacaciones-de-invierno-en-la-comarca-los-gastronomicos-no-modificaron-los-precios-pese-al-alza-del-dolar","status":"publish","type":"post","link":"https:\/\/www.noticiasradioreflejos.com.ar\/2021\/vacaciones-de-invierno-en-la-comarca-los-gastronomicos-no-modificaron-los-precios-pese-al-alza-del-dolar\/","title":{"rendered":"Vacaciones de invierno en la comarca: \u201cLos gastron\u00f3micos no modificaron los precios pese al alza del d\u00f3lar\u201d"},"content":{"rendered":"<p>As\u00ed lo confirm\u00f3 el secretario de turismo Gustavo Sandobal. Al mismo tiempo reconoci\u00f3 que la primera semana de vacaciones de invierno cerr\u00f3 con un 76% de ocupaci\u00f3n.<!--more--><\/p>\n<p>Se lleg\u00f3 al punto medio del receso invernal, y desde la secretaria de turismo de la comuna el balance es satisfactorio, enmarc\u00e1ndose dentro de un registro acorde a los a\u00f1os de pre pandemia.<\/p>\n<p>Al respecto Gustavo Sandobal mencion\u00f3 que \u201cayer con el equipo de la direcci\u00f3n hicimos el cierre de la primera semana de vacaciones que nos marc\u00f3 el 76% de ocupaci\u00f3n. Al mismo tiempo hicimos un relevamiento entre gastron\u00f3micos y actividades, donde nos dijeron que a partir del martes comenzaron a trabajar bien\u201d.<\/p>\n<p>Siguiendo en esa l\u00ednea aclar\u00f3 que \u201cestamos en los n\u00fameros que manej\u00e1bamos en la pre pandemia. Estuvimos chequeando unos datos nuevamente, y en 2019 la primera semana de vacaciones cerr\u00f3 en un 75%. Comparado con el a\u00f1o pasado s\u00ed estamos por debajo\u201d.<\/p>\n<p>De igual manera resalt\u00f3 que \u201centendemos que lo vivido el a\u00f1o pasado fue r\u00e9cord, por lo que estamos en los m\u00e1rgenes normales. Lo importante es que el resto de los rubros trabaj\u00f3 bastante bien\u201d.<\/p>\n<p>En otro pasaje de la charla admiti\u00f3 que \u201cnos comentaron tanto chocolater\u00edas como regionales, que antes la gente llevaba mucho y ahora es todo m\u00e1s medido. Pero se explica con los vaivenes que tenemos en la econom\u00eda\u201d.<\/p>\n<p>En tanto que el Secretario desliz\u00f3 que \u201cel sector gastron\u00f3mico nos confirm\u00f3 que no se modificaron los precios pese al alza del d\u00f3lar. Nos explicaron que era muy dif\u00edcil cambiar cartas de un momento a otro. Lo ve\u00edan muy desprolijo. As\u00ed que absorber\u00e1n las diferencias\u201d.<\/p>\n<p>&nbsp;<\/p>\n<p><iframe loading=\"lazy\" width=\"100%\" height=\"166\" scrolling=\"no\" frameborder=\"no\" allow=\"autoplay\" src=\"https:\/\/w.soundcloud.com\/player\/?url=https%3A\/\/api.soundcloud.com\/tracks\/1312183159&#038;color=%23ff5500&#038;auto_play=false&#038;hide_related=false&#038;show_comments=true&#038;show_user=true&#038;show_reposts=false&#038;show_teaser=true\"><\/iframe><\/p>\n<div style=\"font-size: 10px; color: #cccccc;line-break: anywhere;word-break: normal;overflow: hidden;white-space: nowrap;text-overflow: ellipsis; font-family: Interstate,Lucida Grande,Lucida Sans Unicode,Lucida Sans,Garuda,Verdana,Tahoma,sans-serif;font-weight: 100;\"><a href=\"https:\/\/soundcloud.com\/fmreflejos-103-7\" title=\"fmreflejos 103.7\" target=\"_blank\" style=\"color: #cccccc; text-decoration: none;\" rel=\"noopener\">fmreflejos 103.7<\/a> \u00b7 <a href=\"https:\/\/soundcloud.com\/fmreflejos-103-7\/gustabo-sandobal\" title=\"Gustabo Sandobal\" target=\"_blank\" style=\"color: #cccccc; text-decoration: none;\" rel=\"noopener\">Gustabo Sandobal<\/a><\/div>\n","protected":false},"excerpt":{"rendered":"<p>As\u00ed lo confirm\u00f3 el secretario de turismo Gustavo Sandobal. Al mismo tiempo reconoci\u00f3 que la primera semana de vacaciones de invierno cerr\u00f3 con un 76% de ocupaci\u00f3n.<\/p>\n","protected":false},"author":3,"featured_media":73953,"comment_status":"closed","ping_status":"closed","sticky":false,"template":"","format":"standard","meta":{"footnotes":""},"categories":[33],"tags":[48],"class_list":["post-75541","post","type-post","status-publish","format-standard","has-post-thumbnail","hentry","category-turismo","tag-destacada"],"yoast_head":"<!-- This site is optimized with the Yoast SEO plugin v25.9 - https:\/\/yoast.com\/wordpress\/plugins\/seo\/ -->\n<title>Vacaciones de invierno en la comarca: \u201cLos gastron\u00f3micos no modificaron los precios pese al alza del d\u00f3lar\u201d - Noticias Radio Reflejos<\/title>\n<meta name=\"robots\" content=\"index, follow, max-snippet:-1, max-image-preview:large, max-video-preview:-1\" \/>\n<link rel=\"canonical\" href=\"https:\/\/www.noticiasradioreflejos.com.ar\/2021\/vacaciones-de-invierno-en-la-comarca-los-gastronomicos-no-modificaron-los-precios-pese-al-alza-del-dolar\/\" \/>\n<meta property=\"og:locale\" content=\"es_ES\" \/>\n<meta property=\"og:type\" content=\"article\" \/>\n<meta property=\"og:title\" content=\"Vacaciones de invierno en la comarca: \u201cLos gastron\u00f3micos no modificaron los precios pese al alza del d\u00f3lar\u201d - Noticias Radio Reflejos\" \/>\n<meta property=\"og:description\" content=\"As\u00ed lo confirm\u00f3 el secretario de turismo Gustavo Sandobal. Al mismo tiempo reconoci\u00f3 que la primera semana de vacaciones de invierno cerr\u00f3 con un 76% de ocupaci\u00f3n.\" \/>\n<meta property=\"og:url\" content=\"https:\/\/www.noticiasradioreflejos.com.ar\/2021\/vacaciones-de-invierno-en-la-comarca-los-gastronomicos-no-modificaron-los-precios-pese-al-alza-del-dolar\/\" \/>\n<meta property=\"og:site_name\" content=\"Noticias Radio Reflejos\" \/>\n<meta property=\"article:published_time\" content=\"2022-07-27T10:48:26+00:00\" \/>\n<meta property=\"article:modified_time\" content=\"2022-07-27T12:36:12+00:00\" \/>\n<meta property=\"og:image\" content=\"https:\/\/www.noticiasradioreflejos.com.ar\/2021\/wp-content\/uploads\/2022\/06\/Turismo-Domingo-18-24.jpg\" \/>\n\t<meta property=\"og:image:width\" content=\"2304\" \/>\n\t<meta property=\"og:image:height\" content=\"1296\" \/>\n\t<meta property=\"og:image:type\" content=\"image\/jpeg\" \/>\n<meta name=\"author\" content=\"Arnaldo Botto\" \/>\n<meta name=\"twitter:card\" content=\"summary_large_image\" \/>\n<script type=\"application\/ld+json\" class=\"yoast-schema-graph\">{\"@context\":\"https:\/\/schema.org\",\"@graph\":[{\"@type\":\"WebPage\",\"@id\":\"https:\/\/www.noticiasradioreflejos.com.ar\/2021\/vacaciones-de-invierno-en-la-comarca-los-gastronomicos-no-modificaron-los-precios-pese-al-alza-del-dolar\/\",\"url\":\"https:\/\/www.noticiasradioreflejos.com.ar\/2021\/vacaciones-de-invierno-en-la-comarca-los-gastronomicos-no-modificaron-los-precios-pese-al-alza-del-dolar\/\",\"name\":\"Vacaciones de invierno en la comarca: \u201cLos gastron\u00f3micos no modificaron los precios pese al alza del d\u00f3lar\u201d - Noticias Radio Reflejos\",\"isPartOf\":{\"@id\":\"https:\/\/www.noticiasradioreflejos.com.ar\/2021\/#website\"},\"primaryImageOfPage\":{\"@id\":\"https:\/\/www.noticiasradioreflejos.com.ar\/2021\/vacaciones-de-invierno-en-la-comarca-los-gastronomicos-no-modificaron-los-precios-pese-al-alza-del-dolar\/#primaryimage\"},\"image\":{\"@id\":\"https:\/\/www.noticiasradioreflejos.com.ar\/2021\/vacaciones-de-invierno-en-la-comarca-los-gastronomicos-no-modificaron-los-precios-pese-al-alza-del-dolar\/#primaryimage\"},\"thumbnailUrl\":\"https:\/\/www.noticiasradioreflejos.com.ar\/2021\/wp-content\/uploads\/2022\/06\/Turismo-Domingo-18-24.jpg\",\"datePublished\":\"2022-07-27T10:48:26+00:00\",\"dateModified\":\"2022-07-27T12:36:12+00:00\",\"author\":{\"@id\":\"https:\/\/www.noticiasradioreflejos.com.ar\/2021\/#\/schema\/person\/ad82545263dcc5ec0996818884fd5fb1\"},\"breadcrumb\":{\"@id\":\"https:\/\/www.noticiasradioreflejos.com.ar\/2021\/vacaciones-de-invierno-en-la-comarca-los-gastronomicos-no-modificaron-los-precios-pese-al-alza-del-dolar\/#breadcrumb\"},\"inLanguage\":\"es\",\"potentialAction\":[{\"@type\":\"ReadAction\",\"target\":[\"https:\/\/www.noticiasradioreflejos.com.ar\/2021\/vacaciones-de-invierno-en-la-comarca-los-gastronomicos-no-modificaron-los-precios-pese-al-alza-del-dolar\/\"]}]},{\"@type\":\"ImageObject\",\"inLanguage\":\"es\",\"@id\":\"https:\/\/www.noticiasradioreflejos.com.ar\/2021\/vacaciones-de-invierno-en-la-comarca-los-gastronomicos-no-modificaron-los-precios-pese-al-alza-del-dolar\/#primaryimage\",\"url\":\"https:\/\/www.noticiasradioreflejos.com.ar\/2021\/wp-content\/uploads\/2022\/06\/Turismo-Domingo-18-24.jpg\",\"contentUrl\":\"https:\/\/www.noticiasradioreflejos.com.ar\/2021\/wp-content\/uploads\/2022\/06\/Turismo-Domingo-18-24.jpg\",\"width\":2304,\"height\":1296},{\"@type\":\"BreadcrumbList\",\"@id\":\"https:\/\/www.noticiasradioreflejos.com.ar\/2021\/vacaciones-de-invierno-en-la-comarca-los-gastronomicos-no-modificaron-los-precios-pese-al-alza-del-dolar\/#breadcrumb\",\"itemListElement\":[{\"@type\":\"ListItem\",\"position\":1,\"name\":\"Portada\",\"item\":\"https:\/\/www.noticiasradioreflejos.com.ar\/2021\/\"},{\"@type\":\"ListItem\",\"position\":2,\"name\":\"Vacaciones de invierno en la comarca: \u201cLos gastron\u00f3micos no modificaron los precios pese al alza del d\u00f3lar\u201d\"}]},{\"@type\":\"WebSite\",\"@id\":\"https:\/\/www.noticiasradioreflejos.com.ar\/2021\/#website\",\"url\":\"https:\/\/www.noticiasradioreflejos.com.ar\/2021\/\",\"name\":\"Noticias Radio Reflejos\",\"description\":\"Las noticias de mi comarca\",\"potentialAction\":[{\"@type\":\"SearchAction\",\"target\":{\"@type\":\"EntryPoint\",\"urlTemplate\":\"https:\/\/www.noticiasradioreflejos.com.ar\/2021\/?s={search_term_string}\"},\"query-input\":{\"@type\":\"PropertyValueSpecification\",\"valueRequired\":true,\"valueName\":\"search_term_string\"}}],\"inLanguage\":\"es\"},{\"@type\":\"Person\",\"@id\":\"https:\/\/www.noticiasradioreflejos.com.ar\/2021\/#\/schema\/person\/ad82545263dcc5ec0996818884fd5fb1\",\"name\":\"Arnaldo Botto\",\"image\":{\"@type\":\"ImageObject\",\"inLanguage\":\"es\",\"@id\":\"https:\/\/www.noticiasradioreflejos.com.ar\/2021\/#\/schema\/person\/image\/\",\"url\":\"https:\/\/secure.gravatar.com\/avatar\/55cb5e37c1efa326397366e6974cb338056df65cb50e7d64d1cf314e87504837?s=96&d=mm&r=g\",\"contentUrl\":\"https:\/\/secure.gravatar.com\/avatar\/55cb5e37c1efa326397366e6974cb338056df65cb50e7d64d1cf314e87504837?s=96&d=mm&r=g\",\"caption\":\"Arnaldo Botto\"},\"url\":\"https:\/\/www.noticiasradioreflejos.com.ar\/2021\/author\/arnaldo\/\"}]}<\/script>\n<!-- \/ Yoast SEO plugin. -->","yoast_head_json":{"title":"Vacaciones de invierno en la comarca: \u201cLos gastron\u00f3micos no modificaron los precios pese al alza del d\u00f3lar\u201d - Noticias Radio Reflejos","robots":{"index":"index","follow":"follow","max-snippet":"max-snippet:-1","max-image-preview":"max-image-preview:large","max-video-preview":"max-video-preview:-1"},"canonical":"https:\/\/www.noticiasradioreflejos.com.ar\/2021\/vacaciones-de-invierno-en-la-comarca-los-gastronomicos-no-modificaron-los-precios-pese-al-alza-del-dolar\/","og_locale":"es_ES","og_type":"article","og_title":"Vacaciones de invierno en la comarca: \u201cLos gastron\u00f3micos no modificaron los precios pese al alza del d\u00f3lar\u201d - Noticias Radio Reflejos","og_description":"As\u00ed lo confirm\u00f3 el secretario de turismo Gustavo Sandobal. Al mismo tiempo reconoci\u00f3 que la primera semana de vacaciones de invierno cerr\u00f3 con un 76% de ocupaci\u00f3n.","og_url":"https:\/\/www.noticiasradioreflejos.com.ar\/2021\/vacaciones-de-invierno-en-la-comarca-los-gastronomicos-no-modificaron-los-precios-pese-al-alza-del-dolar\/","og_site_name":"Noticias Radio Reflejos","article_published_time":"2022-07-27T10:48:26+00:00","article_modified_time":"2022-07-27T12:36:12+00:00","og_image":[{"width":2304,"height":1296,"url":"https:\/\/www.noticiasradioreflejos.com.ar\/2021\/wp-content\/uploads\/2022\/06\/Turismo-Domingo-18-24.jpg","type":"image\/jpeg"}],"author":"Arnaldo Botto","twitter_card":"summary_large_image","schema":{"@context":"https:\/\/schema.org","@graph":[{"@type":"WebPage","@id":"https:\/\/www.noticiasradioreflejos.com.ar\/2021\/vacaciones-de-invierno-en-la-comarca-los-gastronomicos-no-modificaron-los-precios-pese-al-alza-del-dolar\/","url":"https:\/\/www.noticiasradioreflejos.com.ar\/2021\/vacaciones-de-invierno-en-la-comarca-los-gastronomicos-no-modificaron-los-precios-pese-al-alza-del-dolar\/","name":"Vacaciones de invierno en la comarca: \u201cLos gastron\u00f3micos no modificaron los precios pese al alza del d\u00f3lar\u201d - Noticias Radio Reflejos","isPartOf":{"@id":"https:\/\/www.noticiasradioreflejos.com.ar\/2021\/#website"},"primaryImageOfPage":{"@id":"https:\/\/www.noticiasradioreflejos.com.ar\/2021\/vacaciones-de-invierno-en-la-comarca-los-gastronomicos-no-modificaron-los-precios-pese-al-alza-del-dolar\/#primaryimage"},"image":{"@id":"https:\/\/www.noticiasradioreflejos.com.ar\/2021\/vacaciones-de-invierno-en-la-comarca-los-gastronomicos-no-modificaron-los-precios-pese-al-alza-del-dolar\/#primaryimage"},"thumbnailUrl":"https:\/\/www.noticiasradioreflejos.com.ar\/2021\/wp-content\/uploads\/2022\/06\/Turismo-Domingo-18-24.jpg","datePublished":"2022-07-27T10:48:26+00:00","dateModified":"2022-07-27T12:36:12+00:00","author":{"@id":"https:\/\/www.noticiasradioreflejos.com.ar\/2021\/#\/schema\/person\/ad82545263dcc5ec0996818884fd5fb1"},"breadcrumb":{"@id":"https:\/\/www.noticiasradioreflejos.com.ar\/2021\/vacaciones-de-invierno-en-la-comarca-los-gastronomicos-no-modificaron-los-precios-pese-al-alza-del-dolar\/#breadcrumb"},"inLanguage":"es","potentialAction":[{"@type":"ReadAction","target":["https:\/\/www.noticiasradioreflejos.com.ar\/2021\/vacaciones-de-invierno-en-la-comarca-los-gastronomicos-no-modificaron-los-precios-pese-al-alza-del-dolar\/"]}]},{"@type":"ImageObject","inLanguage":"es","@id":"https:\/\/www.noticiasradioreflejos.com.ar\/2021\/vacaciones-de-invierno-en-la-comarca-los-gastronomicos-no-modificaron-los-precios-pese-al-alza-del-dolar\/#primaryimage","url":"https:\/\/www.noticiasradioreflejos.com.ar\/2021\/wp-content\/uploads\/2022\/06\/Turismo-Domingo-18-24.jpg","contentUrl":"https:\/\/www.noticiasradioreflejos.com.ar\/2021\/wp-content\/uploads\/2022\/06\/Turismo-Domingo-18-24.jpg","width":2304,"height":1296},{"@type":"BreadcrumbList","@id":"https:\/\/www.noticiasradioreflejos.com.ar\/2021\/vacaciones-de-invierno-en-la-comarca-los-gastronomicos-no-modificaron-los-precios-pese-al-alza-del-dolar\/#breadcrumb","itemListElement":[{"@type":"ListItem","position":1,"name":"Portada","item":"https:\/\/www.noticiasradioreflejos.com.ar\/2021\/"},{"@type":"ListItem","position":2,"name":"Vacaciones de invierno en la comarca: \u201cLos gastron\u00f3micos no modificaron los precios pese al alza del d\u00f3lar\u201d"}]},{"@type":"WebSite","@id":"https:\/\/www.noticiasradioreflejos.com.ar\/2021\/#website","url":"https:\/\/www.noticiasradioreflejos.com.ar\/2021\/","name":"Noticias Radio Reflejos","description":"Las noticias de mi comarca","potentialAction":[{"@type":"SearchAction","target":{"@type":"EntryPoint","urlTemplate":"https:\/\/www.noticiasradioreflejos.com.ar\/2021\/?s={search_term_string}"},"query-input":{"@type":"PropertyValueSpecification","valueRequired":true,"valueName":"search_term_string"}}],"inLanguage":"es"},{"@type":"Person","@id":"https:\/\/www.noticiasradioreflejos.com.ar\/2021\/#\/schema\/person\/ad82545263dcc5ec0996818884fd5fb1","name":"Arnaldo Botto","image":{"@type":"ImageObject","inLanguage":"es","@id":"https:\/\/www.noticiasradioreflejos.com.ar\/2021\/#\/schema\/person\/image\/","url":"https:\/\/secure.gravatar.com\/avatar\/55cb5e37c1efa326397366e6974cb338056df65cb50e7d64d1cf314e87504837?s=96&d=mm&r=g","contentUrl":"https:\/\/secure.gravatar.com\/avatar\/55cb5e37c1efa326397366e6974cb338056df65cb50e7d64d1cf314e87504837?s=96&d=mm&r=g","caption":"Arnaldo Botto"},"url":"https:\/\/www.noticiasradioreflejos.com.ar\/2021\/author\/arnaldo\/"}]}},"_links":{"self":[{"href":"https:\/\/www.noticiasradioreflejos.com.ar\/2021\/wp-json\/wp\/v2\/posts\/75541","targetHints":{"allow":["GET"]}}],"collection":[{"href":"https:\/\/www.noticiasradioreflejos.com.ar\/2021\/wp-json\/wp\/v2\/posts"}],"about":[{"href":"https:\/\/www.noticiasradioreflejos.com.ar\/2021\/wp-json\/wp\/v2\/types\/post"}],"author":[{"embeddable":true,"href":"https:\/\/www.noticiasradioreflejos.com.ar\/2021\/wp-json\/wp\/v2\/users\/3"}],"replies":[{"embeddable":true,"href":"https:\/\/www.noticiasradioreflejos.com.ar\/2021\/wp-json\/wp\/v2\/comments?post=75541"}],"version-history":[{"count":2,"href":"https:\/\/www.noticiasradioreflejos.com.ar\/2021\/wp-json\/wp\/v2\/posts\/75541\/revisions"}],"predecessor-version":[{"id":75570,"href":"https:\/\/www.noticiasradioreflejos.com.ar\/2021\/wp-json\/wp\/v2\/posts\/75541\/revisions\/75570"}],"wp:featuredmedia":[{"embeddable":true,"href":"https:\/\/www.noticiasradioreflejos.com.ar\/2021\/wp-json\/wp\/v2\/media\/73953"}],"wp:attachment":[{"href":"https:\/\/www.noticiasradioreflejos.com.ar\/2021\/wp-json\/wp\/v2\/media?parent=75541"}],"wp:term":[{"taxonomy":"category","embeddable":true,"href":"https:\/\/www.noticiasradioreflejos.com.ar\/2021\/wp-json\/wp\/v2\/categories?post=75541"},{"taxonomy":"post_tag","embeddable":true,"href":"https:\/\/www.noticiasradioreflejos.com.ar\/2021\/wp-json\/wp\/v2\/tags?post=75541"}],"curies":[{"name":"wp","href":"https:\/\/api.w.org\/{rel}","templated":true}]}}