{"id":75539,"date":"2022-07-26T23:57:33","date_gmt":"2022-07-26T23:57:33","guid":{"rendered":"http:\/\/www.noticiasradioreflejos.com.ar\/2021\/?p=75539"},"modified":"2022-07-27T15:18:11","modified_gmt":"2022-07-27T15:18:11","slug":"el-mito-y-la-realidad-detras-del-busto-de-eva-peron-en-sierra-de-la-ventana","status":"publish","type":"post","link":"https:\/\/www.noticiasradioreflejos.com.ar\/2021\/el-mito-y-la-realidad-detras-del-busto-de-eva-peron-en-sierra-de-la-ventana\/","title":{"rendered":"El mito y la realidad detr\u00e1s del busto de Eva Per\u00f3n en Sierra de la Ventana"},"content":{"rendered":"<p>El profesor <strong>Lic. Claudio Masson<\/strong> record\u00f3 el trabajo que llev\u00f3 adelante con estudiantes de sexto a\u00f1o de la escuela media de Sierra de la Ventana, hace casi una d\u00e9cada sobre el tema, y el reconocimiento que les otorg\u00f3 haber sido tan aplicados.<!--more--><\/p>\n<p><strong>Video \u00abArrastrando Odios\u00bb<\/strong><\/p>\n<p><iframe loading=\"lazy\" title=\"\" src=\"https:\/\/www.youtube.com\/embed\/LgJYpylYSCw\" width=\"853\" height=\"480\" frameborder=\"0\" allowfullscreen=\"allowfullscreen\"><\/iframe><\/p>\n<p>&nbsp;<\/p>\n<p>Hace ya 9 a\u00f1os el profesor Claudio Masson les propuso a alumnos de sexto a\u00f1o hacer un trabajo pr\u00e1ctico fuera de lo com\u00fan. Ni \u00e9l ni los colegiados imaginaron hasta donde los llevar\u00eda, pero lo cierto es que \u201cArrastrando Odios\u201d los puso en la escena nacional, con un trabajo de investigaci\u00f3n reconocido por propios y extra\u00f1os.<\/p>\n<p>&nbsp;<\/p>\n<p><a title=\"estudiantes\" href=\"https:\/\/www.flickr.com\/photos\/182279889@N02\/52243801501\/in\/dateposted-public\/\" data-flickr-embed=\"true\"><img loading=\"lazy\" decoding=\"async\" class=\"aligncenter\" src=\"https:\/\/live.staticflickr.com\/65535\/52243801501_a3fb208588_z.jpg\" alt=\"estudiantes\" width=\"726\" height=\"414\" \/><\/a><\/p>\n<p>\u201cSe est\u00e1n cumpliendo 10 a\u00f1os de aquel trabajo que hicimos en el 2012, con los estudiantes de \u00faltimo a\u00f1o de secundaria. Una de esas estudiantes ahora es profesora de ciencias sociales en la comarca\u201d arranc\u00f3 diciendo Masson.<\/p>\n<p>Si bien la emoci\u00f3n y los recuerdos los llevaron a ir y venir en la historia, saltando partes y luego agreg\u00e1ndolas, lo cierto es que seg\u00fan ese trabajo pudieron recopilar que \u201centre el 15 y 16 de septiembre de 1955, luego de proclamarse la revoluci\u00f3n fusiladora, mal llamada libertadora, en el costado derecho de la plaza Eva Per\u00f3n, lo que hoy parece un cubo, una piedra, un pedestal, hab\u00eda un busto de yeso y cal, que fue quitado y arrastrado con una camioneta hasta la ruta 76 y la av. San Mart\u00edn en direcci\u00f3n a la YPF, y se lo dej\u00f3 m\u00e1s o menos a la altura de la radio, envuelto en unos alambres de p\u00faas\u201d.<\/p>\n<p>Siguiendo con el relato, cont\u00f3 que \u201clo tomaron afiliados del peronismo y lo escondieron en una cueva de la estancia La Esmeralda. A\u00f1os despu\u00e9s, una persona de Villa Ventana que caminaba con su sobrina lo encuentra pero lo deja all\u00ed, y mucho tiempo despu\u00e9s, el se\u00f1or Nelson Maidana lo acerca\u201d.<\/p>\n<p>&nbsp;<\/p>\n<p><a title=\"busto de Evita dentro de la cueva\" href=\"https:\/\/www.flickr.com\/photos\/182279889@N02\/52244089759\/in\/dateposted-public\/\" data-flickr-embed=\"true\"><img loading=\"lazy\" decoding=\"async\" src=\"https:\/\/live.staticflickr.com\/65535\/52244089759_394b3e25da_c.jpg\" alt=\"busto de Evita dentro de la cueva\" width=\"800\" height=\"532\" \/><\/a><br \/>\n<strong><em>El busto de Evita dentro de la cueva que la resguard\u00f3 por mas de 4 d\u00e9cadas<\/em><\/strong><\/p>\n<p>En otro pasaje de la charla, el profesor mencion\u00f3 que en medio del trabajo pr\u00e1ctico, \u201ccon el grupo de chicos fuimos hasta ese campo, llegamos hasta la cueva. Ten\u00eda ingreso y salida. Tambi\u00e9n estaba ah\u00ed la piedra que usaron para tapar ese ingreso y esconder el busto\u201d.<\/p>\n<p>Una vez devuelto a la luz con la llegada del peronismo al poder serrano, \u201cla primera curaci\u00f3n la hace una escultura internacional. Lo hace de forma gratuita. Se llama Marina Araoz que naci\u00f3 ese 15 de septiembre de 1955 y le pusieron ese nombre porque su familia estaba feliz por el golpe militar\u201d record\u00f3.<\/p>\n<p><a title=\"Marina Araoz\" href=\"https:\/\/www.flickr.com\/photos\/182279889@N02\/52244087399\/in\/dateposted-public\/\" data-flickr-embed=\"true\"><img loading=\"lazy\" decoding=\"async\" class=\"alignleft\" src=\"https:\/\/live.staticflickr.com\/65535\/52244087399_77f78520e4_c.jpg\" alt=\"Marina Araoz\" width=\"444\" height=\"571\" \/><\/a><\/p>\n<p>En otra de las interesantes apostillas que brind\u00f3 la investigaci\u00f3n, Masson confirm\u00f3 que \u201cel paso del tiempo quiso que entre el grupo de estudiantes est\u00e9 un nieto de una de las personas que rescat\u00f3 el busto y la escondi\u00f3; y al mismo tiempo, otro nieto de una de las personas que estaba en la camioneta\u201d.<\/p>\n<p>Por \u00faltimo reconoci\u00f3 que tras una visita del grupo de estudiantes al Concejo Deliberante, llovieron los elogios, qued\u00e1ndose con una frase puntual: \u201cgracias a trabajos como el que han hecho, nunca m\u00e1s el odio podr\u00e1 dividirnos\u201d.<\/p>\n<p>&nbsp;<\/p>\n<p>&nbsp;<\/p>\n<p>&nbsp;<\/p>\n<p>&nbsp;<\/p>\n<p>&nbsp;<\/p>\n<p>&nbsp;<\/p>\n<p><iframe loading=\"lazy\" src=\"https:\/\/w.soundcloud.com\/player\/?url=https%3A\/\/api.soundcloud.com\/tracks\/1312122172&amp;color=%23ff5500&amp;auto_play=false&amp;hide_related=false&amp;show_comments=true&amp;show_user=true&amp;show_reposts=false&amp;show_teaser=true\" width=\"100%\" height=\"166\" frameborder=\"no\" scrolling=\"no\"><\/iframe><\/p>\n<div style=\"font-size: 10px; color: #cccccc; line-break: anywhere; word-break: normal; overflow: hidden; white-space: nowrap; text-overflow: ellipsis; font-family: Interstate,Lucida Grande,Lucida Sans Unicode,Lucida Sans,Garuda,Verdana,Tahoma,sans-serif; font-weight: 100;\"><a style=\"color: #cccccc; text-decoration: none;\" title=\"fmreflejos 103.7\" href=\"https:\/\/soundcloud.com\/fmreflejos-103-7\" target=\"_blank\" rel=\"noopener\">fmreflejos 103.7<\/a> \u00b7 <a style=\"color: #cccccc; text-decoration: none;\" title=\"Claudio Masson\" href=\"https:\/\/soundcloud.com\/fmreflejos-103-7\/claudio-masson-1\" target=\"_blank\" rel=\"noopener\">Claudio Masson<\/a><\/div>\n<p><a title=\"bustoEVA-1\" href=\"https:\/\/www.flickr.com\/photos\/182279889@N02\/52243813458\/in\/dateposted-public\/\" data-flickr-embed=\"true\"><img loading=\"lazy\" decoding=\"async\" src=\"https:\/\/live.staticflickr.com\/65535\/52243813458_5b7e0d5bce_c.jpg\" alt=\"bustoEVA-1\" width=\"800\" height=\"600\" \/><\/a><script async src=\"\/\/embedr.flickr.com\/assets\/client-code.js\" charset=\"utf-8\"><\/script><br \/>\n<em><strong>Ultima imagen del busto en el pedestal, le destrozaron su cara y arrojaron los pedazos al R\u00edo Sauce<\/strong><\/em><em><strong> Grande.<\/strong><\/em><\/p>\n<p>&nbsp;<\/p>\n","protected":false},"excerpt":{"rendered":"<p>El profesor Lic. Claudio Masson record\u00f3 el trabajo que llev\u00f3 adelante con estudiantes de sexto a\u00f1o de la escuela media de Sierra de la Ventana, hace casi una d\u00e9cada sobre el tema, y el reconocimiento que les otorg\u00f3 haber sido tan aplicados.<\/p>\n","protected":false},"author":3,"featured_media":75557,"comment_status":"closed","ping_status":"closed","sticky":false,"template":"","format":"standard","meta":{"footnotes":""},"categories":[34,24,26],"tags":[48],"class_list":["post-75539","post","type-post","status-publish","format-standard","has-post-thumbnail","hentry","category-educacion","category-politica","category-sociedad","tag-destacada"],"yoast_head":"<!-- This site is optimized with the Yoast SEO plugin v25.9 - https:\/\/yoast.com\/wordpress\/plugins\/seo\/ -->\n<title>El mito y la realidad detr\u00e1s del busto de Eva Per\u00f3n en Sierra de la Ventana - Noticias Radio Reflejos<\/title>\n<meta name=\"robots\" content=\"index, follow, max-snippet:-1, max-image-preview:large, max-video-preview:-1\" \/>\n<link rel=\"canonical\" href=\"https:\/\/www.noticiasradioreflejos.com.ar\/2021\/el-mito-y-la-realidad-detras-del-busto-de-eva-peron-en-sierra-de-la-ventana\/\" \/>\n<meta property=\"og:locale\" content=\"es_ES\" \/>\n<meta property=\"og:type\" content=\"article\" \/>\n<meta property=\"og:title\" content=\"El mito y la realidad detr\u00e1s del busto de Eva Per\u00f3n en Sierra de la Ventana - Noticias Radio Reflejos\" \/>\n<meta property=\"og:description\" content=\"El profesor Lic. Claudio Masson record\u00f3 el trabajo que llev\u00f3 adelante con estudiantes de sexto a\u00f1o de la escuela media de Sierra de la Ventana, hace casi una d\u00e9cada sobre el tema, y el reconocimiento que les otorg\u00f3 haber sido tan aplicados.\" \/>\n<meta property=\"og:url\" content=\"https:\/\/www.noticiasradioreflejos.com.ar\/2021\/el-mito-y-la-realidad-detras-del-busto-de-eva-peron-en-sierra-de-la-ventana\/\" \/>\n<meta property=\"og:site_name\" content=\"Noticias Radio Reflejos\" \/>\n<meta property=\"article:published_time\" content=\"2022-07-26T23:57:33+00:00\" \/>\n<meta property=\"article:modified_time\" content=\"2022-07-27T15:18:11+00:00\" \/>\n<meta property=\"og:image\" content=\"https:\/\/www.noticiasradioreflejos.com.ar\/2021\/wp-content\/uploads\/2022\/07\/bustoEVA-3.jpg\" \/>\n\t<meta property=\"og:image:width\" content=\"1600\" \/>\n\t<meta property=\"og:image:height\" content=\"1200\" \/>\n\t<meta property=\"og:image:type\" content=\"image\/jpeg\" \/>\n<meta name=\"author\" content=\"Arnaldo Botto\" \/>\n<meta name=\"twitter:card\" content=\"summary_large_image\" \/>\n<script type=\"application\/ld+json\" class=\"yoast-schema-graph\">{\"@context\":\"https:\/\/schema.org\",\"@graph\":[{\"@type\":\"WebPage\",\"@id\":\"https:\/\/www.noticiasradioreflejos.com.ar\/2021\/el-mito-y-la-realidad-detras-del-busto-de-eva-peron-en-sierra-de-la-ventana\/\",\"url\":\"https:\/\/www.noticiasradioreflejos.com.ar\/2021\/el-mito-y-la-realidad-detras-del-busto-de-eva-peron-en-sierra-de-la-ventana\/\",\"name\":\"El mito y la realidad detr\u00e1s del busto de Eva Per\u00f3n en Sierra de la Ventana - Noticias Radio Reflejos\",\"isPartOf\":{\"@id\":\"https:\/\/www.noticiasradioreflejos.com.ar\/2021\/#website\"},\"primaryImageOfPage\":{\"@id\":\"https:\/\/www.noticiasradioreflejos.com.ar\/2021\/el-mito-y-la-realidad-detras-del-busto-de-eva-peron-en-sierra-de-la-ventana\/#primaryimage\"},\"image\":{\"@id\":\"https:\/\/www.noticiasradioreflejos.com.ar\/2021\/el-mito-y-la-realidad-detras-del-busto-de-eva-peron-en-sierra-de-la-ventana\/#primaryimage\"},\"thumbnailUrl\":\"https:\/\/www.noticiasradioreflejos.com.ar\/2021\/wp-content\/uploads\/2022\/07\/bustoEVA-3.jpg\",\"datePublished\":\"2022-07-26T23:57:33+00:00\",\"dateModified\":\"2022-07-27T15:18:11+00:00\",\"author\":{\"@id\":\"https:\/\/www.noticiasradioreflejos.com.ar\/2021\/#\/schema\/person\/ad82545263dcc5ec0996818884fd5fb1\"},\"breadcrumb\":{\"@id\":\"https:\/\/www.noticiasradioreflejos.com.ar\/2021\/el-mito-y-la-realidad-detras-del-busto-de-eva-peron-en-sierra-de-la-ventana\/#breadcrumb\"},\"inLanguage\":\"es\",\"potentialAction\":[{\"@type\":\"ReadAction\",\"target\":[\"https:\/\/www.noticiasradioreflejos.com.ar\/2021\/el-mito-y-la-realidad-detras-del-busto-de-eva-peron-en-sierra-de-la-ventana\/\"]}]},{\"@type\":\"ImageObject\",\"inLanguage\":\"es\",\"@id\":\"https:\/\/www.noticiasradioreflejos.com.ar\/2021\/el-mito-y-la-realidad-detras-del-busto-de-eva-peron-en-sierra-de-la-ventana\/#primaryimage\",\"url\":\"https:\/\/www.noticiasradioreflejos.com.ar\/2021\/wp-content\/uploads\/2022\/07\/bustoEVA-3.jpg\",\"contentUrl\":\"https:\/\/www.noticiasradioreflejos.com.ar\/2021\/wp-content\/uploads\/2022\/07\/bustoEVA-3.jpg\",\"width\":1600,\"height\":1200},{\"@type\":\"BreadcrumbList\",\"@id\":\"https:\/\/www.noticiasradioreflejos.com.ar\/2021\/el-mito-y-la-realidad-detras-del-busto-de-eva-peron-en-sierra-de-la-ventana\/#breadcrumb\",\"itemListElement\":[{\"@type\":\"ListItem\",\"position\":1,\"name\":\"Portada\",\"item\":\"https:\/\/www.noticiasradioreflejos.com.ar\/2021\/\"},{\"@type\":\"ListItem\",\"position\":2,\"name\":\"El mito y la realidad detr\u00e1s del busto de Eva Per\u00f3n en Sierra de la Ventana\"}]},{\"@type\":\"WebSite\",\"@id\":\"https:\/\/www.noticiasradioreflejos.com.ar\/2021\/#website\",\"url\":\"https:\/\/www.noticiasradioreflejos.com.ar\/2021\/\",\"name\":\"Noticias Radio Reflejos\",\"description\":\"Las noticias de mi comarca\",\"potentialAction\":[{\"@type\":\"SearchAction\",\"target\":{\"@type\":\"EntryPoint\",\"urlTemplate\":\"https:\/\/www.noticiasradioreflejos.com.ar\/2021\/?s={search_term_string}\"},\"query-input\":{\"@type\":\"PropertyValueSpecification\",\"valueRequired\":true,\"valueName\":\"search_term_string\"}}],\"inLanguage\":\"es\"},{\"@type\":\"Person\",\"@id\":\"https:\/\/www.noticiasradioreflejos.com.ar\/2021\/#\/schema\/person\/ad82545263dcc5ec0996818884fd5fb1\",\"name\":\"Arnaldo Botto\",\"image\":{\"@type\":\"ImageObject\",\"inLanguage\":\"es\",\"@id\":\"https:\/\/www.noticiasradioreflejos.com.ar\/2021\/#\/schema\/person\/image\/\",\"url\":\"https:\/\/secure.gravatar.com\/avatar\/55cb5e37c1efa326397366e6974cb338056df65cb50e7d64d1cf314e87504837?s=96&d=mm&r=g\",\"contentUrl\":\"https:\/\/secure.gravatar.com\/avatar\/55cb5e37c1efa326397366e6974cb338056df65cb50e7d64d1cf314e87504837?s=96&d=mm&r=g\",\"caption\":\"Arnaldo Botto\"},\"url\":\"https:\/\/www.noticiasradioreflejos.com.ar\/2021\/author\/arnaldo\/\"}]}<\/script>\n<!-- \/ Yoast SEO plugin. -->","yoast_head_json":{"title":"El mito y la realidad detr\u00e1s del busto de Eva Per\u00f3n en Sierra de la Ventana - Noticias Radio Reflejos","robots":{"index":"index","follow":"follow","max-snippet":"max-snippet:-1","max-image-preview":"max-image-preview:large","max-video-preview":"max-video-preview:-1"},"canonical":"https:\/\/www.noticiasradioreflejos.com.ar\/2021\/el-mito-y-la-realidad-detras-del-busto-de-eva-peron-en-sierra-de-la-ventana\/","og_locale":"es_ES","og_type":"article","og_title":"El mito y la realidad detr\u00e1s del busto de Eva Per\u00f3n en Sierra de la Ventana - Noticias Radio Reflejos","og_description":"El profesor Lic. Claudio Masson record\u00f3 el trabajo que llev\u00f3 adelante con estudiantes de sexto a\u00f1o de la escuela media de Sierra de la Ventana, hace casi una d\u00e9cada sobre el tema, y el reconocimiento que les otorg\u00f3 haber sido tan aplicados.","og_url":"https:\/\/www.noticiasradioreflejos.com.ar\/2021\/el-mito-y-la-realidad-detras-del-busto-de-eva-peron-en-sierra-de-la-ventana\/","og_site_name":"Noticias Radio Reflejos","article_published_time":"2022-07-26T23:57:33+00:00","article_modified_time":"2022-07-27T15:18:11+00:00","og_image":[{"width":1600,"height":1200,"url":"https:\/\/www.noticiasradioreflejos.com.ar\/2021\/wp-content\/uploads\/2022\/07\/bustoEVA-3.jpg","type":"image\/jpeg"}],"author":"Arnaldo Botto","twitter_card":"summary_large_image","schema":{"@context":"https:\/\/schema.org","@graph":[{"@type":"WebPage","@id":"https:\/\/www.noticiasradioreflejos.com.ar\/2021\/el-mito-y-la-realidad-detras-del-busto-de-eva-peron-en-sierra-de-la-ventana\/","url":"https:\/\/www.noticiasradioreflejos.com.ar\/2021\/el-mito-y-la-realidad-detras-del-busto-de-eva-peron-en-sierra-de-la-ventana\/","name":"El mito y la realidad detr\u00e1s del busto de Eva Per\u00f3n en Sierra de la Ventana - Noticias Radio Reflejos","isPartOf":{"@id":"https:\/\/www.noticiasradioreflejos.com.ar\/2021\/#website"},"primaryImageOfPage":{"@id":"https:\/\/www.noticiasradioreflejos.com.ar\/2021\/el-mito-y-la-realidad-detras-del-busto-de-eva-peron-en-sierra-de-la-ventana\/#primaryimage"},"image":{"@id":"https:\/\/www.noticiasradioreflejos.com.ar\/2021\/el-mito-y-la-realidad-detras-del-busto-de-eva-peron-en-sierra-de-la-ventana\/#primaryimage"},"thumbnailUrl":"https:\/\/www.noticiasradioreflejos.com.ar\/2021\/wp-content\/uploads\/2022\/07\/bustoEVA-3.jpg","datePublished":"2022-07-26T23:57:33+00:00","dateModified":"2022-07-27T15:18:11+00:00","author":{"@id":"https:\/\/www.noticiasradioreflejos.com.ar\/2021\/#\/schema\/person\/ad82545263dcc5ec0996818884fd5fb1"},"breadcrumb":{"@id":"https:\/\/www.noticiasradioreflejos.com.ar\/2021\/el-mito-y-la-realidad-detras-del-busto-de-eva-peron-en-sierra-de-la-ventana\/#breadcrumb"},"inLanguage":"es","potentialAction":[{"@type":"ReadAction","target":["https:\/\/www.noticiasradioreflejos.com.ar\/2021\/el-mito-y-la-realidad-detras-del-busto-de-eva-peron-en-sierra-de-la-ventana\/"]}]},{"@type":"ImageObject","inLanguage":"es","@id":"https:\/\/www.noticiasradioreflejos.com.ar\/2021\/el-mito-y-la-realidad-detras-del-busto-de-eva-peron-en-sierra-de-la-ventana\/#primaryimage","url":"https:\/\/www.noticiasradioreflejos.com.ar\/2021\/wp-content\/uploads\/2022\/07\/bustoEVA-3.jpg","contentUrl":"https:\/\/www.noticiasradioreflejos.com.ar\/2021\/wp-content\/uploads\/2022\/07\/bustoEVA-3.jpg","width":1600,"height":1200},{"@type":"BreadcrumbList","@id":"https:\/\/www.noticiasradioreflejos.com.ar\/2021\/el-mito-y-la-realidad-detras-del-busto-de-eva-peron-en-sierra-de-la-ventana\/#breadcrumb","itemListElement":[{"@type":"ListItem","position":1,"name":"Portada","item":"https:\/\/www.noticiasradioreflejos.com.ar\/2021\/"},{"@type":"ListItem","position":2,"name":"El mito y la realidad detr\u00e1s del busto de Eva Per\u00f3n en Sierra de la Ventana"}]},{"@type":"WebSite","@id":"https:\/\/www.noticiasradioreflejos.com.ar\/2021\/#website","url":"https:\/\/www.noticiasradioreflejos.com.ar\/2021\/","name":"Noticias Radio Reflejos","description":"Las noticias de mi comarca","potentialAction":[{"@type":"SearchAction","target":{"@type":"EntryPoint","urlTemplate":"https:\/\/www.noticiasradioreflejos.com.ar\/2021\/?s={search_term_string}"},"query-input":{"@type":"PropertyValueSpecification","valueRequired":true,"valueName":"search_term_string"}}],"inLanguage":"es"},{"@type":"Person","@id":"https:\/\/www.noticiasradioreflejos.com.ar\/2021\/#\/schema\/person\/ad82545263dcc5ec0996818884fd5fb1","name":"Arnaldo Botto","image":{"@type":"ImageObject","inLanguage":"es","@id":"https:\/\/www.noticiasradioreflejos.com.ar\/2021\/#\/schema\/person\/image\/","url":"https:\/\/secure.gravatar.com\/avatar\/55cb5e37c1efa326397366e6974cb338056df65cb50e7d64d1cf314e87504837?s=96&d=mm&r=g","contentUrl":"https:\/\/secure.gravatar.com\/avatar\/55cb5e37c1efa326397366e6974cb338056df65cb50e7d64d1cf314e87504837?s=96&d=mm&r=g","caption":"Arnaldo Botto"},"url":"https:\/\/www.noticiasradioreflejos.com.ar\/2021\/author\/arnaldo\/"}]}},"_links":{"self":[{"href":"https:\/\/www.noticiasradioreflejos.com.ar\/2021\/wp-json\/wp\/v2\/posts\/75539","targetHints":{"allow":["GET"]}}],"collection":[{"href":"https:\/\/www.noticiasradioreflejos.com.ar\/2021\/wp-json\/wp\/v2\/posts"}],"about":[{"href":"https:\/\/www.noticiasradioreflejos.com.ar\/2021\/wp-json\/wp\/v2\/types\/post"}],"author":[{"embeddable":true,"href":"https:\/\/www.noticiasradioreflejos.com.ar\/2021\/wp-json\/wp\/v2\/users\/3"}],"replies":[{"embeddable":true,"href":"https:\/\/www.noticiasradioreflejos.com.ar\/2021\/wp-json\/wp\/v2\/comments?post=75539"}],"version-history":[{"count":6,"href":"https:\/\/www.noticiasradioreflejos.com.ar\/2021\/wp-json\/wp\/v2\/posts\/75539\/revisions"}],"predecessor-version":[{"id":75581,"href":"https:\/\/www.noticiasradioreflejos.com.ar\/2021\/wp-json\/wp\/v2\/posts\/75539\/revisions\/75581"}],"wp:featuredmedia":[{"embeddable":true,"href":"https:\/\/www.noticiasradioreflejos.com.ar\/2021\/wp-json\/wp\/v2\/media\/75557"}],"wp:attachment":[{"href":"https:\/\/www.noticiasradioreflejos.com.ar\/2021\/wp-json\/wp\/v2\/media?parent=75539"}],"wp:term":[{"taxonomy":"category","embeddable":true,"href":"https:\/\/www.noticiasradioreflejos.com.ar\/2021\/wp-json\/wp\/v2\/categories?post=75539"},{"taxonomy":"post_tag","embeddable":true,"href":"https:\/\/www.noticiasradioreflejos.com.ar\/2021\/wp-json\/wp\/v2\/tags?post=75539"}],"curies":[{"name":"wp","href":"https:\/\/api.w.org\/{rel}","templated":true}]}}