{"id":75535,"date":"2022-07-26T14:55:36","date_gmt":"2022-07-26T14:55:36","guid":{"rendered":"http:\/\/www.noticiasradioreflejos.com.ar\/2021\/?p=75535"},"modified":"2022-07-26T14:55:36","modified_gmt":"2022-07-26T14:55:36","slug":"rigen-alertas-amarillas-por-tormentas-y-lluvias-intensas-en-cinco-provincias","status":"publish","type":"post","link":"https:\/\/www.noticiasradioreflejos.com.ar\/2021\/rigen-alertas-amarillas-por-tormentas-y-lluvias-intensas-en-cinco-provincias\/","title":{"rendered":"Rigen alertas amarillas por tormentas y lluvias intensas en cinco provincias"},"content":{"rendered":"<div class=\"wrapper-header\">\n<div class=\"container-xl\">\n<div class=\"row\">\n<div class=\"col-12\">\n<div class=\"head-content mb-4\">\n<div class=\"my-3\">\n<div class=\"social mt-3\">Buenos Aires, La Pampa, Neuqu\u00e9n, R\u00edo Negro y Chubut amenazados abundantes precipitaciones, ca\u00edda de granizo y actividad el\u00e9ctrica.<\/div>\n<\/div>\n<\/div>\n<\/div>\n<\/div>\n<\/div>\n<\/div>\n<p><!--more--><\/p>\n<div class=\"wrapper-editable-content\">\n<div>\n<div class=\"wrapper-editable-content\">\n<div>\n<div class=\"container-md\">\n<div class=\"row\">\n<div class=\"col-md-12 speak\">\n<div class=\"paragraph\">\n<figure class=\"mb-3\"><img decoding=\"async\" src=\"https:\/\/www.telam.com.ar\/thumbs\/bluesteel\/advf\/imagenes\/2022\/04\/62693d20853cf_900.jpg\" alt=\"En el centro de Buenos Aires se pronostican tormentas con valores de precipitacin acumulada entre los 20 y 50 milmetros\" width=\"100%\" height=\"100%\" \/><\/p>\n<div class=\"media-icons\"><\/div><figcaption>En el centro de Buenos Aires se pronostican tormentas con valores de precipitaci\u00f3n acumulada entre los 20 y 50 mil\u00edmetros.<\/figcaption><\/figure>\n<p>El Servicio Meteorol\u00f3gico Nacional (SMN) emiti\u00f3 este martes\u00a0<strong>alertas amarillas por tormentas y lluvias intensas<\/strong>\u00a0para las provincias de\u00a0<strong>Buenos Aires, La Pampa, Neuqu\u00e9n, R\u00edo Negro y Chubut<\/strong>.<\/p>\n<p>Seg\u00fan indic\u00f3 el organismo,\u00a0<strong>en el centro de Buenos Aires<\/strong>\u00a0se pronostican tormentas con valores de precipitaci\u00f3n acumulada\u00a0<strong>entre los 20 y 50 mil\u00edmetros<\/strong>, que podr\u00edan estar acompa\u00f1adas por r\u00e1fagas, ocasional\u00a0<strong>ca\u00edda de granizo<\/strong>, intensa actividad el\u00e9ctrica y abundante ca\u00edda de agua en cortos per\u00edodos.<\/p>\n<p>El \u00e1rea afectada ser\u00e1 el este de General Lavalle, La Costa, oeste de Castelli, oeste de Chascom\u00fas, oeste de Dolores, oeste de Lezama, oeste de Punta Indio, oeste de Tordillo, Pila, Ayacucho, Balcarce, General Guido, Maip\u00fa, noroeste de General Juan Madariaga, noroeste de Mar Chiquita, este de General Pueyrred\u00f3n, General Alvear, General Belgrano, Navarro, Lobos, Monte, Las Flores y General Paz.<\/p>\n<figure class=\"mb-3\"><img decoding=\"async\" src=\"https:\/\/www.telam.com.ar\/thumbs\/bluesteel\/advf\/imagenes\/2020\/09\/5f6e74f17ec6a_900.jpg\" alt=\"El Servicio Meteorolgico Nacional SMN emiti alertas amarillas por tormentas y lluvias intensas\" width=\"100%\" height=\"100%\" \/><\/p>\n<div class=\"media-icons\"><\/div><figcaption>El Servicio Meteorol\u00f3gico Nacional (SMN) emiti\u00f3 alertas amarillas por tormentas y lluvias intensas.<\/figcaption><\/figure>\n<p>Asimismo, los departamentos de Saladillo, Roque P\u00e9rez, Alberti, Bragado, Chivilcoy, General Viamonte, Nueve de Julio, Veinticinco de Mayo, Azul, Rauch, Tapalqu\u00e9, zona baja de Benito Ju\u00e1rez, zona baja de Tandil, Bol\u00edvar , Carlos Casares, Carlos Tejedor, Hip\u00f3lito Yrigoyen, Pehuaj\u00f3, Florentino Ameghino, General Villegas, Adolfo Alsina, Daireaux, Guamin\u00ed, Pellegrini, Salliquel\u00f3, Trenque Lauquen, Tres Lomas y Rivadavia.<\/p>\n<h2 class=\"\">La Pampa, Neuqu\u00e9n, R\u00edo Negro y Chubut<\/h2>\n<p>De igual forma, para la provincia de La Pampa se prev\u00e9n lluvias para las localidades de Chapaleuf\u00fa, Marac\u00f3, Rancul, Realic\u00f3, Trenel, Atreuc\u00f3, Catril\u00f3, Conhelo, Guatrach\u00e9, Quem\u00fa Quem\u00fa, Toay y Utrac\u00e1n.<\/p>\n<p>En Neuqu\u00e9n, se esperan tormentas con valores de precipitaci\u00f3n acumulada entre 15 y 35 mil\u00edmetros, pudiendo ser superados en forma puntual y en la zonas m\u00e1s altas pueden ocurrir algunas en forma de nieve.<\/p>\n<p>El \u00e1rea afectada ser\u00e1 la zona cordillerana de Alumin\u00e9, Chos Malal, Loncopu\u00e9, Minas, L\u00e1car, Picunches, Huilliches, \u00d1orqu\u00edn, y departamentos de Cat\u00e1n Lil, Coll\u00f3n Cur\u00e1, Zapala, Alumin\u00e9 y L\u00e1car.<\/p>\n<p>Los mismos valores de precipitaciones se esperan para los departamentos de este de M\u00e1rtires, este de Telsen, Gaiman, y mesetas de Biedma, Florentino Ameghino, Rawson y la Costa de Biedma; en Chubut; y para Nueve de Julio, Conesa, Veinticinco de Mayo, Valcheta, oeste de El Cuy y mesetas de Pilcaniyeu, \u00d1orquinc\u00f3, Adolfo Alsina y San Antonio, en R\u00edo Negro.<\/p><\/div>\n<\/div>\n<\/div>\n<\/div>\n<\/div>\n<\/div>\n<\/div>\n<\/div>\n","protected":false},"excerpt":{"rendered":"<p>Buenos Aires, La Pampa, Neuqu\u00e9n, R\u00edo Negro y Chubut amenazados abundantes precipitaciones, ca\u00edda de granizo y actividad el\u00e9ctrica.<\/p>\n","protected":false},"author":3,"featured_media":0,"comment_status":"closed","ping_status":"closed","sticky":false,"template":"","format":"standard","meta":{"footnotes":""},"categories":[46],"tags":[48],"class_list":["post-75535","post","type-post","status-publish","format-standard","hentry","category-ciencia-y-tecnologia","tag-destacada"],"yoast_head":"<!-- This site is optimized with the Yoast SEO plugin v25.9 - https:\/\/yoast.com\/wordpress\/plugins\/seo\/ -->\n<title>Rigen alertas amarillas por tormentas y lluvias intensas en cinco provincias - Noticias Radio Reflejos<\/title>\n<meta name=\"robots\" content=\"index, follow, max-snippet:-1, max-image-preview:large, max-video-preview:-1\" \/>\n<link rel=\"canonical\" href=\"https:\/\/www.noticiasradioreflejos.com.ar\/2021\/rigen-alertas-amarillas-por-tormentas-y-lluvias-intensas-en-cinco-provincias\/\" \/>\n<meta property=\"og:locale\" content=\"es_ES\" \/>\n<meta property=\"og:type\" content=\"article\" \/>\n<meta property=\"og:title\" content=\"Rigen alertas amarillas por tormentas y lluvias intensas en cinco provincias - Noticias Radio Reflejos\" \/>\n<meta property=\"og:description\" content=\"Buenos Aires, La Pampa, Neuqu\u00e9n, R\u00edo Negro y Chubut amenazados abundantes precipitaciones, ca\u00edda de granizo y actividad el\u00e9ctrica.\" \/>\n<meta property=\"og:url\" content=\"https:\/\/www.noticiasradioreflejos.com.ar\/2021\/rigen-alertas-amarillas-por-tormentas-y-lluvias-intensas-en-cinco-provincias\/\" \/>\n<meta property=\"og:site_name\" content=\"Noticias Radio Reflejos\" \/>\n<meta property=\"article:published_time\" content=\"2022-07-26T14:55:36+00:00\" \/>\n<meta property=\"og:image\" content=\"https:\/\/www.telam.com.ar\/thumbs\/bluesteel\/advf\/imagenes\/2022\/04\/62693d20853cf_900.jpg\" \/>\n<meta name=\"author\" content=\"Arnaldo Botto\" \/>\n<meta name=\"twitter:card\" content=\"summary_large_image\" \/>\n<script type=\"application\/ld+json\" class=\"yoast-schema-graph\">{\"@context\":\"https:\/\/schema.org\",\"@graph\":[{\"@type\":\"WebPage\",\"@id\":\"https:\/\/www.noticiasradioreflejos.com.ar\/2021\/rigen-alertas-amarillas-por-tormentas-y-lluvias-intensas-en-cinco-provincias\/\",\"url\":\"https:\/\/www.noticiasradioreflejos.com.ar\/2021\/rigen-alertas-amarillas-por-tormentas-y-lluvias-intensas-en-cinco-provincias\/\",\"name\":\"Rigen alertas amarillas por tormentas y lluvias intensas en cinco provincias - Noticias Radio Reflejos\",\"isPartOf\":{\"@id\":\"https:\/\/www.noticiasradioreflejos.com.ar\/2021\/#website\"},\"primaryImageOfPage\":{\"@id\":\"https:\/\/www.noticiasradioreflejos.com.ar\/2021\/rigen-alertas-amarillas-por-tormentas-y-lluvias-intensas-en-cinco-provincias\/#primaryimage\"},\"image\":{\"@id\":\"https:\/\/www.noticiasradioreflejos.com.ar\/2021\/rigen-alertas-amarillas-por-tormentas-y-lluvias-intensas-en-cinco-provincias\/#primaryimage\"},\"thumbnailUrl\":\"https:\/\/www.telam.com.ar\/thumbs\/bluesteel\/advf\/imagenes\/2022\/04\/62693d20853cf_900.jpg\",\"datePublished\":\"2022-07-26T14:55:36+00:00\",\"author\":{\"@id\":\"https:\/\/www.noticiasradioreflejos.com.ar\/2021\/#\/schema\/person\/ad82545263dcc5ec0996818884fd5fb1\"},\"breadcrumb\":{\"@id\":\"https:\/\/www.noticiasradioreflejos.com.ar\/2021\/rigen-alertas-amarillas-por-tormentas-y-lluvias-intensas-en-cinco-provincias\/#breadcrumb\"},\"inLanguage\":\"es\",\"potentialAction\":[{\"@type\":\"ReadAction\",\"target\":[\"https:\/\/www.noticiasradioreflejos.com.ar\/2021\/rigen-alertas-amarillas-por-tormentas-y-lluvias-intensas-en-cinco-provincias\/\"]}]},{\"@type\":\"ImageObject\",\"inLanguage\":\"es\",\"@id\":\"https:\/\/www.noticiasradioreflejos.com.ar\/2021\/rigen-alertas-amarillas-por-tormentas-y-lluvias-intensas-en-cinco-provincias\/#primaryimage\",\"url\":\"https:\/\/www.telam.com.ar\/thumbs\/bluesteel\/advf\/imagenes\/2022\/04\/62693d20853cf_900.jpg\",\"contentUrl\":\"https:\/\/www.telam.com.ar\/thumbs\/bluesteel\/advf\/imagenes\/2022\/04\/62693d20853cf_900.jpg\"},{\"@type\":\"BreadcrumbList\",\"@id\":\"https:\/\/www.noticiasradioreflejos.com.ar\/2021\/rigen-alertas-amarillas-por-tormentas-y-lluvias-intensas-en-cinco-provincias\/#breadcrumb\",\"itemListElement\":[{\"@type\":\"ListItem\",\"position\":1,\"name\":\"Portada\",\"item\":\"https:\/\/www.noticiasradioreflejos.com.ar\/2021\/\"},{\"@type\":\"ListItem\",\"position\":2,\"name\":\"Rigen alertas amarillas por tormentas y lluvias intensas en cinco provincias\"}]},{\"@type\":\"WebSite\",\"@id\":\"https:\/\/www.noticiasradioreflejos.com.ar\/2021\/#website\",\"url\":\"https:\/\/www.noticiasradioreflejos.com.ar\/2021\/\",\"name\":\"Noticias Radio Reflejos\",\"description\":\"Las noticias de mi comarca\",\"potentialAction\":[{\"@type\":\"SearchAction\",\"target\":{\"@type\":\"EntryPoint\",\"urlTemplate\":\"https:\/\/www.noticiasradioreflejos.com.ar\/2021\/?s={search_term_string}\"},\"query-input\":{\"@type\":\"PropertyValueSpecification\",\"valueRequired\":true,\"valueName\":\"search_term_string\"}}],\"inLanguage\":\"es\"},{\"@type\":\"Person\",\"@id\":\"https:\/\/www.noticiasradioreflejos.com.ar\/2021\/#\/schema\/person\/ad82545263dcc5ec0996818884fd5fb1\",\"name\":\"Arnaldo Botto\",\"image\":{\"@type\":\"ImageObject\",\"inLanguage\":\"es\",\"@id\":\"https:\/\/www.noticiasradioreflejos.com.ar\/2021\/#\/schema\/person\/image\/\",\"url\":\"https:\/\/secure.gravatar.com\/avatar\/55cb5e37c1efa326397366e6974cb338056df65cb50e7d64d1cf314e87504837?s=96&d=mm&r=g\",\"contentUrl\":\"https:\/\/secure.gravatar.com\/avatar\/55cb5e37c1efa326397366e6974cb338056df65cb50e7d64d1cf314e87504837?s=96&d=mm&r=g\",\"caption\":\"Arnaldo Botto\"},\"url\":\"https:\/\/www.noticiasradioreflejos.com.ar\/2021\/author\/arnaldo\/\"}]}<\/script>\n<!-- \/ Yoast SEO plugin. -->","yoast_head_json":{"title":"Rigen alertas amarillas por tormentas y lluvias intensas en cinco provincias - Noticias Radio Reflejos","robots":{"index":"index","follow":"follow","max-snippet":"max-snippet:-1","max-image-preview":"max-image-preview:large","max-video-preview":"max-video-preview:-1"},"canonical":"https:\/\/www.noticiasradioreflejos.com.ar\/2021\/rigen-alertas-amarillas-por-tormentas-y-lluvias-intensas-en-cinco-provincias\/","og_locale":"es_ES","og_type":"article","og_title":"Rigen alertas amarillas por tormentas y lluvias intensas en cinco provincias - Noticias Radio Reflejos","og_description":"Buenos Aires, La Pampa, Neuqu\u00e9n, R\u00edo Negro y Chubut amenazados abundantes precipitaciones, ca\u00edda de granizo y actividad el\u00e9ctrica.","og_url":"https:\/\/www.noticiasradioreflejos.com.ar\/2021\/rigen-alertas-amarillas-por-tormentas-y-lluvias-intensas-en-cinco-provincias\/","og_site_name":"Noticias Radio Reflejos","article_published_time":"2022-07-26T14:55:36+00:00","og_image":[{"url":"https:\/\/www.telam.com.ar\/thumbs\/bluesteel\/advf\/imagenes\/2022\/04\/62693d20853cf_900.jpg","type":"","width":"","height":""}],"author":"Arnaldo Botto","twitter_card":"summary_large_image","schema":{"@context":"https:\/\/schema.org","@graph":[{"@type":"WebPage","@id":"https:\/\/www.noticiasradioreflejos.com.ar\/2021\/rigen-alertas-amarillas-por-tormentas-y-lluvias-intensas-en-cinco-provincias\/","url":"https:\/\/www.noticiasradioreflejos.com.ar\/2021\/rigen-alertas-amarillas-por-tormentas-y-lluvias-intensas-en-cinco-provincias\/","name":"Rigen alertas amarillas por tormentas y lluvias intensas en cinco provincias - Noticias Radio Reflejos","isPartOf":{"@id":"https:\/\/www.noticiasradioreflejos.com.ar\/2021\/#website"},"primaryImageOfPage":{"@id":"https:\/\/www.noticiasradioreflejos.com.ar\/2021\/rigen-alertas-amarillas-por-tormentas-y-lluvias-intensas-en-cinco-provincias\/#primaryimage"},"image":{"@id":"https:\/\/www.noticiasradioreflejos.com.ar\/2021\/rigen-alertas-amarillas-por-tormentas-y-lluvias-intensas-en-cinco-provincias\/#primaryimage"},"thumbnailUrl":"https:\/\/www.telam.com.ar\/thumbs\/bluesteel\/advf\/imagenes\/2022\/04\/62693d20853cf_900.jpg","datePublished":"2022-07-26T14:55:36+00:00","author":{"@id":"https:\/\/www.noticiasradioreflejos.com.ar\/2021\/#\/schema\/person\/ad82545263dcc5ec0996818884fd5fb1"},"breadcrumb":{"@id":"https:\/\/www.noticiasradioreflejos.com.ar\/2021\/rigen-alertas-amarillas-por-tormentas-y-lluvias-intensas-en-cinco-provincias\/#breadcrumb"},"inLanguage":"es","potentialAction":[{"@type":"ReadAction","target":["https:\/\/www.noticiasradioreflejos.com.ar\/2021\/rigen-alertas-amarillas-por-tormentas-y-lluvias-intensas-en-cinco-provincias\/"]}]},{"@type":"ImageObject","inLanguage":"es","@id":"https:\/\/www.noticiasradioreflejos.com.ar\/2021\/rigen-alertas-amarillas-por-tormentas-y-lluvias-intensas-en-cinco-provincias\/#primaryimage","url":"https:\/\/www.telam.com.ar\/thumbs\/bluesteel\/advf\/imagenes\/2022\/04\/62693d20853cf_900.jpg","contentUrl":"https:\/\/www.telam.com.ar\/thumbs\/bluesteel\/advf\/imagenes\/2022\/04\/62693d20853cf_900.jpg"},{"@type":"BreadcrumbList","@id":"https:\/\/www.noticiasradioreflejos.com.ar\/2021\/rigen-alertas-amarillas-por-tormentas-y-lluvias-intensas-en-cinco-provincias\/#breadcrumb","itemListElement":[{"@type":"ListItem","position":1,"name":"Portada","item":"https:\/\/www.noticiasradioreflejos.com.ar\/2021\/"},{"@type":"ListItem","position":2,"name":"Rigen alertas amarillas por tormentas y lluvias intensas en cinco provincias"}]},{"@type":"WebSite","@id":"https:\/\/www.noticiasradioreflejos.com.ar\/2021\/#website","url":"https:\/\/www.noticiasradioreflejos.com.ar\/2021\/","name":"Noticias Radio Reflejos","description":"Las noticias de mi comarca","potentialAction":[{"@type":"SearchAction","target":{"@type":"EntryPoint","urlTemplate":"https:\/\/www.noticiasradioreflejos.com.ar\/2021\/?s={search_term_string}"},"query-input":{"@type":"PropertyValueSpecification","valueRequired":true,"valueName":"search_term_string"}}],"inLanguage":"es"},{"@type":"Person","@id":"https:\/\/www.noticiasradioreflejos.com.ar\/2021\/#\/schema\/person\/ad82545263dcc5ec0996818884fd5fb1","name":"Arnaldo Botto","image":{"@type":"ImageObject","inLanguage":"es","@id":"https:\/\/www.noticiasradioreflejos.com.ar\/2021\/#\/schema\/person\/image\/","url":"https:\/\/secure.gravatar.com\/avatar\/55cb5e37c1efa326397366e6974cb338056df65cb50e7d64d1cf314e87504837?s=96&d=mm&r=g","contentUrl":"https:\/\/secure.gravatar.com\/avatar\/55cb5e37c1efa326397366e6974cb338056df65cb50e7d64d1cf314e87504837?s=96&d=mm&r=g","caption":"Arnaldo Botto"},"url":"https:\/\/www.noticiasradioreflejos.com.ar\/2021\/author\/arnaldo\/"}]}},"_links":{"self":[{"href":"https:\/\/www.noticiasradioreflejos.com.ar\/2021\/wp-json\/wp\/v2\/posts\/75535","targetHints":{"allow":["GET"]}}],"collection":[{"href":"https:\/\/www.noticiasradioreflejos.com.ar\/2021\/wp-json\/wp\/v2\/posts"}],"about":[{"href":"https:\/\/www.noticiasradioreflejos.com.ar\/2021\/wp-json\/wp\/v2\/types\/post"}],"author":[{"embeddable":true,"href":"https:\/\/www.noticiasradioreflejos.com.ar\/2021\/wp-json\/wp\/v2\/users\/3"}],"replies":[{"embeddable":true,"href":"https:\/\/www.noticiasradioreflejos.com.ar\/2021\/wp-json\/wp\/v2\/comments?post=75535"}],"version-history":[{"count":1,"href":"https:\/\/www.noticiasradioreflejos.com.ar\/2021\/wp-json\/wp\/v2\/posts\/75535\/revisions"}],"predecessor-version":[{"id":75537,"href":"https:\/\/www.noticiasradioreflejos.com.ar\/2021\/wp-json\/wp\/v2\/posts\/75535\/revisions\/75537"}],"wp:attachment":[{"href":"https:\/\/www.noticiasradioreflejos.com.ar\/2021\/wp-json\/wp\/v2\/media?parent=75535"}],"wp:term":[{"taxonomy":"category","embeddable":true,"href":"https:\/\/www.noticiasradioreflejos.com.ar\/2021\/wp-json\/wp\/v2\/categories?post=75535"},{"taxonomy":"post_tag","embeddable":true,"href":"https:\/\/www.noticiasradioreflejos.com.ar\/2021\/wp-json\/wp\/v2\/tags?post=75535"}],"curies":[{"name":"wp","href":"https:\/\/api.w.org\/{rel}","templated":true}]}}