{"id":75500,"date":"2022-07-25T19:48:24","date_gmt":"2022-07-25T19:48:24","guid":{"rendered":"http:\/\/www.noticiasradioreflejos.com.ar\/2021\/?p=75500"},"modified":"2022-07-25T19:50:11","modified_gmt":"2022-07-25T19:50:11","slug":"laprida-el-abogado-de-la-familia-de-daiana-pidio-imputar-a-la-medica-que-hizo-la-primera-autopsia","status":"publish","type":"post","link":"https:\/\/www.noticiasradioreflejos.com.ar\/2021\/laprida-el-abogado-de-la-familia-de-daiana-pidio-imputar-a-la-medica-que-hizo-la-primera-autopsia\/","title":{"rendered":"LAPRIDA: El abogado de la familia de Daiana pidi\u00f3 imputar a la m\u00e9dica que hizo la primera autopsia"},"content":{"rendered":"<p>Tras el arresto de cinco polic\u00edas por homicidio, el letrado pidi\u00f3 la imputaci\u00f3n de la m\u00e9dica forense que realiz\u00f3 la primera autopsia, en la que se hizo constar que la muerte hab\u00eda sido por ahorcamiento y aval\u00f3 as\u00ed la pista del suicidio.<!--more--><\/p>\n<figure class=\"mb-3\"><img decoding=\"async\" src=\"https:\/\/www.telam.com.ar\/thumbs\/bluesteel\/advf\/imagenes\/2022\/07\/62debd6775868_900.jpg\" alt=\"Daiana Abreg fue asfixiada en una comisara de la ciudad bonaerense de Laprida\" width=\"100%\" height=\"100%\" \/><\/p>\n<div class=\"media-icons\"><\/div><figcaption>Daiana Abreg\u00fa fue asfixiada en una comisar\u00eda de la ciudad bonaerense de Laprida<\/figcaption><\/figure>\n<p>El abogado de la familia de Daiana Abreg\u00fa, la joven de 26 a\u00f1os asfixiada en una comisar\u00eda de la ciudad bonaerense de Laprida, dijo este lunes, tras el arresto de cinco polic\u00edas por homicidio, que pidi\u00f3\u00a0<strong>la imputaci\u00f3n de la m\u00e9dica forense que realiz\u00f3 la primera autopsia, en la que se hizo constar que la muerte hab\u00eda sido por ahorcamiento y aval\u00f3 as\u00ed la pista del suicidio.<\/strong><\/p>\n<p>Adem\u00e1s, denunci\u00f3 que<strong>\u00a0en los \u00faltimos diez a\u00f1os ya hubo cuatro muertos por supuestos suicidios en la seccional de Laprida\u00a0<\/strong>y dos casos de personas que sobrevivieron a tormentos policiales.<\/p>\n<p><strong>\u00abAc\u00e1 ha habido connivencia de otros funcionarios, vamos a tratar de probarlo en el expediente\u00bb,<\/strong>\u00a0dijo el letrado Sergio Rold\u00e1n a T\u00e9lam, tras lo cual se refiri\u00f3 puntualmente a \u00abla m\u00e9dica de la Asesor\u00eda Pricial de Azul (Claudia) Ochoteco\u00bb, a cargo de la primera autopsia, y a los \u00abdos jefes policiales de Laprida\u00bb, que fueron apartados de la dependencia y traslados a Tres Arroyos tras el hecho.<\/p>\n<p>\u00abPor acci\u00f3n u omisi\u00f3n Ochoteco debe ser investigada\u00bb, dijo Rold\u00e1n, al asegurar que<strong>\u00a0la m\u00e9dica firm\u00f3 el primer informe pericial que indicaba que Daiana muri\u00f3 por ahorcamiento, cuando la reautopsia concluy\u00f3 que no ten\u00eda lesiones internas en el cuello ni surco de ahorcamiento y que la muerte fue por asfixia.<\/strong><\/p>\n<p>\u00abEs una verg\u00fcenza, es la que le dice a (el fiscal de Azul Jos\u00e9 Ignacio) Calonje que era muerte por asfixia mec\u00e1nica y ni le abri\u00f3 el cuello\u00bb, expres\u00f3.<\/p>\n<p>Rold\u00e1n record\u00f3 que\u00a0<strong>Daiana es la cuarta persona que muere por asfixia en la seccional de Laprida<\/strong>, y a\u00f1adi\u00f3 que \u00e9l representa a un hombre que tiempo atr\u00e1s sobrevivi\u00f3 a tormentos policiales en esa dependencia gracias a que fue reanimado en el hospital.<\/p>\n<p>\u00abA Daiana la mataron ellos. Siempre estuvimos seguros\u00bb, agreg\u00f3 el letrado, quien dijo que ahora avanzar\u00e1 sobre el resto de los responsables que se encargaron de ocultar el crimen y de encubrir a los responsables.<\/p>\n<p>\u00abLa mam\u00e1 se enter\u00f3 de que su hija hab\u00eda muerto por las redes sociales, no le dejaron ver el cuerpo, todo fue muy raro desde el inicio\u00bb, record\u00f3.<\/p>\n","protected":false},"excerpt":{"rendered":"<p>Tras el arresto de cinco polic\u00edas por homicidio, el letrado pidi\u00f3 la imputaci\u00f3n de la m\u00e9dica forense que realiz\u00f3 la primera autopsia, en la que se hizo constar que la muerte hab\u00eda sido por ahorcamiento y aval\u00f3 as\u00ed la pista del suicidio.<\/p>\n","protected":false},"author":3,"featured_media":0,"comment_status":"closed","ping_status":"closed","sticky":false,"template":"","format":"standard","meta":{"footnotes":""},"categories":[57,29],"tags":[],"class_list":["post-75500","post","type-post","status-publish","format-standard","hentry","category-judiciales","category-policiales"],"yoast_head":"<!-- This site is optimized with the Yoast SEO plugin v25.9 - https:\/\/yoast.com\/wordpress\/plugins\/seo\/ -->\n<title>LAPRIDA: El abogado de la familia de Daiana pidi\u00f3 imputar a la m\u00e9dica que hizo la primera autopsia - Noticias Radio Reflejos<\/title>\n<meta name=\"robots\" content=\"index, follow, max-snippet:-1, max-image-preview:large, max-video-preview:-1\" \/>\n<link rel=\"canonical\" href=\"https:\/\/www.noticiasradioreflejos.com.ar\/2021\/laprida-el-abogado-de-la-familia-de-daiana-pidio-imputar-a-la-medica-que-hizo-la-primera-autopsia\/\" \/>\n<meta property=\"og:locale\" content=\"es_ES\" \/>\n<meta property=\"og:type\" content=\"article\" \/>\n<meta property=\"og:title\" content=\"LAPRIDA: El abogado de la familia de Daiana pidi\u00f3 imputar a la m\u00e9dica que hizo la primera autopsia - Noticias Radio Reflejos\" \/>\n<meta property=\"og:description\" content=\"Tras el arresto de cinco polic\u00edas por homicidio, el letrado pidi\u00f3 la imputaci\u00f3n de la m\u00e9dica forense que realiz\u00f3 la primera autopsia, en la que se hizo constar que la muerte hab\u00eda sido por ahorcamiento y aval\u00f3 as\u00ed la pista del suicidio.\" \/>\n<meta property=\"og:url\" content=\"https:\/\/www.noticiasradioreflejos.com.ar\/2021\/laprida-el-abogado-de-la-familia-de-daiana-pidio-imputar-a-la-medica-que-hizo-la-primera-autopsia\/\" \/>\n<meta property=\"og:site_name\" content=\"Noticias Radio Reflejos\" \/>\n<meta property=\"article:published_time\" content=\"2022-07-25T19:48:24+00:00\" \/>\n<meta property=\"article:modified_time\" content=\"2022-07-25T19:50:11+00:00\" \/>\n<meta property=\"og:image\" content=\"https:\/\/www.telam.com.ar\/thumbs\/bluesteel\/advf\/imagenes\/2022\/07\/62debd6775868_900.jpg\" \/>\n<meta name=\"author\" content=\"Arnaldo Botto\" \/>\n<meta name=\"twitter:card\" content=\"summary_large_image\" \/>\n<script type=\"application\/ld+json\" class=\"yoast-schema-graph\">{\"@context\":\"https:\/\/schema.org\",\"@graph\":[{\"@type\":\"WebPage\",\"@id\":\"https:\/\/www.noticiasradioreflejos.com.ar\/2021\/laprida-el-abogado-de-la-familia-de-daiana-pidio-imputar-a-la-medica-que-hizo-la-primera-autopsia\/\",\"url\":\"https:\/\/www.noticiasradioreflejos.com.ar\/2021\/laprida-el-abogado-de-la-familia-de-daiana-pidio-imputar-a-la-medica-que-hizo-la-primera-autopsia\/\",\"name\":\"LAPRIDA: El abogado de la familia de Daiana pidi\u00f3 imputar a la m\u00e9dica que hizo la primera autopsia - Noticias Radio Reflejos\",\"isPartOf\":{\"@id\":\"https:\/\/www.noticiasradioreflejos.com.ar\/2021\/#website\"},\"primaryImageOfPage\":{\"@id\":\"https:\/\/www.noticiasradioreflejos.com.ar\/2021\/laprida-el-abogado-de-la-familia-de-daiana-pidio-imputar-a-la-medica-que-hizo-la-primera-autopsia\/#primaryimage\"},\"image\":{\"@id\":\"https:\/\/www.noticiasradioreflejos.com.ar\/2021\/laprida-el-abogado-de-la-familia-de-daiana-pidio-imputar-a-la-medica-que-hizo-la-primera-autopsia\/#primaryimage\"},\"thumbnailUrl\":\"https:\/\/www.telam.com.ar\/thumbs\/bluesteel\/advf\/imagenes\/2022\/07\/62debd6775868_900.jpg\",\"datePublished\":\"2022-07-25T19:48:24+00:00\",\"dateModified\":\"2022-07-25T19:50:11+00:00\",\"author\":{\"@id\":\"https:\/\/www.noticiasradioreflejos.com.ar\/2021\/#\/schema\/person\/ad82545263dcc5ec0996818884fd5fb1\"},\"breadcrumb\":{\"@id\":\"https:\/\/www.noticiasradioreflejos.com.ar\/2021\/laprida-el-abogado-de-la-familia-de-daiana-pidio-imputar-a-la-medica-que-hizo-la-primera-autopsia\/#breadcrumb\"},\"inLanguage\":\"es\",\"potentialAction\":[{\"@type\":\"ReadAction\",\"target\":[\"https:\/\/www.noticiasradioreflejos.com.ar\/2021\/laprida-el-abogado-de-la-familia-de-daiana-pidio-imputar-a-la-medica-que-hizo-la-primera-autopsia\/\"]}]},{\"@type\":\"ImageObject\",\"inLanguage\":\"es\",\"@id\":\"https:\/\/www.noticiasradioreflejos.com.ar\/2021\/laprida-el-abogado-de-la-familia-de-daiana-pidio-imputar-a-la-medica-que-hizo-la-primera-autopsia\/#primaryimage\",\"url\":\"https:\/\/www.telam.com.ar\/thumbs\/bluesteel\/advf\/imagenes\/2022\/07\/62debd6775868_900.jpg\",\"contentUrl\":\"https:\/\/www.telam.com.ar\/thumbs\/bluesteel\/advf\/imagenes\/2022\/07\/62debd6775868_900.jpg\"},{\"@type\":\"BreadcrumbList\",\"@id\":\"https:\/\/www.noticiasradioreflejos.com.ar\/2021\/laprida-el-abogado-de-la-familia-de-daiana-pidio-imputar-a-la-medica-que-hizo-la-primera-autopsia\/#breadcrumb\",\"itemListElement\":[{\"@type\":\"ListItem\",\"position\":1,\"name\":\"Portada\",\"item\":\"https:\/\/www.noticiasradioreflejos.com.ar\/2021\/\"},{\"@type\":\"ListItem\",\"position\":2,\"name\":\"LAPRIDA: El abogado de la familia de Daiana pidi\u00f3 imputar a la m\u00e9dica que hizo la primera autopsia\"}]},{\"@type\":\"WebSite\",\"@id\":\"https:\/\/www.noticiasradioreflejos.com.ar\/2021\/#website\",\"url\":\"https:\/\/www.noticiasradioreflejos.com.ar\/2021\/\",\"name\":\"Noticias Radio Reflejos\",\"description\":\"Las noticias de mi comarca\",\"potentialAction\":[{\"@type\":\"SearchAction\",\"target\":{\"@type\":\"EntryPoint\",\"urlTemplate\":\"https:\/\/www.noticiasradioreflejos.com.ar\/2021\/?s={search_term_string}\"},\"query-input\":{\"@type\":\"PropertyValueSpecification\",\"valueRequired\":true,\"valueName\":\"search_term_string\"}}],\"inLanguage\":\"es\"},{\"@type\":\"Person\",\"@id\":\"https:\/\/www.noticiasradioreflejos.com.ar\/2021\/#\/schema\/person\/ad82545263dcc5ec0996818884fd5fb1\",\"name\":\"Arnaldo Botto\",\"image\":{\"@type\":\"ImageObject\",\"inLanguage\":\"es\",\"@id\":\"https:\/\/www.noticiasradioreflejos.com.ar\/2021\/#\/schema\/person\/image\/\",\"url\":\"https:\/\/secure.gravatar.com\/avatar\/55cb5e37c1efa326397366e6974cb338056df65cb50e7d64d1cf314e87504837?s=96&d=mm&r=g\",\"contentUrl\":\"https:\/\/secure.gravatar.com\/avatar\/55cb5e37c1efa326397366e6974cb338056df65cb50e7d64d1cf314e87504837?s=96&d=mm&r=g\",\"caption\":\"Arnaldo Botto\"},\"url\":\"https:\/\/www.noticiasradioreflejos.com.ar\/2021\/author\/arnaldo\/\"}]}<\/script>\n<!-- \/ Yoast SEO plugin. -->","yoast_head_json":{"title":"LAPRIDA: El abogado de la familia de Daiana pidi\u00f3 imputar a la m\u00e9dica que hizo la primera autopsia - Noticias Radio Reflejos","robots":{"index":"index","follow":"follow","max-snippet":"max-snippet:-1","max-image-preview":"max-image-preview:large","max-video-preview":"max-video-preview:-1"},"canonical":"https:\/\/www.noticiasradioreflejos.com.ar\/2021\/laprida-el-abogado-de-la-familia-de-daiana-pidio-imputar-a-la-medica-que-hizo-la-primera-autopsia\/","og_locale":"es_ES","og_type":"article","og_title":"LAPRIDA: El abogado de la familia de Daiana pidi\u00f3 imputar a la m\u00e9dica que hizo la primera autopsia - Noticias Radio Reflejos","og_description":"Tras el arresto de cinco polic\u00edas por homicidio, el letrado pidi\u00f3 la imputaci\u00f3n de la m\u00e9dica forense que realiz\u00f3 la primera autopsia, en la que se hizo constar que la muerte hab\u00eda sido por ahorcamiento y aval\u00f3 as\u00ed la pista del suicidio.","og_url":"https:\/\/www.noticiasradioreflejos.com.ar\/2021\/laprida-el-abogado-de-la-familia-de-daiana-pidio-imputar-a-la-medica-que-hizo-la-primera-autopsia\/","og_site_name":"Noticias Radio Reflejos","article_published_time":"2022-07-25T19:48:24+00:00","article_modified_time":"2022-07-25T19:50:11+00:00","og_image":[{"url":"https:\/\/www.telam.com.ar\/thumbs\/bluesteel\/advf\/imagenes\/2022\/07\/62debd6775868_900.jpg","type":"","width":"","height":""}],"author":"Arnaldo Botto","twitter_card":"summary_large_image","schema":{"@context":"https:\/\/schema.org","@graph":[{"@type":"WebPage","@id":"https:\/\/www.noticiasradioreflejos.com.ar\/2021\/laprida-el-abogado-de-la-familia-de-daiana-pidio-imputar-a-la-medica-que-hizo-la-primera-autopsia\/","url":"https:\/\/www.noticiasradioreflejos.com.ar\/2021\/laprida-el-abogado-de-la-familia-de-daiana-pidio-imputar-a-la-medica-que-hizo-la-primera-autopsia\/","name":"LAPRIDA: El abogado de la familia de Daiana pidi\u00f3 imputar a la m\u00e9dica que hizo la primera autopsia - Noticias Radio Reflejos","isPartOf":{"@id":"https:\/\/www.noticiasradioreflejos.com.ar\/2021\/#website"},"primaryImageOfPage":{"@id":"https:\/\/www.noticiasradioreflejos.com.ar\/2021\/laprida-el-abogado-de-la-familia-de-daiana-pidio-imputar-a-la-medica-que-hizo-la-primera-autopsia\/#primaryimage"},"image":{"@id":"https:\/\/www.noticiasradioreflejos.com.ar\/2021\/laprida-el-abogado-de-la-familia-de-daiana-pidio-imputar-a-la-medica-que-hizo-la-primera-autopsia\/#primaryimage"},"thumbnailUrl":"https:\/\/www.telam.com.ar\/thumbs\/bluesteel\/advf\/imagenes\/2022\/07\/62debd6775868_900.jpg","datePublished":"2022-07-25T19:48:24+00:00","dateModified":"2022-07-25T19:50:11+00:00","author":{"@id":"https:\/\/www.noticiasradioreflejos.com.ar\/2021\/#\/schema\/person\/ad82545263dcc5ec0996818884fd5fb1"},"breadcrumb":{"@id":"https:\/\/www.noticiasradioreflejos.com.ar\/2021\/laprida-el-abogado-de-la-familia-de-daiana-pidio-imputar-a-la-medica-que-hizo-la-primera-autopsia\/#breadcrumb"},"inLanguage":"es","potentialAction":[{"@type":"ReadAction","target":["https:\/\/www.noticiasradioreflejos.com.ar\/2021\/laprida-el-abogado-de-la-familia-de-daiana-pidio-imputar-a-la-medica-que-hizo-la-primera-autopsia\/"]}]},{"@type":"ImageObject","inLanguage":"es","@id":"https:\/\/www.noticiasradioreflejos.com.ar\/2021\/laprida-el-abogado-de-la-familia-de-daiana-pidio-imputar-a-la-medica-que-hizo-la-primera-autopsia\/#primaryimage","url":"https:\/\/www.telam.com.ar\/thumbs\/bluesteel\/advf\/imagenes\/2022\/07\/62debd6775868_900.jpg","contentUrl":"https:\/\/www.telam.com.ar\/thumbs\/bluesteel\/advf\/imagenes\/2022\/07\/62debd6775868_900.jpg"},{"@type":"BreadcrumbList","@id":"https:\/\/www.noticiasradioreflejos.com.ar\/2021\/laprida-el-abogado-de-la-familia-de-daiana-pidio-imputar-a-la-medica-que-hizo-la-primera-autopsia\/#breadcrumb","itemListElement":[{"@type":"ListItem","position":1,"name":"Portada","item":"https:\/\/www.noticiasradioreflejos.com.ar\/2021\/"},{"@type":"ListItem","position":2,"name":"LAPRIDA: El abogado de la familia de Daiana pidi\u00f3 imputar a la m\u00e9dica que hizo la primera autopsia"}]},{"@type":"WebSite","@id":"https:\/\/www.noticiasradioreflejos.com.ar\/2021\/#website","url":"https:\/\/www.noticiasradioreflejos.com.ar\/2021\/","name":"Noticias Radio Reflejos","description":"Las noticias de mi comarca","potentialAction":[{"@type":"SearchAction","target":{"@type":"EntryPoint","urlTemplate":"https:\/\/www.noticiasradioreflejos.com.ar\/2021\/?s={search_term_string}"},"query-input":{"@type":"PropertyValueSpecification","valueRequired":true,"valueName":"search_term_string"}}],"inLanguage":"es"},{"@type":"Person","@id":"https:\/\/www.noticiasradioreflejos.com.ar\/2021\/#\/schema\/person\/ad82545263dcc5ec0996818884fd5fb1","name":"Arnaldo Botto","image":{"@type":"ImageObject","inLanguage":"es","@id":"https:\/\/www.noticiasradioreflejos.com.ar\/2021\/#\/schema\/person\/image\/","url":"https:\/\/secure.gravatar.com\/avatar\/55cb5e37c1efa326397366e6974cb338056df65cb50e7d64d1cf314e87504837?s=96&d=mm&r=g","contentUrl":"https:\/\/secure.gravatar.com\/avatar\/55cb5e37c1efa326397366e6974cb338056df65cb50e7d64d1cf314e87504837?s=96&d=mm&r=g","caption":"Arnaldo Botto"},"url":"https:\/\/www.noticiasradioreflejos.com.ar\/2021\/author\/arnaldo\/"}]}},"_links":{"self":[{"href":"https:\/\/www.noticiasradioreflejos.com.ar\/2021\/wp-json\/wp\/v2\/posts\/75500","targetHints":{"allow":["GET"]}}],"collection":[{"href":"https:\/\/www.noticiasradioreflejos.com.ar\/2021\/wp-json\/wp\/v2\/posts"}],"about":[{"href":"https:\/\/www.noticiasradioreflejos.com.ar\/2021\/wp-json\/wp\/v2\/types\/post"}],"author":[{"embeddable":true,"href":"https:\/\/www.noticiasradioreflejos.com.ar\/2021\/wp-json\/wp\/v2\/users\/3"}],"replies":[{"embeddable":true,"href":"https:\/\/www.noticiasradioreflejos.com.ar\/2021\/wp-json\/wp\/v2\/comments?post=75500"}],"version-history":[{"count":1,"href":"https:\/\/www.noticiasradioreflejos.com.ar\/2021\/wp-json\/wp\/v2\/posts\/75500\/revisions"}],"predecessor-version":[{"id":75501,"href":"https:\/\/www.noticiasradioreflejos.com.ar\/2021\/wp-json\/wp\/v2\/posts\/75500\/revisions\/75501"}],"wp:attachment":[{"href":"https:\/\/www.noticiasradioreflejos.com.ar\/2021\/wp-json\/wp\/v2\/media?parent=75500"}],"wp:term":[{"taxonomy":"category","embeddable":true,"href":"https:\/\/www.noticiasradioreflejos.com.ar\/2021\/wp-json\/wp\/v2\/categories?post=75500"},{"taxonomy":"post_tag","embeddable":true,"href":"https:\/\/www.noticiasradioreflejos.com.ar\/2021\/wp-json\/wp\/v2\/tags?post=75500"}],"curies":[{"name":"wp","href":"https:\/\/api.w.org\/{rel}","templated":true}]}}